{"id":801,"date":"2018-10-16T20:55:53","date_gmt":"2018-10-16T20:55:53","guid":{"rendered":"http:\/\/psicologia.udd.cl\/doctorado\/?p=801"},"modified":"2018-10-16T20:55:53","modified_gmt":"2018-10-16T20:55:53","slug":"el-dr-zimmerman-participo-en-jornada-con-los-estudiantes-del-doctorado","status":"publish","type":"post","link":"https:\/\/psicologia.udd.cl\/doctorado\/es\/2018\/10\/16\/el-dr-zimmerman-participo-en-jornada-con-los-estudiantes-del-doctorado\/","title":{"rendered":"El Dr. Zimmerman participa en jornada con los estudiantes del doctorado"},"content":{"rendered":"<p><img loading=\"lazy\" decoding=\"async\" class=\"alignnone size-medium wp-image-804 aligncenter\" src=\"https:\/\/psicologia.udd.cl\/doctorado\/files\/2018\/10\/zimmerman-1-300x225.jpg\" alt=\"\" width=\"300\" height=\"225\" srcset=\"https:\/\/psicologia.udd.cl\/doctorado\/files\/2018\/10\/zimmerman-1-300x225.jpg 300w, https:\/\/psicologia.udd.cl\/doctorado\/files\/2018\/10\/zimmerman-1-768x576.jpg 768w, https:\/\/psicologia.udd.cl\/doctorado\/files\/2018\/10\/zimmerman-1.jpg 1024w\" sizes=\"auto, (max-width: 300px) 100vw, 300px\" \/><\/p>\n<p><span style=\"font-size: medium\"><strong>Marc Zimmerman, Ph.D. <\/strong>en Psicolog\u00eda, Personalidad y Ecolog\u00eda Social\u00a0<span lang=\"ES\">de la Universidad de Illinois\u00a0<\/span><\/span><span style=\"font-size: medium\">comparti\u00f3 su vasta experiencia como investigador en el Seminario organizado por el Centro de Estudios en Bienestar y Convivencia Social (CEBS) para los estudiantes del Doctorado en Ciencias del Desarrollo y Psicopatolog\u00eda, el d\u00eda 4 de octubre del 2018.\u00a0 En esta oportunidad, el Dr. Zimmerman gener\u00f3 un espacio de trabajo donde cada estudiante expuso sobre sus intereses de investigaci\u00f3n, recibiendo sugerencias a partir de la experiencia y el trabajo del Dr. Zimmerman.<\/span><\/p>\n<p><span style=\"font-size: medium\">El Dr. Zimmerman, destaca por sus investigaciones en torno a la aplicaci\u00f3n y el desarrollo de la teor\u00eda del empoderamiento y el estudio de la salud y resiliencia de los adolescentes, examinando c\u00f3mo los factores positivos en las vidas de los adolescentes los ayudan a superar los riesgos que enfrentan. Adem\u00e1s, es Director del\u00a0<i><a title=\"Prevention Research Center of Michigan\" href=\"http:\/\/prc.sph.umich.edu\/\" target=\"_blank\" rel=\"noopener\">Prevention Research Center of Michigan<\/a><\/i>\u00a0y del\u00a0<i><a href=\"http:\/\/yvpc.sph.umich.edu\/\" target=\"_blank\" rel=\"noopener\">Youth Violence Prevention Center<\/a><span style=\"color: #000000\">.<\/span><\/i><\/span><\/p>\n<p>&nbsp;<\/p>\n<p>&nbsp;<\/p>\n<p>&nbsp;<\/p>\n","protected":false},"excerpt":{"rendered":"<p>Marc Zimmerman, Ph.D. en Psicolog\u00eda, Personalidad y Ecolog\u00eda Social\u00a0de la Universidad de Illinois\u00a0comparti\u00f3 su vasta experiencia como investigador en el Seminario organizado por el Centro de Estudios en Bienestar y Convivencia Social (CEBS) para los estudiantes del Doctorado en Ciencias del Desarrollo y Psicopatolog\u00eda, el d\u00eda 4 de octubre del 2018.\u00a0 En esta oportunidad, el [&hellip;]<\/p>\n","protected":false},"author":0,"featured_media":0,"comment_status":"open","ping_status":"open","sticky":false,"template":"","format":"standard","meta":{"footnotes":""},"categories":[69],"tags":[],"class_list":["post-801","post","type-post","status-publish","format-standard","hentry","category-noticias"],"yoast_head":"<!-- This site is optimized with the Yoast SEO plugin v26.9 - https:\/\/yoast.com\/product\/yoast-seo-wordpress\/ -->\n<title>El Dr. Zimmerman participa en jornada con los estudiantes del doctorado - Doctorado en Ciencias del Desarrollo y Psicopatolog\u00eda<\/title>\n<meta name=\"robots\" content=\"index, follow, max-snippet:-1, max-image-preview:large, max-video-preview:-1\" \/>\n<link rel=\"canonical\" href=\"https:\/\/psicologia.udd.cl\/doctorado\/es\/2018\/10\/16\/el-dr-zimmerman-participo-en-jornada-con-los-estudiantes-del-doctorado\/\" \/>\n<meta property=\"og:locale\" content=\"es_ES\" \/>\n<meta property=\"og:type\" content=\"article\" \/>\n<meta property=\"og:title\" content=\"El Dr. Zimmerman participa en jornada con los estudiantes del doctorado - Doctorado en Ciencias del Desarrollo y Psicopatolog\u00eda\" \/>\n<meta property=\"og:description\" content=\"Marc Zimmerman, Ph.D. en Psicolog\u00eda, Personalidad y Ecolog\u00eda Social\u00a0de la Universidad de Illinois\u00a0comparti\u00f3 su vasta experiencia como investigador en el Seminario organizado por el Centro de Estudios en Bienestar y Convivencia Social (CEBS) para los estudiantes del Doctorado en Ciencias del Desarrollo y Psicopatolog\u00eda, el d\u00eda 4 de octubre del 2018.\u00a0 En esta oportunidad, el [&hellip;]\" \/>\n<meta property=\"og:url\" content=\"https:\/\/psicologia.udd.cl\/doctorado\/es\/2018\/10\/16\/el-dr-zimmerman-participo-en-jornada-con-los-estudiantes-del-doctorado\/\" \/>\n<meta property=\"og:site_name\" content=\"Doctorado en Ciencias del Desarrollo y Psicopatolog\u00eda\" \/>\n<meta property=\"article:published_time\" content=\"2018-10-16T20:55:53+00:00\" \/>\n<meta property=\"og:image\" content=\"http:\/\/psicologia.udd.cl\/doctorado\/files\/2018\/10\/zimmerman-1-300x225.jpg\" \/>\n<meta name=\"twitter:card\" content=\"summary_large_image\" \/>\n<meta name=\"twitter:label1\" content=\"Tiempo de lectura\" \/>\n\t<meta name=\"twitter:data1\" content=\"1 minuto\" \/>\n<script type=\"application\/ld+json\" class=\"yoast-schema-graph\">{\"@context\":\"https:\/\/schema.org\",\"@graph\":[{\"@type\":\"Article\",\"@id\":\"https:\/\/psicologia.udd.cl\/doctorado\/es\/2018\/10\/16\/el-dr-zimmerman-participo-en-jornada-con-los-estudiantes-del-doctorado\/#article\",\"isPartOf\":{\"@id\":\"https:\/\/psicologia.udd.cl\/doctorado\/es\/2018\/10\/16\/el-dr-zimmerman-participo-en-jornada-con-los-estudiantes-del-doctorado\/\"},\"author\":{\"name\":\"\",\"@id\":\"\"},\"headline\":\"El Dr. Zimmerman participa en jornada con los estudiantes del doctorado\",\"datePublished\":\"2018-10-16T20:55:53+00:00\",\"mainEntityOfPage\":{\"@id\":\"https:\/\/psicologia.udd.cl\/doctorado\/es\/2018\/10\/16\/el-dr-zimmerman-participo-en-jornada-con-los-estudiantes-del-doctorado\/\"},\"wordCount\":173,\"commentCount\":0,\"image\":{\"@id\":\"https:\/\/psicologia.udd.cl\/doctorado\/es\/2018\/10\/16\/el-dr-zimmerman-participo-en-jornada-con-los-estudiantes-del-doctorado\/#primaryimage\"},\"thumbnailUrl\":\"http:\/\/psicologia.udd.cl\/doctorado\/files\/2018\/10\/zimmerman-1-300x225.jpg\",\"articleSection\":[\"Noticias\"],\"inLanguage\":\"es\",\"potentialAction\":[{\"@type\":\"CommentAction\",\"name\":\"Comment\",\"target\":[\"https:\/\/psicologia.udd.cl\/doctorado\/es\/2018\/10\/16\/el-dr-zimmerman-participo-en-jornada-con-los-estudiantes-del-doctorado\/#respond\"]}]},{\"@type\":\"WebPage\",\"@id\":\"https:\/\/psicologia.udd.cl\/doctorado\/es\/2018\/10\/16\/el-dr-zimmerman-participo-en-jornada-con-los-estudiantes-del-doctorado\/\",\"url\":\"https:\/\/psicologia.udd.cl\/doctorado\/es\/2018\/10\/16\/el-dr-zimmerman-participo-en-jornada-con-los-estudiantes-del-doctorado\/\",\"name\":\"El Dr. Zimmerman participa en jornada con los estudiantes del doctorado - Doctorado en Ciencias del Desarrollo y Psicopatolog\u00eda\",\"isPartOf\":{\"@id\":\"https:\/\/psicologia.udd.cl\/doctorado\/#website\"},\"primaryImageOfPage\":{\"@id\":\"https:\/\/psicologia.udd.cl\/doctorado\/es\/2018\/10\/16\/el-dr-zimmerman-participo-en-jornada-con-los-estudiantes-del-doctorado\/#primaryimage\"},\"image\":{\"@id\":\"https:\/\/psicologia.udd.cl\/doctorado\/es\/2018\/10\/16\/el-dr-zimmerman-participo-en-jornada-con-los-estudiantes-del-doctorado\/#primaryimage\"},\"thumbnailUrl\":\"http:\/\/psicologia.udd.cl\/doctorado\/files\/2018\/10\/zimmerman-1-300x225.jpg\",\"datePublished\":\"2018-10-16T20:55:53+00:00\",\"author\":{\"@id\":\"\"},\"inLanguage\":\"es\",\"potentialAction\":[{\"@type\":\"ReadAction\",\"target\":[\"https:\/\/psicologia.udd.cl\/doctorado\/es\/2018\/10\/16\/el-dr-zimmerman-participo-en-jornada-con-los-estudiantes-del-doctorado\/\"]}]},{\"@type\":\"ImageObject\",\"inLanguage\":\"es\",\"@id\":\"https:\/\/psicologia.udd.cl\/doctorado\/es\/2018\/10\/16\/el-dr-zimmerman-participo-en-jornada-con-los-estudiantes-del-doctorado\/#primaryimage\",\"url\":\"http:\/\/psicologia.udd.cl\/doctorado\/files\/2018\/10\/zimmerman-1-300x225.jpg\",\"contentUrl\":\"http:\/\/psicologia.udd.cl\/doctorado\/files\/2018\/10\/zimmerman-1-300x225.jpg\"},{\"@type\":\"WebSite\",\"@id\":\"https:\/\/psicologia.udd.cl\/doctorado\/#website\",\"url\":\"https:\/\/psicologia.udd.cl\/doctorado\/\",\"name\":\"Doctorado en Ciencias del Desarrollo y Psicopatolog\u00eda\",\"description\":\"\",\"inLanguage\":\"es\"}]}<\/script>\n<!-- \/ Yoast SEO plugin. -->","yoast_head_json":{"title":"El Dr. Zimmerman participa en jornada con los estudiantes del doctorado - Doctorado en Ciencias del Desarrollo y Psicopatolog\u00eda","robots":{"index":"index","follow":"follow","max-snippet":"max-snippet:-1","max-image-preview":"max-image-preview:large","max-video-preview":"max-video-preview:-1"},"canonical":"https:\/\/psicologia.udd.cl\/doctorado\/es\/2018\/10\/16\/el-dr-zimmerman-participo-en-jornada-con-los-estudiantes-del-doctorado\/","og_locale":"es_ES","og_type":"article","og_title":"El Dr. Zimmerman participa en jornada con los estudiantes del doctorado - Doctorado en Ciencias del Desarrollo y Psicopatolog\u00eda","og_description":"Marc Zimmerman, Ph.D. en Psicolog\u00eda, Personalidad y Ecolog\u00eda Social\u00a0de la Universidad de Illinois\u00a0comparti\u00f3 su vasta experiencia como investigador en el Seminario organizado por el Centro de Estudios en Bienestar y Convivencia Social (CEBS) para los estudiantes del Doctorado en Ciencias del Desarrollo y Psicopatolog\u00eda, el d\u00eda 4 de octubre del 2018.\u00a0 En esta oportunidad, el [&hellip;]","og_url":"https:\/\/psicologia.udd.cl\/doctorado\/es\/2018\/10\/16\/el-dr-zimmerman-participo-en-jornada-con-los-estudiantes-del-doctorado\/","og_site_name":"Doctorado en Ciencias del Desarrollo y Psicopatolog\u00eda","article_published_time":"2018-10-16T20:55:53+00:00","og_image":[{"url":"http:\/\/psicologia.udd.cl\/doctorado\/files\/2018\/10\/zimmerman-1-300x225.jpg","type":"","width":"","height":""}],"twitter_card":"summary_large_image","twitter_misc":{"Tiempo de lectura":"1 minuto"},"schema":{"@context":"https:\/\/schema.org","@graph":[{"@type":"Article","@id":"https:\/\/psicologia.udd.cl\/doctorado\/es\/2018\/10\/16\/el-dr-zimmerman-participo-en-jornada-con-los-estudiantes-del-doctorado\/#article","isPartOf":{"@id":"https:\/\/psicologia.udd.cl\/doctorado\/es\/2018\/10\/16\/el-dr-zimmerman-participo-en-jornada-con-los-estudiantes-del-doctorado\/"},"author":{"name":"","@id":""},"headline":"El Dr. Zimmerman participa en jornada con los estudiantes del doctorado","datePublished":"2018-10-16T20:55:53+00:00","mainEntityOfPage":{"@id":"https:\/\/psicologia.udd.cl\/doctorado\/es\/2018\/10\/16\/el-dr-zimmerman-participo-en-jornada-con-los-estudiantes-del-doctorado\/"},"wordCount":173,"commentCount":0,"image":{"@id":"https:\/\/psicologia.udd.cl\/doctorado\/es\/2018\/10\/16\/el-dr-zimmerman-participo-en-jornada-con-los-estudiantes-del-doctorado\/#primaryimage"},"thumbnailUrl":"http:\/\/psicologia.udd.cl\/doctorado\/files\/2018\/10\/zimmerman-1-300x225.jpg","articleSection":["Noticias"],"inLanguage":"es","potentialAction":[{"@type":"CommentAction","name":"Comment","target":["https:\/\/psicologia.udd.cl\/doctorado\/es\/2018\/10\/16\/el-dr-zimmerman-participo-en-jornada-con-los-estudiantes-del-doctorado\/#respond"]}]},{"@type":"WebPage","@id":"https:\/\/psicologia.udd.cl\/doctorado\/es\/2018\/10\/16\/el-dr-zimmerman-participo-en-jornada-con-los-estudiantes-del-doctorado\/","url":"https:\/\/psicologia.udd.cl\/doctorado\/es\/2018\/10\/16\/el-dr-zimmerman-participo-en-jornada-con-los-estudiantes-del-doctorado\/","name":"El Dr. Zimmerman participa en jornada con los estudiantes del doctorado - Doctorado en Ciencias del Desarrollo y Psicopatolog\u00eda","isPartOf":{"@id":"https:\/\/psicologia.udd.cl\/doctorado\/#website"},"primaryImageOfPage":{"@id":"https:\/\/psicologia.udd.cl\/doctorado\/es\/2018\/10\/16\/el-dr-zimmerman-participo-en-jornada-con-los-estudiantes-del-doctorado\/#primaryimage"},"image":{"@id":"https:\/\/psicologia.udd.cl\/doctorado\/es\/2018\/10\/16\/el-dr-zimmerman-participo-en-jornada-con-los-estudiantes-del-doctorado\/#primaryimage"},"thumbnailUrl":"http:\/\/psicologia.udd.cl\/doctorado\/files\/2018\/10\/zimmerman-1-300x225.jpg","datePublished":"2018-10-16T20:55:53+00:00","author":{"@id":""},"inLanguage":"es","potentialAction":[{"@type":"ReadAction","target":["https:\/\/psicologia.udd.cl\/doctorado\/es\/2018\/10\/16\/el-dr-zimmerman-participo-en-jornada-con-los-estudiantes-del-doctorado\/"]}]},{"@type":"ImageObject","inLanguage":"es","@id":"https:\/\/psicologia.udd.cl\/doctorado\/es\/2018\/10\/16\/el-dr-zimmerman-participo-en-jornada-con-los-estudiantes-del-doctorado\/#primaryimage","url":"http:\/\/psicologia.udd.cl\/doctorado\/files\/2018\/10\/zimmerman-1-300x225.jpg","contentUrl":"http:\/\/psicologia.udd.cl\/doctorado\/files\/2018\/10\/zimmerman-1-300x225.jpg"},{"@type":"WebSite","@id":"https:\/\/psicologia.udd.cl\/doctorado\/#website","url":"https:\/\/psicologia.udd.cl\/doctorado\/","name":"Doctorado en Ciencias del Desarrollo y Psicopatolog\u00eda","description":"","inLanguage":"es"}]}},"featured_image_url":null,"_links":{"self":[{"href":"https:\/\/psicologia.udd.cl\/doctorado\/wp-json\/wp\/v2\/posts\/801","targetHints":{"allow":["GET"]}}],"collection":[{"href":"https:\/\/psicologia.udd.cl\/doctorado\/wp-json\/wp\/v2\/posts"}],"about":[{"href":"https:\/\/psicologia.udd.cl\/doctorado\/wp-json\/wp\/v2\/types\/post"}],"replies":[{"embeddable":true,"href":"https:\/\/psicologia.udd.cl\/doctorado\/wp-json\/wp\/v2\/comments?post=801"}],"version-history":[{"count":0,"href":"https:\/\/psicologia.udd.cl\/doctorado\/wp-json\/wp\/v2\/posts\/801\/revisions"}],"wp:attachment":[{"href":"https:\/\/psicologia.udd.cl\/doctorado\/wp-json\/wp\/v2\/media?parent=801"}],"wp:term":[{"taxonomy":"category","embeddable":true,"href":"https:\/\/psicologia.udd.cl\/doctorado\/wp-json\/wp\/v2\/categories?post=801"},{"taxonomy":"post_tag","embeddable":true,"href":"https:\/\/psicologia.udd.cl\/doctorado\/wp-json\/wp\/v2\/tags?post=801"}],"curies":[{"name":"wp","href":"https:\/\/api.w.org\/{rel}","templated":true}]}}