{"id":739,"date":"2018-07-26T14:28:42","date_gmt":"2018-07-26T14:28:42","guid":{"rendered":"http:\/\/psicologia.udd.cl\/doctorado\/?p=739"},"modified":"2018-07-26T14:28:42","modified_gmt":"2018-07-26T14:28:42","slug":"la-facultad-de-psicologia-impartira-curso-simultaneo-con-u-de-maryland-sobre-interculturalidad-y-pobreza-a-cargo-de-la-dra-daniela-aldoney","status":"publish","type":"post","link":"https:\/\/psicologia.udd.cl\/doctorado\/es\/2018\/07\/26\/la-facultad-de-psicologia-impartira-curso-simultaneo-con-u-de-maryland-sobre-interculturalidad-y-pobreza-a-cargo-de-la-dra-daniela-aldoney\/","title":{"rendered":"La Facultad de Psicolog\u00eda impartir\u00e1 curso simult\u00e1neo con U. de Maryland sobre interculturalidad y pobreza a cargo de la Dra. Daniela Aldoney"},"content":{"rendered":"<div class=\"std-text grid-11 grid-tablet-15 no-overflow\">\n<div class=\"std-text grid-11 grid-tablet-15 no-overflow\">\n<p><img loading=\"lazy\" decoding=\"async\" class=\"size-medium wp-image-740 aligncenter\" src=\"https:\/\/psicologia.udd.cl\/doctorado\/files\/2018\/07\/37745296_875925582607758_3058743659441684480_n-300x235.png\" alt=\"\" width=\"300\" height=\"235\" srcset=\"https:\/\/psicologia.udd.cl\/doctorado\/files\/2018\/07\/37745296_875925582607758_3058743659441684480_n-300x235.png 300w, https:\/\/psicologia.udd.cl\/doctorado\/files\/2018\/07\/37745296_875925582607758_3058743659441684480_n-768x600.png 768w, https:\/\/psicologia.udd.cl\/doctorado\/files\/2018\/07\/37745296_875925582607758_3058743659441684480_n.png 797w\" sizes=\"auto, (max-width: 300px) 100vw, 300px\" \/><\/p>\n<p>Para el Centro de Apego y Regulaci\u00f3n Emocional (CARE) es muy grato comunicar que, por primera vez, este a\u00f1o se ofrecer\u00e1 en la Facultad de Psicolog\u00eda UDD el curso electivo\u00a0<em>Cross cultural approaches to child development and Poverty in the US and Chile,\u00a0<\/em>en conjunto con la Universidad de Maryland, Estados Unidos.<\/p>\n<p>Este curso ayudar\u00e1 a los estudiantes a obtener una comprensi\u00f3n intercultural del desarrollo infantil y la pobreza en diferentes contextos: los Estados Unidos y Chile.\u00a0Este curso es basado en proyectos en que los estudiantes trabajar\u00e1n en equipos internacionales formados por 2 estudiantes estadounidenses y 2 chilenos. Los temas a cubrir ser\u00e1n:<\/p>\n<ul>\n<li>Conceptualizaciones sobre pobreza en los Estados Unidos y Chile<\/li>\n<li>Datos demogr\u00e1ficos de ambos pa\u00edses<\/li>\n<li>Pol\u00edticas p\u00fablicas para la lucha contra la pobreza<\/li>\n<li>Investigaci\u00f3n emp\u00edrica sobre el impacto de la pobreza en ni\u00f1os y adultos en una variedad de dominios<\/li>\n<\/ul>\n<p>Las clases ser\u00e1n dictadas en ingl\u00e9s de manera simult\u00e1nea para los estudiantes de ambos pa\u00edses y estar\u00e1n a cargo de la\u00a0<strong>Dras. Natasha Cabrera (EEUU) y Daniela Aldoney (Chile). <\/strong>Adem\u00e1s, participar\u00e1n de esta actividad, las alumnas del doctorado Mar\u00eda Fernanda Prieto y Andrea Mira en calidad de ayudantes.<\/p>\n<p>Este es un curso electivo intensivo que tiene una duraci\u00f3n de 12 semanas (4 de septiembre al 4 de diciembre) y se impartir\u00e1 los d\u00edas martes de 12:00 a 17:00 horas.<\/p>\n<p>Es importante tener un buen dominio del idioma ingl\u00e9s y conocimientos de desarrollo infantil. Se entregar\u00e1 certificado al finalizar el curso.<\/p>\n<p><a class=\"pdf-download\" href=\"http:\/\/psicologia.udd.cl\/files\/2018\/07\/Cross-Cultural-Approaches-to-Child-Development-and-Poverty-in-the-U.S.-and-Chile-2.pdf\">FICHA DEL PROGRAMA: Cross-Cultural Approaches to Child Development and Poverty in the U.S. and Chile (2)<\/a><\/p>\n<p>Si tienes preguntas o quieres m\u00e1s informaci\u00f3n no dudes en contactar a Daniela Aldoney a\u00a0<a href=\"mailto:daldoney@udd.cl\">daldoney@udd.cl<\/a><\/p>\n<\/div>\n<div class=\"grid-6 grid-tablet-15 no-overflow\"><\/div>\n<\/div>\n<div class=\"grid-6 grid-tablet-15 no-overflow\">\n<section class=\"widget widget-share\">\n<header class=\"widget-header widget-header-reset\">\n<h3 class=\"widget-title\">COMPARTIR<\/h3>\n<\/header>\n<div class=\"widget-content\">\n<ul class=\"share-list\">\n<li><a class=\"share-print\" href=\"http:\/\/psicologia.udd.cl\/care\/noticias\/2018\/07\/26\/la-facultad-de-psicologia-impartira-curso-simultaneo-con-u-de-maryland-sobre-interculturalidad-y-pobreza-a-cargo-de-la-dra-daniela-aldoney\/#\"><i class=\"icon icon-printer\"><\/i>Imprimir<\/a><\/li>\n<li><a class=\"share-email\" href=\"http:\/\/psicologia.udd.cl\/care\/noticias\/2018\/07\/26\/la-facultad-de-psicologia-impartira-curso-simultaneo-con-u-de-maryland-sobre-interculturalidad-y-pobreza-a-cargo-de-la-dra-daniela-aldoney\/#share_email\"><i class=\"icon icon-email\"><\/i>Enviar por Email<\/a><\/li>\n<li><a class=\"share-facebook\" href=\"http:\/\/www.facebook.com\/sharer.php?u=http%3A%2F%2Fpsicologia.udd.cl%2Fcare%2Fnoticias%2F2018%2F07%2F26%2Fla-facultad-de-psicologia-impartira-curso-simultaneo-con-u-de-maryland-sobre-interculturalidad-y-pobreza-a-cargo-de-la-dra-daniela-aldoney%2F&amp;t=La+Facultad+de+Psicolog%C3%ADa+impartir%C3%A1+curso+simult%C3%A1neo+con+U.+de+Maryland+sobre+interculturalidad+y+pobreza+a+cargo+de+la+Dra.+Daniela+Aldoney&amp;src=sp\"><i class=\"icon icon-facebook\"><\/i>Comp\u00e1rtelo en tu muro<\/a><\/li>\n<li><a class=\"share-linkedin\" href=\"http:\/\/www.linkedin.com\/shareArticle?mini=true&amp;url=http%3A%2F%2Fpsicologia.udd.cl%2Fcare%2Fnoticias%2F2018%2F07%2F26%2Fla-facultad-de-psicologia-impartira-curso-simultaneo-con-u-de-maryland-sobre-interculturalidad-y-pobreza-a-cargo-de-la-dra-daniela-aldoney%2F&amp;title=La+Facultad+de+Psicolog%C3%ADa+impartir%C3%A1+curso+simult%C3%A1neo+con+U.+de+Maryland+sobre+interculturalidad+y+pobreza+a+cargo+de+la+Dra.+Daniela+Aldoney&amp;summary=&amp;source=Centro+de+Apego+y+Regulaci%C3%B3n+Emocional\"><i class=\"icon icon-linkedin\"><\/i>Comp\u00e1rtelo en linkedin<\/a><\/li>\n<\/ul>\n<div class=\"like-buttons\">\n<div class=\"like-button like-facebook\">\n<div id=\"fb-root\" class=\" fb_reset\">\n<div>\n<div><\/div>\n<\/div>\n<div>\n<div><\/div>\n<\/div>\n<\/div>\n<div class=\"fb-like fb_iframe_widget\"><\/div>\n<\/div>\n<div class=\"like-button like-twitter\"><\/div>\n<\/div>\n<\/div>\n<\/section>\n<\/div>\n","protected":false},"excerpt":{"rendered":"<p>Para el Centro de Apego y Regulaci\u00f3n Emocional (CARE) es muy grato comunicar que, por primera vez, este a\u00f1o se ofrecer\u00e1 en la Facultad de Psicolog\u00eda UDD el curso electivo\u00a0Cross cultural approaches to child development and Poverty in the US and Chile,\u00a0en conjunto con la Universidad de Maryland, Estados Unidos. Este curso ayudar\u00e1 a los [&hellip;]<\/p>\n","protected":false},"author":0,"featured_media":0,"comment_status":"open","ping_status":"open","sticky":false,"template":"","format":"standard","meta":{"footnotes":""},"categories":[69],"tags":[],"class_list":["post-739","post","type-post","status-publish","format-standard","hentry","category-noticias"],"yoast_head":"<!-- This site is optimized with the Yoast SEO plugin v26.9 - https:\/\/yoast.com\/product\/yoast-seo-wordpress\/ -->\n<title>La Facultad de Psicolog\u00eda impartir\u00e1 curso simult\u00e1neo con U. de Maryland sobre interculturalidad y pobreza a cargo de la Dra. Daniela Aldoney - Doctorado en Ciencias del Desarrollo y Psicopatolog\u00eda<\/title>\n<meta name=\"robots\" content=\"index, follow, max-snippet:-1, max-image-preview:large, max-video-preview:-1\" \/>\n<link rel=\"canonical\" href=\"https:\/\/psicologia.udd.cl\/doctorado\/es\/2018\/07\/26\/la-facultad-de-psicologia-impartira-curso-simultaneo-con-u-de-maryland-sobre-interculturalidad-y-pobreza-a-cargo-de-la-dra-daniela-aldoney\/\" \/>\n<meta property=\"og:locale\" content=\"es_ES\" \/>\n<meta property=\"og:type\" content=\"article\" \/>\n<meta property=\"og:title\" content=\"La Facultad de Psicolog\u00eda impartir\u00e1 curso simult\u00e1neo con U. de Maryland sobre interculturalidad y pobreza a cargo de la Dra. Daniela Aldoney - Doctorado en Ciencias del Desarrollo y Psicopatolog\u00eda\" \/>\n<meta property=\"og:description\" content=\"Para el Centro de Apego y Regulaci\u00f3n Emocional (CARE) es muy grato comunicar que, por primera vez, este a\u00f1o se ofrecer\u00e1 en la Facultad de Psicolog\u00eda UDD el curso electivo\u00a0Cross cultural approaches to child development and Poverty in the US and Chile,\u00a0en conjunto con la Universidad de Maryland, Estados Unidos. Este curso ayudar\u00e1 a los [&hellip;]\" \/>\n<meta property=\"og:url\" content=\"https:\/\/psicologia.udd.cl\/doctorado\/es\/2018\/07\/26\/la-facultad-de-psicologia-impartira-curso-simultaneo-con-u-de-maryland-sobre-interculturalidad-y-pobreza-a-cargo-de-la-dra-daniela-aldoney\/\" \/>\n<meta property=\"og:site_name\" content=\"Doctorado en Ciencias del Desarrollo y Psicopatolog\u00eda\" \/>\n<meta property=\"article:published_time\" content=\"2018-07-26T14:28:42+00:00\" \/>\n<meta property=\"og:image\" content=\"http:\/\/psicologia.udd.cl\/doctorado\/files\/2018\/07\/37745296_875925582607758_3058743659441684480_n-300x235.png\" \/>\n<meta name=\"twitter:card\" content=\"summary_large_image\" \/>\n<meta name=\"twitter:label1\" content=\"Tiempo de lectura\" \/>\n\t<meta name=\"twitter:data1\" content=\"2 minutos\" \/>\n<script type=\"application\/ld+json\" class=\"yoast-schema-graph\">{\"@context\":\"https:\/\/schema.org\",\"@graph\":[{\"@type\":\"Article\",\"@id\":\"https:\/\/psicologia.udd.cl\/doctorado\/es\/2018\/07\/26\/la-facultad-de-psicologia-impartira-curso-simultaneo-con-u-de-maryland-sobre-interculturalidad-y-pobreza-a-cargo-de-la-dra-daniela-aldoney\/#article\",\"isPartOf\":{\"@id\":\"https:\/\/psicologia.udd.cl\/doctorado\/es\/2018\/07\/26\/la-facultad-de-psicologia-impartira-curso-simultaneo-con-u-de-maryland-sobre-interculturalidad-y-pobreza-a-cargo-de-la-dra-daniela-aldoney\/\"},\"author\":{\"name\":\"\",\"@id\":\"\"},\"headline\":\"La Facultad de Psicolog\u00eda impartir\u00e1 curso simult\u00e1neo con U. de Maryland sobre interculturalidad y pobreza a cargo de la Dra. Daniela Aldoney\",\"datePublished\":\"2018-07-26T14:28:42+00:00\",\"mainEntityOfPage\":{\"@id\":\"https:\/\/psicologia.udd.cl\/doctorado\/es\/2018\/07\/26\/la-facultad-de-psicologia-impartira-curso-simultaneo-con-u-de-maryland-sobre-interculturalidad-y-pobreza-a-cargo-de-la-dra-daniela-aldoney\/\"},\"wordCount\":334,\"commentCount\":0,\"image\":{\"@id\":\"https:\/\/psicologia.udd.cl\/doctorado\/es\/2018\/07\/26\/la-facultad-de-psicologia-impartira-curso-simultaneo-con-u-de-maryland-sobre-interculturalidad-y-pobreza-a-cargo-de-la-dra-daniela-aldoney\/#primaryimage\"},\"thumbnailUrl\":\"http:\/\/psicologia.udd.cl\/doctorado\/files\/2018\/07\/37745296_875925582607758_3058743659441684480_n-300x235.png\",\"articleSection\":[\"Noticias\"],\"inLanguage\":\"es\",\"potentialAction\":[{\"@type\":\"CommentAction\",\"name\":\"Comment\",\"target\":[\"https:\/\/psicologia.udd.cl\/doctorado\/es\/2018\/07\/26\/la-facultad-de-psicologia-impartira-curso-simultaneo-con-u-de-maryland-sobre-interculturalidad-y-pobreza-a-cargo-de-la-dra-daniela-aldoney\/#respond\"]}]},{\"@type\":\"WebPage\",\"@id\":\"https:\/\/psicologia.udd.cl\/doctorado\/es\/2018\/07\/26\/la-facultad-de-psicologia-impartira-curso-simultaneo-con-u-de-maryland-sobre-interculturalidad-y-pobreza-a-cargo-de-la-dra-daniela-aldoney\/\",\"url\":\"https:\/\/psicologia.udd.cl\/doctorado\/es\/2018\/07\/26\/la-facultad-de-psicologia-impartira-curso-simultaneo-con-u-de-maryland-sobre-interculturalidad-y-pobreza-a-cargo-de-la-dra-daniela-aldoney\/\",\"name\":\"La Facultad de Psicolog\u00eda impartir\u00e1 curso simult\u00e1neo con U. de Maryland sobre interculturalidad y pobreza a cargo de la Dra. Daniela Aldoney - Doctorado en Ciencias del Desarrollo y Psicopatolog\u00eda\",\"isPartOf\":{\"@id\":\"https:\/\/psicologia.udd.cl\/doctorado\/#website\"},\"primaryImageOfPage\":{\"@id\":\"https:\/\/psicologia.udd.cl\/doctorado\/es\/2018\/07\/26\/la-facultad-de-psicologia-impartira-curso-simultaneo-con-u-de-maryland-sobre-interculturalidad-y-pobreza-a-cargo-de-la-dra-daniela-aldoney\/#primaryimage\"},\"image\":{\"@id\":\"https:\/\/psicologia.udd.cl\/doctorado\/es\/2018\/07\/26\/la-facultad-de-psicologia-impartira-curso-simultaneo-con-u-de-maryland-sobre-interculturalidad-y-pobreza-a-cargo-de-la-dra-daniela-aldoney\/#primaryimage\"},\"thumbnailUrl\":\"http:\/\/psicologia.udd.cl\/doctorado\/files\/2018\/07\/37745296_875925582607758_3058743659441684480_n-300x235.png\",\"datePublished\":\"2018-07-26T14:28:42+00:00\",\"author\":{\"@id\":\"\"},\"inLanguage\":\"es\",\"potentialAction\":[{\"@type\":\"ReadAction\",\"target\":[\"https:\/\/psicologia.udd.cl\/doctorado\/es\/2018\/07\/26\/la-facultad-de-psicologia-impartira-curso-simultaneo-con-u-de-maryland-sobre-interculturalidad-y-pobreza-a-cargo-de-la-dra-daniela-aldoney\/\"]}]},{\"@type\":\"ImageObject\",\"inLanguage\":\"es\",\"@id\":\"https:\/\/psicologia.udd.cl\/doctorado\/es\/2018\/07\/26\/la-facultad-de-psicologia-impartira-curso-simultaneo-con-u-de-maryland-sobre-interculturalidad-y-pobreza-a-cargo-de-la-dra-daniela-aldoney\/#primaryimage\",\"url\":\"http:\/\/psicologia.udd.cl\/doctorado\/files\/2018\/07\/37745296_875925582607758_3058743659441684480_n-300x235.png\",\"contentUrl\":\"http:\/\/psicologia.udd.cl\/doctorado\/files\/2018\/07\/37745296_875925582607758_3058743659441684480_n-300x235.png\"},{\"@type\":\"WebSite\",\"@id\":\"https:\/\/psicologia.udd.cl\/doctorado\/#website\",\"url\":\"https:\/\/psicologia.udd.cl\/doctorado\/\",\"name\":\"Doctorado en Ciencias del Desarrollo y Psicopatolog\u00eda\",\"description\":\"\",\"inLanguage\":\"es\"}]}<\/script>\n<!-- \/ Yoast SEO plugin. -->","yoast_head_json":{"title":"La Facultad de Psicolog\u00eda impartir\u00e1 curso simult\u00e1neo con U. de Maryland sobre interculturalidad y pobreza a cargo de la Dra. Daniela Aldoney - Doctorado en Ciencias del Desarrollo y Psicopatolog\u00eda","robots":{"index":"index","follow":"follow","max-snippet":"max-snippet:-1","max-image-preview":"max-image-preview:large","max-video-preview":"max-video-preview:-1"},"canonical":"https:\/\/psicologia.udd.cl\/doctorado\/es\/2018\/07\/26\/la-facultad-de-psicologia-impartira-curso-simultaneo-con-u-de-maryland-sobre-interculturalidad-y-pobreza-a-cargo-de-la-dra-daniela-aldoney\/","og_locale":"es_ES","og_type":"article","og_title":"La Facultad de Psicolog\u00eda impartir\u00e1 curso simult\u00e1neo con U. de Maryland sobre interculturalidad y pobreza a cargo de la Dra. Daniela Aldoney - Doctorado en Ciencias del Desarrollo y Psicopatolog\u00eda","og_description":"Para el Centro de Apego y Regulaci\u00f3n Emocional (CARE) es muy grato comunicar que, por primera vez, este a\u00f1o se ofrecer\u00e1 en la Facultad de Psicolog\u00eda UDD el curso electivo\u00a0Cross cultural approaches to child development and Poverty in the US and Chile,\u00a0en conjunto con la Universidad de Maryland, Estados Unidos. Este curso ayudar\u00e1 a los [&hellip;]","og_url":"https:\/\/psicologia.udd.cl\/doctorado\/es\/2018\/07\/26\/la-facultad-de-psicologia-impartira-curso-simultaneo-con-u-de-maryland-sobre-interculturalidad-y-pobreza-a-cargo-de-la-dra-daniela-aldoney\/","og_site_name":"Doctorado en Ciencias del Desarrollo y Psicopatolog\u00eda","article_published_time":"2018-07-26T14:28:42+00:00","og_image":[{"url":"http:\/\/psicologia.udd.cl\/doctorado\/files\/2018\/07\/37745296_875925582607758_3058743659441684480_n-300x235.png","type":"","width":"","height":""}],"twitter_card":"summary_large_image","twitter_misc":{"Tiempo de lectura":"2 minutos"},"schema":{"@context":"https:\/\/schema.org","@graph":[{"@type":"Article","@id":"https:\/\/psicologia.udd.cl\/doctorado\/es\/2018\/07\/26\/la-facultad-de-psicologia-impartira-curso-simultaneo-con-u-de-maryland-sobre-interculturalidad-y-pobreza-a-cargo-de-la-dra-daniela-aldoney\/#article","isPartOf":{"@id":"https:\/\/psicologia.udd.cl\/doctorado\/es\/2018\/07\/26\/la-facultad-de-psicologia-impartira-curso-simultaneo-con-u-de-maryland-sobre-interculturalidad-y-pobreza-a-cargo-de-la-dra-daniela-aldoney\/"},"author":{"name":"","@id":""},"headline":"La Facultad de Psicolog\u00eda impartir\u00e1 curso simult\u00e1neo con U. de Maryland sobre interculturalidad y pobreza a cargo de la Dra. Daniela Aldoney","datePublished":"2018-07-26T14:28:42+00:00","mainEntityOfPage":{"@id":"https:\/\/psicologia.udd.cl\/doctorado\/es\/2018\/07\/26\/la-facultad-de-psicologia-impartira-curso-simultaneo-con-u-de-maryland-sobre-interculturalidad-y-pobreza-a-cargo-de-la-dra-daniela-aldoney\/"},"wordCount":334,"commentCount":0,"image":{"@id":"https:\/\/psicologia.udd.cl\/doctorado\/es\/2018\/07\/26\/la-facultad-de-psicologia-impartira-curso-simultaneo-con-u-de-maryland-sobre-interculturalidad-y-pobreza-a-cargo-de-la-dra-daniela-aldoney\/#primaryimage"},"thumbnailUrl":"http:\/\/psicologia.udd.cl\/doctorado\/files\/2018\/07\/37745296_875925582607758_3058743659441684480_n-300x235.png","articleSection":["Noticias"],"inLanguage":"es","potentialAction":[{"@type":"CommentAction","name":"Comment","target":["https:\/\/psicologia.udd.cl\/doctorado\/es\/2018\/07\/26\/la-facultad-de-psicologia-impartira-curso-simultaneo-con-u-de-maryland-sobre-interculturalidad-y-pobreza-a-cargo-de-la-dra-daniela-aldoney\/#respond"]}]},{"@type":"WebPage","@id":"https:\/\/psicologia.udd.cl\/doctorado\/es\/2018\/07\/26\/la-facultad-de-psicologia-impartira-curso-simultaneo-con-u-de-maryland-sobre-interculturalidad-y-pobreza-a-cargo-de-la-dra-daniela-aldoney\/","url":"https:\/\/psicologia.udd.cl\/doctorado\/es\/2018\/07\/26\/la-facultad-de-psicologia-impartira-curso-simultaneo-con-u-de-maryland-sobre-interculturalidad-y-pobreza-a-cargo-de-la-dra-daniela-aldoney\/","name":"La Facultad de Psicolog\u00eda impartir\u00e1 curso simult\u00e1neo con U. de Maryland sobre interculturalidad y pobreza a cargo de la Dra. Daniela Aldoney - Doctorado en Ciencias del Desarrollo y Psicopatolog\u00eda","isPartOf":{"@id":"https:\/\/psicologia.udd.cl\/doctorado\/#website"},"primaryImageOfPage":{"@id":"https:\/\/psicologia.udd.cl\/doctorado\/es\/2018\/07\/26\/la-facultad-de-psicologia-impartira-curso-simultaneo-con-u-de-maryland-sobre-interculturalidad-y-pobreza-a-cargo-de-la-dra-daniela-aldoney\/#primaryimage"},"image":{"@id":"https:\/\/psicologia.udd.cl\/doctorado\/es\/2018\/07\/26\/la-facultad-de-psicologia-impartira-curso-simultaneo-con-u-de-maryland-sobre-interculturalidad-y-pobreza-a-cargo-de-la-dra-daniela-aldoney\/#primaryimage"},"thumbnailUrl":"http:\/\/psicologia.udd.cl\/doctorado\/files\/2018\/07\/37745296_875925582607758_3058743659441684480_n-300x235.png","datePublished":"2018-07-26T14:28:42+00:00","author":{"@id":""},"inLanguage":"es","potentialAction":[{"@type":"ReadAction","target":["https:\/\/psicologia.udd.cl\/doctorado\/es\/2018\/07\/26\/la-facultad-de-psicologia-impartira-curso-simultaneo-con-u-de-maryland-sobre-interculturalidad-y-pobreza-a-cargo-de-la-dra-daniela-aldoney\/"]}]},{"@type":"ImageObject","inLanguage":"es","@id":"https:\/\/psicologia.udd.cl\/doctorado\/es\/2018\/07\/26\/la-facultad-de-psicologia-impartira-curso-simultaneo-con-u-de-maryland-sobre-interculturalidad-y-pobreza-a-cargo-de-la-dra-daniela-aldoney\/#primaryimage","url":"http:\/\/psicologia.udd.cl\/doctorado\/files\/2018\/07\/37745296_875925582607758_3058743659441684480_n-300x235.png","contentUrl":"http:\/\/psicologia.udd.cl\/doctorado\/files\/2018\/07\/37745296_875925582607758_3058743659441684480_n-300x235.png"},{"@type":"WebSite","@id":"https:\/\/psicologia.udd.cl\/doctorado\/#website","url":"https:\/\/psicologia.udd.cl\/doctorado\/","name":"Doctorado en Ciencias del Desarrollo y Psicopatolog\u00eda","description":"","inLanguage":"es"}]}},"featured_image_url":null,"_links":{"self":[{"href":"https:\/\/psicologia.udd.cl\/doctorado\/wp-json\/wp\/v2\/posts\/739","targetHints":{"allow":["GET"]}}],"collection":[{"href":"https:\/\/psicologia.udd.cl\/doctorado\/wp-json\/wp\/v2\/posts"}],"about":[{"href":"https:\/\/psicologia.udd.cl\/doctorado\/wp-json\/wp\/v2\/types\/post"}],"replies":[{"embeddable":true,"href":"https:\/\/psicologia.udd.cl\/doctorado\/wp-json\/wp\/v2\/comments?post=739"}],"version-history":[{"count":0,"href":"https:\/\/psicologia.udd.cl\/doctorado\/wp-json\/wp\/v2\/posts\/739\/revisions"}],"wp:attachment":[{"href":"https:\/\/psicologia.udd.cl\/doctorado\/wp-json\/wp\/v2\/media?parent=739"}],"wp:term":[{"taxonomy":"category","embeddable":true,"href":"https:\/\/psicologia.udd.cl\/doctorado\/wp-json\/wp\/v2\/categories?post=739"},{"taxonomy":"post_tag","embeddable":true,"href":"https:\/\/psicologia.udd.cl\/doctorado\/wp-json\/wp\/v2\/tags?post=739"}],"curies":[{"name":"wp","href":"https:\/\/api.w.org\/{rel}","templated":true}]}}