{"id":714,"date":"2018-06-04T20:18:47","date_gmt":"2018-06-04T20:18:47","guid":{"rendered":"http:\/\/psicologia.udd.cl\/doctorado\/?p=714"},"modified":"2018-06-04T20:18:47","modified_gmt":"2018-06-04T20:18:47","slug":"iii-seminario-de-neurociencias-y-emociones-abordo-desarrollo-de-funciones-ejecutivas-y-patrones-de-activacion-cerebral-en-el-envejecimiento","status":"publish","type":"post","link":"https:\/\/psicologia.udd.cl\/doctorado\/es\/2018\/06\/04\/iii-seminario-de-neurociencias-y-emociones-abordo-desarrollo-de-funciones-ejecutivas-y-patrones-de-activacion-cerebral-en-el-envejecimiento\/","title":{"rendered":"III Seminario de Neurociencias y Emociones abord\u00f3 desarrollo de funciones ejecutivas y patrones de activaci\u00f3n cerebral en el envejecimiento"},"content":{"rendered":"<div class=\"std-text grid-11 grid-tablet-15 no-overflow\">\n<p><img loading=\"lazy\" decoding=\"async\" class=\"alignnone size-medium wp-image-715 aligncenter\" src=\"https:\/\/psicologia.udd.cl\/doctorado\/files\/2018\/06\/Francisco-Ceric-300x225.jpg\" alt=\"Francisco Ceric\" width=\"300\" height=\"225\" \/><\/p>\n<p style=\"text-align: justify\">Por tercer a\u00f1o consecutivo, se llev\u00f3 a cabo con \u00e9xito en la UDD el\u00a0<strong>III Seminario de Neurociencias y Emociones<\/strong>, enfocado en profundizar y actualizar conocimiento en el tema de las neurociencias cognitivas, tanto a nivel te\u00f3rico como tambi\u00e9n en su aplicaci\u00f3n. La actividad realizada el pasado viernes 18 de mayo estuvo a cargo del miembro del programa\u00a0<strong><a href=\"https:\/\/psicologia.udd.cl\/doctorado\/es\/\">Doctorado en Ciencias del Desarrollo y Psicopatolog\u00eda de la Universidad del Desarrollo<\/a>,\u00a0<a href=\"http:\/\/psicologia.udd.cl\/persona\/francisco-ceric-3\/\">Dr. Francisco Ceric<\/a><\/strong>, quien en esta ocasi\u00f3n invit\u00f3 a participar al\u00a0<strong>Dr. Elkin Luis, M\u00e1ster en Neurociencia y Cognici\u00f3n de la Universidad de Navarra, Espa\u00f1a<\/strong>.<\/p>\n<p style=\"text-align: justify\">A cargo de abrir la jornada, donde participaron cerca de un centenar de personas, estuvo el director de carrera de la Facultad de Psicolog\u00eda,\u00a0<a href=\"http:\/\/psicologia.udd.cl\/persona\/fernando-reyes-reyes\/\"><strong>Fernando Reyes<\/strong><\/a>, quien destac\u00f3 que este tipo de encuentros sirve para reforzar las nuevas evidencias sobre regulaci\u00f3n emocional, sirviendo para \u201cprofundizar la tem\u00e1tica de las neurociencias cognitivas, la que incluso puede llegar a generar un impacto en el trabajo profesional de los asistentes y sus conclusiones\u201d.<\/p>\n<p style=\"text-align: justify\">Para iniciar la tem\u00e1tica del seminario, el coordinador de investigaci\u00f3n de Psicolog\u00eda UDD y Bi\u00f3logo de la Universidad Cat\u00f3lica de Chile,\u00a0<strong>Dr.<\/strong><strong>Francisco Ceric<\/strong>, present\u00f3 el primer tema: \u2018<strong>Evidencias Neurocognitivas del Desarrollo conjunto de las Funciones Ejecutivas y la Regulaci\u00f3n Emocional\u2019.<\/strong><\/p>\n<p style=\"text-align: justify\">En su presentaci\u00f3n Ceric convers\u00f3 sobre las capacidades mentales encargadas de resolver de manera consciente, voluntaria y eficaz la mayor\u00eda de los problemas que se le presentan a los seres humanos, desde la ni\u00f1ez hasta la \u00faltima etapa de vida de los individuos. A ra\u00edz de ello, present\u00f3 los componentes de las funciones ejecutivas y los cambios asociados a cada una de ellas.<\/p>\n<p style=\"text-align: justify\">Para explicar de mejor manera estos procesos, el docente dijo que \u201c<em>estos procesos hacen referencia a una serie de mecanismos implicados en la optimizaci\u00f3n de los procesos cognitivos, el que sirve para orientarlos hacia la resoluci\u00f3n de situaciones complejas o novedosas\u201d<\/em>.<\/p>\n<p style=\"text-align: justify\">Continuando con el seminario, el\u00a0<strong>Dr. Elkin Luis Garc\u00eda<\/strong>, Neuropsic\u00f3logo de la Universidad de Oberta de Catalunya, continu\u00f3 con la presentaci\u00f3n y expuso sobre\u00a0<strong>\u2018Los Patrones de Activaci\u00f3n Cerebral Asociados al Envejecimiento Exitoso y Regulaci\u00f3n Emocional\u2019<\/strong>, iniciando su exposici\u00f3n definiendo que \u201ce<em>l envejecimiento va acompa\u00f1ado de una serie de cambios cerebrales anat\u00f3micos y fisiol\u00f3gicos. Ahora los sistemas cerebrales y cognitivos en el envejecimiento son m\u00e1s din\u00e1micos y moldeables de lo que se pensaba anteriormente<\/em>\u201d.<\/p>\n<p style=\"text-align: justify\">El docente investigador tambi\u00e9n explic\u00f3 a los presentes que, por ejemplo, \u201c<em>esta reorganizaci\u00f3n se observa en el desempe\u00f1o de tareas cognitivas, las que se correlacionan con una ejecuci\u00f3n m\u00e1s eficiente en diversas tareas que realizan los adultos mayores<\/em>\u201d, entre otras cosas.<\/p>\n<p style=\"text-align: justify\">Finalmente, y para cerrar esta tercera edici\u00f3n del seminario, se abri\u00f3 la oportunidad para una ronda de preguntas y comentarios, donde los expositores respondieron y aclararon dudas a los asistentes, planteando tem\u00e1ticas tanto a nivel te\u00f3rico como en la aplicaci\u00f3n de estas actualizadas investigaciones de comprensi\u00f3n del desarrollo humano.<\/p>\n<p style=\"text-align: justify\">Este seminario se enmarc\u00f3 en el inter\u00e9s de la Facultad de Psicolog\u00eda y el\u00a0<strong><a href=\"http:\/\/psicologia.udd.cl\/care\/\">Centro de Apego y Regulaci\u00f3n Emocional CARE<\/a><\/strong>\u00a0por compartir conocimientos sobre el \u00e1rea y la difusi\u00f3n del trabajo que realizan los investigadores, con una serie de nuevas indagaciones psicol\u00f3gicas que sirven para estar a la vanguardia de las investigaciones que aportan a la neurociencia y la psicopatolog\u00eda.<\/p>\n<p style=\"text-align: justify\">\n<\/div>\n<div class=\"grid-6 grid-tablet-15 no-overflow\">\n<section class=\"widget widget-share\">\n<header class=\"widget-header widget-header-reset\">\n<h3 class=\"widget-title\">COMPARTIR<\/h3>\n<\/header>\n<div class=\"widget-content\">\n<ul class=\"share-list\">\n<li style=\"text-align: justify\"><a class=\"share-print\" href=\"http:\/\/psicologia.udd.cl\/noticias\/2018\/05\/31689\/#\"><i class=\"icon icon-printer\"><\/i>Imprimir<\/a><\/li>\n<li><a class=\"share-email\" href=\"http:\/\/psicologia.udd.cl\/noticias\/2018\/05\/31689\/#share_email\"><i class=\"icon icon-email\"><\/i>Enviar por Email<\/a><\/li>\n<li><a class=\"share-facebook\" href=\"http:\/\/www.facebook.com\/sharer.php?u=http%3A%2F%2Fpsicologia.udd.cl%2Fnoticias%2F2018%2F05%2F31689%2F&amp;t=III+Seminario+de+Neurociencias+y+Emociones+abord%C3%B3+conducta+del+desarrollo+de+las+funciones+ejecutivas+y+los+patrones+de+activaci%C3%B3n+cerebral+en+el+envejecimiento&amp;src=sp\"><i class=\"icon icon-facebook\"><\/i>Comp\u00e1rtelo en tu muro<\/a><\/li>\n<li><a class=\"share-linkedin\" href=\"http:\/\/www.linkedin.com\/shareArticle?mini=true&amp;url=http%3A%2F%2Fpsicologia.udd.cl%2Fnoticias%2F2018%2F05%2F31689%2F&amp;title=III+Seminario+de+Neurociencias+y+Emociones+abord%C3%B3+conducta+del+desarrollo+de+las+funciones+ejecutivas+y+los+patrones+de+activaci%C3%B3n+cerebral+en+el+envejecimiento&amp;summary=%3Cp%3EEsta+actividad%2C+organizada+por+la+facultad+de+Psicolog%C3%ADa+UDD+Concepci%C3%B3n%2C+en+conjunto+con+su+Centro+de+Apego+y+Regulaci%C3%B3n+Emocional+%28CARE%29%2C+cont%C3%B3+con+la+presencia+de+dos+expositores+que+presentaron+recientes+investigaciones+psicol%C3%B3gicas+sobre+la+comprensi%C3%B3n+del+desarrollo+durante+el+ciclo+vital%3C%2Fp%3E%0A&amp;source=Facultad+de+Psicolog%C3%ADa\"><i class=\"icon icon-linkedin\"><\/i>Comp\u00e1rtelo en linkedin<\/a><\/li>\n<\/ul>\n<div class=\"like-buttons\"><\/div>\n<\/div>\n<\/section>\n<\/div>\n","protected":false},"excerpt":{"rendered":"<p>Por tercer a\u00f1o consecutivo, se llev\u00f3 a cabo con \u00e9xito en la UDD el\u00a0III Seminario de Neurociencias y Emociones, enfocado en profundizar y actualizar conocimiento en el tema de las neurociencias cognitivas, tanto a nivel te\u00f3rico como tambi\u00e9n en su aplicaci\u00f3n. La actividad realizada el pasado viernes 18 de mayo estuvo a cargo del miembro [&hellip;]<\/p>\n","protected":false},"author":0,"featured_media":0,"comment_status":"open","ping_status":"open","sticky":false,"template":"","format":"standard","meta":{"footnotes":""},"categories":[69],"tags":[],"class_list":["post-714","post","type-post","status-publish","format-standard","hentry","category-noticias"],"yoast_head":"<!-- This site is optimized with the Yoast SEO plugin v26.9 - https:\/\/yoast.com\/product\/yoast-seo-wordpress\/ -->\n<title>III Seminario de Neurociencias y Emociones abord\u00f3 desarrollo de funciones ejecutivas y patrones de activaci\u00f3n cerebral en el envejecimiento - Doctorado en Ciencias del Desarrollo y Psicopatolog\u00eda<\/title>\n<meta name=\"robots\" content=\"index, follow, max-snippet:-1, max-image-preview:large, max-video-preview:-1\" \/>\n<link rel=\"canonical\" href=\"https:\/\/psicologia.udd.cl\/doctorado\/es\/2018\/06\/04\/iii-seminario-de-neurociencias-y-emociones-abordo-desarrollo-de-funciones-ejecutivas-y-patrones-de-activacion-cerebral-en-el-envejecimiento\/\" \/>\n<meta property=\"og:locale\" content=\"es_ES\" \/>\n<meta property=\"og:type\" content=\"article\" \/>\n<meta property=\"og:title\" content=\"III Seminario de Neurociencias y Emociones abord\u00f3 desarrollo de funciones ejecutivas y patrones de activaci\u00f3n cerebral en el envejecimiento - Doctorado en Ciencias del Desarrollo y Psicopatolog\u00eda\" \/>\n<meta property=\"og:description\" content=\"Por tercer a\u00f1o consecutivo, se llev\u00f3 a cabo con \u00e9xito en la UDD el\u00a0III Seminario de Neurociencias y Emociones, enfocado en profundizar y actualizar conocimiento en el tema de las neurociencias cognitivas, tanto a nivel te\u00f3rico como tambi\u00e9n en su aplicaci\u00f3n. La actividad realizada el pasado viernes 18 de mayo estuvo a cargo del miembro [&hellip;]\" \/>\n<meta property=\"og:url\" content=\"https:\/\/psicologia.udd.cl\/doctorado\/es\/2018\/06\/04\/iii-seminario-de-neurociencias-y-emociones-abordo-desarrollo-de-funciones-ejecutivas-y-patrones-de-activacion-cerebral-en-el-envejecimiento\/\" \/>\n<meta property=\"og:site_name\" content=\"Doctorado en Ciencias del Desarrollo y Psicopatolog\u00eda\" \/>\n<meta property=\"article:published_time\" content=\"2018-06-04T20:18:47+00:00\" \/>\n<meta property=\"og:image\" content=\"http:\/\/psicologia.udd.cl\/doctorado\/files\/2018\/06\/Francisco-Ceric-300x225.jpg\" \/>\n<meta name=\"twitter:card\" content=\"summary_large_image\" \/>\n<meta name=\"twitter:label1\" content=\"Tiempo de lectura\" \/>\n\t<meta name=\"twitter:data1\" content=\"3 minutos\" \/>\n<script type=\"application\/ld+json\" class=\"yoast-schema-graph\">{\"@context\":\"https:\/\/schema.org\",\"@graph\":[{\"@type\":\"Article\",\"@id\":\"https:\/\/psicologia.udd.cl\/doctorado\/es\/2018\/06\/04\/iii-seminario-de-neurociencias-y-emociones-abordo-desarrollo-de-funciones-ejecutivas-y-patrones-de-activacion-cerebral-en-el-envejecimiento\/#article\",\"isPartOf\":{\"@id\":\"https:\/\/psicologia.udd.cl\/doctorado\/es\/2018\/06\/04\/iii-seminario-de-neurociencias-y-emociones-abordo-desarrollo-de-funciones-ejecutivas-y-patrones-de-activacion-cerebral-en-el-envejecimiento\/\"},\"author\":{\"name\":\"\",\"@id\":\"\"},\"headline\":\"III Seminario de Neurociencias y Emociones abord\u00f3 desarrollo de funciones ejecutivas y patrones de activaci\u00f3n cerebral en el envejecimiento\",\"datePublished\":\"2018-06-04T20:18:47+00:00\",\"mainEntityOfPage\":{\"@id\":\"https:\/\/psicologia.udd.cl\/doctorado\/es\/2018\/06\/04\/iii-seminario-de-neurociencias-y-emociones-abordo-desarrollo-de-funciones-ejecutivas-y-patrones-de-activacion-cerebral-en-el-envejecimiento\/\"},\"wordCount\":619,\"commentCount\":0,\"image\":{\"@id\":\"https:\/\/psicologia.udd.cl\/doctorado\/es\/2018\/06\/04\/iii-seminario-de-neurociencias-y-emociones-abordo-desarrollo-de-funciones-ejecutivas-y-patrones-de-activacion-cerebral-en-el-envejecimiento\/#primaryimage\"},\"thumbnailUrl\":\"http:\/\/psicologia.udd.cl\/doctorado\/files\/2018\/06\/Francisco-Ceric-300x225.jpg\",\"articleSection\":[\"Noticias\"],\"inLanguage\":\"es\",\"potentialAction\":[{\"@type\":\"CommentAction\",\"name\":\"Comment\",\"target\":[\"https:\/\/psicologia.udd.cl\/doctorado\/es\/2018\/06\/04\/iii-seminario-de-neurociencias-y-emociones-abordo-desarrollo-de-funciones-ejecutivas-y-patrones-de-activacion-cerebral-en-el-envejecimiento\/#respond\"]}]},{\"@type\":\"WebPage\",\"@id\":\"https:\/\/psicologia.udd.cl\/doctorado\/es\/2018\/06\/04\/iii-seminario-de-neurociencias-y-emociones-abordo-desarrollo-de-funciones-ejecutivas-y-patrones-de-activacion-cerebral-en-el-envejecimiento\/\",\"url\":\"https:\/\/psicologia.udd.cl\/doctorado\/es\/2018\/06\/04\/iii-seminario-de-neurociencias-y-emociones-abordo-desarrollo-de-funciones-ejecutivas-y-patrones-de-activacion-cerebral-en-el-envejecimiento\/\",\"name\":\"III Seminario de Neurociencias y Emociones abord\u00f3 desarrollo de funciones ejecutivas y patrones de activaci\u00f3n cerebral en el envejecimiento - Doctorado en Ciencias del Desarrollo y Psicopatolog\u00eda\",\"isPartOf\":{\"@id\":\"https:\/\/psicologia.udd.cl\/doctorado\/#website\"},\"primaryImageOfPage\":{\"@id\":\"https:\/\/psicologia.udd.cl\/doctorado\/es\/2018\/06\/04\/iii-seminario-de-neurociencias-y-emociones-abordo-desarrollo-de-funciones-ejecutivas-y-patrones-de-activacion-cerebral-en-el-envejecimiento\/#primaryimage\"},\"image\":{\"@id\":\"https:\/\/psicologia.udd.cl\/doctorado\/es\/2018\/06\/04\/iii-seminario-de-neurociencias-y-emociones-abordo-desarrollo-de-funciones-ejecutivas-y-patrones-de-activacion-cerebral-en-el-envejecimiento\/#primaryimage\"},\"thumbnailUrl\":\"http:\/\/psicologia.udd.cl\/doctorado\/files\/2018\/06\/Francisco-Ceric-300x225.jpg\",\"datePublished\":\"2018-06-04T20:18:47+00:00\",\"author\":{\"@id\":\"\"},\"inLanguage\":\"es\",\"potentialAction\":[{\"@type\":\"ReadAction\",\"target\":[\"https:\/\/psicologia.udd.cl\/doctorado\/es\/2018\/06\/04\/iii-seminario-de-neurociencias-y-emociones-abordo-desarrollo-de-funciones-ejecutivas-y-patrones-de-activacion-cerebral-en-el-envejecimiento\/\"]}]},{\"@type\":\"ImageObject\",\"inLanguage\":\"es\",\"@id\":\"https:\/\/psicologia.udd.cl\/doctorado\/es\/2018\/06\/04\/iii-seminario-de-neurociencias-y-emociones-abordo-desarrollo-de-funciones-ejecutivas-y-patrones-de-activacion-cerebral-en-el-envejecimiento\/#primaryimage\",\"url\":\"http:\/\/psicologia.udd.cl\/doctorado\/files\/2018\/06\/Francisco-Ceric-300x225.jpg\",\"contentUrl\":\"http:\/\/psicologia.udd.cl\/doctorado\/files\/2018\/06\/Francisco-Ceric-300x225.jpg\"},{\"@type\":\"WebSite\",\"@id\":\"https:\/\/psicologia.udd.cl\/doctorado\/#website\",\"url\":\"https:\/\/psicologia.udd.cl\/doctorado\/\",\"name\":\"Doctorado en Ciencias del Desarrollo y Psicopatolog\u00eda\",\"description\":\"\",\"inLanguage\":\"es\"}]}<\/script>\n<!-- \/ Yoast SEO plugin. -->","yoast_head_json":{"title":"III Seminario de Neurociencias y Emociones abord\u00f3 desarrollo de funciones ejecutivas y patrones de activaci\u00f3n cerebral en el envejecimiento - Doctorado en Ciencias del Desarrollo y Psicopatolog\u00eda","robots":{"index":"index","follow":"follow","max-snippet":"max-snippet:-1","max-image-preview":"max-image-preview:large","max-video-preview":"max-video-preview:-1"},"canonical":"https:\/\/psicologia.udd.cl\/doctorado\/es\/2018\/06\/04\/iii-seminario-de-neurociencias-y-emociones-abordo-desarrollo-de-funciones-ejecutivas-y-patrones-de-activacion-cerebral-en-el-envejecimiento\/","og_locale":"es_ES","og_type":"article","og_title":"III Seminario de Neurociencias y Emociones abord\u00f3 desarrollo de funciones ejecutivas y patrones de activaci\u00f3n cerebral en el envejecimiento - Doctorado en Ciencias del Desarrollo y Psicopatolog\u00eda","og_description":"Por tercer a\u00f1o consecutivo, se llev\u00f3 a cabo con \u00e9xito en la UDD el\u00a0III Seminario de Neurociencias y Emociones, enfocado en profundizar y actualizar conocimiento en el tema de las neurociencias cognitivas, tanto a nivel te\u00f3rico como tambi\u00e9n en su aplicaci\u00f3n. La actividad realizada el pasado viernes 18 de mayo estuvo a cargo del miembro [&hellip;]","og_url":"https:\/\/psicologia.udd.cl\/doctorado\/es\/2018\/06\/04\/iii-seminario-de-neurociencias-y-emociones-abordo-desarrollo-de-funciones-ejecutivas-y-patrones-de-activacion-cerebral-en-el-envejecimiento\/","og_site_name":"Doctorado en Ciencias del Desarrollo y Psicopatolog\u00eda","article_published_time":"2018-06-04T20:18:47+00:00","og_image":[{"url":"http:\/\/psicologia.udd.cl\/doctorado\/files\/2018\/06\/Francisco-Ceric-300x225.jpg","type":"","width":"","height":""}],"twitter_card":"summary_large_image","twitter_misc":{"Tiempo de lectura":"3 minutos"},"schema":{"@context":"https:\/\/schema.org","@graph":[{"@type":"Article","@id":"https:\/\/psicologia.udd.cl\/doctorado\/es\/2018\/06\/04\/iii-seminario-de-neurociencias-y-emociones-abordo-desarrollo-de-funciones-ejecutivas-y-patrones-de-activacion-cerebral-en-el-envejecimiento\/#article","isPartOf":{"@id":"https:\/\/psicologia.udd.cl\/doctorado\/es\/2018\/06\/04\/iii-seminario-de-neurociencias-y-emociones-abordo-desarrollo-de-funciones-ejecutivas-y-patrones-de-activacion-cerebral-en-el-envejecimiento\/"},"author":{"name":"","@id":""},"headline":"III Seminario de Neurociencias y Emociones abord\u00f3 desarrollo de funciones ejecutivas y patrones de activaci\u00f3n cerebral en el envejecimiento","datePublished":"2018-06-04T20:18:47+00:00","mainEntityOfPage":{"@id":"https:\/\/psicologia.udd.cl\/doctorado\/es\/2018\/06\/04\/iii-seminario-de-neurociencias-y-emociones-abordo-desarrollo-de-funciones-ejecutivas-y-patrones-de-activacion-cerebral-en-el-envejecimiento\/"},"wordCount":619,"commentCount":0,"image":{"@id":"https:\/\/psicologia.udd.cl\/doctorado\/es\/2018\/06\/04\/iii-seminario-de-neurociencias-y-emociones-abordo-desarrollo-de-funciones-ejecutivas-y-patrones-de-activacion-cerebral-en-el-envejecimiento\/#primaryimage"},"thumbnailUrl":"http:\/\/psicologia.udd.cl\/doctorado\/files\/2018\/06\/Francisco-Ceric-300x225.jpg","articleSection":["Noticias"],"inLanguage":"es","potentialAction":[{"@type":"CommentAction","name":"Comment","target":["https:\/\/psicologia.udd.cl\/doctorado\/es\/2018\/06\/04\/iii-seminario-de-neurociencias-y-emociones-abordo-desarrollo-de-funciones-ejecutivas-y-patrones-de-activacion-cerebral-en-el-envejecimiento\/#respond"]}]},{"@type":"WebPage","@id":"https:\/\/psicologia.udd.cl\/doctorado\/es\/2018\/06\/04\/iii-seminario-de-neurociencias-y-emociones-abordo-desarrollo-de-funciones-ejecutivas-y-patrones-de-activacion-cerebral-en-el-envejecimiento\/","url":"https:\/\/psicologia.udd.cl\/doctorado\/es\/2018\/06\/04\/iii-seminario-de-neurociencias-y-emociones-abordo-desarrollo-de-funciones-ejecutivas-y-patrones-de-activacion-cerebral-en-el-envejecimiento\/","name":"III Seminario de Neurociencias y Emociones abord\u00f3 desarrollo de funciones ejecutivas y patrones de activaci\u00f3n cerebral en el envejecimiento - Doctorado en Ciencias del Desarrollo y Psicopatolog\u00eda","isPartOf":{"@id":"https:\/\/psicologia.udd.cl\/doctorado\/#website"},"primaryImageOfPage":{"@id":"https:\/\/psicologia.udd.cl\/doctorado\/es\/2018\/06\/04\/iii-seminario-de-neurociencias-y-emociones-abordo-desarrollo-de-funciones-ejecutivas-y-patrones-de-activacion-cerebral-en-el-envejecimiento\/#primaryimage"},"image":{"@id":"https:\/\/psicologia.udd.cl\/doctorado\/es\/2018\/06\/04\/iii-seminario-de-neurociencias-y-emociones-abordo-desarrollo-de-funciones-ejecutivas-y-patrones-de-activacion-cerebral-en-el-envejecimiento\/#primaryimage"},"thumbnailUrl":"http:\/\/psicologia.udd.cl\/doctorado\/files\/2018\/06\/Francisco-Ceric-300x225.jpg","datePublished":"2018-06-04T20:18:47+00:00","author":{"@id":""},"inLanguage":"es","potentialAction":[{"@type":"ReadAction","target":["https:\/\/psicologia.udd.cl\/doctorado\/es\/2018\/06\/04\/iii-seminario-de-neurociencias-y-emociones-abordo-desarrollo-de-funciones-ejecutivas-y-patrones-de-activacion-cerebral-en-el-envejecimiento\/"]}]},{"@type":"ImageObject","inLanguage":"es","@id":"https:\/\/psicologia.udd.cl\/doctorado\/es\/2018\/06\/04\/iii-seminario-de-neurociencias-y-emociones-abordo-desarrollo-de-funciones-ejecutivas-y-patrones-de-activacion-cerebral-en-el-envejecimiento\/#primaryimage","url":"http:\/\/psicologia.udd.cl\/doctorado\/files\/2018\/06\/Francisco-Ceric-300x225.jpg","contentUrl":"http:\/\/psicologia.udd.cl\/doctorado\/files\/2018\/06\/Francisco-Ceric-300x225.jpg"},{"@type":"WebSite","@id":"https:\/\/psicologia.udd.cl\/doctorado\/#website","url":"https:\/\/psicologia.udd.cl\/doctorado\/","name":"Doctorado en Ciencias del Desarrollo y Psicopatolog\u00eda","description":"","inLanguage":"es"}]}},"featured_image_url":null,"_links":{"self":[{"href":"https:\/\/psicologia.udd.cl\/doctorado\/wp-json\/wp\/v2\/posts\/714","targetHints":{"allow":["GET"]}}],"collection":[{"href":"https:\/\/psicologia.udd.cl\/doctorado\/wp-json\/wp\/v2\/posts"}],"about":[{"href":"https:\/\/psicologia.udd.cl\/doctorado\/wp-json\/wp\/v2\/types\/post"}],"replies":[{"embeddable":true,"href":"https:\/\/psicologia.udd.cl\/doctorado\/wp-json\/wp\/v2\/comments?post=714"}],"version-history":[{"count":0,"href":"https:\/\/psicologia.udd.cl\/doctorado\/wp-json\/wp\/v2\/posts\/714\/revisions"}],"wp:attachment":[{"href":"https:\/\/psicologia.udd.cl\/doctorado\/wp-json\/wp\/v2\/media?parent=714"}],"wp:term":[{"taxonomy":"category","embeddable":true,"href":"https:\/\/psicologia.udd.cl\/doctorado\/wp-json\/wp\/v2\/categories?post=714"},{"taxonomy":"post_tag","embeddable":true,"href":"https:\/\/psicologia.udd.cl\/doctorado\/wp-json\/wp\/v2\/tags?post=714"}],"curies":[{"name":"wp","href":"https:\/\/api.w.org\/{rel}","templated":true}]}}