{"id":689,"date":"2018-04-27T13:51:58","date_gmt":"2018-04-27T13:51:58","guid":{"rendered":"http:\/\/psicologia.udd.cl\/doctorado\/?p=689"},"modified":"2018-04-27T13:51:58","modified_gmt":"2018-04-27T13:51:58","slug":"iii-version-seminario-de-neurociencia-y-emociones-bases-neurobiologicas-del-desarrollo-de-funciones-ejecutivas-y-regulacion-emocional-en-el-ciclo-vital","status":"publish","type":"post","link":"https:\/\/psicologia.udd.cl\/doctorado\/es\/2018\/04\/27\/iii-version-seminario-de-neurociencia-y-emociones-bases-neurobiologicas-del-desarrollo-de-funciones-ejecutivas-y-regulacion-emocional-en-el-ciclo-vital\/","title":{"rendered":"III versi\u00f3n Seminario de Neurociencia y Emociones: \u201cBases neurobiol\u00f3gicas del desarrollo de funciones ejecutivas y regulaci\u00f3n emocional en el ciclo vital\u201d"},"content":{"rendered":"<p><img loading=\"lazy\" decoding=\"async\" class=\"alignnone size-medium wp-image-692 aligncenter\" src=\"https:\/\/psicologia.udd.cl\/doctorado\/files\/2018\/04\/brief-P_imagen-1-300x173.jpg\" alt=\"brief-P_imagen\" width=\"300\" height=\"173\" \/><\/p>\n<p style=\"text-align: justify\">El pr\u00f3ximo 18 de mayo, en la sede Concepci\u00f3n de la UDD, el\u00a0<strong>Dr. Francisco Ceric<\/strong>\u00a0junto al\u00a0<strong>Dr. Elkin Luis<\/strong>\u00a0participar\u00e1n de la III versi\u00f3n del seminario de Neurociencia y Emociones.<\/p>\n<p style=\"text-align: justify\">El seminario estar\u00e1 enfocado en presentar evidencias actuales de la investigaci\u00f3n psicol\u00f3gica para la comprensi\u00f3n del desarrollo y cambio en las funciones ejecutivas durante el ciclo vital.<\/p>\n<p style=\"text-align: justify\">Los principales objetivos de este encuentro son, en primer lugar, explicar que son las funciones ejecutivas desde el nivel neurobiol\u00f3gico y cognitivo, evidenciar el desarrollo de las funciones ejecutivas y su regulaci\u00f3n emocional desde el nivel neurocient\u00edfico; y, poner en evidencia patrones de activaci\u00f3n cerebral asociados\u00a0al envejecimiento exitoso y regulaci\u00f3n emocional, desde las neuroim\u00e1genes.<\/p>\n<p style=\"text-align: justify\">En lo pr\u00e1ctico, los contenidos a presentar ayudar\u00e1n a los asistentes del \u00e1rea de la salud a profundizar y actualizar el conocimiento en el tema de las neurociencias cognitivas, tanto a nivel te\u00f3rico como en la aplicaci\u00f3n, enfocado en la trayectoria del desarrollo del proceso especifico de las funciones ejecutivas.<\/p>\n<p style=\"text-align: justify\"><strong>Expositores<\/strong><\/p>\n<p style=\"text-align: justify\">El Dr. Francisco Ceric es bi\u00f3logo de la Pontificia Universidad Cat\u00f3lica de Chile, PhD. En Psicolog\u00eda de la misma Universidad, profesor asociado y miembro del Claustro Acad\u00e9mico del programa de\u00a0<a href=\"https:\/\/psicologia.udd.cl\/doctorado\/es\/\">Doctorado en Ciencias del Desarrollo y Psicopatolog\u00eda.<\/a><\/p>\n<p style=\"text-align: justify\">El Dr. Elkin Luis Garc\u00eda es\u00a0Doctor en Medicina, M\u00e1ster en Neurociencia y Cognici\u00f3n de la Universidad de Navarra, Neuropsic\u00f3logo de la U. de Oberta de Catalunya y Psic\u00f3logo General Sanitario de la U. Internacional de la Rioja.<\/p>\n<p style=\"text-align: justify\">Para inscripciones contactar a Daniela Novoa,\u00a0<a href=\"mailto:dnovoa@udd.cl\">dnovoa@udd.cl<\/a><\/p>\n","protected":false},"excerpt":{"rendered":"<p>El pr\u00f3ximo 18 de mayo, en la sede Concepci\u00f3n de la UDD, el\u00a0Dr. Francisco Ceric\u00a0junto al\u00a0Dr. Elkin Luis\u00a0participar\u00e1n de la III versi\u00f3n del seminario de Neurociencia y Emociones. El seminario estar\u00e1 enfocado en presentar evidencias actuales de la investigaci\u00f3n psicol\u00f3gica para la comprensi\u00f3n del desarrollo y cambio en las funciones ejecutivas durante el ciclo vital. [&hellip;]<\/p>\n","protected":false},"author":0,"featured_media":0,"comment_status":"open","ping_status":"open","sticky":false,"template":"","format":"standard","meta":{"footnotes":""},"categories":[69],"tags":[],"class_list":["post-689","post","type-post","status-publish","format-standard","hentry","category-noticias"],"yoast_head":"<!-- This site is optimized with the Yoast SEO plugin v26.9 - https:\/\/yoast.com\/product\/yoast-seo-wordpress\/ -->\n<title>III versi\u00f3n Seminario de Neurociencia y Emociones: \u201cBases neurobiol\u00f3gicas del desarrollo de funciones ejecutivas y regulaci\u00f3n emocional en el ciclo vital\u201d - Doctorado en Ciencias del Desarrollo y Psicopatolog\u00eda<\/title>\n<meta name=\"robots\" content=\"index, follow, max-snippet:-1, max-image-preview:large, max-video-preview:-1\" \/>\n<link rel=\"canonical\" href=\"https:\/\/psicologia.udd.cl\/doctorado\/es\/2018\/04\/27\/iii-version-seminario-de-neurociencia-y-emociones-bases-neurobiologicas-del-desarrollo-de-funciones-ejecutivas-y-regulacion-emocional-en-el-ciclo-vital\/\" \/>\n<meta property=\"og:locale\" content=\"es_ES\" \/>\n<meta property=\"og:type\" content=\"article\" \/>\n<meta property=\"og:title\" content=\"III versi\u00f3n Seminario de Neurociencia y Emociones: \u201cBases neurobiol\u00f3gicas del desarrollo de funciones ejecutivas y regulaci\u00f3n emocional en el ciclo vital\u201d - Doctorado en Ciencias del Desarrollo y Psicopatolog\u00eda\" \/>\n<meta property=\"og:description\" content=\"El pr\u00f3ximo 18 de mayo, en la sede Concepci\u00f3n de la UDD, el\u00a0Dr. Francisco Ceric\u00a0junto al\u00a0Dr. Elkin Luis\u00a0participar\u00e1n de la III versi\u00f3n del seminario de Neurociencia y Emociones. El seminario estar\u00e1 enfocado en presentar evidencias actuales de la investigaci\u00f3n psicol\u00f3gica para la comprensi\u00f3n del desarrollo y cambio en las funciones ejecutivas durante el ciclo vital. [&hellip;]\" \/>\n<meta property=\"og:url\" content=\"https:\/\/psicologia.udd.cl\/doctorado\/es\/2018\/04\/27\/iii-version-seminario-de-neurociencia-y-emociones-bases-neurobiologicas-del-desarrollo-de-funciones-ejecutivas-y-regulacion-emocional-en-el-ciclo-vital\/\" \/>\n<meta property=\"og:site_name\" content=\"Doctorado en Ciencias del Desarrollo y Psicopatolog\u00eda\" \/>\n<meta property=\"article:published_time\" content=\"2018-04-27T13:51:58+00:00\" \/>\n<meta property=\"og:image\" content=\"http:\/\/psicologia.udd.cl\/doctorado\/files\/2018\/04\/brief-P_imagen-1-300x173.jpg\" \/>\n<meta name=\"twitter:card\" content=\"summary_large_image\" \/>\n<meta name=\"twitter:label1\" content=\"Tiempo de lectura\" \/>\n\t<meta name=\"twitter:data1\" content=\"1 minuto\" \/>\n<script type=\"application\/ld+json\" class=\"yoast-schema-graph\">{\"@context\":\"https:\/\/schema.org\",\"@graph\":[{\"@type\":\"Article\",\"@id\":\"https:\/\/psicologia.udd.cl\/doctorado\/es\/2018\/04\/27\/iii-version-seminario-de-neurociencia-y-emociones-bases-neurobiologicas-del-desarrollo-de-funciones-ejecutivas-y-regulacion-emocional-en-el-ciclo-vital\/#article\",\"isPartOf\":{\"@id\":\"https:\/\/psicologia.udd.cl\/doctorado\/es\/2018\/04\/27\/iii-version-seminario-de-neurociencia-y-emociones-bases-neurobiologicas-del-desarrollo-de-funciones-ejecutivas-y-regulacion-emocional-en-el-ciclo-vital\/\"},\"author\":{\"name\":\"\",\"@id\":\"\"},\"headline\":\"III versi\u00f3n Seminario de Neurociencia y Emociones: \u201cBases neurobiol\u00f3gicas del desarrollo de funciones ejecutivas y regulaci\u00f3n emocional en el ciclo vital\u201d\",\"datePublished\":\"2018-04-27T13:51:58+00:00\",\"mainEntityOfPage\":{\"@id\":\"https:\/\/psicologia.udd.cl\/doctorado\/es\/2018\/04\/27\/iii-version-seminario-de-neurociencia-y-emociones-bases-neurobiologicas-del-desarrollo-de-funciones-ejecutivas-y-regulacion-emocional-en-el-ciclo-vital\/\"},\"wordCount\":299,\"commentCount\":0,\"image\":{\"@id\":\"https:\/\/psicologia.udd.cl\/doctorado\/es\/2018\/04\/27\/iii-version-seminario-de-neurociencia-y-emociones-bases-neurobiologicas-del-desarrollo-de-funciones-ejecutivas-y-regulacion-emocional-en-el-ciclo-vital\/#primaryimage\"},\"thumbnailUrl\":\"http:\/\/psicologia.udd.cl\/doctorado\/files\/2018\/04\/brief-P_imagen-1-300x173.jpg\",\"articleSection\":[\"Noticias\"],\"inLanguage\":\"es\",\"potentialAction\":[{\"@type\":\"CommentAction\",\"name\":\"Comment\",\"target\":[\"https:\/\/psicologia.udd.cl\/doctorado\/es\/2018\/04\/27\/iii-version-seminario-de-neurociencia-y-emociones-bases-neurobiologicas-del-desarrollo-de-funciones-ejecutivas-y-regulacion-emocional-en-el-ciclo-vital\/#respond\"]}]},{\"@type\":\"WebPage\",\"@id\":\"https:\/\/psicologia.udd.cl\/doctorado\/es\/2018\/04\/27\/iii-version-seminario-de-neurociencia-y-emociones-bases-neurobiologicas-del-desarrollo-de-funciones-ejecutivas-y-regulacion-emocional-en-el-ciclo-vital\/\",\"url\":\"https:\/\/psicologia.udd.cl\/doctorado\/es\/2018\/04\/27\/iii-version-seminario-de-neurociencia-y-emociones-bases-neurobiologicas-del-desarrollo-de-funciones-ejecutivas-y-regulacion-emocional-en-el-ciclo-vital\/\",\"name\":\"III versi\u00f3n Seminario de Neurociencia y Emociones: \u201cBases neurobiol\u00f3gicas del desarrollo de funciones ejecutivas y regulaci\u00f3n emocional en el ciclo vital\u201d - Doctorado en Ciencias del Desarrollo y Psicopatolog\u00eda\",\"isPartOf\":{\"@id\":\"https:\/\/psicologia.udd.cl\/doctorado\/#website\"},\"primaryImageOfPage\":{\"@id\":\"https:\/\/psicologia.udd.cl\/doctorado\/es\/2018\/04\/27\/iii-version-seminario-de-neurociencia-y-emociones-bases-neurobiologicas-del-desarrollo-de-funciones-ejecutivas-y-regulacion-emocional-en-el-ciclo-vital\/#primaryimage\"},\"image\":{\"@id\":\"https:\/\/psicologia.udd.cl\/doctorado\/es\/2018\/04\/27\/iii-version-seminario-de-neurociencia-y-emociones-bases-neurobiologicas-del-desarrollo-de-funciones-ejecutivas-y-regulacion-emocional-en-el-ciclo-vital\/#primaryimage\"},\"thumbnailUrl\":\"http:\/\/psicologia.udd.cl\/doctorado\/files\/2018\/04\/brief-P_imagen-1-300x173.jpg\",\"datePublished\":\"2018-04-27T13:51:58+00:00\",\"author\":{\"@id\":\"\"},\"inLanguage\":\"es\",\"potentialAction\":[{\"@type\":\"ReadAction\",\"target\":[\"https:\/\/psicologia.udd.cl\/doctorado\/es\/2018\/04\/27\/iii-version-seminario-de-neurociencia-y-emociones-bases-neurobiologicas-del-desarrollo-de-funciones-ejecutivas-y-regulacion-emocional-en-el-ciclo-vital\/\"]}]},{\"@type\":\"ImageObject\",\"inLanguage\":\"es\",\"@id\":\"https:\/\/psicologia.udd.cl\/doctorado\/es\/2018\/04\/27\/iii-version-seminario-de-neurociencia-y-emociones-bases-neurobiologicas-del-desarrollo-de-funciones-ejecutivas-y-regulacion-emocional-en-el-ciclo-vital\/#primaryimage\",\"url\":\"http:\/\/psicologia.udd.cl\/doctorado\/files\/2018\/04\/brief-P_imagen-1-300x173.jpg\",\"contentUrl\":\"http:\/\/psicologia.udd.cl\/doctorado\/files\/2018\/04\/brief-P_imagen-1-300x173.jpg\"},{\"@type\":\"WebSite\",\"@id\":\"https:\/\/psicologia.udd.cl\/doctorado\/#website\",\"url\":\"https:\/\/psicologia.udd.cl\/doctorado\/\",\"name\":\"Doctorado en Ciencias del Desarrollo y Psicopatolog\u00eda\",\"description\":\"\",\"inLanguage\":\"es\"}]}<\/script>\n<!-- \/ Yoast SEO plugin. -->","yoast_head_json":{"title":"III versi\u00f3n Seminario de Neurociencia y Emociones: \u201cBases neurobiol\u00f3gicas del desarrollo de funciones ejecutivas y regulaci\u00f3n emocional en el ciclo vital\u201d - Doctorado en Ciencias del Desarrollo y Psicopatolog\u00eda","robots":{"index":"index","follow":"follow","max-snippet":"max-snippet:-1","max-image-preview":"max-image-preview:large","max-video-preview":"max-video-preview:-1"},"canonical":"https:\/\/psicologia.udd.cl\/doctorado\/es\/2018\/04\/27\/iii-version-seminario-de-neurociencia-y-emociones-bases-neurobiologicas-del-desarrollo-de-funciones-ejecutivas-y-regulacion-emocional-en-el-ciclo-vital\/","og_locale":"es_ES","og_type":"article","og_title":"III versi\u00f3n Seminario de Neurociencia y Emociones: \u201cBases neurobiol\u00f3gicas del desarrollo de funciones ejecutivas y regulaci\u00f3n emocional en el ciclo vital\u201d - Doctorado en Ciencias del Desarrollo y Psicopatolog\u00eda","og_description":"El pr\u00f3ximo 18 de mayo, en la sede Concepci\u00f3n de la UDD, el\u00a0Dr. Francisco Ceric\u00a0junto al\u00a0Dr. Elkin Luis\u00a0participar\u00e1n de la III versi\u00f3n del seminario de Neurociencia y Emociones. El seminario estar\u00e1 enfocado en presentar evidencias actuales de la investigaci\u00f3n psicol\u00f3gica para la comprensi\u00f3n del desarrollo y cambio en las funciones ejecutivas durante el ciclo vital. [&hellip;]","og_url":"https:\/\/psicologia.udd.cl\/doctorado\/es\/2018\/04\/27\/iii-version-seminario-de-neurociencia-y-emociones-bases-neurobiologicas-del-desarrollo-de-funciones-ejecutivas-y-regulacion-emocional-en-el-ciclo-vital\/","og_site_name":"Doctorado en Ciencias del Desarrollo y Psicopatolog\u00eda","article_published_time":"2018-04-27T13:51:58+00:00","og_image":[{"url":"http:\/\/psicologia.udd.cl\/doctorado\/files\/2018\/04\/brief-P_imagen-1-300x173.jpg","type":"","width":"","height":""}],"twitter_card":"summary_large_image","twitter_misc":{"Tiempo de lectura":"1 minuto"},"schema":{"@context":"https:\/\/schema.org","@graph":[{"@type":"Article","@id":"https:\/\/psicologia.udd.cl\/doctorado\/es\/2018\/04\/27\/iii-version-seminario-de-neurociencia-y-emociones-bases-neurobiologicas-del-desarrollo-de-funciones-ejecutivas-y-regulacion-emocional-en-el-ciclo-vital\/#article","isPartOf":{"@id":"https:\/\/psicologia.udd.cl\/doctorado\/es\/2018\/04\/27\/iii-version-seminario-de-neurociencia-y-emociones-bases-neurobiologicas-del-desarrollo-de-funciones-ejecutivas-y-regulacion-emocional-en-el-ciclo-vital\/"},"author":{"name":"","@id":""},"headline":"III versi\u00f3n Seminario de Neurociencia y Emociones: \u201cBases neurobiol\u00f3gicas del desarrollo de funciones ejecutivas y regulaci\u00f3n emocional en el ciclo vital\u201d","datePublished":"2018-04-27T13:51:58+00:00","mainEntityOfPage":{"@id":"https:\/\/psicologia.udd.cl\/doctorado\/es\/2018\/04\/27\/iii-version-seminario-de-neurociencia-y-emociones-bases-neurobiologicas-del-desarrollo-de-funciones-ejecutivas-y-regulacion-emocional-en-el-ciclo-vital\/"},"wordCount":299,"commentCount":0,"image":{"@id":"https:\/\/psicologia.udd.cl\/doctorado\/es\/2018\/04\/27\/iii-version-seminario-de-neurociencia-y-emociones-bases-neurobiologicas-del-desarrollo-de-funciones-ejecutivas-y-regulacion-emocional-en-el-ciclo-vital\/#primaryimage"},"thumbnailUrl":"http:\/\/psicologia.udd.cl\/doctorado\/files\/2018\/04\/brief-P_imagen-1-300x173.jpg","articleSection":["Noticias"],"inLanguage":"es","potentialAction":[{"@type":"CommentAction","name":"Comment","target":["https:\/\/psicologia.udd.cl\/doctorado\/es\/2018\/04\/27\/iii-version-seminario-de-neurociencia-y-emociones-bases-neurobiologicas-del-desarrollo-de-funciones-ejecutivas-y-regulacion-emocional-en-el-ciclo-vital\/#respond"]}]},{"@type":"WebPage","@id":"https:\/\/psicologia.udd.cl\/doctorado\/es\/2018\/04\/27\/iii-version-seminario-de-neurociencia-y-emociones-bases-neurobiologicas-del-desarrollo-de-funciones-ejecutivas-y-regulacion-emocional-en-el-ciclo-vital\/","url":"https:\/\/psicologia.udd.cl\/doctorado\/es\/2018\/04\/27\/iii-version-seminario-de-neurociencia-y-emociones-bases-neurobiologicas-del-desarrollo-de-funciones-ejecutivas-y-regulacion-emocional-en-el-ciclo-vital\/","name":"III versi\u00f3n Seminario de Neurociencia y Emociones: \u201cBases neurobiol\u00f3gicas del desarrollo de funciones ejecutivas y regulaci\u00f3n emocional en el ciclo vital\u201d - Doctorado en Ciencias del Desarrollo y Psicopatolog\u00eda","isPartOf":{"@id":"https:\/\/psicologia.udd.cl\/doctorado\/#website"},"primaryImageOfPage":{"@id":"https:\/\/psicologia.udd.cl\/doctorado\/es\/2018\/04\/27\/iii-version-seminario-de-neurociencia-y-emociones-bases-neurobiologicas-del-desarrollo-de-funciones-ejecutivas-y-regulacion-emocional-en-el-ciclo-vital\/#primaryimage"},"image":{"@id":"https:\/\/psicologia.udd.cl\/doctorado\/es\/2018\/04\/27\/iii-version-seminario-de-neurociencia-y-emociones-bases-neurobiologicas-del-desarrollo-de-funciones-ejecutivas-y-regulacion-emocional-en-el-ciclo-vital\/#primaryimage"},"thumbnailUrl":"http:\/\/psicologia.udd.cl\/doctorado\/files\/2018\/04\/brief-P_imagen-1-300x173.jpg","datePublished":"2018-04-27T13:51:58+00:00","author":{"@id":""},"inLanguage":"es","potentialAction":[{"@type":"ReadAction","target":["https:\/\/psicologia.udd.cl\/doctorado\/es\/2018\/04\/27\/iii-version-seminario-de-neurociencia-y-emociones-bases-neurobiologicas-del-desarrollo-de-funciones-ejecutivas-y-regulacion-emocional-en-el-ciclo-vital\/"]}]},{"@type":"ImageObject","inLanguage":"es","@id":"https:\/\/psicologia.udd.cl\/doctorado\/es\/2018\/04\/27\/iii-version-seminario-de-neurociencia-y-emociones-bases-neurobiologicas-del-desarrollo-de-funciones-ejecutivas-y-regulacion-emocional-en-el-ciclo-vital\/#primaryimage","url":"http:\/\/psicologia.udd.cl\/doctorado\/files\/2018\/04\/brief-P_imagen-1-300x173.jpg","contentUrl":"http:\/\/psicologia.udd.cl\/doctorado\/files\/2018\/04\/brief-P_imagen-1-300x173.jpg"},{"@type":"WebSite","@id":"https:\/\/psicologia.udd.cl\/doctorado\/#website","url":"https:\/\/psicologia.udd.cl\/doctorado\/","name":"Doctorado en Ciencias del Desarrollo y Psicopatolog\u00eda","description":"","inLanguage":"es"}]}},"featured_image_url":null,"_links":{"self":[{"href":"https:\/\/psicologia.udd.cl\/doctorado\/wp-json\/wp\/v2\/posts\/689","targetHints":{"allow":["GET"]}}],"collection":[{"href":"https:\/\/psicologia.udd.cl\/doctorado\/wp-json\/wp\/v2\/posts"}],"about":[{"href":"https:\/\/psicologia.udd.cl\/doctorado\/wp-json\/wp\/v2\/types\/post"}],"replies":[{"embeddable":true,"href":"https:\/\/psicologia.udd.cl\/doctorado\/wp-json\/wp\/v2\/comments?post=689"}],"version-history":[{"count":0,"href":"https:\/\/psicologia.udd.cl\/doctorado\/wp-json\/wp\/v2\/posts\/689\/revisions"}],"wp:attachment":[{"href":"https:\/\/psicologia.udd.cl\/doctorado\/wp-json\/wp\/v2\/media?parent=689"}],"wp:term":[{"taxonomy":"category","embeddable":true,"href":"https:\/\/psicologia.udd.cl\/doctorado\/wp-json\/wp\/v2\/categories?post=689"},{"taxonomy":"post_tag","embeddable":true,"href":"https:\/\/psicologia.udd.cl\/doctorado\/wp-json\/wp\/v2\/tags?post=689"}],"curies":[{"name":"wp","href":"https:\/\/api.w.org\/{rel}","templated":true}]}}