{"id":683,"date":"2018-03-23T20:59:51","date_gmt":"2018-03-23T20:59:51","guid":{"rendered":"http:\/\/psicologia.udd.cl\/doctorado\/?p=683"},"modified":"2018-03-23T20:59:51","modified_gmt":"2018-03-23T20:59:51","slug":"coloquios-de-psicologia-se-realizaran-durante-el-primer-semestre","status":"publish","type":"post","link":"https:\/\/psicologia.udd.cl\/doctorado\/es\/2018\/03\/23\/coloquios-de-psicologia-se-realizaran-durante-el-primer-semestre\/","title":{"rendered":"Coloquios de Psicolog\u00eda contar\u00e1n con la presencia de destacados invitados nacionales"},"content":{"rendered":"<p style=\"text-align: justify\">El d\u00eda 12 de Marzo se inauguraron los coloquios de psicolog\u00eda organizados por el CARE (Centro de Apego y Regulaci\u00f3n Emocional) perteneciente a la Facultad de Psicolog\u00eda de la UDD para los alumnos del Doctorado en Ciencias del Desarrollo y Psicopatolog\u00eda, estudiantes de \u00faltimo a\u00f1o de psicolog\u00eda y acad\u00e9micos.<\/p>\n<p style=\"text-align: justify\">Los coloquios se llevar\u00e1n a cabo durante todo el primer semestre del a\u00f1o 2018 y contar\u00e1n con la presencia de investigadores internacionales y nacionales destacados, entre ellos: el Dr. Elkin Luis, Dra. Marcela Tenorio, Dra. Marianne Daher, Dra. Francisca P\u00e9rez, Dr. Carlos Cornejo, Dra. Susana Mendive y Dra. Alejandra Rossi.<\/p>\n<p style=\"text-align: justify\">El objetivo de esta iniciativa, es conocer las l\u00edneas de investigaci\u00f3n y proyectos que est\u00e1n llevando a cabo los investigadores, ligados a temas de inter\u00e9s del programa.<\/p>\n<p style=\"text-align: justify\">Para mayor informaci\u00f3n sobre las fechas y los temas de cada uno de los invitados <a href=\"https:\/\/psicologia.udd.cl\/doctorado\/files\/2018\/04\/coloquios-dcdp-2018.pdf\">haz click en el siguiente link<\/a><\/p>\n","protected":false},"excerpt":{"rendered":"<p>El d\u00eda 12 de Marzo se inauguraron los coloquios de psicolog\u00eda organizados por el CARE (Centro de Apego y Regulaci\u00f3n Emocional) perteneciente a la Facultad de Psicolog\u00eda de la UDD para los alumnos del Doctorado en Ciencias del Desarrollo y Psicopatolog\u00eda, estudiantes de \u00faltimo a\u00f1o de psicolog\u00eda y acad\u00e9micos. Los coloquios se llevar\u00e1n a cabo [&hellip;]<\/p>\n","protected":false},"author":0,"featured_media":0,"comment_status":"open","ping_status":"open","sticky":false,"template":"","format":"standard","meta":{"footnotes":""},"categories":[69],"tags":[],"class_list":["post-683","post","type-post","status-publish","format-standard","hentry","category-noticias"],"yoast_head":"<!-- This site is optimized with the Yoast SEO plugin v26.9 - https:\/\/yoast.com\/product\/yoast-seo-wordpress\/ -->\n<title>Coloquios de Psicolog\u00eda contar\u00e1n con la presencia de destacados invitados nacionales - Doctorado en Ciencias del Desarrollo y Psicopatolog\u00eda<\/title>\n<meta name=\"robots\" content=\"index, follow, max-snippet:-1, max-image-preview:large, max-video-preview:-1\" \/>\n<link rel=\"canonical\" href=\"https:\/\/psicologia.udd.cl\/doctorado\/es\/2018\/03\/23\/coloquios-de-psicologia-se-realizaran-durante-el-primer-semestre\/\" \/>\n<meta property=\"og:locale\" content=\"es_ES\" \/>\n<meta property=\"og:type\" content=\"article\" \/>\n<meta property=\"og:title\" content=\"Coloquios de Psicolog\u00eda contar\u00e1n con la presencia de destacados invitados nacionales - Doctorado en Ciencias del Desarrollo y Psicopatolog\u00eda\" \/>\n<meta property=\"og:description\" content=\"El d\u00eda 12 de Marzo se inauguraron los coloquios de psicolog\u00eda organizados por el CARE (Centro de Apego y Regulaci\u00f3n Emocional) perteneciente a la Facultad de Psicolog\u00eda de la UDD para los alumnos del Doctorado en Ciencias del Desarrollo y Psicopatolog\u00eda, estudiantes de \u00faltimo a\u00f1o de psicolog\u00eda y acad\u00e9micos. Los coloquios se llevar\u00e1n a cabo [&hellip;]\" \/>\n<meta property=\"og:url\" content=\"https:\/\/psicologia.udd.cl\/doctorado\/es\/2018\/03\/23\/coloquios-de-psicologia-se-realizaran-durante-el-primer-semestre\/\" \/>\n<meta property=\"og:site_name\" content=\"Doctorado en Ciencias del Desarrollo y Psicopatolog\u00eda\" \/>\n<meta property=\"article:published_time\" content=\"2018-03-23T20:59:51+00:00\" \/>\n<meta name=\"twitter:card\" content=\"summary_large_image\" \/>\n<meta name=\"twitter:label1\" content=\"Tiempo de lectura\" \/>\n\t<meta name=\"twitter:data1\" content=\"1 minuto\" \/>\n<script type=\"application\/ld+json\" class=\"yoast-schema-graph\">{\"@context\":\"https:\/\/schema.org\",\"@graph\":[{\"@type\":\"Article\",\"@id\":\"https:\/\/psicologia.udd.cl\/doctorado\/es\/2018\/03\/23\/coloquios-de-psicologia-se-realizaran-durante-el-primer-semestre\/#article\",\"isPartOf\":{\"@id\":\"https:\/\/psicologia.udd.cl\/doctorado\/es\/2018\/03\/23\/coloquios-de-psicologia-se-realizaran-durante-el-primer-semestre\/\"},\"author\":{\"name\":\"\",\"@id\":\"\"},\"headline\":\"Coloquios de Psicolog\u00eda contar\u00e1n con la presencia de destacados invitados nacionales\",\"datePublished\":\"2018-03-23T20:59:51+00:00\",\"mainEntityOfPage\":{\"@id\":\"https:\/\/psicologia.udd.cl\/doctorado\/es\/2018\/03\/23\/coloquios-de-psicologia-se-realizaran-durante-el-primer-semestre\/\"},\"wordCount\":175,\"commentCount\":0,\"articleSection\":[\"Noticias\"],\"inLanguage\":\"es\",\"potentialAction\":[{\"@type\":\"CommentAction\",\"name\":\"Comment\",\"target\":[\"https:\/\/psicologia.udd.cl\/doctorado\/es\/2018\/03\/23\/coloquios-de-psicologia-se-realizaran-durante-el-primer-semestre\/#respond\"]}]},{\"@type\":\"WebPage\",\"@id\":\"https:\/\/psicologia.udd.cl\/doctorado\/es\/2018\/03\/23\/coloquios-de-psicologia-se-realizaran-durante-el-primer-semestre\/\",\"url\":\"https:\/\/psicologia.udd.cl\/doctorado\/es\/2018\/03\/23\/coloquios-de-psicologia-se-realizaran-durante-el-primer-semestre\/\",\"name\":\"Coloquios de Psicolog\u00eda contar\u00e1n con la presencia de destacados invitados nacionales - Doctorado en Ciencias del Desarrollo y Psicopatolog\u00eda\",\"isPartOf\":{\"@id\":\"https:\/\/psicologia.udd.cl\/doctorado\/#website\"},\"datePublished\":\"2018-03-23T20:59:51+00:00\",\"author\":{\"@id\":\"\"},\"inLanguage\":\"es\",\"potentialAction\":[{\"@type\":\"ReadAction\",\"target\":[\"https:\/\/psicologia.udd.cl\/doctorado\/es\/2018\/03\/23\/coloquios-de-psicologia-se-realizaran-durante-el-primer-semestre\/\"]}]},{\"@type\":\"WebSite\",\"@id\":\"https:\/\/psicologia.udd.cl\/doctorado\/#website\",\"url\":\"https:\/\/psicologia.udd.cl\/doctorado\/\",\"name\":\"Doctorado en Ciencias del Desarrollo y Psicopatolog\u00eda\",\"description\":\"\",\"inLanguage\":\"es\"}]}<\/script>\n<!-- \/ Yoast SEO plugin. -->","yoast_head_json":{"title":"Coloquios de Psicolog\u00eda contar\u00e1n con la presencia de destacados invitados nacionales - Doctorado en Ciencias del Desarrollo y Psicopatolog\u00eda","robots":{"index":"index","follow":"follow","max-snippet":"max-snippet:-1","max-image-preview":"max-image-preview:large","max-video-preview":"max-video-preview:-1"},"canonical":"https:\/\/psicologia.udd.cl\/doctorado\/es\/2018\/03\/23\/coloquios-de-psicologia-se-realizaran-durante-el-primer-semestre\/","og_locale":"es_ES","og_type":"article","og_title":"Coloquios de Psicolog\u00eda contar\u00e1n con la presencia de destacados invitados nacionales - Doctorado en Ciencias del Desarrollo y Psicopatolog\u00eda","og_description":"El d\u00eda 12 de Marzo se inauguraron los coloquios de psicolog\u00eda organizados por el CARE (Centro de Apego y Regulaci\u00f3n Emocional) perteneciente a la Facultad de Psicolog\u00eda de la UDD para los alumnos del Doctorado en Ciencias del Desarrollo y Psicopatolog\u00eda, estudiantes de \u00faltimo a\u00f1o de psicolog\u00eda y acad\u00e9micos. Los coloquios se llevar\u00e1n a cabo [&hellip;]","og_url":"https:\/\/psicologia.udd.cl\/doctorado\/es\/2018\/03\/23\/coloquios-de-psicologia-se-realizaran-durante-el-primer-semestre\/","og_site_name":"Doctorado en Ciencias del Desarrollo y Psicopatolog\u00eda","article_published_time":"2018-03-23T20:59:51+00:00","twitter_card":"summary_large_image","twitter_misc":{"Tiempo de lectura":"1 minuto"},"schema":{"@context":"https:\/\/schema.org","@graph":[{"@type":"Article","@id":"https:\/\/psicologia.udd.cl\/doctorado\/es\/2018\/03\/23\/coloquios-de-psicologia-se-realizaran-durante-el-primer-semestre\/#article","isPartOf":{"@id":"https:\/\/psicologia.udd.cl\/doctorado\/es\/2018\/03\/23\/coloquios-de-psicologia-se-realizaran-durante-el-primer-semestre\/"},"author":{"name":"","@id":""},"headline":"Coloquios de Psicolog\u00eda contar\u00e1n con la presencia de destacados invitados nacionales","datePublished":"2018-03-23T20:59:51+00:00","mainEntityOfPage":{"@id":"https:\/\/psicologia.udd.cl\/doctorado\/es\/2018\/03\/23\/coloquios-de-psicologia-se-realizaran-durante-el-primer-semestre\/"},"wordCount":175,"commentCount":0,"articleSection":["Noticias"],"inLanguage":"es","potentialAction":[{"@type":"CommentAction","name":"Comment","target":["https:\/\/psicologia.udd.cl\/doctorado\/es\/2018\/03\/23\/coloquios-de-psicologia-se-realizaran-durante-el-primer-semestre\/#respond"]}]},{"@type":"WebPage","@id":"https:\/\/psicologia.udd.cl\/doctorado\/es\/2018\/03\/23\/coloquios-de-psicologia-se-realizaran-durante-el-primer-semestre\/","url":"https:\/\/psicologia.udd.cl\/doctorado\/es\/2018\/03\/23\/coloquios-de-psicologia-se-realizaran-durante-el-primer-semestre\/","name":"Coloquios de Psicolog\u00eda contar\u00e1n con la presencia de destacados invitados nacionales - Doctorado en Ciencias del Desarrollo y Psicopatolog\u00eda","isPartOf":{"@id":"https:\/\/psicologia.udd.cl\/doctorado\/#website"},"datePublished":"2018-03-23T20:59:51+00:00","author":{"@id":""},"inLanguage":"es","potentialAction":[{"@type":"ReadAction","target":["https:\/\/psicologia.udd.cl\/doctorado\/es\/2018\/03\/23\/coloquios-de-psicologia-se-realizaran-durante-el-primer-semestre\/"]}]},{"@type":"WebSite","@id":"https:\/\/psicologia.udd.cl\/doctorado\/#website","url":"https:\/\/psicologia.udd.cl\/doctorado\/","name":"Doctorado en Ciencias del Desarrollo y Psicopatolog\u00eda","description":"","inLanguage":"es"}]}},"featured_image_url":null,"_links":{"self":[{"href":"https:\/\/psicologia.udd.cl\/doctorado\/wp-json\/wp\/v2\/posts\/683","targetHints":{"allow":["GET"]}}],"collection":[{"href":"https:\/\/psicologia.udd.cl\/doctorado\/wp-json\/wp\/v2\/posts"}],"about":[{"href":"https:\/\/psicologia.udd.cl\/doctorado\/wp-json\/wp\/v2\/types\/post"}],"replies":[{"embeddable":true,"href":"https:\/\/psicologia.udd.cl\/doctorado\/wp-json\/wp\/v2\/comments?post=683"}],"version-history":[{"count":0,"href":"https:\/\/psicologia.udd.cl\/doctorado\/wp-json\/wp\/v2\/posts\/683\/revisions"}],"wp:attachment":[{"href":"https:\/\/psicologia.udd.cl\/doctorado\/wp-json\/wp\/v2\/media?parent=683"}],"wp:term":[{"taxonomy":"category","embeddable":true,"href":"https:\/\/psicologia.udd.cl\/doctorado\/wp-json\/wp\/v2\/categories?post=683"},{"taxonomy":"post_tag","embeddable":true,"href":"https:\/\/psicologia.udd.cl\/doctorado\/wp-json\/wp\/v2\/tags?post=683"}],"curies":[{"name":"wp","href":"https:\/\/api.w.org\/{rel}","templated":true}]}}