{"id":675,"date":"2018-04-23T20:20:07","date_gmt":"2018-04-23T20:20:07","guid":{"rendered":"http:\/\/psicologia.udd.cl\/doctorado\/?p=675"},"modified":"2018-04-23T20:20:07","modified_gmt":"2018-04-23T20:20:07","slug":"estudiante-del-doctorado-expone-en-coloquio-de-investigacion-de-la-unab","status":"publish","type":"post","link":"https:\/\/psicologia.udd.cl\/doctorado\/es\/2018\/04\/23\/estudiante-del-doctorado-expone-en-coloquio-de-investigacion-de-la-unab\/","title":{"rendered":"Estudiante del doctorado expone en coloquio de investigaci\u00f3n de la UNAB"},"content":{"rendered":"<p><img loading=\"lazy\" decoding=\"async\" class=\"alignnone size-medium wp-image-676 aligncenter\" src=\"https:\/\/psicologia.udd.cl\/doctorado\/files\/2018\/04\/IMG_8128-300x225.jpeg\" alt=\"IMG_8128\" width=\"300\" height=\"225\" \/><\/p>\n<p style=\"text-align: justify\"><strong>Andrea Mira<\/strong>, estudiante de segundo a\u00f1o del <a href=\"https:\/\/psicologia.udd.cl\/doctorado\/es\/\">Doctorado en Ciencias del Desarrollo y Psicopatolog\u00eda<\/a> particip\u00f3 el viernes 6 de abril como expositora en el coloquio de investigaci\u00f3n de Terapia Ocupacional realizado en la Universidad Andr\u00e9s Bello; espacio en el cual se presentaron diversas investigaciones y propuestas te\u00f3ricas desde una perspectiva social.<\/p>\n<p style=\"text-align: justify\">La presentaci\u00f3n cuyo nombre era <em>\u201cRelatos de madres de reci\u00e9n nacidos de pret\u00e9rmino en situaci\u00f3n de migraci\u00f3n\u201d<\/em> es parte de una investigaci\u00f3n que se realiz\u00f3 durante el a\u00f1o 2017 para lograr un mayor acercamiento a las complejidades que implican el tener un hijo de alto riesgo y ser madre en situaci\u00f3n de migraci\u00f3n.<\/p>\n<p style=\"text-align: justify\">La investigaci\u00f3n fue realizada con una metodolog\u00eda cualitativa con un enfoque fenomenol\u00f3gico para comprender la realidad desde la perspectiva de los propios participantes. Dentro de las narrativas de las madres se pudieron evidenciar ciertos factores que facilitaron su experiencia, como la confianza que tienen en el hospital y los profesionales que trabajan ah\u00ed. Por otro lado, tambi\u00e9n se identificaron elementos que marcaron negativamente esta experiencia, c\u00f3mo la poca sensibilidad de algunos profesionales para tratar a sus hijos.<\/p>\n<p style=\"text-align: justify\">Uno de los principales hallazgos es el hecho de haber tenido un hijo con un estado de salud m\u00e1s fr\u00e1gil y que ha debido ser hospitalizado pasa a un primer plano y los temas ligados a la migraci\u00f3n aparecen menos en los discursos de las madres e incluso con una intensidad menor. Esto puede deberse a que la atenci\u00f3n y preocupaci\u00f3n de la madre estar\u00e1n en su hijo y en la relaci\u00f3n que se establece entre ambos, dejando contenidos los temas relativos a sus experiencias de ser madre lejos de su pa\u00eds y su cultura, lo que no quiere decir que estos no volver\u00e1n a surgir.<\/p>\n<p>&nbsp;<\/p>\n<p>&nbsp;<\/p>\n","protected":false},"excerpt":{"rendered":"<p>Andrea Mira, estudiante de segundo a\u00f1o del Doctorado en Ciencias del Desarrollo y Psicopatolog\u00eda particip\u00f3 el viernes 6 de abril como expositora en el coloquio de investigaci\u00f3n de Terapia Ocupacional realizado en la Universidad Andr\u00e9s Bello; espacio en el cual se presentaron diversas investigaciones y propuestas te\u00f3ricas desde una perspectiva social. La presentaci\u00f3n cuyo nombre [&hellip;]<\/p>\n","protected":false},"author":0,"featured_media":0,"comment_status":"open","ping_status":"open","sticky":false,"template":"","format":"standard","meta":{"footnotes":""},"categories":[69],"tags":[],"class_list":["post-675","post","type-post","status-publish","format-standard","hentry","category-noticias"],"yoast_head":"<!-- This site is optimized with the Yoast SEO plugin v26.9 - https:\/\/yoast.com\/product\/yoast-seo-wordpress\/ -->\n<title>Estudiante del doctorado expone en coloquio de investigaci\u00f3n de la UNAB - Doctorado en Ciencias del Desarrollo y Psicopatolog\u00eda<\/title>\n<meta name=\"robots\" content=\"index, follow, max-snippet:-1, max-image-preview:large, max-video-preview:-1\" \/>\n<link rel=\"canonical\" href=\"https:\/\/psicologia.udd.cl\/doctorado\/es\/2018\/04\/23\/estudiante-del-doctorado-expone-en-coloquio-de-investigacion-de-la-unab\/\" \/>\n<meta property=\"og:locale\" content=\"es_ES\" \/>\n<meta property=\"og:type\" content=\"article\" \/>\n<meta property=\"og:title\" content=\"Estudiante del doctorado expone en coloquio de investigaci\u00f3n de la UNAB - Doctorado en Ciencias del Desarrollo y Psicopatolog\u00eda\" \/>\n<meta property=\"og:description\" content=\"Andrea Mira, estudiante de segundo a\u00f1o del Doctorado en Ciencias del Desarrollo y Psicopatolog\u00eda particip\u00f3 el viernes 6 de abril como expositora en el coloquio de investigaci\u00f3n de Terapia Ocupacional realizado en la Universidad Andr\u00e9s Bello; espacio en el cual se presentaron diversas investigaciones y propuestas te\u00f3ricas desde una perspectiva social. La presentaci\u00f3n cuyo nombre [&hellip;]\" \/>\n<meta property=\"og:url\" content=\"https:\/\/psicologia.udd.cl\/doctorado\/es\/2018\/04\/23\/estudiante-del-doctorado-expone-en-coloquio-de-investigacion-de-la-unab\/\" \/>\n<meta property=\"og:site_name\" content=\"Doctorado en Ciencias del Desarrollo y Psicopatolog\u00eda\" \/>\n<meta property=\"article:published_time\" content=\"2018-04-23T20:20:07+00:00\" \/>\n<meta property=\"og:image\" content=\"http:\/\/psicologia.udd.cl\/doctorado\/files\/2018\/04\/IMG_8128-300x225.jpeg\" \/>\n<meta name=\"twitter:card\" content=\"summary_large_image\" \/>\n<meta name=\"twitter:label1\" content=\"Tiempo de lectura\" \/>\n\t<meta name=\"twitter:data1\" content=\"2 minutos\" \/>\n<script type=\"application\/ld+json\" class=\"yoast-schema-graph\">{\"@context\":\"https:\/\/schema.org\",\"@graph\":[{\"@type\":\"Article\",\"@id\":\"https:\/\/psicologia.udd.cl\/doctorado\/es\/2018\/04\/23\/estudiante-del-doctorado-expone-en-coloquio-de-investigacion-de-la-unab\/#article\",\"isPartOf\":{\"@id\":\"https:\/\/psicologia.udd.cl\/doctorado\/es\/2018\/04\/23\/estudiante-del-doctorado-expone-en-coloquio-de-investigacion-de-la-unab\/\"},\"author\":{\"name\":\"\",\"@id\":\"\"},\"headline\":\"Estudiante del doctorado expone en coloquio de investigaci\u00f3n de la UNAB\",\"datePublished\":\"2018-04-23T20:20:07+00:00\",\"mainEntityOfPage\":{\"@id\":\"https:\/\/psicologia.udd.cl\/doctorado\/es\/2018\/04\/23\/estudiante-del-doctorado-expone-en-coloquio-de-investigacion-de-la-unab\/\"},\"wordCount\":327,\"commentCount\":0,\"image\":{\"@id\":\"https:\/\/psicologia.udd.cl\/doctorado\/es\/2018\/04\/23\/estudiante-del-doctorado-expone-en-coloquio-de-investigacion-de-la-unab\/#primaryimage\"},\"thumbnailUrl\":\"http:\/\/psicologia.udd.cl\/doctorado\/files\/2018\/04\/IMG_8128-300x225.jpeg\",\"articleSection\":[\"Noticias\"],\"inLanguage\":\"es\",\"potentialAction\":[{\"@type\":\"CommentAction\",\"name\":\"Comment\",\"target\":[\"https:\/\/psicologia.udd.cl\/doctorado\/es\/2018\/04\/23\/estudiante-del-doctorado-expone-en-coloquio-de-investigacion-de-la-unab\/#respond\"]}]},{\"@type\":\"WebPage\",\"@id\":\"https:\/\/psicologia.udd.cl\/doctorado\/es\/2018\/04\/23\/estudiante-del-doctorado-expone-en-coloquio-de-investigacion-de-la-unab\/\",\"url\":\"https:\/\/psicologia.udd.cl\/doctorado\/es\/2018\/04\/23\/estudiante-del-doctorado-expone-en-coloquio-de-investigacion-de-la-unab\/\",\"name\":\"Estudiante del doctorado expone en coloquio de investigaci\u00f3n de la UNAB - Doctorado en Ciencias del Desarrollo y Psicopatolog\u00eda\",\"isPartOf\":{\"@id\":\"https:\/\/psicologia.udd.cl\/doctorado\/#website\"},\"primaryImageOfPage\":{\"@id\":\"https:\/\/psicologia.udd.cl\/doctorado\/es\/2018\/04\/23\/estudiante-del-doctorado-expone-en-coloquio-de-investigacion-de-la-unab\/#primaryimage\"},\"image\":{\"@id\":\"https:\/\/psicologia.udd.cl\/doctorado\/es\/2018\/04\/23\/estudiante-del-doctorado-expone-en-coloquio-de-investigacion-de-la-unab\/#primaryimage\"},\"thumbnailUrl\":\"http:\/\/psicologia.udd.cl\/doctorado\/files\/2018\/04\/IMG_8128-300x225.jpeg\",\"datePublished\":\"2018-04-23T20:20:07+00:00\",\"author\":{\"@id\":\"\"},\"inLanguage\":\"es\",\"potentialAction\":[{\"@type\":\"ReadAction\",\"target\":[\"https:\/\/psicologia.udd.cl\/doctorado\/es\/2018\/04\/23\/estudiante-del-doctorado-expone-en-coloquio-de-investigacion-de-la-unab\/\"]}]},{\"@type\":\"ImageObject\",\"inLanguage\":\"es\",\"@id\":\"https:\/\/psicologia.udd.cl\/doctorado\/es\/2018\/04\/23\/estudiante-del-doctorado-expone-en-coloquio-de-investigacion-de-la-unab\/#primaryimage\",\"url\":\"http:\/\/psicologia.udd.cl\/doctorado\/files\/2018\/04\/IMG_8128-300x225.jpeg\",\"contentUrl\":\"http:\/\/psicologia.udd.cl\/doctorado\/files\/2018\/04\/IMG_8128-300x225.jpeg\"},{\"@type\":\"WebSite\",\"@id\":\"https:\/\/psicologia.udd.cl\/doctorado\/#website\",\"url\":\"https:\/\/psicologia.udd.cl\/doctorado\/\",\"name\":\"Doctorado en Ciencias del Desarrollo y Psicopatolog\u00eda\",\"description\":\"\",\"inLanguage\":\"es\"}]}<\/script>\n<!-- \/ Yoast SEO plugin. -->","yoast_head_json":{"title":"Estudiante del doctorado expone en coloquio de investigaci\u00f3n de la UNAB - Doctorado en Ciencias del Desarrollo y Psicopatolog\u00eda","robots":{"index":"index","follow":"follow","max-snippet":"max-snippet:-1","max-image-preview":"max-image-preview:large","max-video-preview":"max-video-preview:-1"},"canonical":"https:\/\/psicologia.udd.cl\/doctorado\/es\/2018\/04\/23\/estudiante-del-doctorado-expone-en-coloquio-de-investigacion-de-la-unab\/","og_locale":"es_ES","og_type":"article","og_title":"Estudiante del doctorado expone en coloquio de investigaci\u00f3n de la UNAB - Doctorado en Ciencias del Desarrollo y Psicopatolog\u00eda","og_description":"Andrea Mira, estudiante de segundo a\u00f1o del Doctorado en Ciencias del Desarrollo y Psicopatolog\u00eda particip\u00f3 el viernes 6 de abril como expositora en el coloquio de investigaci\u00f3n de Terapia Ocupacional realizado en la Universidad Andr\u00e9s Bello; espacio en el cual se presentaron diversas investigaciones y propuestas te\u00f3ricas desde una perspectiva social. La presentaci\u00f3n cuyo nombre [&hellip;]","og_url":"https:\/\/psicologia.udd.cl\/doctorado\/es\/2018\/04\/23\/estudiante-del-doctorado-expone-en-coloquio-de-investigacion-de-la-unab\/","og_site_name":"Doctorado en Ciencias del Desarrollo y Psicopatolog\u00eda","article_published_time":"2018-04-23T20:20:07+00:00","og_image":[{"url":"http:\/\/psicologia.udd.cl\/doctorado\/files\/2018\/04\/IMG_8128-300x225.jpeg","type":"","width":"","height":""}],"twitter_card":"summary_large_image","twitter_misc":{"Tiempo de lectura":"2 minutos"},"schema":{"@context":"https:\/\/schema.org","@graph":[{"@type":"Article","@id":"https:\/\/psicologia.udd.cl\/doctorado\/es\/2018\/04\/23\/estudiante-del-doctorado-expone-en-coloquio-de-investigacion-de-la-unab\/#article","isPartOf":{"@id":"https:\/\/psicologia.udd.cl\/doctorado\/es\/2018\/04\/23\/estudiante-del-doctorado-expone-en-coloquio-de-investigacion-de-la-unab\/"},"author":{"name":"","@id":""},"headline":"Estudiante del doctorado expone en coloquio de investigaci\u00f3n de la UNAB","datePublished":"2018-04-23T20:20:07+00:00","mainEntityOfPage":{"@id":"https:\/\/psicologia.udd.cl\/doctorado\/es\/2018\/04\/23\/estudiante-del-doctorado-expone-en-coloquio-de-investigacion-de-la-unab\/"},"wordCount":327,"commentCount":0,"image":{"@id":"https:\/\/psicologia.udd.cl\/doctorado\/es\/2018\/04\/23\/estudiante-del-doctorado-expone-en-coloquio-de-investigacion-de-la-unab\/#primaryimage"},"thumbnailUrl":"http:\/\/psicologia.udd.cl\/doctorado\/files\/2018\/04\/IMG_8128-300x225.jpeg","articleSection":["Noticias"],"inLanguage":"es","potentialAction":[{"@type":"CommentAction","name":"Comment","target":["https:\/\/psicologia.udd.cl\/doctorado\/es\/2018\/04\/23\/estudiante-del-doctorado-expone-en-coloquio-de-investigacion-de-la-unab\/#respond"]}]},{"@type":"WebPage","@id":"https:\/\/psicologia.udd.cl\/doctorado\/es\/2018\/04\/23\/estudiante-del-doctorado-expone-en-coloquio-de-investigacion-de-la-unab\/","url":"https:\/\/psicologia.udd.cl\/doctorado\/es\/2018\/04\/23\/estudiante-del-doctorado-expone-en-coloquio-de-investigacion-de-la-unab\/","name":"Estudiante del doctorado expone en coloquio de investigaci\u00f3n de la UNAB - Doctorado en Ciencias del Desarrollo y Psicopatolog\u00eda","isPartOf":{"@id":"https:\/\/psicologia.udd.cl\/doctorado\/#website"},"primaryImageOfPage":{"@id":"https:\/\/psicologia.udd.cl\/doctorado\/es\/2018\/04\/23\/estudiante-del-doctorado-expone-en-coloquio-de-investigacion-de-la-unab\/#primaryimage"},"image":{"@id":"https:\/\/psicologia.udd.cl\/doctorado\/es\/2018\/04\/23\/estudiante-del-doctorado-expone-en-coloquio-de-investigacion-de-la-unab\/#primaryimage"},"thumbnailUrl":"http:\/\/psicologia.udd.cl\/doctorado\/files\/2018\/04\/IMG_8128-300x225.jpeg","datePublished":"2018-04-23T20:20:07+00:00","author":{"@id":""},"inLanguage":"es","potentialAction":[{"@type":"ReadAction","target":["https:\/\/psicologia.udd.cl\/doctorado\/es\/2018\/04\/23\/estudiante-del-doctorado-expone-en-coloquio-de-investigacion-de-la-unab\/"]}]},{"@type":"ImageObject","inLanguage":"es","@id":"https:\/\/psicologia.udd.cl\/doctorado\/es\/2018\/04\/23\/estudiante-del-doctorado-expone-en-coloquio-de-investigacion-de-la-unab\/#primaryimage","url":"http:\/\/psicologia.udd.cl\/doctorado\/files\/2018\/04\/IMG_8128-300x225.jpeg","contentUrl":"http:\/\/psicologia.udd.cl\/doctorado\/files\/2018\/04\/IMG_8128-300x225.jpeg"},{"@type":"WebSite","@id":"https:\/\/psicologia.udd.cl\/doctorado\/#website","url":"https:\/\/psicologia.udd.cl\/doctorado\/","name":"Doctorado en Ciencias del Desarrollo y Psicopatolog\u00eda","description":"","inLanguage":"es"}]}},"featured_image_url":null,"_links":{"self":[{"href":"https:\/\/psicologia.udd.cl\/doctorado\/wp-json\/wp\/v2\/posts\/675","targetHints":{"allow":["GET"]}}],"collection":[{"href":"https:\/\/psicologia.udd.cl\/doctorado\/wp-json\/wp\/v2\/posts"}],"about":[{"href":"https:\/\/psicologia.udd.cl\/doctorado\/wp-json\/wp\/v2\/types\/post"}],"replies":[{"embeddable":true,"href":"https:\/\/psicologia.udd.cl\/doctorado\/wp-json\/wp\/v2\/comments?post=675"}],"version-history":[{"count":0,"href":"https:\/\/psicologia.udd.cl\/doctorado\/wp-json\/wp\/v2\/posts\/675\/revisions"}],"wp:attachment":[{"href":"https:\/\/psicologia.udd.cl\/doctorado\/wp-json\/wp\/v2\/media?parent=675"}],"wp:term":[{"taxonomy":"category","embeddable":true,"href":"https:\/\/psicologia.udd.cl\/doctorado\/wp-json\/wp\/v2\/categories?post=675"},{"taxonomy":"post_tag","embeddable":true,"href":"https:\/\/psicologia.udd.cl\/doctorado\/wp-json\/wp\/v2\/tags?post=675"}],"curies":[{"name":"wp","href":"https:\/\/api.w.org\/{rel}","templated":true}]}}