{"id":668,"date":"2018-04-05T20:14:18","date_gmt":"2018-04-05T20:14:18","guid":{"rendered":"http:\/\/psicologia.udd.cl\/doctorado\/?p=668"},"modified":"2018-04-05T20:14:18","modified_gmt":"2018-04-05T20:14:18","slug":"dra-marcela-tenorio-expone-en-coloquio-del-dcdp-autonomia-y-funciones-ejecutivas-en-adolescentes-con-sindrome-de-down","status":"publish","type":"post","link":"https:\/\/psicologia.udd.cl\/doctorado\/es\/2018\/04\/05\/dra-marcela-tenorio-expone-en-coloquio-del-dcdp-autonomia-y-funciones-ejecutivas-en-adolescentes-con-sindrome-de-down\/","title":{"rendered":"Dra. Marcela Tenorio expone en coloquio del DCDP: \u201cAutonom\u00eda y Funciones ejecutivas en adolescentes con s\u00edndrome de Down\u201d"},"content":{"rendered":"<p><img loading=\"lazy\" decoding=\"async\" class=\"alignnone size-medium wp-image-671 aligncenter\" src=\"https:\/\/psicologia.udd.cl\/doctorado\/files\/2018\/04\/Dra.-Marcela-Tenorio-300x200.jpg\" alt=\"Dra. Marcela Tenorio\" width=\"300\" height=\"200\" \/><\/p>\n<p style=\"text-align: justify\">La <strong>Dra. Marcela Tenorio<\/strong> <strong>D<\/strong>., Psic\u00f3loga de la Universidad de los Andes de Bogot\u00e1, PhD. en Psicolog\u00eda en la Universidad Cat\u00f3lica de Chile y, actualmente, investigadora del \u00e1rea de la Neuropsicolog\u00eda, realiz\u00f3 el coloquio: \u201c<em>Autonom\u00eda y Funciones Ejecutivas<\/em> <em>en adolescentes con s\u00edndrome de Down\u201d<\/em>, el 20 de enero en el <a href=\"http:\/\/psicologia.udd.cl\/care\/\">Centro de Apego y Regulaci\u00f3n Emocional<\/a>,\u00a0al cual asistieron los estudiantes del <a href=\"https:\/\/psicologia.udd.cl\/doctorado\/es\/\">Doctorado en Ciencias del Desarrollo y Psicopatolog\u00eda<\/a> de la primera y segunda generaci\u00f3n.<\/p>\n<p style=\"text-align: justify\">El coloquio trat\u00f3 sobre el proyecto Fondecyt de Iniciaci\u00f3n <em>\u201cCamino a la autonom\u00eda: programa de estimulaci\u00f3n de funciones ejecutivas orientado a la mejora de conductas adaptativas en adolescentes con S\u00edndrome de Down\u201d,\u00a0<\/em>el que busca explorar la relaci\u00f3n entre funci\u00f3n ejecutiva y conducta adaptativa en adolescentes con s\u00edndrome de down.<\/p>\n<p style=\"text-align: justify\">En el marco de este proyecto se prob\u00f3 la efectividad de una intervenci\u00f3n dirigida a potenciar estas habilidades que tienen un impacto directo en la calidad de vida y autonom\u00eda de personas con discapacidad intelectual, demostrando un fuerte impacto en el uso de recursos comunitarios. Este encuentro, permiti\u00f3 a los asistentes conocer una investigaci\u00f3n rigurosa que integra aspectos b\u00e1sicos y aplicados en nuestro pa\u00eds.<\/p>\n<p>&nbsp;<\/p>\n","protected":false},"excerpt":{"rendered":"<p>La Dra. Marcela Tenorio D., Psic\u00f3loga de la Universidad de los Andes de Bogot\u00e1, PhD. en Psicolog\u00eda en la Universidad Cat\u00f3lica de Chile y, actualmente, investigadora del \u00e1rea de la Neuropsicolog\u00eda, realiz\u00f3 el coloquio: \u201cAutonom\u00eda y Funciones Ejecutivas en adolescentes con s\u00edndrome de Down\u201d, el 20 de enero en el Centro de Apego y Regulaci\u00f3n [&hellip;]<\/p>\n","protected":false},"author":0,"featured_media":0,"comment_status":"open","ping_status":"open","sticky":false,"template":"","format":"standard","meta":{"footnotes":""},"categories":[69],"tags":[],"class_list":["post-668","post","type-post","status-publish","format-standard","hentry","category-noticias"],"yoast_head":"<!-- This site is optimized with the Yoast SEO plugin v26.9 - https:\/\/yoast.com\/product\/yoast-seo-wordpress\/ -->\n<title>Dra. Marcela Tenorio expone en coloquio del DCDP: \u201cAutonom\u00eda y Funciones ejecutivas en adolescentes con s\u00edndrome de Down\u201d - Doctorado en Ciencias del Desarrollo y Psicopatolog\u00eda<\/title>\n<meta name=\"robots\" content=\"index, follow, max-snippet:-1, max-image-preview:large, max-video-preview:-1\" \/>\n<link rel=\"canonical\" href=\"https:\/\/psicologia.udd.cl\/doctorado\/es\/2018\/04\/05\/dra-marcela-tenorio-expone-en-coloquio-del-dcdp-autonomia-y-funciones-ejecutivas-en-adolescentes-con-sindrome-de-down\/\" \/>\n<meta property=\"og:locale\" content=\"es_ES\" \/>\n<meta property=\"og:type\" content=\"article\" \/>\n<meta property=\"og:title\" content=\"Dra. Marcela Tenorio expone en coloquio del DCDP: \u201cAutonom\u00eda y Funciones ejecutivas en adolescentes con s\u00edndrome de Down\u201d - Doctorado en Ciencias del Desarrollo y Psicopatolog\u00eda\" \/>\n<meta property=\"og:description\" content=\"La Dra. Marcela Tenorio D., Psic\u00f3loga de la Universidad de los Andes de Bogot\u00e1, PhD. en Psicolog\u00eda en la Universidad Cat\u00f3lica de Chile y, actualmente, investigadora del \u00e1rea de la Neuropsicolog\u00eda, realiz\u00f3 el coloquio: \u201cAutonom\u00eda y Funciones Ejecutivas en adolescentes con s\u00edndrome de Down\u201d, el 20 de enero en el Centro de Apego y Regulaci\u00f3n [&hellip;]\" \/>\n<meta property=\"og:url\" content=\"https:\/\/psicologia.udd.cl\/doctorado\/es\/2018\/04\/05\/dra-marcela-tenorio-expone-en-coloquio-del-dcdp-autonomia-y-funciones-ejecutivas-en-adolescentes-con-sindrome-de-down\/\" \/>\n<meta property=\"og:site_name\" content=\"Doctorado en Ciencias del Desarrollo y Psicopatolog\u00eda\" \/>\n<meta property=\"article:published_time\" content=\"2018-04-05T20:14:18+00:00\" \/>\n<meta property=\"og:image\" content=\"http:\/\/psicologia.udd.cl\/doctorado\/files\/2018\/04\/Dra.-Marcela-Tenorio-300x200.jpg\" \/>\n<meta name=\"twitter:card\" content=\"summary_large_image\" \/>\n<meta name=\"twitter:label1\" content=\"Tiempo de lectura\" \/>\n\t<meta name=\"twitter:data1\" content=\"1 minuto\" \/>\n<script type=\"application\/ld+json\" class=\"yoast-schema-graph\">{\"@context\":\"https:\/\/schema.org\",\"@graph\":[{\"@type\":\"Article\",\"@id\":\"https:\/\/psicologia.udd.cl\/doctorado\/es\/2018\/04\/05\/dra-marcela-tenorio-expone-en-coloquio-del-dcdp-autonomia-y-funciones-ejecutivas-en-adolescentes-con-sindrome-de-down\/#article\",\"isPartOf\":{\"@id\":\"https:\/\/psicologia.udd.cl\/doctorado\/es\/2018\/04\/05\/dra-marcela-tenorio-expone-en-coloquio-del-dcdp-autonomia-y-funciones-ejecutivas-en-adolescentes-con-sindrome-de-down\/\"},\"author\":{\"name\":\"\",\"@id\":\"\"},\"headline\":\"Dra. Marcela Tenorio expone en coloquio del DCDP: \u201cAutonom\u00eda y Funciones ejecutivas en adolescentes con s\u00edndrome de Down\u201d\",\"datePublished\":\"2018-04-05T20:14:18+00:00\",\"mainEntityOfPage\":{\"@id\":\"https:\/\/psicologia.udd.cl\/doctorado\/es\/2018\/04\/05\/dra-marcela-tenorio-expone-en-coloquio-del-dcdp-autonomia-y-funciones-ejecutivas-en-adolescentes-con-sindrome-de-down\/\"},\"wordCount\":230,\"commentCount\":0,\"image\":{\"@id\":\"https:\/\/psicologia.udd.cl\/doctorado\/es\/2018\/04\/05\/dra-marcela-tenorio-expone-en-coloquio-del-dcdp-autonomia-y-funciones-ejecutivas-en-adolescentes-con-sindrome-de-down\/#primaryimage\"},\"thumbnailUrl\":\"http:\/\/psicologia.udd.cl\/doctorado\/files\/2018\/04\/Dra.-Marcela-Tenorio-300x200.jpg\",\"articleSection\":[\"Noticias\"],\"inLanguage\":\"es\",\"potentialAction\":[{\"@type\":\"CommentAction\",\"name\":\"Comment\",\"target\":[\"https:\/\/psicologia.udd.cl\/doctorado\/es\/2018\/04\/05\/dra-marcela-tenorio-expone-en-coloquio-del-dcdp-autonomia-y-funciones-ejecutivas-en-adolescentes-con-sindrome-de-down\/#respond\"]}]},{\"@type\":\"WebPage\",\"@id\":\"https:\/\/psicologia.udd.cl\/doctorado\/es\/2018\/04\/05\/dra-marcela-tenorio-expone-en-coloquio-del-dcdp-autonomia-y-funciones-ejecutivas-en-adolescentes-con-sindrome-de-down\/\",\"url\":\"https:\/\/psicologia.udd.cl\/doctorado\/es\/2018\/04\/05\/dra-marcela-tenorio-expone-en-coloquio-del-dcdp-autonomia-y-funciones-ejecutivas-en-adolescentes-con-sindrome-de-down\/\",\"name\":\"Dra. Marcela Tenorio expone en coloquio del DCDP: \u201cAutonom\u00eda y Funciones ejecutivas en adolescentes con s\u00edndrome de Down\u201d - Doctorado en Ciencias del Desarrollo y Psicopatolog\u00eda\",\"isPartOf\":{\"@id\":\"https:\/\/psicologia.udd.cl\/doctorado\/#website\"},\"primaryImageOfPage\":{\"@id\":\"https:\/\/psicologia.udd.cl\/doctorado\/es\/2018\/04\/05\/dra-marcela-tenorio-expone-en-coloquio-del-dcdp-autonomia-y-funciones-ejecutivas-en-adolescentes-con-sindrome-de-down\/#primaryimage\"},\"image\":{\"@id\":\"https:\/\/psicologia.udd.cl\/doctorado\/es\/2018\/04\/05\/dra-marcela-tenorio-expone-en-coloquio-del-dcdp-autonomia-y-funciones-ejecutivas-en-adolescentes-con-sindrome-de-down\/#primaryimage\"},\"thumbnailUrl\":\"http:\/\/psicologia.udd.cl\/doctorado\/files\/2018\/04\/Dra.-Marcela-Tenorio-300x200.jpg\",\"datePublished\":\"2018-04-05T20:14:18+00:00\",\"author\":{\"@id\":\"\"},\"inLanguage\":\"es\",\"potentialAction\":[{\"@type\":\"ReadAction\",\"target\":[\"https:\/\/psicologia.udd.cl\/doctorado\/es\/2018\/04\/05\/dra-marcela-tenorio-expone-en-coloquio-del-dcdp-autonomia-y-funciones-ejecutivas-en-adolescentes-con-sindrome-de-down\/\"]}]},{\"@type\":\"ImageObject\",\"inLanguage\":\"es\",\"@id\":\"https:\/\/psicologia.udd.cl\/doctorado\/es\/2018\/04\/05\/dra-marcela-tenorio-expone-en-coloquio-del-dcdp-autonomia-y-funciones-ejecutivas-en-adolescentes-con-sindrome-de-down\/#primaryimage\",\"url\":\"http:\/\/psicologia.udd.cl\/doctorado\/files\/2018\/04\/Dra.-Marcela-Tenorio-300x200.jpg\",\"contentUrl\":\"http:\/\/psicologia.udd.cl\/doctorado\/files\/2018\/04\/Dra.-Marcela-Tenorio-300x200.jpg\"},{\"@type\":\"WebSite\",\"@id\":\"https:\/\/psicologia.udd.cl\/doctorado\/#website\",\"url\":\"https:\/\/psicologia.udd.cl\/doctorado\/\",\"name\":\"Doctorado en Ciencias del Desarrollo y Psicopatolog\u00eda\",\"description\":\"\",\"inLanguage\":\"es\"}]}<\/script>\n<!-- \/ Yoast SEO plugin. -->","yoast_head_json":{"title":"Dra. Marcela Tenorio expone en coloquio del DCDP: \u201cAutonom\u00eda y Funciones ejecutivas en adolescentes con s\u00edndrome de Down\u201d - Doctorado en Ciencias del Desarrollo y Psicopatolog\u00eda","robots":{"index":"index","follow":"follow","max-snippet":"max-snippet:-1","max-image-preview":"max-image-preview:large","max-video-preview":"max-video-preview:-1"},"canonical":"https:\/\/psicologia.udd.cl\/doctorado\/es\/2018\/04\/05\/dra-marcela-tenorio-expone-en-coloquio-del-dcdp-autonomia-y-funciones-ejecutivas-en-adolescentes-con-sindrome-de-down\/","og_locale":"es_ES","og_type":"article","og_title":"Dra. Marcela Tenorio expone en coloquio del DCDP: \u201cAutonom\u00eda y Funciones ejecutivas en adolescentes con s\u00edndrome de Down\u201d - Doctorado en Ciencias del Desarrollo y Psicopatolog\u00eda","og_description":"La Dra. Marcela Tenorio D., Psic\u00f3loga de la Universidad de los Andes de Bogot\u00e1, PhD. en Psicolog\u00eda en la Universidad Cat\u00f3lica de Chile y, actualmente, investigadora del \u00e1rea de la Neuropsicolog\u00eda, realiz\u00f3 el coloquio: \u201cAutonom\u00eda y Funciones Ejecutivas en adolescentes con s\u00edndrome de Down\u201d, el 20 de enero en el Centro de Apego y Regulaci\u00f3n [&hellip;]","og_url":"https:\/\/psicologia.udd.cl\/doctorado\/es\/2018\/04\/05\/dra-marcela-tenorio-expone-en-coloquio-del-dcdp-autonomia-y-funciones-ejecutivas-en-adolescentes-con-sindrome-de-down\/","og_site_name":"Doctorado en Ciencias del Desarrollo y Psicopatolog\u00eda","article_published_time":"2018-04-05T20:14:18+00:00","og_image":[{"url":"http:\/\/psicologia.udd.cl\/doctorado\/files\/2018\/04\/Dra.-Marcela-Tenorio-300x200.jpg","type":"","width":"","height":""}],"twitter_card":"summary_large_image","twitter_misc":{"Tiempo de lectura":"1 minuto"},"schema":{"@context":"https:\/\/schema.org","@graph":[{"@type":"Article","@id":"https:\/\/psicologia.udd.cl\/doctorado\/es\/2018\/04\/05\/dra-marcela-tenorio-expone-en-coloquio-del-dcdp-autonomia-y-funciones-ejecutivas-en-adolescentes-con-sindrome-de-down\/#article","isPartOf":{"@id":"https:\/\/psicologia.udd.cl\/doctorado\/es\/2018\/04\/05\/dra-marcela-tenorio-expone-en-coloquio-del-dcdp-autonomia-y-funciones-ejecutivas-en-adolescentes-con-sindrome-de-down\/"},"author":{"name":"","@id":""},"headline":"Dra. Marcela Tenorio expone en coloquio del DCDP: \u201cAutonom\u00eda y Funciones ejecutivas en adolescentes con s\u00edndrome de Down\u201d","datePublished":"2018-04-05T20:14:18+00:00","mainEntityOfPage":{"@id":"https:\/\/psicologia.udd.cl\/doctorado\/es\/2018\/04\/05\/dra-marcela-tenorio-expone-en-coloquio-del-dcdp-autonomia-y-funciones-ejecutivas-en-adolescentes-con-sindrome-de-down\/"},"wordCount":230,"commentCount":0,"image":{"@id":"https:\/\/psicologia.udd.cl\/doctorado\/es\/2018\/04\/05\/dra-marcela-tenorio-expone-en-coloquio-del-dcdp-autonomia-y-funciones-ejecutivas-en-adolescentes-con-sindrome-de-down\/#primaryimage"},"thumbnailUrl":"http:\/\/psicologia.udd.cl\/doctorado\/files\/2018\/04\/Dra.-Marcela-Tenorio-300x200.jpg","articleSection":["Noticias"],"inLanguage":"es","potentialAction":[{"@type":"CommentAction","name":"Comment","target":["https:\/\/psicologia.udd.cl\/doctorado\/es\/2018\/04\/05\/dra-marcela-tenorio-expone-en-coloquio-del-dcdp-autonomia-y-funciones-ejecutivas-en-adolescentes-con-sindrome-de-down\/#respond"]}]},{"@type":"WebPage","@id":"https:\/\/psicologia.udd.cl\/doctorado\/es\/2018\/04\/05\/dra-marcela-tenorio-expone-en-coloquio-del-dcdp-autonomia-y-funciones-ejecutivas-en-adolescentes-con-sindrome-de-down\/","url":"https:\/\/psicologia.udd.cl\/doctorado\/es\/2018\/04\/05\/dra-marcela-tenorio-expone-en-coloquio-del-dcdp-autonomia-y-funciones-ejecutivas-en-adolescentes-con-sindrome-de-down\/","name":"Dra. Marcela Tenorio expone en coloquio del DCDP: \u201cAutonom\u00eda y Funciones ejecutivas en adolescentes con s\u00edndrome de Down\u201d - Doctorado en Ciencias del Desarrollo y Psicopatolog\u00eda","isPartOf":{"@id":"https:\/\/psicologia.udd.cl\/doctorado\/#website"},"primaryImageOfPage":{"@id":"https:\/\/psicologia.udd.cl\/doctorado\/es\/2018\/04\/05\/dra-marcela-tenorio-expone-en-coloquio-del-dcdp-autonomia-y-funciones-ejecutivas-en-adolescentes-con-sindrome-de-down\/#primaryimage"},"image":{"@id":"https:\/\/psicologia.udd.cl\/doctorado\/es\/2018\/04\/05\/dra-marcela-tenorio-expone-en-coloquio-del-dcdp-autonomia-y-funciones-ejecutivas-en-adolescentes-con-sindrome-de-down\/#primaryimage"},"thumbnailUrl":"http:\/\/psicologia.udd.cl\/doctorado\/files\/2018\/04\/Dra.-Marcela-Tenorio-300x200.jpg","datePublished":"2018-04-05T20:14:18+00:00","author":{"@id":""},"inLanguage":"es","potentialAction":[{"@type":"ReadAction","target":["https:\/\/psicologia.udd.cl\/doctorado\/es\/2018\/04\/05\/dra-marcela-tenorio-expone-en-coloquio-del-dcdp-autonomia-y-funciones-ejecutivas-en-adolescentes-con-sindrome-de-down\/"]}]},{"@type":"ImageObject","inLanguage":"es","@id":"https:\/\/psicologia.udd.cl\/doctorado\/es\/2018\/04\/05\/dra-marcela-tenorio-expone-en-coloquio-del-dcdp-autonomia-y-funciones-ejecutivas-en-adolescentes-con-sindrome-de-down\/#primaryimage","url":"http:\/\/psicologia.udd.cl\/doctorado\/files\/2018\/04\/Dra.-Marcela-Tenorio-300x200.jpg","contentUrl":"http:\/\/psicologia.udd.cl\/doctorado\/files\/2018\/04\/Dra.-Marcela-Tenorio-300x200.jpg"},{"@type":"WebSite","@id":"https:\/\/psicologia.udd.cl\/doctorado\/#website","url":"https:\/\/psicologia.udd.cl\/doctorado\/","name":"Doctorado en Ciencias del Desarrollo y Psicopatolog\u00eda","description":"","inLanguage":"es"}]}},"featured_image_url":null,"_links":{"self":[{"href":"https:\/\/psicologia.udd.cl\/doctorado\/wp-json\/wp\/v2\/posts\/668","targetHints":{"allow":["GET"]}}],"collection":[{"href":"https:\/\/psicologia.udd.cl\/doctorado\/wp-json\/wp\/v2\/posts"}],"about":[{"href":"https:\/\/psicologia.udd.cl\/doctorado\/wp-json\/wp\/v2\/types\/post"}],"replies":[{"embeddable":true,"href":"https:\/\/psicologia.udd.cl\/doctorado\/wp-json\/wp\/v2\/comments?post=668"}],"version-history":[{"count":0,"href":"https:\/\/psicologia.udd.cl\/doctorado\/wp-json\/wp\/v2\/posts\/668\/revisions"}],"wp:attachment":[{"href":"https:\/\/psicologia.udd.cl\/doctorado\/wp-json\/wp\/v2\/media?parent=668"}],"wp:term":[{"taxonomy":"category","embeddable":true,"href":"https:\/\/psicologia.udd.cl\/doctorado\/wp-json\/wp\/v2\/categories?post=668"},{"taxonomy":"post_tag","embeddable":true,"href":"https:\/\/psicologia.udd.cl\/doctorado\/wp-json\/wp\/v2\/tags?post=668"}],"curies":[{"name":"wp","href":"https:\/\/api.w.org\/{rel}","templated":true}]}}