{"id":601,"date":"2017-11-15T22:34:57","date_gmt":"2017-11-15T22:34:57","guid":{"rendered":"http:\/\/psicologia.udd.cl\/doctorado\/?p=601"},"modified":"2017-11-15T22:34:57","modified_gmt":"2017-11-15T22:34:57","slug":"601","status":"publish","type":"post","link":"https:\/\/psicologia.udd.cl\/doctorado\/es\/2017\/11\/15\/601\/","title":{"rendered":"II Versi\u00f3n Seminario Internacional abord\u00f3 el \u00abDesarrollo Socioemocional en la infancia\u00bb"},"content":{"rendered":"<div class=\"gmail_default\"><img loading=\"lazy\" decoding=\"async\" class=\"alignnone size-medium wp-image-602 aligncenter\" src=\"https:\/\/psicologia.udd.cl\/doctorado\/files\/2017\/11\/IMG_0560-2-300x225.jpg\" alt=\"IMG_0560 (2)\" width=\"300\" height=\"225\" \/><\/div>\n<div class=\"gmail_default\" style=\"text-align: justify\"><\/div>\n<div class=\"gmail_default\" style=\"text-align: justify\">Durante dos d\u00edas, decenas de profesionales participaron de la <strong>II versi\u00f3n del Seminario en Ciencias del Desarrollo, Cognici\u00f3n y Psicopatolog\u00eda<\/strong>, el que este a\u00f1o abord\u00f3 la tem\u00e1tica del <em>\u00abDesarrollo Socioemocional en la Infancia\u00bb<\/em>. Esta actividad realizada entre los d\u00edas 9 y 10 de noviembre, organizada por el <strong>Centro de Apego y Regulaci\u00f3n Emocional (CARE)<\/strong>, cont\u00f3 con la presencia de dos expositoras extranjeras y tambi\u00e9n de la presentaci\u00f3n de los trabajos de investigaci\u00f3n de los integrantes de este Centro.<\/div>\n<div class=\"gmail_default\">\n<p style=\"text-align: justify\">A cargo de abrir la jornada\u00a0estuvo el director del CARE y del Doctorado en Ciencias del Desarrollo y Psicopatolog\u00eda, <strong>Dr. Jaime Silva<\/strong>, quien destac\u00f3 que este encuentro se enmarca en el inter\u00e9s de <em>\u00abgenerar un contexto de intercambio de ideas, lazos de investigaci\u00f3n e impacto en la vida profesional de los asistentes a estas dos jornadas de intenso trabajo y colaboraci\u00f3n\u00bb<\/em>, destac\u00f3 en la apertura.<\/p>\n<p style=\"text-align: justify\">El <strong>Dr. Francisco Ceric<\/strong>, integrante del CARE, fue el primero en exponer y se refiri\u00f3 a su trabajo denominado <strong>\u00abDesarrollo socioemocional en la infancia: Una mirada desde la neurociencia cognitiva\u00bb<\/strong>. En su presentaci\u00f3n Ceric recalc\u00f3 que <em>\u00ablo que somos es una mezcla entre lo que recibimos (gen\u00e9tica) y tambi\u00e9n lo que nuestro entorno va influyendo en nosotros\u00bb<\/em>, Se enfoc\u00f3 tambi\u00e9n en c\u00f3mo las emociones se van desarrollando a lo largo del crecimiento, derribando algunos mitos como las respuestas autom\u00e1ticas que tienen los lactantes a cierta edad. Finalmente, y tras diversas preguntas de los asistentes, Ceric cerr\u00f3 su exposici\u00f3n afirmando que <em>\u00abla vida no pasa como un telegrama de emociones b\u00e1sicas\u00bb<\/em>.<\/p>\n<p style=\"text-align: justify\">Siguiendo con la tem\u00e1tica del seminario, la Dra. Soledad Coo, docente investigadora del CARE, continu\u00f3 con las presentaciones y expuso su trabajo sobre <strong>\u00abLa funci\u00f3n reflexiva y la regulaci\u00f3n emocional\u00bb<\/strong>, defini\u00e9ndola como <em>\u00abuna forma de entender que nuestras acciones no son err\u00e1ticas, sino que se basan en una emocionalidad\u00bb<\/em>. Tambi\u00e9n explic\u00f3 a los presentes que, por ejemplo, los ni\u00f1os y ni\u00f1as con Trastorno del Espectro Autista, <em>\u00abal tener dificultad para entender las emociones del otro, les cuesta mucho m\u00e1s generar interacciones\u00bb<\/em>, entre otras cosas.<\/p>\n<p style=\"text-align: justify\">Tras una breve pausa, fue el turno de la expositora internacional invitada, <strong>Sophie Havighurst<\/strong>, PhD. de la Universidad del Melbourne, Australia y creadora del programa de parentalidad, \u00abTuning in to Kids\u00bb, quien expuso su trabajo en este exitoso programa que ha entrenado a miles de profesionales en el mundo. Havighurst lleva 18 a\u00f1os trabajando en esta tem\u00e1tica y ha podido entrenar a padres en lugares tan diversos como c\u00e1rceles, hospitales, familias vulnerables y cuidadores con problemas para regular emociones.<\/p>\n<p style=\"text-align: justify\"><em>\u00abEl enfoque del TIK es en los padres con el fin de que ellos cambien el bienestar general de sus hijos a lo largo de su desarrollo. Ha sido un programa exitoso porque cuando los cuidadores aprenden a detectar y regular sus emociones, responden con menor intensidad a las acciones de los ni\u00f1os y estos tienen m\u00e1s tiempo para pensar y detectar sus emociones, tras una acci\u00f3n\u00bb<\/em>, afirm\u00f3 la especialista, cerrando la primera jornada de este congreso.<\/p>\n<p style=\"text-align: justify\"><strong>Metacognici\u00f3n, parentalidad y entornos sociales<\/strong><\/p>\n<p style=\"text-align: justify\">Abriendo la segunda jornada de este seminario internacional, el <strong>Dr. Gabriel Reyes<\/strong>, profesor asistente del CARE, present\u00f3 a los asistentes, en su mayor\u00eda psic\u00f3logos, educadores y trabajadores de instituciones relacionadas con la infancia, su trabajo <strong>\u00abMetacognici\u00f3n en infantes pre verbales\u00bb<\/strong>.<\/p>\n<p style=\"text-align: justify\">El Dr. Reyes, por medio de la explicaci\u00f3n de diferentes experimentos realizados, expuso que su enfoque est\u00e1 en <em>\u00abconocer si un ni\u00f1o piensa sobre sus procesos mentales, es decir, si podemos saber que un ni\u00f1o o ni\u00f1a sabe que sabe lo que est\u00e1 realizando. Al parecer, los ni\u00f1os s\u00ed tendr\u00edan un acceso metacognitivo, con el \u00abs\u00e9 que s\u00e9\u00bb, por medio de sus conductas\u00bb<\/em>, afirm\u00f3.<\/p>\n<p style=\"text-align: justify\">Continuando con la jornada de exposiciones, la profesora asistente del CARE, la <strong>Dra. Daniela Aldoney<\/strong> present\u00f3 a los asistentes su trabajo: <strong>\u00abMam\u00e1s y pap\u00e1s en el desarrollo socioemocional de ni\u00f1os y ni\u00f1as\u00bb<\/strong>, el que se enfoc\u00f3 en explicar c\u00f3mo las interacciones entre cuidadores e infantes va influyendo en las conductas de estos. Aldoney afirm\u00f3 que <em>\u00ablas habilidades socioemocionales surgen de las relaciones sociales. La parentalidad se puede desarrollar, principalmente, a trav\u00e9s del apego y tambi\u00e9n de la interacci\u00f3n por medio del juego. Un apego seguro y buenas relaciones con nuestros padres, nos sirven para tener mayores expectativas positivas del mundo externo y esto se refleja en personas que se enfrentan mejor a la adversidad, tienen mejores relaciones y con un desarrollo de la empat\u00eda m\u00e1s elevado\u00bb<\/em>, expuso Aldoney.<\/p>\n<p style=\"text-align: justify\">Finalmente, y para cerrar este congreso, la <strong>Dra. Jeanne Brooks- Gunn<\/strong>,\u00a0Profesora titular en Columbia University, Nueva York, Estados Unidos y Co-directora del National Center for Children and Families. La Dra. Brooks- Gunn, expuso sus investigaciones sobre <strong>\u00abLas consecuencias de la primera infancia: Influencias biol\u00f3gicas y ambientales\u201d<\/strong>, estudio que se ha desarrolado por 15 a\u00f1os y que se centr\u00f3 en familias fr\u00e1giles, buscando un entendimiento de c\u00f3mo la adversidad va desarrollando diversos tipos de conductas.<\/p>\n<p style=\"text-align: justify\">Este seminario se enmarc\u00f3 en el inter\u00e9s del Centro de Apego y Regulaci\u00f3n Emocional por compartir conocimientos sobre el \u00e1rea y la difusi\u00f3n del trabajo que realizan los investigadores del centro asociados con una serie de expertos internacionales, quienes est\u00e1n a la vanguardia de las investigaciones que aportan al desarrollo socioemocional de ni\u00f1os y ni\u00f1as.<\/p>\n<\/div>\n","protected":false},"excerpt":{"rendered":"<p>Durante dos d\u00edas, decenas de profesionales participaron de la II versi\u00f3n del Seminario en Ciencias del Desarrollo, Cognici\u00f3n y Psicopatolog\u00eda, el que este a\u00f1o abord\u00f3 la tem\u00e1tica del \u00abDesarrollo Socioemocional en la Infancia\u00bb. Esta actividad realizada entre los d\u00edas 9 y 10 de noviembre, organizada por el Centro de Apego y Regulaci\u00f3n Emocional (CARE), cont\u00f3 [&hellip;]<\/p>\n","protected":false},"author":0,"featured_media":0,"comment_status":"open","ping_status":"open","sticky":false,"template":"","format":"standard","meta":{"footnotes":""},"categories":[69],"tags":[],"class_list":["post-601","post","type-post","status-publish","format-standard","hentry","category-noticias"],"yoast_head":"<!-- This site is optimized with the Yoast SEO plugin v26.9 - https:\/\/yoast.com\/product\/yoast-seo-wordpress\/ -->\n<title>II Versi\u00f3n Seminario Internacional abord\u00f3 el &quot;Desarrollo Socioemocional en la infancia&quot; - Doctorado en Ciencias del Desarrollo y Psicopatolog\u00eda<\/title>\n<meta name=\"robots\" content=\"index, follow, max-snippet:-1, max-image-preview:large, max-video-preview:-1\" \/>\n<link rel=\"canonical\" href=\"https:\/\/psicologia.udd.cl\/doctorado\/es\/2017\/11\/15\/601\/\" \/>\n<meta property=\"og:locale\" content=\"es_ES\" \/>\n<meta property=\"og:type\" content=\"article\" \/>\n<meta property=\"og:title\" content=\"II Versi\u00f3n Seminario Internacional abord\u00f3 el &quot;Desarrollo Socioemocional en la infancia&quot; - Doctorado en Ciencias del Desarrollo y Psicopatolog\u00eda\" \/>\n<meta property=\"og:description\" content=\"Durante dos d\u00edas, decenas de profesionales participaron de la II versi\u00f3n del Seminario en Ciencias del Desarrollo, Cognici\u00f3n y Psicopatolog\u00eda, el que este a\u00f1o abord\u00f3 la tem\u00e1tica del \u00abDesarrollo Socioemocional en la Infancia\u00bb. Esta actividad realizada entre los d\u00edas 9 y 10 de noviembre, organizada por el Centro de Apego y Regulaci\u00f3n Emocional (CARE), cont\u00f3 [&hellip;]\" \/>\n<meta property=\"og:url\" content=\"https:\/\/psicologia.udd.cl\/doctorado\/es\/2017\/11\/15\/601\/\" \/>\n<meta property=\"og:site_name\" content=\"Doctorado en Ciencias del Desarrollo y Psicopatolog\u00eda\" \/>\n<meta property=\"article:published_time\" content=\"2017-11-15T22:34:57+00:00\" \/>\n<meta property=\"og:image\" content=\"http:\/\/psicologia.udd.cl\/doctorado\/files\/2017\/11\/IMG_0560-2-300x225.jpg\" \/>\n<meta name=\"twitter:card\" content=\"summary_large_image\" \/>\n<meta name=\"twitter:label1\" content=\"Tiempo de lectura\" \/>\n\t<meta name=\"twitter:data1\" content=\"5 minutos\" \/>\n<script type=\"application\/ld+json\" class=\"yoast-schema-graph\">{\"@context\":\"https:\/\/schema.org\",\"@graph\":[{\"@type\":\"Article\",\"@id\":\"https:\/\/psicologia.udd.cl\/doctorado\/es\/2017\/11\/15\/601\/#article\",\"isPartOf\":{\"@id\":\"https:\/\/psicologia.udd.cl\/doctorado\/es\/2017\/11\/15\/601\/\"},\"author\":{\"name\":\"\",\"@id\":\"\"},\"headline\":\"II Versi\u00f3n Seminario Internacional abord\u00f3 el \u00abDesarrollo Socioemocional en la infancia\u00bb\",\"datePublished\":\"2017-11-15T22:34:57+00:00\",\"mainEntityOfPage\":{\"@id\":\"https:\/\/psicologia.udd.cl\/doctorado\/es\/2017\/11\/15\/601\/\"},\"wordCount\":937,\"commentCount\":0,\"image\":{\"@id\":\"https:\/\/psicologia.udd.cl\/doctorado\/es\/2017\/11\/15\/601\/#primaryimage\"},\"thumbnailUrl\":\"http:\/\/psicologia.udd.cl\/doctorado\/files\/2017\/11\/IMG_0560-2-300x225.jpg\",\"articleSection\":[\"Noticias\"],\"inLanguage\":\"es\",\"potentialAction\":[{\"@type\":\"CommentAction\",\"name\":\"Comment\",\"target\":[\"https:\/\/psicologia.udd.cl\/doctorado\/es\/2017\/11\/15\/601\/#respond\"]}]},{\"@type\":\"WebPage\",\"@id\":\"https:\/\/psicologia.udd.cl\/doctorado\/es\/2017\/11\/15\/601\/\",\"url\":\"https:\/\/psicologia.udd.cl\/doctorado\/es\/2017\/11\/15\/601\/\",\"name\":\"II Versi\u00f3n Seminario Internacional abord\u00f3 el \\\"Desarrollo Socioemocional en la infancia\\\" - Doctorado en Ciencias del Desarrollo y Psicopatolog\u00eda\",\"isPartOf\":{\"@id\":\"https:\/\/psicologia.udd.cl\/doctorado\/#website\"},\"primaryImageOfPage\":{\"@id\":\"https:\/\/psicologia.udd.cl\/doctorado\/es\/2017\/11\/15\/601\/#primaryimage\"},\"image\":{\"@id\":\"https:\/\/psicologia.udd.cl\/doctorado\/es\/2017\/11\/15\/601\/#primaryimage\"},\"thumbnailUrl\":\"http:\/\/psicologia.udd.cl\/doctorado\/files\/2017\/11\/IMG_0560-2-300x225.jpg\",\"datePublished\":\"2017-11-15T22:34:57+00:00\",\"author\":{\"@id\":\"\"},\"inLanguage\":\"es\",\"potentialAction\":[{\"@type\":\"ReadAction\",\"target\":[\"https:\/\/psicologia.udd.cl\/doctorado\/es\/2017\/11\/15\/601\/\"]}]},{\"@type\":\"ImageObject\",\"inLanguage\":\"es\",\"@id\":\"https:\/\/psicologia.udd.cl\/doctorado\/es\/2017\/11\/15\/601\/#primaryimage\",\"url\":\"http:\/\/psicologia.udd.cl\/doctorado\/files\/2017\/11\/IMG_0560-2-300x225.jpg\",\"contentUrl\":\"http:\/\/psicologia.udd.cl\/doctorado\/files\/2017\/11\/IMG_0560-2-300x225.jpg\"},{\"@type\":\"WebSite\",\"@id\":\"https:\/\/psicologia.udd.cl\/doctorado\/#website\",\"url\":\"https:\/\/psicologia.udd.cl\/doctorado\/\",\"name\":\"Doctorado en Ciencias del Desarrollo y Psicopatolog\u00eda\",\"description\":\"\",\"inLanguage\":\"es\"}]}<\/script>\n<!-- \/ Yoast SEO plugin. -->","yoast_head_json":{"title":"II Versi\u00f3n Seminario Internacional abord\u00f3 el \"Desarrollo Socioemocional en la infancia\" - Doctorado en Ciencias del Desarrollo y Psicopatolog\u00eda","robots":{"index":"index","follow":"follow","max-snippet":"max-snippet:-1","max-image-preview":"max-image-preview:large","max-video-preview":"max-video-preview:-1"},"canonical":"https:\/\/psicologia.udd.cl\/doctorado\/es\/2017\/11\/15\/601\/","og_locale":"es_ES","og_type":"article","og_title":"II Versi\u00f3n Seminario Internacional abord\u00f3 el \"Desarrollo Socioemocional en la infancia\" - Doctorado en Ciencias del Desarrollo y Psicopatolog\u00eda","og_description":"Durante dos d\u00edas, decenas de profesionales participaron de la II versi\u00f3n del Seminario en Ciencias del Desarrollo, Cognici\u00f3n y Psicopatolog\u00eda, el que este a\u00f1o abord\u00f3 la tem\u00e1tica del \u00abDesarrollo Socioemocional en la Infancia\u00bb. Esta actividad realizada entre los d\u00edas 9 y 10 de noviembre, organizada por el Centro de Apego y Regulaci\u00f3n Emocional (CARE), cont\u00f3 [&hellip;]","og_url":"https:\/\/psicologia.udd.cl\/doctorado\/es\/2017\/11\/15\/601\/","og_site_name":"Doctorado en Ciencias del Desarrollo y Psicopatolog\u00eda","article_published_time":"2017-11-15T22:34:57+00:00","og_image":[{"url":"http:\/\/psicologia.udd.cl\/doctorado\/files\/2017\/11\/IMG_0560-2-300x225.jpg","type":"","width":"","height":""}],"twitter_card":"summary_large_image","twitter_misc":{"Tiempo de lectura":"5 minutos"},"schema":{"@context":"https:\/\/schema.org","@graph":[{"@type":"Article","@id":"https:\/\/psicologia.udd.cl\/doctorado\/es\/2017\/11\/15\/601\/#article","isPartOf":{"@id":"https:\/\/psicologia.udd.cl\/doctorado\/es\/2017\/11\/15\/601\/"},"author":{"name":"","@id":""},"headline":"II Versi\u00f3n Seminario Internacional abord\u00f3 el \u00abDesarrollo Socioemocional en la infancia\u00bb","datePublished":"2017-11-15T22:34:57+00:00","mainEntityOfPage":{"@id":"https:\/\/psicologia.udd.cl\/doctorado\/es\/2017\/11\/15\/601\/"},"wordCount":937,"commentCount":0,"image":{"@id":"https:\/\/psicologia.udd.cl\/doctorado\/es\/2017\/11\/15\/601\/#primaryimage"},"thumbnailUrl":"http:\/\/psicologia.udd.cl\/doctorado\/files\/2017\/11\/IMG_0560-2-300x225.jpg","articleSection":["Noticias"],"inLanguage":"es","potentialAction":[{"@type":"CommentAction","name":"Comment","target":["https:\/\/psicologia.udd.cl\/doctorado\/es\/2017\/11\/15\/601\/#respond"]}]},{"@type":"WebPage","@id":"https:\/\/psicologia.udd.cl\/doctorado\/es\/2017\/11\/15\/601\/","url":"https:\/\/psicologia.udd.cl\/doctorado\/es\/2017\/11\/15\/601\/","name":"II Versi\u00f3n Seminario Internacional abord\u00f3 el \"Desarrollo Socioemocional en la infancia\" - Doctorado en Ciencias del Desarrollo y Psicopatolog\u00eda","isPartOf":{"@id":"https:\/\/psicologia.udd.cl\/doctorado\/#website"},"primaryImageOfPage":{"@id":"https:\/\/psicologia.udd.cl\/doctorado\/es\/2017\/11\/15\/601\/#primaryimage"},"image":{"@id":"https:\/\/psicologia.udd.cl\/doctorado\/es\/2017\/11\/15\/601\/#primaryimage"},"thumbnailUrl":"http:\/\/psicologia.udd.cl\/doctorado\/files\/2017\/11\/IMG_0560-2-300x225.jpg","datePublished":"2017-11-15T22:34:57+00:00","author":{"@id":""},"inLanguage":"es","potentialAction":[{"@type":"ReadAction","target":["https:\/\/psicologia.udd.cl\/doctorado\/es\/2017\/11\/15\/601\/"]}]},{"@type":"ImageObject","inLanguage":"es","@id":"https:\/\/psicologia.udd.cl\/doctorado\/es\/2017\/11\/15\/601\/#primaryimage","url":"http:\/\/psicologia.udd.cl\/doctorado\/files\/2017\/11\/IMG_0560-2-300x225.jpg","contentUrl":"http:\/\/psicologia.udd.cl\/doctorado\/files\/2017\/11\/IMG_0560-2-300x225.jpg"},{"@type":"WebSite","@id":"https:\/\/psicologia.udd.cl\/doctorado\/#website","url":"https:\/\/psicologia.udd.cl\/doctorado\/","name":"Doctorado en Ciencias del Desarrollo y Psicopatolog\u00eda","description":"","inLanguage":"es"}]}},"featured_image_url":null,"_links":{"self":[{"href":"https:\/\/psicologia.udd.cl\/doctorado\/wp-json\/wp\/v2\/posts\/601","targetHints":{"allow":["GET"]}}],"collection":[{"href":"https:\/\/psicologia.udd.cl\/doctorado\/wp-json\/wp\/v2\/posts"}],"about":[{"href":"https:\/\/psicologia.udd.cl\/doctorado\/wp-json\/wp\/v2\/types\/post"}],"replies":[{"embeddable":true,"href":"https:\/\/psicologia.udd.cl\/doctorado\/wp-json\/wp\/v2\/comments?post=601"}],"version-history":[{"count":0,"href":"https:\/\/psicologia.udd.cl\/doctorado\/wp-json\/wp\/v2\/posts\/601\/revisions"}],"wp:attachment":[{"href":"https:\/\/psicologia.udd.cl\/doctorado\/wp-json\/wp\/v2\/media?parent=601"}],"wp:term":[{"taxonomy":"category","embeddable":true,"href":"https:\/\/psicologia.udd.cl\/doctorado\/wp-json\/wp\/v2\/categories?post=601"},{"taxonomy":"post_tag","embeddable":true,"href":"https:\/\/psicologia.udd.cl\/doctorado\/wp-json\/wp\/v2\/tags?post=601"}],"curies":[{"name":"wp","href":"https:\/\/api.w.org\/{rel}","templated":true}]}}