{"id":500,"date":"2017-07-11T15:27:40","date_gmt":"2017-07-11T15:27:40","guid":{"rendered":"http:\/\/psicologia.udd.cl\/doctorado\/?p=500"},"modified":"2017-07-11T15:27:40","modified_gmt":"2017-07-11T15:27:40","slug":"dr-silva-culmina-tutoria-de-tesis-doctoral-midap","status":"publish","type":"post","link":"https:\/\/psicologia.udd.cl\/doctorado\/es\/2017\/07\/11\/dr-silva-culmina-tutoria-de-tesis-doctoral-midap\/","title":{"rendered":"Dr. Silva culmina tutor\u00eda de tesis Doctoral MIDAP"},"content":{"rendered":"<p><img loading=\"lazy\" decoding=\"async\" class=\"alignnone wp-image-501 aligncenter\" src=\"https:\/\/psicologia.udd.cl\/doctorado\/files\/2017\/07\/PSICOTERAPIA-300x212.jpg\" alt=\"PSICOTERAPIA\" width=\"341\" height=\"241\" \/><\/p>\n<p style=\"text-align: justify\">El\u00a0<strong>Dr. Jaime Silva<\/strong>\u00a0participa de la defensa p\u00fablica de la tesis doctoral del Programa de Doctorado en Psicoterapia PUC-U de Chile de la candidata Caroline Leighton, de quien es Tutor.<\/p>\n<p style=\"text-align: justify\">La tesis lleva el t\u00edtulo de \u201c<em>Interacci\u00f3n entre el polimorfismo de la regi\u00f3n promotora del gen del transportador de serotonina y factores ambientales para predecir s\u00edntomas depresivos: M\u00e1s all\u00e1 del modelo de vulnerabilidad\u201d<\/em><\/p>\n<p style=\"text-align: justify\">La presentaci\u00f3n fue realizada el jueves 6 de julio de 2017 en la Pontificia Universidad Cat\u00f3lica de Chile. El Dr. Silva coment\u00f3 que\u00a0<em>\u00abla tesis doctoral se enmarca en mi labor como Investigador Asociado del Instituto Milenio Para la Investigaci\u00f3n de la Depresi\u00f3n y la Personalidad\u00a0<\/em>(<a href=\"http:\/\/midap.org\/\">MIDAP<\/a>)\u00a0<em>donde llevamos a cabo un proyecto FONDECYT destinado a comprender la psicobiolog\u00eda de la depresi\u00f3n y su relaci\u00f3n con la psicoterapia. En este contexto, la tesis de la Dra. Leighton describi\u00f3 secuencias explicativas de la sintomatolog\u00eda depresiva considerando variables como la gen\u00e9tica, los eventos negativos recientes y los v\u00ednculos afectivos\u00bb.<\/em><\/p>\n<p style=\"text-align: justify\">Parte de este trabajo ya se encuentra publicado en la revista <a href=\"http:\/\/journal.frontiersin.org\/article\/10.3389\/fpsyt.2017.00106\/full\">Frontiers in Psychiatry\u00a0<\/a><\/p>\n<p style=\"text-align: justify\">En la defensa, el\u00a0<strong>Dr. Francisco Ceric<\/strong>\u00a0particip\u00f3 como miembro del comit\u00e9 a cargo de la evaluaci\u00f3n y la tesis obtuvo la calificaci\u00f3n m\u00e1s alta posible<\/p>\n","protected":false},"excerpt":{"rendered":"<p>El\u00a0Dr. Jaime Silva\u00a0participa de la defensa p\u00fablica de la tesis doctoral del Programa de Doctorado en Psicoterapia PUC-U de Chile de la candidata Caroline Leighton, de quien es Tutor. La tesis lleva el t\u00edtulo de \u201cInteracci\u00f3n entre el polimorfismo de la regi\u00f3n promotora del gen del transportador de serotonina y factores ambientales para predecir s\u00edntomas [&hellip;]<\/p>\n","protected":false},"author":0,"featured_media":0,"comment_status":"open","ping_status":"open","sticky":false,"template":"","format":"standard","meta":{"footnotes":""},"categories":[69],"tags":[],"class_list":["post-500","post","type-post","status-publish","format-standard","hentry","category-noticias"],"yoast_head":"<!-- This site is optimized with the Yoast SEO plugin v26.9 - https:\/\/yoast.com\/product\/yoast-seo-wordpress\/ -->\n<title>Dr. Silva culmina tutor\u00eda de tesis Doctoral MIDAP - Doctorado en Ciencias del Desarrollo y Psicopatolog\u00eda<\/title>\n<meta name=\"robots\" content=\"index, follow, max-snippet:-1, max-image-preview:large, max-video-preview:-1\" \/>\n<link rel=\"canonical\" href=\"https:\/\/psicologia.udd.cl\/doctorado\/es\/2017\/07\/11\/dr-silva-culmina-tutoria-de-tesis-doctoral-midap\/\" \/>\n<meta property=\"og:locale\" content=\"es_ES\" \/>\n<meta property=\"og:type\" content=\"article\" \/>\n<meta property=\"og:title\" content=\"Dr. Silva culmina tutor\u00eda de tesis Doctoral MIDAP - Doctorado en Ciencias del Desarrollo y Psicopatolog\u00eda\" \/>\n<meta property=\"og:description\" content=\"El\u00a0Dr. Jaime Silva\u00a0participa de la defensa p\u00fablica de la tesis doctoral del Programa de Doctorado en Psicoterapia PUC-U de Chile de la candidata Caroline Leighton, de quien es Tutor. La tesis lleva el t\u00edtulo de \u201cInteracci\u00f3n entre el polimorfismo de la regi\u00f3n promotora del gen del transportador de serotonina y factores ambientales para predecir s\u00edntomas [&hellip;]\" \/>\n<meta property=\"og:url\" content=\"https:\/\/psicologia.udd.cl\/doctorado\/es\/2017\/07\/11\/dr-silva-culmina-tutoria-de-tesis-doctoral-midap\/\" \/>\n<meta property=\"og:site_name\" content=\"Doctorado en Ciencias del Desarrollo y Psicopatolog\u00eda\" \/>\n<meta property=\"article:published_time\" content=\"2017-07-11T15:27:40+00:00\" \/>\n<meta property=\"og:image\" content=\"http:\/\/psicologia.udd.cl\/doctorado\/files\/2017\/07\/PSICOTERAPIA-300x212.jpg\" \/>\n<meta name=\"twitter:card\" content=\"summary_large_image\" \/>\n<meta name=\"twitter:label1\" content=\"Tiempo de lectura\" \/>\n\t<meta name=\"twitter:data1\" content=\"1 minuto\" \/>\n<script type=\"application\/ld+json\" class=\"yoast-schema-graph\">{\"@context\":\"https:\/\/schema.org\",\"@graph\":[{\"@type\":\"Article\",\"@id\":\"https:\/\/psicologia.udd.cl\/doctorado\/es\/2017\/07\/11\/dr-silva-culmina-tutoria-de-tesis-doctoral-midap\/#article\",\"isPartOf\":{\"@id\":\"https:\/\/psicologia.udd.cl\/doctorado\/es\/2017\/07\/11\/dr-silva-culmina-tutoria-de-tesis-doctoral-midap\/\"},\"author\":{\"name\":\"\",\"@id\":\"\"},\"headline\":\"Dr. Silva culmina tutor\u00eda de tesis Doctoral MIDAP\",\"datePublished\":\"2017-07-11T15:27:40+00:00\",\"mainEntityOfPage\":{\"@id\":\"https:\/\/psicologia.udd.cl\/doctorado\/es\/2017\/07\/11\/dr-silva-culmina-tutoria-de-tesis-doctoral-midap\/\"},\"wordCount\":227,\"commentCount\":0,\"image\":{\"@id\":\"https:\/\/psicologia.udd.cl\/doctorado\/es\/2017\/07\/11\/dr-silva-culmina-tutoria-de-tesis-doctoral-midap\/#primaryimage\"},\"thumbnailUrl\":\"http:\/\/psicologia.udd.cl\/doctorado\/files\/2017\/07\/PSICOTERAPIA-300x212.jpg\",\"articleSection\":[\"Noticias\"],\"inLanguage\":\"es\",\"potentialAction\":[{\"@type\":\"CommentAction\",\"name\":\"Comment\",\"target\":[\"https:\/\/psicologia.udd.cl\/doctorado\/es\/2017\/07\/11\/dr-silva-culmina-tutoria-de-tesis-doctoral-midap\/#respond\"]}]},{\"@type\":\"WebPage\",\"@id\":\"https:\/\/psicologia.udd.cl\/doctorado\/es\/2017\/07\/11\/dr-silva-culmina-tutoria-de-tesis-doctoral-midap\/\",\"url\":\"https:\/\/psicologia.udd.cl\/doctorado\/es\/2017\/07\/11\/dr-silva-culmina-tutoria-de-tesis-doctoral-midap\/\",\"name\":\"Dr. Silva culmina tutor\u00eda de tesis Doctoral MIDAP - Doctorado en Ciencias del Desarrollo y Psicopatolog\u00eda\",\"isPartOf\":{\"@id\":\"https:\/\/psicologia.udd.cl\/doctorado\/#website\"},\"primaryImageOfPage\":{\"@id\":\"https:\/\/psicologia.udd.cl\/doctorado\/es\/2017\/07\/11\/dr-silva-culmina-tutoria-de-tesis-doctoral-midap\/#primaryimage\"},\"image\":{\"@id\":\"https:\/\/psicologia.udd.cl\/doctorado\/es\/2017\/07\/11\/dr-silva-culmina-tutoria-de-tesis-doctoral-midap\/#primaryimage\"},\"thumbnailUrl\":\"http:\/\/psicologia.udd.cl\/doctorado\/files\/2017\/07\/PSICOTERAPIA-300x212.jpg\",\"datePublished\":\"2017-07-11T15:27:40+00:00\",\"author\":{\"@id\":\"\"},\"inLanguage\":\"es\",\"potentialAction\":[{\"@type\":\"ReadAction\",\"target\":[\"https:\/\/psicologia.udd.cl\/doctorado\/es\/2017\/07\/11\/dr-silva-culmina-tutoria-de-tesis-doctoral-midap\/\"]}]},{\"@type\":\"ImageObject\",\"inLanguage\":\"es\",\"@id\":\"https:\/\/psicologia.udd.cl\/doctorado\/es\/2017\/07\/11\/dr-silva-culmina-tutoria-de-tesis-doctoral-midap\/#primaryimage\",\"url\":\"http:\/\/psicologia.udd.cl\/doctorado\/files\/2017\/07\/PSICOTERAPIA-300x212.jpg\",\"contentUrl\":\"http:\/\/psicologia.udd.cl\/doctorado\/files\/2017\/07\/PSICOTERAPIA-300x212.jpg\"},{\"@type\":\"WebSite\",\"@id\":\"https:\/\/psicologia.udd.cl\/doctorado\/#website\",\"url\":\"https:\/\/psicologia.udd.cl\/doctorado\/\",\"name\":\"Doctorado en Ciencias del Desarrollo y Psicopatolog\u00eda\",\"description\":\"\",\"inLanguage\":\"es\"}]}<\/script>\n<!-- \/ Yoast SEO plugin. -->","yoast_head_json":{"title":"Dr. Silva culmina tutor\u00eda de tesis Doctoral MIDAP - Doctorado en Ciencias del Desarrollo y Psicopatolog\u00eda","robots":{"index":"index","follow":"follow","max-snippet":"max-snippet:-1","max-image-preview":"max-image-preview:large","max-video-preview":"max-video-preview:-1"},"canonical":"https:\/\/psicologia.udd.cl\/doctorado\/es\/2017\/07\/11\/dr-silva-culmina-tutoria-de-tesis-doctoral-midap\/","og_locale":"es_ES","og_type":"article","og_title":"Dr. Silva culmina tutor\u00eda de tesis Doctoral MIDAP - Doctorado en Ciencias del Desarrollo y Psicopatolog\u00eda","og_description":"El\u00a0Dr. Jaime Silva\u00a0participa de la defensa p\u00fablica de la tesis doctoral del Programa de Doctorado en Psicoterapia PUC-U de Chile de la candidata Caroline Leighton, de quien es Tutor. La tesis lleva el t\u00edtulo de \u201cInteracci\u00f3n entre el polimorfismo de la regi\u00f3n promotora del gen del transportador de serotonina y factores ambientales para predecir s\u00edntomas [&hellip;]","og_url":"https:\/\/psicologia.udd.cl\/doctorado\/es\/2017\/07\/11\/dr-silva-culmina-tutoria-de-tesis-doctoral-midap\/","og_site_name":"Doctorado en Ciencias del Desarrollo y Psicopatolog\u00eda","article_published_time":"2017-07-11T15:27:40+00:00","og_image":[{"url":"http:\/\/psicologia.udd.cl\/doctorado\/files\/2017\/07\/PSICOTERAPIA-300x212.jpg","type":"","width":"","height":""}],"twitter_card":"summary_large_image","twitter_misc":{"Tiempo de lectura":"1 minuto"},"schema":{"@context":"https:\/\/schema.org","@graph":[{"@type":"Article","@id":"https:\/\/psicologia.udd.cl\/doctorado\/es\/2017\/07\/11\/dr-silva-culmina-tutoria-de-tesis-doctoral-midap\/#article","isPartOf":{"@id":"https:\/\/psicologia.udd.cl\/doctorado\/es\/2017\/07\/11\/dr-silva-culmina-tutoria-de-tesis-doctoral-midap\/"},"author":{"name":"","@id":""},"headline":"Dr. Silva culmina tutor\u00eda de tesis Doctoral MIDAP","datePublished":"2017-07-11T15:27:40+00:00","mainEntityOfPage":{"@id":"https:\/\/psicologia.udd.cl\/doctorado\/es\/2017\/07\/11\/dr-silva-culmina-tutoria-de-tesis-doctoral-midap\/"},"wordCount":227,"commentCount":0,"image":{"@id":"https:\/\/psicologia.udd.cl\/doctorado\/es\/2017\/07\/11\/dr-silva-culmina-tutoria-de-tesis-doctoral-midap\/#primaryimage"},"thumbnailUrl":"http:\/\/psicologia.udd.cl\/doctorado\/files\/2017\/07\/PSICOTERAPIA-300x212.jpg","articleSection":["Noticias"],"inLanguage":"es","potentialAction":[{"@type":"CommentAction","name":"Comment","target":["https:\/\/psicologia.udd.cl\/doctorado\/es\/2017\/07\/11\/dr-silva-culmina-tutoria-de-tesis-doctoral-midap\/#respond"]}]},{"@type":"WebPage","@id":"https:\/\/psicologia.udd.cl\/doctorado\/es\/2017\/07\/11\/dr-silva-culmina-tutoria-de-tesis-doctoral-midap\/","url":"https:\/\/psicologia.udd.cl\/doctorado\/es\/2017\/07\/11\/dr-silva-culmina-tutoria-de-tesis-doctoral-midap\/","name":"Dr. Silva culmina tutor\u00eda de tesis Doctoral MIDAP - Doctorado en Ciencias del Desarrollo y Psicopatolog\u00eda","isPartOf":{"@id":"https:\/\/psicologia.udd.cl\/doctorado\/#website"},"primaryImageOfPage":{"@id":"https:\/\/psicologia.udd.cl\/doctorado\/es\/2017\/07\/11\/dr-silva-culmina-tutoria-de-tesis-doctoral-midap\/#primaryimage"},"image":{"@id":"https:\/\/psicologia.udd.cl\/doctorado\/es\/2017\/07\/11\/dr-silva-culmina-tutoria-de-tesis-doctoral-midap\/#primaryimage"},"thumbnailUrl":"http:\/\/psicologia.udd.cl\/doctorado\/files\/2017\/07\/PSICOTERAPIA-300x212.jpg","datePublished":"2017-07-11T15:27:40+00:00","author":{"@id":""},"inLanguage":"es","potentialAction":[{"@type":"ReadAction","target":["https:\/\/psicologia.udd.cl\/doctorado\/es\/2017\/07\/11\/dr-silva-culmina-tutoria-de-tesis-doctoral-midap\/"]}]},{"@type":"ImageObject","inLanguage":"es","@id":"https:\/\/psicologia.udd.cl\/doctorado\/es\/2017\/07\/11\/dr-silva-culmina-tutoria-de-tesis-doctoral-midap\/#primaryimage","url":"http:\/\/psicologia.udd.cl\/doctorado\/files\/2017\/07\/PSICOTERAPIA-300x212.jpg","contentUrl":"http:\/\/psicologia.udd.cl\/doctorado\/files\/2017\/07\/PSICOTERAPIA-300x212.jpg"},{"@type":"WebSite","@id":"https:\/\/psicologia.udd.cl\/doctorado\/#website","url":"https:\/\/psicologia.udd.cl\/doctorado\/","name":"Doctorado en Ciencias del Desarrollo y Psicopatolog\u00eda","description":"","inLanguage":"es"}]}},"featured_image_url":null,"_links":{"self":[{"href":"https:\/\/psicologia.udd.cl\/doctorado\/wp-json\/wp\/v2\/posts\/500","targetHints":{"allow":["GET"]}}],"collection":[{"href":"https:\/\/psicologia.udd.cl\/doctorado\/wp-json\/wp\/v2\/posts"}],"about":[{"href":"https:\/\/psicologia.udd.cl\/doctorado\/wp-json\/wp\/v2\/types\/post"}],"replies":[{"embeddable":true,"href":"https:\/\/psicologia.udd.cl\/doctorado\/wp-json\/wp\/v2\/comments?post=500"}],"version-history":[{"count":0,"href":"https:\/\/psicologia.udd.cl\/doctorado\/wp-json\/wp\/v2\/posts\/500\/revisions"}],"wp:attachment":[{"href":"https:\/\/psicologia.udd.cl\/doctorado\/wp-json\/wp\/v2\/media?parent=500"}],"wp:term":[{"taxonomy":"category","embeddable":true,"href":"https:\/\/psicologia.udd.cl\/doctorado\/wp-json\/wp\/v2\/categories?post=500"},{"taxonomy":"post_tag","embeddable":true,"href":"https:\/\/psicologia.udd.cl\/doctorado\/wp-json\/wp\/v2\/tags?post=500"}],"curies":[{"name":"wp","href":"https:\/\/api.w.org\/{rel}","templated":true}]}}