{"id":497,"date":"2017-07-11T15:11:22","date_gmt":"2017-07-11T15:11:22","guid":{"rendered":"http:\/\/psicologia.udd.cl\/doctorado\/?p=497"},"modified":"2017-07-11T15:11:22","modified_gmt":"2017-07-11T15:11:22","slug":"ismael-palacios-phd-c-en-neurociencias-puc-expone-sobre-actualizaciones-en-estres-y-cognicion","status":"publish","type":"post","link":"https:\/\/psicologia.udd.cl\/doctorado\/es\/2017\/07\/11\/ismael-palacios-phd-c-en-neurociencias-puc-expone-sobre-actualizaciones-en-estres-y-cognicion\/","title":{"rendered":"Ismael Palacios PhD (c) en Neurociencias PUC expone sobre \u201cActualizaciones en Estr\u00e9s y Cognici\u00f3n\u201d"},"content":{"rendered":"<p><img loading=\"lazy\" decoding=\"async\" class=\"alignnone size-medium wp-image-498 aligncenter\" src=\"https:\/\/psicologia.udd.cl\/doctorado\/files\/2017\/07\/x-300x300.png\" alt=\"x\" width=\"300\" height=\"300\" srcset=\"https:\/\/psicologia.udd.cl\/doctorado\/files\/2017\/07\/x-300x300.png 300w, https:\/\/psicologia.udd.cl\/doctorado\/files\/2017\/07\/x-150x150.png 150w, https:\/\/psicologia.udd.cl\/doctorado\/files\/2017\/07\/x-62x62.png 62w, https:\/\/psicologia.udd.cl\/doctorado\/files\/2017\/07\/x-250x250.png 250w, https:\/\/psicologia.udd.cl\/doctorado\/files\/2017\/07\/x-126x126.png 126w, https:\/\/psicologia.udd.cl\/doctorado\/files\/2017\/07\/x.png 400w\" sizes=\"auto, (max-width: 300px) 100vw, 300px\" \/><\/p>\n<p style=\"text-align: justify\">En el marco de la asignatura <strong>\u201cT\u00f3picos actuales de investigaci\u00f3n\u201d<\/strong>, el <strong>candidato a Doctor Ismael Palacios<\/strong>, Ingeniero en Biotecnolog\u00eda Molecular, fue invitado el d\u00eda 19 de junio a realizar una clase de su tema de tesis a los cinco alumnos del DCDP. En este contexto, el Doctor (c) ha volcado su inter\u00e9s en estudiar el estr\u00e9s psicosocial, como un factor que activa una serie de cambios a nivel fisiol\u00f3gico y cognitivo.<\/p>\n<p style=\"text-align: justify\">Su inter\u00e9s principal es estudiar los correlatos fisiol\u00f3gicos, electrofisiol\u00f3gicos, conductuales y subjetivos asociados al estado de estr\u00e9s psicosocial. Al respecto, el Dr (c) Palacios ha desarrollado previamente estudios de los efectos del estr\u00e9s en modelos murinos para, en la actualidad, desarrollar su investigaci\u00f3n en humanos.<\/p>\n<p style=\"text-align: justify\">En su exposici\u00f3n, destac\u00f3 el nivel de profundizaci\u00f3n con que ha abordado el estr\u00e9s desde un nivel tanto neurobiol\u00f3gico como conductual, presentando un estado del arte, siendo muy interesante al lograr conocer emp\u00edricamente c\u00f3mo una conversaci\u00f3n entre ambos niveles podr\u00eda resultar en una gran perspectiva para el abordaje de un tema que presenta gran prevalencia en nuestra sociedad.<\/p>\n","protected":false},"excerpt":{"rendered":"<p>En el marco de la asignatura \u201cT\u00f3picos actuales de investigaci\u00f3n\u201d, el candidato a Doctor Ismael Palacios, Ingeniero en Biotecnolog\u00eda Molecular, fue invitado el d\u00eda 19 de junio a realizar una clase de su tema de tesis a los cinco alumnos del DCDP. En este contexto, el Doctor (c) ha volcado su inter\u00e9s en estudiar el [&hellip;]<\/p>\n","protected":false},"author":0,"featured_media":0,"comment_status":"open","ping_status":"open","sticky":false,"template":"","format":"standard","meta":{"footnotes":""},"categories":[69],"tags":[],"class_list":["post-497","post","type-post","status-publish","format-standard","hentry","category-noticias"],"yoast_head":"<!-- This site is optimized with the Yoast SEO plugin v26.9 - https:\/\/yoast.com\/product\/yoast-seo-wordpress\/ -->\n<title>Ismael Palacios PhD (c) en Neurociencias PUC expone sobre \u201cActualizaciones en Estr\u00e9s y Cognici\u00f3n\u201d - Doctorado en Ciencias del Desarrollo y Psicopatolog\u00eda<\/title>\n<meta name=\"robots\" content=\"index, follow, max-snippet:-1, max-image-preview:large, max-video-preview:-1\" \/>\n<link rel=\"canonical\" href=\"https:\/\/psicologia.udd.cl\/doctorado\/es\/2017\/07\/11\/ismael-palacios-phd-c-en-neurociencias-puc-expone-sobre-actualizaciones-en-estres-y-cognicion\/\" \/>\n<meta property=\"og:locale\" content=\"es_ES\" \/>\n<meta property=\"og:type\" content=\"article\" \/>\n<meta property=\"og:title\" content=\"Ismael Palacios PhD (c) en Neurociencias PUC expone sobre \u201cActualizaciones en Estr\u00e9s y Cognici\u00f3n\u201d - Doctorado en Ciencias del Desarrollo y Psicopatolog\u00eda\" \/>\n<meta property=\"og:description\" content=\"En el marco de la asignatura \u201cT\u00f3picos actuales de investigaci\u00f3n\u201d, el candidato a Doctor Ismael Palacios, Ingeniero en Biotecnolog\u00eda Molecular, fue invitado el d\u00eda 19 de junio a realizar una clase de su tema de tesis a los cinco alumnos del DCDP. En este contexto, el Doctor (c) ha volcado su inter\u00e9s en estudiar el [&hellip;]\" \/>\n<meta property=\"og:url\" content=\"https:\/\/psicologia.udd.cl\/doctorado\/es\/2017\/07\/11\/ismael-palacios-phd-c-en-neurociencias-puc-expone-sobre-actualizaciones-en-estres-y-cognicion\/\" \/>\n<meta property=\"og:site_name\" content=\"Doctorado en Ciencias del Desarrollo y Psicopatolog\u00eda\" \/>\n<meta property=\"article:published_time\" content=\"2017-07-11T15:11:22+00:00\" \/>\n<meta property=\"og:image\" content=\"http:\/\/psicologia.udd.cl\/doctorado\/files\/2017\/07\/x-300x300.png\" \/>\n<meta name=\"twitter:card\" content=\"summary_large_image\" \/>\n<meta name=\"twitter:label1\" content=\"Tiempo de lectura\" \/>\n\t<meta name=\"twitter:data1\" content=\"1 minuto\" \/>\n<script type=\"application\/ld+json\" class=\"yoast-schema-graph\">{\"@context\":\"https:\/\/schema.org\",\"@graph\":[{\"@type\":\"Article\",\"@id\":\"https:\/\/psicologia.udd.cl\/doctorado\/es\/2017\/07\/11\/ismael-palacios-phd-c-en-neurociencias-puc-expone-sobre-actualizaciones-en-estres-y-cognicion\/#article\",\"isPartOf\":{\"@id\":\"https:\/\/psicologia.udd.cl\/doctorado\/es\/2017\/07\/11\/ismael-palacios-phd-c-en-neurociencias-puc-expone-sobre-actualizaciones-en-estres-y-cognicion\/\"},\"author\":{\"name\":\"\",\"@id\":\"\"},\"headline\":\"Ismael Palacios PhD (c) en Neurociencias PUC expone sobre \u201cActualizaciones en Estr\u00e9s y Cognici\u00f3n\u201d\",\"datePublished\":\"2017-07-11T15:11:22+00:00\",\"mainEntityOfPage\":{\"@id\":\"https:\/\/psicologia.udd.cl\/doctorado\/es\/2017\/07\/11\/ismael-palacios-phd-c-en-neurociencias-puc-expone-sobre-actualizaciones-en-estres-y-cognicion\/\"},\"wordCount\":210,\"commentCount\":0,\"image\":{\"@id\":\"https:\/\/psicologia.udd.cl\/doctorado\/es\/2017\/07\/11\/ismael-palacios-phd-c-en-neurociencias-puc-expone-sobre-actualizaciones-en-estres-y-cognicion\/#primaryimage\"},\"thumbnailUrl\":\"http:\/\/psicologia.udd.cl\/doctorado\/files\/2017\/07\/x-300x300.png\",\"articleSection\":[\"Noticias\"],\"inLanguage\":\"es\",\"potentialAction\":[{\"@type\":\"CommentAction\",\"name\":\"Comment\",\"target\":[\"https:\/\/psicologia.udd.cl\/doctorado\/es\/2017\/07\/11\/ismael-palacios-phd-c-en-neurociencias-puc-expone-sobre-actualizaciones-en-estres-y-cognicion\/#respond\"]}]},{\"@type\":\"WebPage\",\"@id\":\"https:\/\/psicologia.udd.cl\/doctorado\/es\/2017\/07\/11\/ismael-palacios-phd-c-en-neurociencias-puc-expone-sobre-actualizaciones-en-estres-y-cognicion\/\",\"url\":\"https:\/\/psicologia.udd.cl\/doctorado\/es\/2017\/07\/11\/ismael-palacios-phd-c-en-neurociencias-puc-expone-sobre-actualizaciones-en-estres-y-cognicion\/\",\"name\":\"Ismael Palacios PhD (c) en Neurociencias PUC expone sobre \u201cActualizaciones en Estr\u00e9s y Cognici\u00f3n\u201d - Doctorado en Ciencias del Desarrollo y Psicopatolog\u00eda\",\"isPartOf\":{\"@id\":\"https:\/\/psicologia.udd.cl\/doctorado\/#website\"},\"primaryImageOfPage\":{\"@id\":\"https:\/\/psicologia.udd.cl\/doctorado\/es\/2017\/07\/11\/ismael-palacios-phd-c-en-neurociencias-puc-expone-sobre-actualizaciones-en-estres-y-cognicion\/#primaryimage\"},\"image\":{\"@id\":\"https:\/\/psicologia.udd.cl\/doctorado\/es\/2017\/07\/11\/ismael-palacios-phd-c-en-neurociencias-puc-expone-sobre-actualizaciones-en-estres-y-cognicion\/#primaryimage\"},\"thumbnailUrl\":\"http:\/\/psicologia.udd.cl\/doctorado\/files\/2017\/07\/x-300x300.png\",\"datePublished\":\"2017-07-11T15:11:22+00:00\",\"author\":{\"@id\":\"\"},\"inLanguage\":\"es\",\"potentialAction\":[{\"@type\":\"ReadAction\",\"target\":[\"https:\/\/psicologia.udd.cl\/doctorado\/es\/2017\/07\/11\/ismael-palacios-phd-c-en-neurociencias-puc-expone-sobre-actualizaciones-en-estres-y-cognicion\/\"]}]},{\"@type\":\"ImageObject\",\"inLanguage\":\"es\",\"@id\":\"https:\/\/psicologia.udd.cl\/doctorado\/es\/2017\/07\/11\/ismael-palacios-phd-c-en-neurociencias-puc-expone-sobre-actualizaciones-en-estres-y-cognicion\/#primaryimage\",\"url\":\"http:\/\/psicologia.udd.cl\/doctorado\/files\/2017\/07\/x-300x300.png\",\"contentUrl\":\"http:\/\/psicologia.udd.cl\/doctorado\/files\/2017\/07\/x-300x300.png\"},{\"@type\":\"WebSite\",\"@id\":\"https:\/\/psicologia.udd.cl\/doctorado\/#website\",\"url\":\"https:\/\/psicologia.udd.cl\/doctorado\/\",\"name\":\"Doctorado en Ciencias del Desarrollo y Psicopatolog\u00eda\",\"description\":\"\",\"inLanguage\":\"es\"}]}<\/script>\n<!-- \/ Yoast SEO plugin. -->","yoast_head_json":{"title":"Ismael Palacios PhD (c) en Neurociencias PUC expone sobre \u201cActualizaciones en Estr\u00e9s y Cognici\u00f3n\u201d - Doctorado en Ciencias del Desarrollo y Psicopatolog\u00eda","robots":{"index":"index","follow":"follow","max-snippet":"max-snippet:-1","max-image-preview":"max-image-preview:large","max-video-preview":"max-video-preview:-1"},"canonical":"https:\/\/psicologia.udd.cl\/doctorado\/es\/2017\/07\/11\/ismael-palacios-phd-c-en-neurociencias-puc-expone-sobre-actualizaciones-en-estres-y-cognicion\/","og_locale":"es_ES","og_type":"article","og_title":"Ismael Palacios PhD (c) en Neurociencias PUC expone sobre \u201cActualizaciones en Estr\u00e9s y Cognici\u00f3n\u201d - Doctorado en Ciencias del Desarrollo y Psicopatolog\u00eda","og_description":"En el marco de la asignatura \u201cT\u00f3picos actuales de investigaci\u00f3n\u201d, el candidato a Doctor Ismael Palacios, Ingeniero en Biotecnolog\u00eda Molecular, fue invitado el d\u00eda 19 de junio a realizar una clase de su tema de tesis a los cinco alumnos del DCDP. En este contexto, el Doctor (c) ha volcado su inter\u00e9s en estudiar el [&hellip;]","og_url":"https:\/\/psicologia.udd.cl\/doctorado\/es\/2017\/07\/11\/ismael-palacios-phd-c-en-neurociencias-puc-expone-sobre-actualizaciones-en-estres-y-cognicion\/","og_site_name":"Doctorado en Ciencias del Desarrollo y Psicopatolog\u00eda","article_published_time":"2017-07-11T15:11:22+00:00","og_image":[{"url":"http:\/\/psicologia.udd.cl\/doctorado\/files\/2017\/07\/x-300x300.png","type":"","width":"","height":""}],"twitter_card":"summary_large_image","twitter_misc":{"Tiempo de lectura":"1 minuto"},"schema":{"@context":"https:\/\/schema.org","@graph":[{"@type":"Article","@id":"https:\/\/psicologia.udd.cl\/doctorado\/es\/2017\/07\/11\/ismael-palacios-phd-c-en-neurociencias-puc-expone-sobre-actualizaciones-en-estres-y-cognicion\/#article","isPartOf":{"@id":"https:\/\/psicologia.udd.cl\/doctorado\/es\/2017\/07\/11\/ismael-palacios-phd-c-en-neurociencias-puc-expone-sobre-actualizaciones-en-estres-y-cognicion\/"},"author":{"name":"","@id":""},"headline":"Ismael Palacios PhD (c) en Neurociencias PUC expone sobre \u201cActualizaciones en Estr\u00e9s y Cognici\u00f3n\u201d","datePublished":"2017-07-11T15:11:22+00:00","mainEntityOfPage":{"@id":"https:\/\/psicologia.udd.cl\/doctorado\/es\/2017\/07\/11\/ismael-palacios-phd-c-en-neurociencias-puc-expone-sobre-actualizaciones-en-estres-y-cognicion\/"},"wordCount":210,"commentCount":0,"image":{"@id":"https:\/\/psicologia.udd.cl\/doctorado\/es\/2017\/07\/11\/ismael-palacios-phd-c-en-neurociencias-puc-expone-sobre-actualizaciones-en-estres-y-cognicion\/#primaryimage"},"thumbnailUrl":"http:\/\/psicologia.udd.cl\/doctorado\/files\/2017\/07\/x-300x300.png","articleSection":["Noticias"],"inLanguage":"es","potentialAction":[{"@type":"CommentAction","name":"Comment","target":["https:\/\/psicologia.udd.cl\/doctorado\/es\/2017\/07\/11\/ismael-palacios-phd-c-en-neurociencias-puc-expone-sobre-actualizaciones-en-estres-y-cognicion\/#respond"]}]},{"@type":"WebPage","@id":"https:\/\/psicologia.udd.cl\/doctorado\/es\/2017\/07\/11\/ismael-palacios-phd-c-en-neurociencias-puc-expone-sobre-actualizaciones-en-estres-y-cognicion\/","url":"https:\/\/psicologia.udd.cl\/doctorado\/es\/2017\/07\/11\/ismael-palacios-phd-c-en-neurociencias-puc-expone-sobre-actualizaciones-en-estres-y-cognicion\/","name":"Ismael Palacios PhD (c) en Neurociencias PUC expone sobre \u201cActualizaciones en Estr\u00e9s y Cognici\u00f3n\u201d - Doctorado en Ciencias del Desarrollo y Psicopatolog\u00eda","isPartOf":{"@id":"https:\/\/psicologia.udd.cl\/doctorado\/#website"},"primaryImageOfPage":{"@id":"https:\/\/psicologia.udd.cl\/doctorado\/es\/2017\/07\/11\/ismael-palacios-phd-c-en-neurociencias-puc-expone-sobre-actualizaciones-en-estres-y-cognicion\/#primaryimage"},"image":{"@id":"https:\/\/psicologia.udd.cl\/doctorado\/es\/2017\/07\/11\/ismael-palacios-phd-c-en-neurociencias-puc-expone-sobre-actualizaciones-en-estres-y-cognicion\/#primaryimage"},"thumbnailUrl":"http:\/\/psicologia.udd.cl\/doctorado\/files\/2017\/07\/x-300x300.png","datePublished":"2017-07-11T15:11:22+00:00","author":{"@id":""},"inLanguage":"es","potentialAction":[{"@type":"ReadAction","target":["https:\/\/psicologia.udd.cl\/doctorado\/es\/2017\/07\/11\/ismael-palacios-phd-c-en-neurociencias-puc-expone-sobre-actualizaciones-en-estres-y-cognicion\/"]}]},{"@type":"ImageObject","inLanguage":"es","@id":"https:\/\/psicologia.udd.cl\/doctorado\/es\/2017\/07\/11\/ismael-palacios-phd-c-en-neurociencias-puc-expone-sobre-actualizaciones-en-estres-y-cognicion\/#primaryimage","url":"http:\/\/psicologia.udd.cl\/doctorado\/files\/2017\/07\/x-300x300.png","contentUrl":"http:\/\/psicologia.udd.cl\/doctorado\/files\/2017\/07\/x-300x300.png"},{"@type":"WebSite","@id":"https:\/\/psicologia.udd.cl\/doctorado\/#website","url":"https:\/\/psicologia.udd.cl\/doctorado\/","name":"Doctorado en Ciencias del Desarrollo y Psicopatolog\u00eda","description":"","inLanguage":"es"}]}},"featured_image_url":null,"_links":{"self":[{"href":"https:\/\/psicologia.udd.cl\/doctorado\/wp-json\/wp\/v2\/posts\/497","targetHints":{"allow":["GET"]}}],"collection":[{"href":"https:\/\/psicologia.udd.cl\/doctorado\/wp-json\/wp\/v2\/posts"}],"about":[{"href":"https:\/\/psicologia.udd.cl\/doctorado\/wp-json\/wp\/v2\/types\/post"}],"replies":[{"embeddable":true,"href":"https:\/\/psicologia.udd.cl\/doctorado\/wp-json\/wp\/v2\/comments?post=497"}],"version-history":[{"count":0,"href":"https:\/\/psicologia.udd.cl\/doctorado\/wp-json\/wp\/v2\/posts\/497\/revisions"}],"wp:attachment":[{"href":"https:\/\/psicologia.udd.cl\/doctorado\/wp-json\/wp\/v2\/media?parent=497"}],"wp:term":[{"taxonomy":"category","embeddable":true,"href":"https:\/\/psicologia.udd.cl\/doctorado\/wp-json\/wp\/v2\/categories?post=497"},{"taxonomy":"post_tag","embeddable":true,"href":"https:\/\/psicologia.udd.cl\/doctorado\/wp-json\/wp\/v2\/tags?post=497"}],"curies":[{"name":"wp","href":"https:\/\/api.w.org\/{rel}","templated":true}]}}