{"id":488,"date":"2017-06-13T21:39:33","date_gmt":"2017-06-13T21:39:33","guid":{"rendered":"http:\/\/psicologia.udd.cl\/doctorado\/?p=488"},"modified":"2017-06-13T21:39:33","modified_gmt":"2017-06-13T21:39:33","slug":"estudiantes-de-doctorado-participan-en-conferencia-de-expositora-internacional-dra-laura-taylor","status":"publish","type":"post","link":"https:\/\/psicologia.udd.cl\/doctorado\/es\/2017\/06\/13\/estudiantes-de-doctorado-participan-en-conferencia-de-expositora-internacional-dra-laura-taylor\/","title":{"rendered":"Estudiantes de Doctorado participan en conferencia de expositora internacional, Dra. Laura Taylor"},"content":{"rendered":"<p align=\"center\"><strong><img loading=\"lazy\" decoding=\"async\" class=\"aligncenter wp-image-491 \" src=\"https:\/\/psicologia.udd.cl\/doctorado\/files\/2017\/06\/20170608_151229-1-1024x576.jpg\" alt=\"20170608_151229\" width=\"510\" height=\"287\" srcset=\"https:\/\/psicologia.udd.cl\/doctorado\/files\/2017\/06\/20170608_151229-1-1024x576.jpg 1024w, https:\/\/psicologia.udd.cl\/doctorado\/files\/2017\/06\/20170608_151229-1-300x169.jpg 300w, https:\/\/psicologia.udd.cl\/doctorado\/files\/2017\/06\/20170608_151229-1-768x432.jpg 768w, https:\/\/psicologia.udd.cl\/doctorado\/files\/2017\/06\/20170608_151229-1-1536x864.jpg 1536w, https:\/\/psicologia.udd.cl\/doctorado\/files\/2017\/06\/20170608_151229-1-2048x1152.jpg 2048w, https:\/\/psicologia.udd.cl\/doctorado\/files\/2017\/06\/20170608_151229-1-1920x1080.jpg 1920w, https:\/\/psicologia.udd.cl\/doctorado\/files\/2017\/06\/20170608_151229-1-1366x768.jpg 1366w, https:\/\/psicologia.udd.cl\/doctorado\/files\/2017\/06\/20170608_151229-1-952x534.jpg 952w, https:\/\/psicologia.udd.cl\/doctorado\/files\/2017\/06\/20170608_151229-1-680x382.jpg 680w\" sizes=\"auto, (max-width: 510px) 100vw, 510px\" \/><\/strong><\/p>\n<p style=\"text-align: justify\" align=\"center\"><strong>Laura K. Taylor<\/strong>, PhD es profesora asistente en la <strong>Escuela de Psicolog\u00eda de la Queen\u2019s University, en Belfast<\/strong>. Su principal l\u00ednea de investigaci\u00f3n es el impacto de la violencia pol\u00edtica en ni\u00f1os, familias y comunidades.<\/p>\n<p style=\"text-align: justify\">En su exposici\u00f3n titulada <i>\u201cEl desarrollo de la juventud en un contexto de divisiones sociales: Implicaciones para la construcci\u00f3n de la paz\u201d,<\/i> la Dra. Taylor present\u00f3 los resultados de su investigaci\u00f3n sobre el desarrollo de la juventud en contextos de divisi\u00f3n social, desarrollada en Irlanda del Norte, frente al impacto del conflicto pol\u00edtico social entre las comunidades unionista y republicana. Los primeros, representan a la comunidad vinculada a religi\u00f3n protestante y partidarios de preservar los lazos con el Reino Unido, mientras que, los republicanos, en su mayor\u00eda cat\u00f3licos y demogr\u00e1ficamente minoritarios, son partidarios de la independencia.<\/p>\n<p style=\"text-align: justify\">Entre los aspectos m\u00e1s relevantes de su presentaci\u00f3n, se destacaron los conceptos de comportamiento antisocial sectorial y no sectorial, refiri\u00e9ndose a las conductas hostiles dirigidas hacia el exogrupo y dentro del grupo de referencia adolescente (intragrupo)\u00a0y el impacto de la violencia vivida por los j\u00f3venes, dependiendo del sector pol\u00edtico de la provincia donde residen. Para ello, Taylor se basa en el modelo ecol\u00f3gico de Bronfenbrenner (1979) y en el paradigma anidado de la transformaci\u00f3n del conflicto (2007).<\/p>\n<p style=\"text-align: justify\">Como resultado del trabajo de campo, desarrollado en Irlanda del Norte, entrevistando e interactuando con las familias de ambas secciones sociopol\u00edticas, destaca la recolecci\u00f3n de evidencia que da cuenta del impacto del conflicto sociopol\u00edtico en las vidas de los j\u00f3venes, de c\u00f3mo desarrollan sus relaciones interpersonales e incluso, de c\u00f3mo proyectan sus expectativas de futuro laboral y profesional.<\/p>\n<p style=\"text-align: justify\">En esta actividad participaron estudiantes de los distintos doctorados de la UDD y represent\u00f3 una instancia de aprendizaje y de intercambio de conocimientos en el \u00e1rea presentada.<\/p>\n","protected":false},"excerpt":{"rendered":"<p>Laura K. Taylor, PhD es profesora asistente en la Escuela de Psicolog\u00eda de la Queen\u2019s University, en Belfast. Su principal l\u00ednea de investigaci\u00f3n es el impacto de la violencia pol\u00edtica en ni\u00f1os, familias y comunidades. En su exposici\u00f3n titulada \u201cEl desarrollo de la juventud en un contexto de divisiones sociales: Implicaciones para la construcci\u00f3n de [&hellip;]<\/p>\n","protected":false},"author":0,"featured_media":489,"comment_status":"open","ping_status":"open","sticky":false,"template":"","format":"standard","meta":{"footnotes":""},"categories":[69],"tags":[],"class_list":["post-488","post","type-post","status-publish","format-standard","has-post-thumbnail","hentry","category-noticias"],"yoast_head":"<!-- This site is optimized with the Yoast SEO plugin v26.9 - https:\/\/yoast.com\/product\/yoast-seo-wordpress\/ -->\n<title>Estudiantes de Doctorado participan en conferencia de expositora internacional, Dra. Laura Taylor - Doctorado en Ciencias del Desarrollo y Psicopatolog\u00eda<\/title>\n<meta name=\"robots\" content=\"index, follow, max-snippet:-1, max-image-preview:large, max-video-preview:-1\" \/>\n<link rel=\"canonical\" href=\"https:\/\/psicologia.udd.cl\/doctorado\/es\/2017\/06\/13\/estudiantes-de-doctorado-participan-en-conferencia-de-expositora-internacional-dra-laura-taylor\/\" \/>\n<meta property=\"og:locale\" content=\"es_ES\" \/>\n<meta property=\"og:type\" content=\"article\" \/>\n<meta property=\"og:title\" content=\"Estudiantes de Doctorado participan en conferencia de expositora internacional, Dra. Laura Taylor - Doctorado en Ciencias del Desarrollo y Psicopatolog\u00eda\" \/>\n<meta property=\"og:description\" content=\"Laura K. Taylor, PhD es profesora asistente en la Escuela de Psicolog\u00eda de la Queen\u2019s University, en Belfast. Su principal l\u00ednea de investigaci\u00f3n es el impacto de la violencia pol\u00edtica en ni\u00f1os, familias y comunidades. En su exposici\u00f3n titulada \u201cEl desarrollo de la juventud en un contexto de divisiones sociales: Implicaciones para la construcci\u00f3n de [&hellip;]\" \/>\n<meta property=\"og:url\" content=\"https:\/\/psicologia.udd.cl\/doctorado\/es\/2017\/06\/13\/estudiantes-de-doctorado-participan-en-conferencia-de-expositora-internacional-dra-laura-taylor\/\" \/>\n<meta property=\"og:site_name\" content=\"Doctorado en Ciencias del Desarrollo y Psicopatolog\u00eda\" \/>\n<meta property=\"article:published_time\" content=\"2017-06-13T21:39:33+00:00\" \/>\n<meta property=\"og:image\" content=\"https:\/\/psicologia.udd.cl\/doctorado\/files\/2017\/06\/20170608_151229-scaled.jpg\" \/>\n\t<meta property=\"og:image:width\" content=\"2560\" \/>\n\t<meta property=\"og:image:height\" content=\"1440\" \/>\n\t<meta property=\"og:image:type\" content=\"image\/jpeg\" \/>\n<meta name=\"twitter:card\" content=\"summary_large_image\" \/>\n<meta name=\"twitter:label1\" content=\"Tiempo de lectura\" \/>\n\t<meta name=\"twitter:data1\" content=\"2 minutos\" \/>\n<script type=\"application\/ld+json\" class=\"yoast-schema-graph\">{\"@context\":\"https:\/\/schema.org\",\"@graph\":[{\"@type\":\"Article\",\"@id\":\"https:\/\/psicologia.udd.cl\/doctorado\/es\/2017\/06\/13\/estudiantes-de-doctorado-participan-en-conferencia-de-expositora-internacional-dra-laura-taylor\/#article\",\"isPartOf\":{\"@id\":\"https:\/\/psicologia.udd.cl\/doctorado\/es\/2017\/06\/13\/estudiantes-de-doctorado-participan-en-conferencia-de-expositora-internacional-dra-laura-taylor\/\"},\"author\":{\"name\":\"\",\"@id\":\"\"},\"headline\":\"Estudiantes de Doctorado participan en conferencia de expositora internacional, Dra. Laura Taylor\",\"datePublished\":\"2017-06-13T21:39:33+00:00\",\"mainEntityOfPage\":{\"@id\":\"https:\/\/psicologia.udd.cl\/doctorado\/es\/2017\/06\/13\/estudiantes-de-doctorado-participan-en-conferencia-de-expositora-internacional-dra-laura-taylor\/\"},\"wordCount\":332,\"commentCount\":0,\"image\":{\"@id\":\"https:\/\/psicologia.udd.cl\/doctorado\/es\/2017\/06\/13\/estudiantes-de-doctorado-participan-en-conferencia-de-expositora-internacional-dra-laura-taylor\/#primaryimage\"},\"thumbnailUrl\":\"https:\/\/psicologia.udd.cl\/doctorado\/files\/2017\/06\/20170608_151229-scaled.jpg\",\"articleSection\":[\"Noticias\"],\"inLanguage\":\"es\",\"potentialAction\":[{\"@type\":\"CommentAction\",\"name\":\"Comment\",\"target\":[\"https:\/\/psicologia.udd.cl\/doctorado\/es\/2017\/06\/13\/estudiantes-de-doctorado-participan-en-conferencia-de-expositora-internacional-dra-laura-taylor\/#respond\"]}]},{\"@type\":\"WebPage\",\"@id\":\"https:\/\/psicologia.udd.cl\/doctorado\/es\/2017\/06\/13\/estudiantes-de-doctorado-participan-en-conferencia-de-expositora-internacional-dra-laura-taylor\/\",\"url\":\"https:\/\/psicologia.udd.cl\/doctorado\/es\/2017\/06\/13\/estudiantes-de-doctorado-participan-en-conferencia-de-expositora-internacional-dra-laura-taylor\/\",\"name\":\"Estudiantes de Doctorado participan en conferencia de expositora internacional, Dra. Laura Taylor - Doctorado en Ciencias del Desarrollo y Psicopatolog\u00eda\",\"isPartOf\":{\"@id\":\"https:\/\/psicologia.udd.cl\/doctorado\/#website\"},\"primaryImageOfPage\":{\"@id\":\"https:\/\/psicologia.udd.cl\/doctorado\/es\/2017\/06\/13\/estudiantes-de-doctorado-participan-en-conferencia-de-expositora-internacional-dra-laura-taylor\/#primaryimage\"},\"image\":{\"@id\":\"https:\/\/psicologia.udd.cl\/doctorado\/es\/2017\/06\/13\/estudiantes-de-doctorado-participan-en-conferencia-de-expositora-internacional-dra-laura-taylor\/#primaryimage\"},\"thumbnailUrl\":\"https:\/\/psicologia.udd.cl\/doctorado\/files\/2017\/06\/20170608_151229-scaled.jpg\",\"datePublished\":\"2017-06-13T21:39:33+00:00\",\"author\":{\"@id\":\"\"},\"inLanguage\":\"es\",\"potentialAction\":[{\"@type\":\"ReadAction\",\"target\":[\"https:\/\/psicologia.udd.cl\/doctorado\/es\/2017\/06\/13\/estudiantes-de-doctorado-participan-en-conferencia-de-expositora-internacional-dra-laura-taylor\/\"]}]},{\"@type\":\"ImageObject\",\"inLanguage\":\"es\",\"@id\":\"https:\/\/psicologia.udd.cl\/doctorado\/es\/2017\/06\/13\/estudiantes-de-doctorado-participan-en-conferencia-de-expositora-internacional-dra-laura-taylor\/#primaryimage\",\"url\":\"https:\/\/psicologia.udd.cl\/doctorado\/files\/2017\/06\/20170608_151229-scaled.jpg\",\"contentUrl\":\"https:\/\/psicologia.udd.cl\/doctorado\/files\/2017\/06\/20170608_151229-scaled.jpg\",\"width\":2560,\"height\":1440},{\"@type\":\"WebSite\",\"@id\":\"https:\/\/psicologia.udd.cl\/doctorado\/#website\",\"url\":\"https:\/\/psicologia.udd.cl\/doctorado\/\",\"name\":\"Doctorado en Ciencias del Desarrollo y Psicopatolog\u00eda\",\"description\":\"\",\"inLanguage\":\"es\"}]}<\/script>\n<!-- \/ Yoast SEO plugin. -->","yoast_head_json":{"title":"Estudiantes de Doctorado participan en conferencia de expositora internacional, Dra. Laura Taylor - Doctorado en Ciencias del Desarrollo y Psicopatolog\u00eda","robots":{"index":"index","follow":"follow","max-snippet":"max-snippet:-1","max-image-preview":"max-image-preview:large","max-video-preview":"max-video-preview:-1"},"canonical":"https:\/\/psicologia.udd.cl\/doctorado\/es\/2017\/06\/13\/estudiantes-de-doctorado-participan-en-conferencia-de-expositora-internacional-dra-laura-taylor\/","og_locale":"es_ES","og_type":"article","og_title":"Estudiantes de Doctorado participan en conferencia de expositora internacional, Dra. Laura Taylor - Doctorado en Ciencias del Desarrollo y Psicopatolog\u00eda","og_description":"Laura K. Taylor, PhD es profesora asistente en la Escuela de Psicolog\u00eda de la Queen\u2019s University, en Belfast. Su principal l\u00ednea de investigaci\u00f3n es el impacto de la violencia pol\u00edtica en ni\u00f1os, familias y comunidades. En su exposici\u00f3n titulada \u201cEl desarrollo de la juventud en un contexto de divisiones sociales: Implicaciones para la construcci\u00f3n de [&hellip;]","og_url":"https:\/\/psicologia.udd.cl\/doctorado\/es\/2017\/06\/13\/estudiantes-de-doctorado-participan-en-conferencia-de-expositora-internacional-dra-laura-taylor\/","og_site_name":"Doctorado en Ciencias del Desarrollo y Psicopatolog\u00eda","article_published_time":"2017-06-13T21:39:33+00:00","og_image":[{"width":2560,"height":1440,"url":"https:\/\/psicologia.udd.cl\/doctorado\/files\/2017\/06\/20170608_151229-scaled.jpg","type":"image\/jpeg"}],"twitter_card":"summary_large_image","twitter_misc":{"Tiempo de lectura":"2 minutos"},"schema":{"@context":"https:\/\/schema.org","@graph":[{"@type":"Article","@id":"https:\/\/psicologia.udd.cl\/doctorado\/es\/2017\/06\/13\/estudiantes-de-doctorado-participan-en-conferencia-de-expositora-internacional-dra-laura-taylor\/#article","isPartOf":{"@id":"https:\/\/psicologia.udd.cl\/doctorado\/es\/2017\/06\/13\/estudiantes-de-doctorado-participan-en-conferencia-de-expositora-internacional-dra-laura-taylor\/"},"author":{"name":"","@id":""},"headline":"Estudiantes de Doctorado participan en conferencia de expositora internacional, Dra. Laura Taylor","datePublished":"2017-06-13T21:39:33+00:00","mainEntityOfPage":{"@id":"https:\/\/psicologia.udd.cl\/doctorado\/es\/2017\/06\/13\/estudiantes-de-doctorado-participan-en-conferencia-de-expositora-internacional-dra-laura-taylor\/"},"wordCount":332,"commentCount":0,"image":{"@id":"https:\/\/psicologia.udd.cl\/doctorado\/es\/2017\/06\/13\/estudiantes-de-doctorado-participan-en-conferencia-de-expositora-internacional-dra-laura-taylor\/#primaryimage"},"thumbnailUrl":"https:\/\/psicologia.udd.cl\/doctorado\/files\/2017\/06\/20170608_151229-scaled.jpg","articleSection":["Noticias"],"inLanguage":"es","potentialAction":[{"@type":"CommentAction","name":"Comment","target":["https:\/\/psicologia.udd.cl\/doctorado\/es\/2017\/06\/13\/estudiantes-de-doctorado-participan-en-conferencia-de-expositora-internacional-dra-laura-taylor\/#respond"]}]},{"@type":"WebPage","@id":"https:\/\/psicologia.udd.cl\/doctorado\/es\/2017\/06\/13\/estudiantes-de-doctorado-participan-en-conferencia-de-expositora-internacional-dra-laura-taylor\/","url":"https:\/\/psicologia.udd.cl\/doctorado\/es\/2017\/06\/13\/estudiantes-de-doctorado-participan-en-conferencia-de-expositora-internacional-dra-laura-taylor\/","name":"Estudiantes de Doctorado participan en conferencia de expositora internacional, Dra. Laura Taylor - Doctorado en Ciencias del Desarrollo y Psicopatolog\u00eda","isPartOf":{"@id":"https:\/\/psicologia.udd.cl\/doctorado\/#website"},"primaryImageOfPage":{"@id":"https:\/\/psicologia.udd.cl\/doctorado\/es\/2017\/06\/13\/estudiantes-de-doctorado-participan-en-conferencia-de-expositora-internacional-dra-laura-taylor\/#primaryimage"},"image":{"@id":"https:\/\/psicologia.udd.cl\/doctorado\/es\/2017\/06\/13\/estudiantes-de-doctorado-participan-en-conferencia-de-expositora-internacional-dra-laura-taylor\/#primaryimage"},"thumbnailUrl":"https:\/\/psicologia.udd.cl\/doctorado\/files\/2017\/06\/20170608_151229-scaled.jpg","datePublished":"2017-06-13T21:39:33+00:00","author":{"@id":""},"inLanguage":"es","potentialAction":[{"@type":"ReadAction","target":["https:\/\/psicologia.udd.cl\/doctorado\/es\/2017\/06\/13\/estudiantes-de-doctorado-participan-en-conferencia-de-expositora-internacional-dra-laura-taylor\/"]}]},{"@type":"ImageObject","inLanguage":"es","@id":"https:\/\/psicologia.udd.cl\/doctorado\/es\/2017\/06\/13\/estudiantes-de-doctorado-participan-en-conferencia-de-expositora-internacional-dra-laura-taylor\/#primaryimage","url":"https:\/\/psicologia.udd.cl\/doctorado\/files\/2017\/06\/20170608_151229-scaled.jpg","contentUrl":"https:\/\/psicologia.udd.cl\/doctorado\/files\/2017\/06\/20170608_151229-scaled.jpg","width":2560,"height":1440},{"@type":"WebSite","@id":"https:\/\/psicologia.udd.cl\/doctorado\/#website","url":"https:\/\/psicologia.udd.cl\/doctorado\/","name":"Doctorado en Ciencias del Desarrollo y Psicopatolog\u00eda","description":"","inLanguage":"es"}]}},"featured_image_url":"https:\/\/psicologia.udd.cl\/doctorado\/files\/2017\/06\/20170608_151229-scaled.jpg","_links":{"self":[{"href":"https:\/\/psicologia.udd.cl\/doctorado\/wp-json\/wp\/v2\/posts\/488","targetHints":{"allow":["GET"]}}],"collection":[{"href":"https:\/\/psicologia.udd.cl\/doctorado\/wp-json\/wp\/v2\/posts"}],"about":[{"href":"https:\/\/psicologia.udd.cl\/doctorado\/wp-json\/wp\/v2\/types\/post"}],"replies":[{"embeddable":true,"href":"https:\/\/psicologia.udd.cl\/doctorado\/wp-json\/wp\/v2\/comments?post=488"}],"version-history":[{"count":0,"href":"https:\/\/psicologia.udd.cl\/doctorado\/wp-json\/wp\/v2\/posts\/488\/revisions"}],"wp:featuredmedia":[{"embeddable":true,"href":"https:\/\/psicologia.udd.cl\/doctorado\/wp-json\/wp\/v2\/media\/489"}],"wp:attachment":[{"href":"https:\/\/psicologia.udd.cl\/doctorado\/wp-json\/wp\/v2\/media?parent=488"}],"wp:term":[{"taxonomy":"category","embeddable":true,"href":"https:\/\/psicologia.udd.cl\/doctorado\/wp-json\/wp\/v2\/categories?post=488"},{"taxonomy":"post_tag","embeddable":true,"href":"https:\/\/psicologia.udd.cl\/doctorado\/wp-json\/wp\/v2\/tags?post=488"}],"curies":[{"name":"wp","href":"https:\/\/api.w.org\/{rel}","templated":true}]}}