{"id":387,"date":"2016-12-07T14:22:38","date_gmt":"2016-12-07T14:22:38","guid":{"rendered":"http:\/\/psicologia.udd.cl\/doctorado\/?p=387"},"modified":"2016-12-07T14:22:38","modified_gmt":"2016-12-07T14:22:38","slug":"director-del-doctorado-ciencias-del-desarrollo-psicopatologia-participo-reportaje-tvn","status":"publish","type":"post","link":"https:\/\/psicologia.udd.cl\/doctorado\/es\/2016\/12\/07\/director-del-doctorado-ciencias-del-desarrollo-psicopatologia-participo-reportaje-tvn\/","title":{"rendered":"Director del Doctorado en Ciencias del Desarrollo y Psicopatolog\u00eda particip\u00f3 en reportaje de TVN"},"content":{"rendered":"<p><iframe loading=\"lazy\" title=\"Jaime Silva participa de reportaje sobre depresi\u00f3n y gen\u00e9tica\" width=\"500\" height=\"375\" src=\"https:\/\/www.youtube.com\/embed\/v9bprJk9xQc?feature=oembed\" frameborder=\"0\" allow=\"accelerometer; autoplay; clipboard-write; encrypted-media; gyroscope; picture-in-picture; web-share\" referrerpolicy=\"strict-origin-when-cross-origin\" allowfullscreen><\/iframe><\/p>\n<p>\u00abSe habla de la relaci\u00f3n entre gen\u00e9tica y ambiente en diversas enfermedades, la pregunta es si influye la gen\u00e9tica en las altas cifras de depresi\u00f3n que existen en el pa\u00eds\u00bb. Con esta premisa, el programa de Canal 24 Horas dio comienzo al reportaje en el que particip\u00f3, como fuente experta, el director del CARE y del Doctorado en Ciencias del Desarrollo en Psicopatolog\u00eda.<\/p>\n<p>Si quieres ver el programa completo, <a href=\"http:\/\/www.24horas.cl\/programas\/exploradores\/exploradores---miercoles-30-de-noviembre-2207892\">ingresa ac\u00e1.<\/a><\/p>\n","protected":false},"excerpt":{"rendered":"<p>El programa \u00abExploradores: del \u00e1tomo al Cosmos\u00bb entrevist\u00f3 al psic\u00f3logo y director del CARE, Jaime Silva con el fin de conocer la relaci\u00f3n entre la gen\u00e9tica y la depresi\u00f3n.<\/p>\n","protected":false},"author":0,"featured_media":0,"comment_status":"open","ping_status":"open","sticky":false,"template":"","format":"standard","meta":{"footnotes":""},"categories":[69],"tags":[],"class_list":["post-387","post","type-post","status-publish","format-standard","hentry","category-noticias"],"yoast_head":"<!-- This site is optimized with the Yoast SEO plugin v26.9 - https:\/\/yoast.com\/product\/yoast-seo-wordpress\/ -->\n<title>Director del Doctorado en Ciencias del Desarrollo y Psicopatolog\u00eda particip\u00f3 en reportaje de TVN - Doctorado en Ciencias del Desarrollo y Psicopatolog\u00eda<\/title>\n<meta name=\"robots\" content=\"index, follow, max-snippet:-1, max-image-preview:large, max-video-preview:-1\" \/>\n<link rel=\"canonical\" href=\"https:\/\/psicologia.udd.cl\/doctorado\/es\/2016\/12\/07\/director-del-doctorado-ciencias-del-desarrollo-psicopatologia-participo-reportaje-tvn\/\" \/>\n<meta property=\"og:locale\" content=\"es_ES\" \/>\n<meta property=\"og:type\" content=\"article\" \/>\n<meta property=\"og:title\" content=\"Director del Doctorado en Ciencias del Desarrollo y Psicopatolog\u00eda particip\u00f3 en reportaje de TVN - Doctorado en Ciencias del Desarrollo y Psicopatolog\u00eda\" \/>\n<meta property=\"og:description\" content=\"El programa &quot;Exploradores: del \u00e1tomo al Cosmos&quot; entrevist\u00f3 al psic\u00f3logo y director del CARE, Jaime Silva con el fin de conocer la relaci\u00f3n entre la gen\u00e9tica y la depresi\u00f3n.\" \/>\n<meta property=\"og:url\" content=\"https:\/\/psicologia.udd.cl\/doctorado\/es\/2016\/12\/07\/director-del-doctorado-ciencias-del-desarrollo-psicopatologia-participo-reportaje-tvn\/\" \/>\n<meta property=\"og:site_name\" content=\"Doctorado en Ciencias del Desarrollo y Psicopatolog\u00eda\" \/>\n<meta property=\"article:published_time\" content=\"2016-12-07T14:22:38+00:00\" \/>\n<meta name=\"twitter:card\" content=\"summary_large_image\" \/>\n<script type=\"application\/ld+json\" class=\"yoast-schema-graph\">{\"@context\":\"https:\/\/schema.org\",\"@graph\":[{\"@type\":\"Article\",\"@id\":\"https:\/\/psicologia.udd.cl\/doctorado\/es\/2016\/12\/07\/director-del-doctorado-ciencias-del-desarrollo-psicopatologia-participo-reportaje-tvn\/#article\",\"isPartOf\":{\"@id\":\"https:\/\/psicologia.udd.cl\/doctorado\/es\/2016\/12\/07\/director-del-doctorado-ciencias-del-desarrollo-psicopatologia-participo-reportaje-tvn\/\"},\"author\":{\"name\":\"\",\"@id\":\"\"},\"headline\":\"Director del Doctorado en Ciencias del Desarrollo y Psicopatolog\u00eda particip\u00f3 en reportaje de TVN\",\"datePublished\":\"2016-12-07T14:22:38+00:00\",\"mainEntityOfPage\":{\"@id\":\"https:\/\/psicologia.udd.cl\/doctorado\/es\/2016\/12\/07\/director-del-doctorado-ciencias-del-desarrollo-psicopatologia-participo-reportaje-tvn\/\"},\"wordCount\":105,\"commentCount\":0,\"articleSection\":[\"Noticias\"],\"inLanguage\":\"es\",\"potentialAction\":[{\"@type\":\"CommentAction\",\"name\":\"Comment\",\"target\":[\"https:\/\/psicologia.udd.cl\/doctorado\/es\/2016\/12\/07\/director-del-doctorado-ciencias-del-desarrollo-psicopatologia-participo-reportaje-tvn\/#respond\"]}]},{\"@type\":\"WebPage\",\"@id\":\"https:\/\/psicologia.udd.cl\/doctorado\/es\/2016\/12\/07\/director-del-doctorado-ciencias-del-desarrollo-psicopatologia-participo-reportaje-tvn\/\",\"url\":\"https:\/\/psicologia.udd.cl\/doctorado\/es\/2016\/12\/07\/director-del-doctorado-ciencias-del-desarrollo-psicopatologia-participo-reportaje-tvn\/\",\"name\":\"Director del Doctorado en Ciencias del Desarrollo y Psicopatolog\u00eda particip\u00f3 en reportaje de TVN - Doctorado en Ciencias del Desarrollo y Psicopatolog\u00eda\",\"isPartOf\":{\"@id\":\"https:\/\/psicologia.udd.cl\/doctorado\/#website\"},\"datePublished\":\"2016-12-07T14:22:38+00:00\",\"author\":{\"@id\":\"\"},\"inLanguage\":\"es\",\"potentialAction\":[{\"@type\":\"ReadAction\",\"target\":[\"https:\/\/psicologia.udd.cl\/doctorado\/es\/2016\/12\/07\/director-del-doctorado-ciencias-del-desarrollo-psicopatologia-participo-reportaje-tvn\/\"]}]},{\"@type\":\"WebSite\",\"@id\":\"https:\/\/psicologia.udd.cl\/doctorado\/#website\",\"url\":\"https:\/\/psicologia.udd.cl\/doctorado\/\",\"name\":\"Doctorado en Ciencias del Desarrollo y Psicopatolog\u00eda\",\"description\":\"\",\"inLanguage\":\"es\"}]}<\/script>\n<!-- \/ Yoast SEO plugin. -->","yoast_head_json":{"title":"Director del Doctorado en Ciencias del Desarrollo y Psicopatolog\u00eda particip\u00f3 en reportaje de TVN - Doctorado en Ciencias del Desarrollo y Psicopatolog\u00eda","robots":{"index":"index","follow":"follow","max-snippet":"max-snippet:-1","max-image-preview":"max-image-preview:large","max-video-preview":"max-video-preview:-1"},"canonical":"https:\/\/psicologia.udd.cl\/doctorado\/es\/2016\/12\/07\/director-del-doctorado-ciencias-del-desarrollo-psicopatologia-participo-reportaje-tvn\/","og_locale":"es_ES","og_type":"article","og_title":"Director del Doctorado en Ciencias del Desarrollo y Psicopatolog\u00eda particip\u00f3 en reportaje de TVN - Doctorado en Ciencias del Desarrollo y Psicopatolog\u00eda","og_description":"El programa \"Exploradores: del \u00e1tomo al Cosmos\" entrevist\u00f3 al psic\u00f3logo y director del CARE, Jaime Silva con el fin de conocer la relaci\u00f3n entre la gen\u00e9tica y la depresi\u00f3n.","og_url":"https:\/\/psicologia.udd.cl\/doctorado\/es\/2016\/12\/07\/director-del-doctorado-ciencias-del-desarrollo-psicopatologia-participo-reportaje-tvn\/","og_site_name":"Doctorado en Ciencias del Desarrollo y Psicopatolog\u00eda","article_published_time":"2016-12-07T14:22:38+00:00","twitter_card":"summary_large_image","schema":{"@context":"https:\/\/schema.org","@graph":[{"@type":"Article","@id":"https:\/\/psicologia.udd.cl\/doctorado\/es\/2016\/12\/07\/director-del-doctorado-ciencias-del-desarrollo-psicopatologia-participo-reportaje-tvn\/#article","isPartOf":{"@id":"https:\/\/psicologia.udd.cl\/doctorado\/es\/2016\/12\/07\/director-del-doctorado-ciencias-del-desarrollo-psicopatologia-participo-reportaje-tvn\/"},"author":{"name":"","@id":""},"headline":"Director del Doctorado en Ciencias del Desarrollo y Psicopatolog\u00eda particip\u00f3 en reportaje de TVN","datePublished":"2016-12-07T14:22:38+00:00","mainEntityOfPage":{"@id":"https:\/\/psicologia.udd.cl\/doctorado\/es\/2016\/12\/07\/director-del-doctorado-ciencias-del-desarrollo-psicopatologia-participo-reportaje-tvn\/"},"wordCount":105,"commentCount":0,"articleSection":["Noticias"],"inLanguage":"es","potentialAction":[{"@type":"CommentAction","name":"Comment","target":["https:\/\/psicologia.udd.cl\/doctorado\/es\/2016\/12\/07\/director-del-doctorado-ciencias-del-desarrollo-psicopatologia-participo-reportaje-tvn\/#respond"]}]},{"@type":"WebPage","@id":"https:\/\/psicologia.udd.cl\/doctorado\/es\/2016\/12\/07\/director-del-doctorado-ciencias-del-desarrollo-psicopatologia-participo-reportaje-tvn\/","url":"https:\/\/psicologia.udd.cl\/doctorado\/es\/2016\/12\/07\/director-del-doctorado-ciencias-del-desarrollo-psicopatologia-participo-reportaje-tvn\/","name":"Director del Doctorado en Ciencias del Desarrollo y Psicopatolog\u00eda particip\u00f3 en reportaje de TVN - Doctorado en Ciencias del Desarrollo y Psicopatolog\u00eda","isPartOf":{"@id":"https:\/\/psicologia.udd.cl\/doctorado\/#website"},"datePublished":"2016-12-07T14:22:38+00:00","author":{"@id":""},"inLanguage":"es","potentialAction":[{"@type":"ReadAction","target":["https:\/\/psicologia.udd.cl\/doctorado\/es\/2016\/12\/07\/director-del-doctorado-ciencias-del-desarrollo-psicopatologia-participo-reportaje-tvn\/"]}]},{"@type":"WebSite","@id":"https:\/\/psicologia.udd.cl\/doctorado\/#website","url":"https:\/\/psicologia.udd.cl\/doctorado\/","name":"Doctorado en Ciencias del Desarrollo y Psicopatolog\u00eda","description":"","inLanguage":"es"}]}},"featured_image_url":null,"_links":{"self":[{"href":"https:\/\/psicologia.udd.cl\/doctorado\/wp-json\/wp\/v2\/posts\/387","targetHints":{"allow":["GET"]}}],"collection":[{"href":"https:\/\/psicologia.udd.cl\/doctorado\/wp-json\/wp\/v2\/posts"}],"about":[{"href":"https:\/\/psicologia.udd.cl\/doctorado\/wp-json\/wp\/v2\/types\/post"}],"replies":[{"embeddable":true,"href":"https:\/\/psicologia.udd.cl\/doctorado\/wp-json\/wp\/v2\/comments?post=387"}],"version-history":[{"count":0,"href":"https:\/\/psicologia.udd.cl\/doctorado\/wp-json\/wp\/v2\/posts\/387\/revisions"}],"wp:attachment":[{"href":"https:\/\/psicologia.udd.cl\/doctorado\/wp-json\/wp\/v2\/media?parent=387"}],"wp:term":[{"taxonomy":"category","embeddable":true,"href":"https:\/\/psicologia.udd.cl\/doctorado\/wp-json\/wp\/v2\/categories?post=387"},{"taxonomy":"post_tag","embeddable":true,"href":"https:\/\/psicologia.udd.cl\/doctorado\/wp-json\/wp\/v2\/tags?post=387"}],"curies":[{"name":"wp","href":"https:\/\/api.w.org\/{rel}","templated":true}]}}