{"id":323,"date":"2016-09-28T18:37:23","date_gmt":"2016-09-28T18:37:23","guid":{"rendered":"http:\/\/psicologia.udd.cl\/doctorado\/?p=323"},"modified":"2016-09-28T18:37:23","modified_gmt":"2016-09-28T18:37:23","slug":"seminario-que-sabemos-del-inicio-del-desarrollo-humano-una-mirada-a-la-transicion-de-la-maternidad","status":"publish","type":"post","link":"https:\/\/psicologia.udd.cl\/doctorado\/es\/2016\/09\/28\/seminario-que-sabemos-del-inicio-del-desarrollo-humano-una-mirada-a-la-transicion-de-la-maternidad\/","title":{"rendered":"Seminario: \u00bfQu\u00e9 sabemos del inicio del desarrollo humano?: Una mirada a la transici\u00f3n de la maternidad"},"content":{"rendered":"<p style=\"text-align: justify;\">El pr\u00f3ximo jueves 13 de octubre se realizar\u00e1 el lanzamiento del<a href=\"http:\/\/psicologia.udd.cl\/noticias\/2016\/09\/doctorado-en-ciencias-del-desarrollo-y-psicopatologia-es-destacado-en-portal-universia\/\">Doctorado en Ciencias del Desarrollo y Psicopatolog\u00eda<\/a>, perteneciente al<a href=\"http:\/\/psicologia.udd.cl\/care\">CARE<\/a> de Psicolog\u00eda UDD, y para ello se realizar\u00e1 el seminario:\u00a0<em><strong>\u00bfQu\u00e9 sabemos del inicio del desarrollo humano?: Una mirada a la transici\u00f3n de la maternidad\u00a0<\/strong><\/em>dictado por la docente del programa,<a href=\"https:\/\/psicologia.udd.cl\/doctorado\/es\/persona\/soledad-coo-calcagni\/\">Soledad Coo.<\/a><\/p>\n<h3 style=\"text-align: center;\"><a href=\"https:\/\/psicologia.udd.cl\/doctorado\/es\/inscripcion-lanzamiento-doctorado\/\">INSCR\u00cdBETE AC\u00c1<\/a><\/h3>\n<p style=\"text-align: justify;\">La transici\u00f3n a la maternidad est\u00e1 acompa\u00f1ada por un proceso de transformaci\u00f3n psicol\u00f3gico que es considerado necesario para el desarrollo de la identidad materna y de las actitudes requeridas para el desempe\u00f1o de la maternidad. Estudios sobre sue\u00f1os durante el per\u00edodo perinatal sugieren que \u00e9stos reflejan las ideas y preocupaciones de las futuras madres sobre sus hijos e hijas por nacer. El uso de un m\u00e9todo cuantitativo de an\u00e1lisis de sue\u00f1os ha permitido observar c\u00f3mo los cambios propios de la transici\u00f3n a la maternidad se reflejan en los sue\u00f1os de las madres durante el embarazo y en el per\u00edodo postparto.<\/p>\n<p style=\"text-align: justify;\"><strong>Informaci\u00f3n general:<\/strong><br \/>\n<strong>Fecha:<\/strong> jueves 13 de octubre<br \/>\n<strong>Hora:<\/strong> 11:30 horas<br \/>\n<strong>Lugar:<\/strong><br \/>\nAuditorio Soquimich,<br \/>\nEdificio de Postgrado<br \/>\nUniversidad del Desarrollo<br \/>\nAv. Plaza 680, Las Condes, Santiago<\/p>\n<p style=\"text-align: justify;\"><strong>M\u00e1s Informaci\u00f3n<\/strong><br \/>\nPaula Mu\u00f1oz Y.<br \/>\n<a href=\"mailto:paulamunoz@udd.cl\">paulamunoz@udd.cl<\/a><br \/>\n(56 2 ) 232 79 426<\/p>\n","protected":false},"excerpt":{"rendered":"<p>El pr\u00f3ximo jueves 13 de octubre se realizar\u00e1 el lanzamiento delDoctorado en Ciencias del Desarrollo y Psicopatolog\u00eda, perteneciente alCARE de Psicolog\u00eda UDD, y para ello se realizar\u00e1 el seminario:\u00a0\u00bfQu\u00e9 sabemos del inicio del desarrollo humano?: Una mirada a la transici\u00f3n de la maternidad\u00a0dictado por la docente del programa,Soledad Coo. INSCR\u00cdBETE AC\u00c1 La transici\u00f3n a la [&hellip;]<\/p>\n","protected":false},"author":0,"featured_media":206,"comment_status":"open","ping_status":"open","sticky":false,"template":"","format":"standard","meta":{"footnotes":""},"categories":[69],"tags":[],"class_list":["post-323","post","type-post","status-publish","format-standard","has-post-thumbnail","hentry","category-noticias"],"yoast_head":"<!-- This site is optimized with the Yoast SEO plugin v26.9 - https:\/\/yoast.com\/product\/yoast-seo-wordpress\/ -->\n<title>Seminario: \u00bfQu\u00e9 sabemos del inicio del desarrollo humano?: Una mirada a la transici\u00f3n de la maternidad - Doctorado en Ciencias del Desarrollo y Psicopatolog\u00eda<\/title>\n<meta name=\"robots\" content=\"index, follow, max-snippet:-1, max-image-preview:large, max-video-preview:-1\" \/>\n<link rel=\"canonical\" href=\"https:\/\/psicologia.udd.cl\/doctorado\/es\/2016\/09\/28\/seminario-que-sabemos-del-inicio-del-desarrollo-humano-una-mirada-a-la-transicion-de-la-maternidad\/\" \/>\n<meta property=\"og:locale\" content=\"es_ES\" \/>\n<meta property=\"og:type\" content=\"article\" \/>\n<meta property=\"og:title\" content=\"Seminario: \u00bfQu\u00e9 sabemos del inicio del desarrollo humano?: Una mirada a la transici\u00f3n de la maternidad - Doctorado en Ciencias del Desarrollo y Psicopatolog\u00eda\" \/>\n<meta property=\"og:description\" content=\"El pr\u00f3ximo jueves 13 de octubre se realizar\u00e1 el lanzamiento delDoctorado en Ciencias del Desarrollo y Psicopatolog\u00eda, perteneciente alCARE de Psicolog\u00eda UDD, y para ello se realizar\u00e1 el seminario:\u00a0\u00bfQu\u00e9 sabemos del inicio del desarrollo humano?: Una mirada a la transici\u00f3n de la maternidad\u00a0dictado por la docente del programa,Soledad Coo. INSCR\u00cdBETE AC\u00c1 La transici\u00f3n a la [&hellip;]\" \/>\n<meta property=\"og:url\" content=\"https:\/\/psicologia.udd.cl\/doctorado\/es\/2016\/09\/28\/seminario-que-sabemos-del-inicio-del-desarrollo-humano-una-mirada-a-la-transicion-de-la-maternidad\/\" \/>\n<meta property=\"og:site_name\" content=\"Doctorado en Ciencias del Desarrollo y Psicopatolog\u00eda\" \/>\n<meta property=\"article:published_time\" content=\"2016-09-28T18:37:23+00:00\" \/>\n<meta property=\"og:image\" content=\"https:\/\/psicologia.udd.cl\/doctorado\/files\/2016\/09\/soledad-coo-scaled.jpg\" \/>\n\t<meta property=\"og:image:width\" content=\"2560\" \/>\n\t<meta property=\"og:image:height\" content=\"1707\" \/>\n\t<meta property=\"og:image:type\" content=\"image\/jpeg\" \/>\n<meta name=\"twitter:card\" content=\"summary_large_image\" \/>\n<meta name=\"twitter:label1\" content=\"Tiempo de lectura\" \/>\n\t<meta name=\"twitter:data1\" content=\"1 minuto\" \/>\n<script type=\"application\/ld+json\" class=\"yoast-schema-graph\">{\"@context\":\"https:\/\/schema.org\",\"@graph\":[{\"@type\":\"Article\",\"@id\":\"https:\/\/psicologia.udd.cl\/doctorado\/es\/2016\/09\/28\/seminario-que-sabemos-del-inicio-del-desarrollo-humano-una-mirada-a-la-transicion-de-la-maternidad\/#article\",\"isPartOf\":{\"@id\":\"https:\/\/psicologia.udd.cl\/doctorado\/es\/2016\/09\/28\/seminario-que-sabemos-del-inicio-del-desarrollo-humano-una-mirada-a-la-transicion-de-la-maternidad\/\"},\"author\":{\"name\":\"\",\"@id\":\"\"},\"headline\":\"Seminario: \u00bfQu\u00e9 sabemos del inicio del desarrollo humano?: Una mirada a la transici\u00f3n de la maternidad\",\"datePublished\":\"2016-09-28T18:37:23+00:00\",\"mainEntityOfPage\":{\"@id\":\"https:\/\/psicologia.udd.cl\/doctorado\/es\/2016\/09\/28\/seminario-que-sabemos-del-inicio-del-desarrollo-humano-una-mirada-a-la-transicion-de-la-maternidad\/\"},\"wordCount\":223,\"commentCount\":0,\"image\":{\"@id\":\"https:\/\/psicologia.udd.cl\/doctorado\/es\/2016\/09\/28\/seminario-que-sabemos-del-inicio-del-desarrollo-humano-una-mirada-a-la-transicion-de-la-maternidad\/#primaryimage\"},\"thumbnailUrl\":\"https:\/\/psicologia.udd.cl\/doctorado\/files\/2016\/09\/soledad-coo-scaled.jpg\",\"articleSection\":[\"Noticias\"],\"inLanguage\":\"es\",\"potentialAction\":[{\"@type\":\"CommentAction\",\"name\":\"Comment\",\"target\":[\"https:\/\/psicologia.udd.cl\/doctorado\/es\/2016\/09\/28\/seminario-que-sabemos-del-inicio-del-desarrollo-humano-una-mirada-a-la-transicion-de-la-maternidad\/#respond\"]}]},{\"@type\":\"WebPage\",\"@id\":\"https:\/\/psicologia.udd.cl\/doctorado\/es\/2016\/09\/28\/seminario-que-sabemos-del-inicio-del-desarrollo-humano-una-mirada-a-la-transicion-de-la-maternidad\/\",\"url\":\"https:\/\/psicologia.udd.cl\/doctorado\/es\/2016\/09\/28\/seminario-que-sabemos-del-inicio-del-desarrollo-humano-una-mirada-a-la-transicion-de-la-maternidad\/\",\"name\":\"Seminario: \u00bfQu\u00e9 sabemos del inicio del desarrollo humano?: Una mirada a la transici\u00f3n de la maternidad - Doctorado en Ciencias del Desarrollo y Psicopatolog\u00eda\",\"isPartOf\":{\"@id\":\"https:\/\/psicologia.udd.cl\/doctorado\/#website\"},\"primaryImageOfPage\":{\"@id\":\"https:\/\/psicologia.udd.cl\/doctorado\/es\/2016\/09\/28\/seminario-que-sabemos-del-inicio-del-desarrollo-humano-una-mirada-a-la-transicion-de-la-maternidad\/#primaryimage\"},\"image\":{\"@id\":\"https:\/\/psicologia.udd.cl\/doctorado\/es\/2016\/09\/28\/seminario-que-sabemos-del-inicio-del-desarrollo-humano-una-mirada-a-la-transicion-de-la-maternidad\/#primaryimage\"},\"thumbnailUrl\":\"https:\/\/psicologia.udd.cl\/doctorado\/files\/2016\/09\/soledad-coo-scaled.jpg\",\"datePublished\":\"2016-09-28T18:37:23+00:00\",\"author\":{\"@id\":\"\"},\"inLanguage\":\"es\",\"potentialAction\":[{\"@type\":\"ReadAction\",\"target\":[\"https:\/\/psicologia.udd.cl\/doctorado\/es\/2016\/09\/28\/seminario-que-sabemos-del-inicio-del-desarrollo-humano-una-mirada-a-la-transicion-de-la-maternidad\/\"]}]},{\"@type\":\"ImageObject\",\"inLanguage\":\"es\",\"@id\":\"https:\/\/psicologia.udd.cl\/doctorado\/es\/2016\/09\/28\/seminario-que-sabemos-del-inicio-del-desarrollo-humano-una-mirada-a-la-transicion-de-la-maternidad\/#primaryimage\",\"url\":\"https:\/\/psicologia.udd.cl\/doctorado\/files\/2016\/09\/soledad-coo-scaled.jpg\",\"contentUrl\":\"https:\/\/psicologia.udd.cl\/doctorado\/files\/2016\/09\/soledad-coo-scaled.jpg\",\"width\":2560,\"height\":1707},{\"@type\":\"WebSite\",\"@id\":\"https:\/\/psicologia.udd.cl\/doctorado\/#website\",\"url\":\"https:\/\/psicologia.udd.cl\/doctorado\/\",\"name\":\"Doctorado en Ciencias del Desarrollo y Psicopatolog\u00eda\",\"description\":\"\",\"inLanguage\":\"es\"}]}<\/script>\n<!-- \/ Yoast SEO plugin. -->","yoast_head_json":{"title":"Seminario: \u00bfQu\u00e9 sabemos del inicio del desarrollo humano?: Una mirada a la transici\u00f3n de la maternidad - Doctorado en Ciencias del Desarrollo y Psicopatolog\u00eda","robots":{"index":"index","follow":"follow","max-snippet":"max-snippet:-1","max-image-preview":"max-image-preview:large","max-video-preview":"max-video-preview:-1"},"canonical":"https:\/\/psicologia.udd.cl\/doctorado\/es\/2016\/09\/28\/seminario-que-sabemos-del-inicio-del-desarrollo-humano-una-mirada-a-la-transicion-de-la-maternidad\/","og_locale":"es_ES","og_type":"article","og_title":"Seminario: \u00bfQu\u00e9 sabemos del inicio del desarrollo humano?: Una mirada a la transici\u00f3n de la maternidad - Doctorado en Ciencias del Desarrollo y Psicopatolog\u00eda","og_description":"El pr\u00f3ximo jueves 13 de octubre se realizar\u00e1 el lanzamiento delDoctorado en Ciencias del Desarrollo y Psicopatolog\u00eda, perteneciente alCARE de Psicolog\u00eda UDD, y para ello se realizar\u00e1 el seminario:\u00a0\u00bfQu\u00e9 sabemos del inicio del desarrollo humano?: Una mirada a la transici\u00f3n de la maternidad\u00a0dictado por la docente del programa,Soledad Coo. INSCR\u00cdBETE AC\u00c1 La transici\u00f3n a la [&hellip;]","og_url":"https:\/\/psicologia.udd.cl\/doctorado\/es\/2016\/09\/28\/seminario-que-sabemos-del-inicio-del-desarrollo-humano-una-mirada-a-la-transicion-de-la-maternidad\/","og_site_name":"Doctorado en Ciencias del Desarrollo y Psicopatolog\u00eda","article_published_time":"2016-09-28T18:37:23+00:00","og_image":[{"width":2560,"height":1707,"url":"https:\/\/psicologia.udd.cl\/doctorado\/files\/2016\/09\/soledad-coo-scaled.jpg","type":"image\/jpeg"}],"twitter_card":"summary_large_image","twitter_misc":{"Tiempo de lectura":"1 minuto"},"schema":{"@context":"https:\/\/schema.org","@graph":[{"@type":"Article","@id":"https:\/\/psicologia.udd.cl\/doctorado\/es\/2016\/09\/28\/seminario-que-sabemos-del-inicio-del-desarrollo-humano-una-mirada-a-la-transicion-de-la-maternidad\/#article","isPartOf":{"@id":"https:\/\/psicologia.udd.cl\/doctorado\/es\/2016\/09\/28\/seminario-que-sabemos-del-inicio-del-desarrollo-humano-una-mirada-a-la-transicion-de-la-maternidad\/"},"author":{"name":"","@id":""},"headline":"Seminario: \u00bfQu\u00e9 sabemos del inicio del desarrollo humano?: Una mirada a la transici\u00f3n de la maternidad","datePublished":"2016-09-28T18:37:23+00:00","mainEntityOfPage":{"@id":"https:\/\/psicologia.udd.cl\/doctorado\/es\/2016\/09\/28\/seminario-que-sabemos-del-inicio-del-desarrollo-humano-una-mirada-a-la-transicion-de-la-maternidad\/"},"wordCount":223,"commentCount":0,"image":{"@id":"https:\/\/psicologia.udd.cl\/doctorado\/es\/2016\/09\/28\/seminario-que-sabemos-del-inicio-del-desarrollo-humano-una-mirada-a-la-transicion-de-la-maternidad\/#primaryimage"},"thumbnailUrl":"https:\/\/psicologia.udd.cl\/doctorado\/files\/2016\/09\/soledad-coo-scaled.jpg","articleSection":["Noticias"],"inLanguage":"es","potentialAction":[{"@type":"CommentAction","name":"Comment","target":["https:\/\/psicologia.udd.cl\/doctorado\/es\/2016\/09\/28\/seminario-que-sabemos-del-inicio-del-desarrollo-humano-una-mirada-a-la-transicion-de-la-maternidad\/#respond"]}]},{"@type":"WebPage","@id":"https:\/\/psicologia.udd.cl\/doctorado\/es\/2016\/09\/28\/seminario-que-sabemos-del-inicio-del-desarrollo-humano-una-mirada-a-la-transicion-de-la-maternidad\/","url":"https:\/\/psicologia.udd.cl\/doctorado\/es\/2016\/09\/28\/seminario-que-sabemos-del-inicio-del-desarrollo-humano-una-mirada-a-la-transicion-de-la-maternidad\/","name":"Seminario: \u00bfQu\u00e9 sabemos del inicio del desarrollo humano?: Una mirada a la transici\u00f3n de la maternidad - Doctorado en Ciencias del Desarrollo y Psicopatolog\u00eda","isPartOf":{"@id":"https:\/\/psicologia.udd.cl\/doctorado\/#website"},"primaryImageOfPage":{"@id":"https:\/\/psicologia.udd.cl\/doctorado\/es\/2016\/09\/28\/seminario-que-sabemos-del-inicio-del-desarrollo-humano-una-mirada-a-la-transicion-de-la-maternidad\/#primaryimage"},"image":{"@id":"https:\/\/psicologia.udd.cl\/doctorado\/es\/2016\/09\/28\/seminario-que-sabemos-del-inicio-del-desarrollo-humano-una-mirada-a-la-transicion-de-la-maternidad\/#primaryimage"},"thumbnailUrl":"https:\/\/psicologia.udd.cl\/doctorado\/files\/2016\/09\/soledad-coo-scaled.jpg","datePublished":"2016-09-28T18:37:23+00:00","author":{"@id":""},"inLanguage":"es","potentialAction":[{"@type":"ReadAction","target":["https:\/\/psicologia.udd.cl\/doctorado\/es\/2016\/09\/28\/seminario-que-sabemos-del-inicio-del-desarrollo-humano-una-mirada-a-la-transicion-de-la-maternidad\/"]}]},{"@type":"ImageObject","inLanguage":"es","@id":"https:\/\/psicologia.udd.cl\/doctorado\/es\/2016\/09\/28\/seminario-que-sabemos-del-inicio-del-desarrollo-humano-una-mirada-a-la-transicion-de-la-maternidad\/#primaryimage","url":"https:\/\/psicologia.udd.cl\/doctorado\/files\/2016\/09\/soledad-coo-scaled.jpg","contentUrl":"https:\/\/psicologia.udd.cl\/doctorado\/files\/2016\/09\/soledad-coo-scaled.jpg","width":2560,"height":1707},{"@type":"WebSite","@id":"https:\/\/psicologia.udd.cl\/doctorado\/#website","url":"https:\/\/psicologia.udd.cl\/doctorado\/","name":"Doctorado en Ciencias del Desarrollo y Psicopatolog\u00eda","description":"","inLanguage":"es"}]}},"featured_image_url":"https:\/\/psicologia.udd.cl\/doctorado\/files\/2016\/09\/soledad-coo-scaled.jpg","_links":{"self":[{"href":"https:\/\/psicologia.udd.cl\/doctorado\/wp-json\/wp\/v2\/posts\/323","targetHints":{"allow":["GET"]}}],"collection":[{"href":"https:\/\/psicologia.udd.cl\/doctorado\/wp-json\/wp\/v2\/posts"}],"about":[{"href":"https:\/\/psicologia.udd.cl\/doctorado\/wp-json\/wp\/v2\/types\/post"}],"replies":[{"embeddable":true,"href":"https:\/\/psicologia.udd.cl\/doctorado\/wp-json\/wp\/v2\/comments?post=323"}],"version-history":[{"count":0,"href":"https:\/\/psicologia.udd.cl\/doctorado\/wp-json\/wp\/v2\/posts\/323\/revisions"}],"wp:featuredmedia":[{"embeddable":true,"href":"https:\/\/psicologia.udd.cl\/doctorado\/wp-json\/wp\/v2\/media\/206"}],"wp:attachment":[{"href":"https:\/\/psicologia.udd.cl\/doctorado\/wp-json\/wp\/v2\/media?parent=323"}],"wp:term":[{"taxonomy":"category","embeddable":true,"href":"https:\/\/psicologia.udd.cl\/doctorado\/wp-json\/wp\/v2\/categories?post=323"},{"taxonomy":"post_tag","embeddable":true,"href":"https:\/\/psicologia.udd.cl\/doctorado\/wp-json\/wp\/v2\/tags?post=323"}],"curies":[{"name":"wp","href":"https:\/\/api.w.org\/{rel}","templated":true}]}}