{"id":2845,"date":"2024-09-13T11:22:02","date_gmt":"2024-09-13T14:22:02","guid":{"rendered":"https:\/\/psicologia.udd.cl\/doctorado\/?p=2845"},"modified":"2025-06-26T10:34:15","modified_gmt":"2025-06-26T14:34:15","slug":"representantes-del-doctorado-en-ciencias-del-desarrollo-y-psicopatologia-participaron-en-conferencia-internacional-en-salud-perinatal","status":"publish","type":"post","link":"https:\/\/psicologia.udd.cl\/doctorado\/es\/2024\/09\/13\/representantes-del-doctorado-en-ciencias-del-desarrollo-y-psicopatologia-participaron-en-conferencia-internacional-en-salud-perinatal\/","title":{"rendered":"Representantes del Doctorado en Ciencias del Desarrollo y Psicopatolog\u00eda participaron en Conferencia Internacional en Salud Perinatal"},"content":{"rendered":"<p>La destacada Conferencia de la Sociedad Internacional de Salud Mental Perinatal Marc\u00e9, celebrada en Barcelona del 4 al 7 de septiembre, cont\u00f3 con la participaci\u00f3n de Mar\u00eda Ignacia Garc\u00eda, estudiante del Doctorado en Ciencias del Desarrollo y Psicopatolog\u00eda (DCDP) de Psicolog\u00eda UDD, junto con su tutora de tesis y docente del mismo posgrado, Soledad Coo.<\/p>\n<p>El tema central de la conferencia fue \u201c<em>Promoci\u00f3n de la salud mental perinatal: uniendo contextos familiares, culturales y geogr\u00e1ficos (\u00a1El mundo es un pa\u00f1uelo!)<\/em>\u201d, lo que permiti\u00f3 el intercambio de valiosos conocimientos entre los asistentes.<\/p>\n<p>\u201cLo que me motiv\u00f3 a participar fue la posibilidad de intercambiar experiencias con investigadores y profesionales de la salud avocados a mi \u00e1rea de estudio, que abordan esta tem\u00e1tica desde diversos contextos culturales, as\u00ed como de diversas \u00e1reas diciplinares\u201d, inici\u00f3 explicando Garc\u00eda.<\/p>\n<figure id=\"attachment_2846\" aria-describedby=\"caption-attachment-2846\" style=\"width: 228px\" class=\"wp-caption alignleft\"><a href=\"https:\/\/psicologia.udd.cl\/doctorado\/files\/2024\/09\/colaboracion-barcelona-1.jpeg\"><img loading=\"lazy\" decoding=\"async\" class=\"wp-image-2846 size-medium\" src=\"https:\/\/psicologia.udd.cl\/doctorado\/files\/2024\/09\/colaboracion-barcelona-1-228x300.jpeg\" alt=\"\" width=\"228\" height=\"300\" srcset=\"https:\/\/psicologia.udd.cl\/doctorado\/files\/2024\/09\/colaboracion-barcelona-1-228x300.jpeg 228w, https:\/\/psicologia.udd.cl\/doctorado\/files\/2024\/09\/colaboracion-barcelona-1-778x1024.jpeg 778w, https:\/\/psicologia.udd.cl\/doctorado\/files\/2024\/09\/colaboracion-barcelona-1-768x1010.jpeg 768w, https:\/\/psicologia.udd.cl\/doctorado\/files\/2024\/09\/colaboracion-barcelona-1.jpeg 792w\" sizes=\"auto, (max-width: 228px) 100vw, 228px\" \/><\/a><figcaption id=\"caption-attachment-2846\" class=\"wp-caption-text\">Mar\u00eda Ignacia Garc\u00eda y Soledad Coo, respectivamente.<\/figcaption><\/figure>\n<p>Quien, adem\u00e1s, present\u00f3 en dos oportunidades. \u201cCalidad de la interacci\u00f3n madre-hijo, lactancia materna y salud mental perinatal\u201d y \u201cLa interacci\u00f3n entre las dificultades emocionales y de lactancia en madres primerizas\u201d, fueron el nombre de sus exposiciones, en espa\u00f1ol, y que forman parte de su tesis las fueron publicadas en 2024.<\/p>\n<p>\u201cFue muy emocionante presentar con personas de contextos culturales tan diversos, como Islandia e India, y compartir nuestras respectivas experiencias. Pero creo que la parte m\u00e1s linda de todo este congreso fue ver presentar como conferencista invitada a Soledad Coo. Es muy emocionante ver como el trabajo de mi profesora y amiga es reconocido a nivel mundial por personas con trayectorias tan valiosos y relevantes en el avance en el \u00e1rea de la salud mental perinatal. \u00c1rea que impacta profundamente en la calidad de vida y salud de tantas mujeres, ni\u00f1os y familias\u201d, complement\u00f3 la alumna.<\/p>\n<p>En esta l\u00ednea, ambas representantes del DCDP, tuvieron un punto de encuentro con Sandra Luz-Cinisomo, editora del libro \u201c<em>An Integrated Approach to Perinatal Depression and Anxiety in Spanish-Speaking and Latina Women<\/em>\u201d (Springer Nature, 2024). En este texto colaboraron en un cap\u00edtulo sobre la evidencia disponible acerca de la ansiedad perinatal y salud materno-infantil en Chile.<\/p>\n<p>Tambi\u00e9n, participaron en el precongreso del taller \u201cApoyo a la lactancia materna en la crisis de salud mental posparto\u201d, dirigido por Carmela Baeza, m\u00e9dica de familia con amplia experiencia en esta \u00e1rea y miembro del Instituto Europeo de Salud Mental Perinatal.<\/p>\n<p>\u201cEste fue un espacio muy interesante de trabajo en un grupo peque\u00f1o de profesionales de distintos pa\u00edses en el que cada una pudo compartir su trabajo, experiencia y desaf\u00edo en la implementaci\u00f3n de pr\u00e1cticas de salud e investigaci\u00f3n en tem\u00e1ticas de bienestar materno infantil y lactancia\u201d, concluy\u00f3 Garc\u00eda.<\/p>\n<p>Cabe destacar que, tanto Mar\u00eda Ignacia Garc\u00eda y Soledad Coo compartieron con profesionales de la red Latinoamericana de Salud Mental Perinatal y pudieron interactuar con la misi\u00f3n de generar mayores espacios de colaboraci\u00f3n y capacitaci\u00f3n potenciando el sistema educativo de la Facultad de Psicolog\u00eda UDD.<\/p>\n<p><a href=\"https:\/\/psicologia.udd.cl\/doctorado\/files\/2024\/09\/libro-sandra-luz.jpeg\"><img loading=\"lazy\" decoding=\"async\" class=\"alignnone size-full wp-image-2847\" src=\"https:\/\/psicologia.udd.cl\/doctorado\/files\/2024\/09\/libro-sandra-luz.jpeg\" alt=\"\" width=\"2048\" height=\"1536\" srcset=\"https:\/\/psicologia.udd.cl\/doctorado\/files\/2024\/09\/libro-sandra-luz.jpeg 2048w, https:\/\/psicologia.udd.cl\/doctorado\/files\/2024\/09\/libro-sandra-luz-300x225.jpeg 300w, https:\/\/psicologia.udd.cl\/doctorado\/files\/2024\/09\/libro-sandra-luz-1024x768.jpeg 1024w, https:\/\/psicologia.udd.cl\/doctorado\/files\/2024\/09\/libro-sandra-luz-768x576.jpeg 768w, https:\/\/psicologia.udd.cl\/doctorado\/files\/2024\/09\/libro-sandra-luz-1536x1152.jpeg 1536w\" sizes=\"auto, (max-width: 2048px) 100vw, 2048px\" \/><\/a><\/p>\n","protected":false},"excerpt":{"rendered":"<p>La destacada Conferencia de la Sociedad Internacional de Salud Mental Perinatal Marc\u00e9, celebrada en Barcelona del 4 al 7 de septiembre, cont\u00f3 con la participaci\u00f3n de Mar\u00eda Ignacia Garc\u00eda, estudiante del Doctorado en Ciencias del Desarrollo y Psicopatolog\u00eda (DCDP) de Psicolog\u00eda UDD, junto con su tutora de tesis y docente del mismo posgrado, Soledad Coo. [&hellip;]<\/p>\n","protected":false},"author":9192205,"featured_media":2846,"comment_status":"closed","ping_status":"open","sticky":false,"template":"","format":"standard","meta":{"footnotes":""},"categories":[69,88],"tags":[],"class_list":["post-2845","post","type-post","status-publish","format-standard","has-post-thumbnail","hentry","category-noticias","category-prensa-dcdp"],"yoast_head":"<!-- This site is optimized with the Yoast SEO plugin v26.9 - https:\/\/yoast.com\/product\/yoast-seo-wordpress\/ -->\n<title>Representantes del Doctorado en Ciencias del Desarrollo y Psicopatolog\u00eda participaron en Conferencia Internacional en Salud Perinatal - Doctorado en Ciencias del Desarrollo y Psicopatolog\u00eda<\/title>\n<meta name=\"description\" content=\"La destacada Conferencia de la Sociedad Internacional de Salud Mental Perinatal Marc\u00e9, celebrada en Barcelona del 4 al 7 de septiembre, cont\u00f3 con la participaci\u00f3n de Mar\u00eda Ignacia Garc\u00eda, estudiante del Doctorado en Ciencias del Desarrollo y Psicopatolog\u00eda (DCDP) de Psicolog\u00eda UDD, junto con su tutora de tesis y docente del mismo posgrado, Soledad Coo.\" \/>\n<meta name=\"robots\" content=\"index, follow, max-snippet:-1, max-image-preview:large, max-video-preview:-1\" \/>\n<link rel=\"canonical\" href=\"https:\/\/psicologia.udd.cl\/doctorado\/es\/2024\/09\/13\/representantes-del-doctorado-en-ciencias-del-desarrollo-y-psicopatologia-participaron-en-conferencia-internacional-en-salud-perinatal\/\" \/>\n<meta property=\"og:locale\" content=\"es_ES\" \/>\n<meta property=\"og:type\" content=\"article\" \/>\n<meta property=\"og:title\" content=\"Representantes del Doctorado en Ciencias del Desarrollo y Psicopatolog\u00eda participaron en Conferencia Internacional en Salud Perinatal - Doctorado en Ciencias del Desarrollo y Psicopatolog\u00eda\" \/>\n<meta property=\"og:description\" content=\"La destacada Conferencia de la Sociedad Internacional de Salud Mental Perinatal Marc\u00e9, celebrada en Barcelona del 4 al 7 de septiembre, cont\u00f3 con la participaci\u00f3n de Mar\u00eda Ignacia Garc\u00eda, estudiante del Doctorado en Ciencias del Desarrollo y Psicopatolog\u00eda (DCDP) de Psicolog\u00eda UDD, junto con su tutora de tesis y docente del mismo posgrado, Soledad Coo.\" \/>\n<meta property=\"og:url\" content=\"https:\/\/psicologia.udd.cl\/doctorado\/es\/2024\/09\/13\/representantes-del-doctorado-en-ciencias-del-desarrollo-y-psicopatologia-participaron-en-conferencia-internacional-en-salud-perinatal\/\" \/>\n<meta property=\"og:site_name\" content=\"Doctorado en Ciencias del Desarrollo y Psicopatolog\u00eda\" \/>\n<meta property=\"article:published_time\" content=\"2024-09-13T14:22:02+00:00\" \/>\n<meta property=\"article:modified_time\" content=\"2025-06-26T14:34:15+00:00\" \/>\n<meta property=\"og:image\" content=\"https:\/\/psicologia.udd.cl\/doctorado\/files\/2024\/09\/colaboracion-barcelona-1.jpeg\" \/>\n\t<meta property=\"og:image:width\" content=\"792\" \/>\n\t<meta property=\"og:image:height\" content=\"1042\" \/>\n\t<meta property=\"og:image:type\" content=\"image\/jpeg\" \/>\n<meta name=\"author\" content=\"mtinaure\" \/>\n<meta name=\"twitter:card\" content=\"summary_large_image\" \/>\n<meta name=\"twitter:label1\" content=\"Escrito por\" \/>\n\t<meta name=\"twitter:data1\" content=\"mtinaure\" \/>\n\t<meta name=\"twitter:label2\" content=\"Tiempo de lectura\" \/>\n\t<meta name=\"twitter:data2\" content=\"3 minutos\" \/>\n<script type=\"application\/ld+json\" class=\"yoast-schema-graph\">{\"@context\":\"https:\/\/schema.org\",\"@graph\":[{\"@type\":\"Article\",\"@id\":\"https:\/\/psicologia.udd.cl\/doctorado\/es\/2024\/09\/13\/representantes-del-doctorado-en-ciencias-del-desarrollo-y-psicopatologia-participaron-en-conferencia-internacional-en-salud-perinatal\/#article\",\"isPartOf\":{\"@id\":\"https:\/\/psicologia.udd.cl\/doctorado\/es\/2024\/09\/13\/representantes-del-doctorado-en-ciencias-del-desarrollo-y-psicopatologia-participaron-en-conferencia-internacional-en-salud-perinatal\/\"},\"author\":{\"name\":\"mtinaure\",\"@id\":\"https:\/\/psicologia.udd.cl\/doctorado\/#\/schema\/person\/f690c031865236debb7060dd7034f880\"},\"headline\":\"Representantes del Doctorado en Ciencias del Desarrollo y Psicopatolog\u00eda participaron en Conferencia Internacional en Salud Perinatal\",\"datePublished\":\"2024-09-13T14:22:02+00:00\",\"dateModified\":\"2025-06-26T14:34:15+00:00\",\"mainEntityOfPage\":{\"@id\":\"https:\/\/psicologia.udd.cl\/doctorado\/es\/2024\/09\/13\/representantes-del-doctorado-en-ciencias-del-desarrollo-y-psicopatologia-participaron-en-conferencia-internacional-en-salud-perinatal\/\"},\"wordCount\":530,\"image\":{\"@id\":\"https:\/\/psicologia.udd.cl\/doctorado\/es\/2024\/09\/13\/representantes-del-doctorado-en-ciencias-del-desarrollo-y-psicopatologia-participaron-en-conferencia-internacional-en-salud-perinatal\/#primaryimage\"},\"thumbnailUrl\":\"https:\/\/psicologia.udd.cl\/doctorado\/files\/2024\/09\/colaboracion-barcelona-1.jpeg\",\"articleSection\":[\"Noticias\",\"Prensa DCDP\"],\"inLanguage\":\"es\"},{\"@type\":\"WebPage\",\"@id\":\"https:\/\/psicologia.udd.cl\/doctorado\/es\/2024\/09\/13\/representantes-del-doctorado-en-ciencias-del-desarrollo-y-psicopatologia-participaron-en-conferencia-internacional-en-salud-perinatal\/\",\"url\":\"https:\/\/psicologia.udd.cl\/doctorado\/es\/2024\/09\/13\/representantes-del-doctorado-en-ciencias-del-desarrollo-y-psicopatologia-participaron-en-conferencia-internacional-en-salud-perinatal\/\",\"name\":\"Representantes del Doctorado en Ciencias del Desarrollo y Psicopatolog\u00eda participaron en Conferencia Internacional en Salud Perinatal - Doctorado en Ciencias del Desarrollo y Psicopatolog\u00eda\",\"isPartOf\":{\"@id\":\"https:\/\/psicologia.udd.cl\/doctorado\/#website\"},\"primaryImageOfPage\":{\"@id\":\"https:\/\/psicologia.udd.cl\/doctorado\/es\/2024\/09\/13\/representantes-del-doctorado-en-ciencias-del-desarrollo-y-psicopatologia-participaron-en-conferencia-internacional-en-salud-perinatal\/#primaryimage\"},\"image\":{\"@id\":\"https:\/\/psicologia.udd.cl\/doctorado\/es\/2024\/09\/13\/representantes-del-doctorado-en-ciencias-del-desarrollo-y-psicopatologia-participaron-en-conferencia-internacional-en-salud-perinatal\/#primaryimage\"},\"thumbnailUrl\":\"https:\/\/psicologia.udd.cl\/doctorado\/files\/2024\/09\/colaboracion-barcelona-1.jpeg\",\"datePublished\":\"2024-09-13T14:22:02+00:00\",\"dateModified\":\"2025-06-26T14:34:15+00:00\",\"author\":{\"@id\":\"https:\/\/psicologia.udd.cl\/doctorado\/#\/schema\/person\/f690c031865236debb7060dd7034f880\"},\"description\":\"La destacada Conferencia de la Sociedad Internacional de Salud Mental Perinatal Marc\u00e9, celebrada en Barcelona del 4 al 7 de septiembre, cont\u00f3 con la participaci\u00f3n de Mar\u00eda Ignacia Garc\u00eda, estudiante del Doctorado en Ciencias del Desarrollo y Psicopatolog\u00eda (DCDP) de Psicolog\u00eda UDD, junto con su tutora de tesis y docente del mismo posgrado, Soledad Coo.\",\"inLanguage\":\"es\",\"potentialAction\":[{\"@type\":\"ReadAction\",\"target\":[\"https:\/\/psicologia.udd.cl\/doctorado\/es\/2024\/09\/13\/representantes-del-doctorado-en-ciencias-del-desarrollo-y-psicopatologia-participaron-en-conferencia-internacional-en-salud-perinatal\/\"]}]},{\"@type\":\"ImageObject\",\"inLanguage\":\"es\",\"@id\":\"https:\/\/psicologia.udd.cl\/doctorado\/es\/2024\/09\/13\/representantes-del-doctorado-en-ciencias-del-desarrollo-y-psicopatologia-participaron-en-conferencia-internacional-en-salud-perinatal\/#primaryimage\",\"url\":\"https:\/\/psicologia.udd.cl\/doctorado\/files\/2024\/09\/colaboracion-barcelona-1.jpeg\",\"contentUrl\":\"https:\/\/psicologia.udd.cl\/doctorado\/files\/2024\/09\/colaboracion-barcelona-1.jpeg\",\"width\":792,\"height\":1042},{\"@type\":\"WebSite\",\"@id\":\"https:\/\/psicologia.udd.cl\/doctorado\/#website\",\"url\":\"https:\/\/psicologia.udd.cl\/doctorado\/\",\"name\":\"Doctorado en Ciencias del Desarrollo y Psicopatolog\u00eda\",\"description\":\"\",\"inLanguage\":\"es\"},{\"@type\":\"Person\",\"@id\":\"https:\/\/psicologia.udd.cl\/doctorado\/#\/schema\/person\/f690c031865236debb7060dd7034f880\",\"name\":\"mtinaure\",\"image\":{\"@type\":\"ImageObject\",\"inLanguage\":\"es\",\"@id\":\"https:\/\/psicologia.udd.cl\/doctorado\/#\/schema\/person\/image\/\",\"url\":\"https:\/\/secure.gravatar.com\/avatar\/3cfd25d6c1e16ed20114900a3cd4270b61e310d0b266a884fa44fd2d1385b4f0?s=96&d=mm&r=g\",\"contentUrl\":\"https:\/\/secure.gravatar.com\/avatar\/3cfd25d6c1e16ed20114900a3cd4270b61e310d0b266a884fa44fd2d1385b4f0?s=96&d=mm&r=g\",\"caption\":\"mtinaure\"},\"url\":\"https:\/\/psicologia.udd.cl\/doctorado\/author\/mtinaure\/\"}]}<\/script>\n<!-- \/ Yoast SEO plugin. -->","yoast_head_json":{"title":"Representantes del Doctorado en Ciencias del Desarrollo y Psicopatolog\u00eda participaron en Conferencia Internacional en Salud Perinatal - Doctorado en Ciencias del Desarrollo y Psicopatolog\u00eda","description":"La destacada Conferencia de la Sociedad Internacional de Salud Mental Perinatal Marc\u00e9, celebrada en Barcelona del 4 al 7 de septiembre, cont\u00f3 con la participaci\u00f3n de Mar\u00eda Ignacia Garc\u00eda, estudiante del Doctorado en Ciencias del Desarrollo y Psicopatolog\u00eda (DCDP) de Psicolog\u00eda UDD, junto con su tutora de tesis y docente del mismo posgrado, Soledad Coo.","robots":{"index":"index","follow":"follow","max-snippet":"max-snippet:-1","max-image-preview":"max-image-preview:large","max-video-preview":"max-video-preview:-1"},"canonical":"https:\/\/psicologia.udd.cl\/doctorado\/es\/2024\/09\/13\/representantes-del-doctorado-en-ciencias-del-desarrollo-y-psicopatologia-participaron-en-conferencia-internacional-en-salud-perinatal\/","og_locale":"es_ES","og_type":"article","og_title":"Representantes del Doctorado en Ciencias del Desarrollo y Psicopatolog\u00eda participaron en Conferencia Internacional en Salud Perinatal - Doctorado en Ciencias del Desarrollo y Psicopatolog\u00eda","og_description":"La destacada Conferencia de la Sociedad Internacional de Salud Mental Perinatal Marc\u00e9, celebrada en Barcelona del 4 al 7 de septiembre, cont\u00f3 con la participaci\u00f3n de Mar\u00eda Ignacia Garc\u00eda, estudiante del Doctorado en Ciencias del Desarrollo y Psicopatolog\u00eda (DCDP) de Psicolog\u00eda UDD, junto con su tutora de tesis y docente del mismo posgrado, Soledad Coo.","og_url":"https:\/\/psicologia.udd.cl\/doctorado\/es\/2024\/09\/13\/representantes-del-doctorado-en-ciencias-del-desarrollo-y-psicopatologia-participaron-en-conferencia-internacional-en-salud-perinatal\/","og_site_name":"Doctorado en Ciencias del Desarrollo y Psicopatolog\u00eda","article_published_time":"2024-09-13T14:22:02+00:00","article_modified_time":"2025-06-26T14:34:15+00:00","og_image":[{"width":792,"height":1042,"url":"https:\/\/psicologia.udd.cl\/doctorado\/files\/2024\/09\/colaboracion-barcelona-1.jpeg","type":"image\/jpeg"}],"author":"mtinaure","twitter_card":"summary_large_image","twitter_misc":{"Escrito por":"mtinaure","Tiempo de lectura":"3 minutos"},"schema":{"@context":"https:\/\/schema.org","@graph":[{"@type":"Article","@id":"https:\/\/psicologia.udd.cl\/doctorado\/es\/2024\/09\/13\/representantes-del-doctorado-en-ciencias-del-desarrollo-y-psicopatologia-participaron-en-conferencia-internacional-en-salud-perinatal\/#article","isPartOf":{"@id":"https:\/\/psicologia.udd.cl\/doctorado\/es\/2024\/09\/13\/representantes-del-doctorado-en-ciencias-del-desarrollo-y-psicopatologia-participaron-en-conferencia-internacional-en-salud-perinatal\/"},"author":{"name":"mtinaure","@id":"https:\/\/psicologia.udd.cl\/doctorado\/#\/schema\/person\/f690c031865236debb7060dd7034f880"},"headline":"Representantes del Doctorado en Ciencias del Desarrollo y Psicopatolog\u00eda participaron en Conferencia Internacional en Salud Perinatal","datePublished":"2024-09-13T14:22:02+00:00","dateModified":"2025-06-26T14:34:15+00:00","mainEntityOfPage":{"@id":"https:\/\/psicologia.udd.cl\/doctorado\/es\/2024\/09\/13\/representantes-del-doctorado-en-ciencias-del-desarrollo-y-psicopatologia-participaron-en-conferencia-internacional-en-salud-perinatal\/"},"wordCount":530,"image":{"@id":"https:\/\/psicologia.udd.cl\/doctorado\/es\/2024\/09\/13\/representantes-del-doctorado-en-ciencias-del-desarrollo-y-psicopatologia-participaron-en-conferencia-internacional-en-salud-perinatal\/#primaryimage"},"thumbnailUrl":"https:\/\/psicologia.udd.cl\/doctorado\/files\/2024\/09\/colaboracion-barcelona-1.jpeg","articleSection":["Noticias","Prensa DCDP"],"inLanguage":"es"},{"@type":"WebPage","@id":"https:\/\/psicologia.udd.cl\/doctorado\/es\/2024\/09\/13\/representantes-del-doctorado-en-ciencias-del-desarrollo-y-psicopatologia-participaron-en-conferencia-internacional-en-salud-perinatal\/","url":"https:\/\/psicologia.udd.cl\/doctorado\/es\/2024\/09\/13\/representantes-del-doctorado-en-ciencias-del-desarrollo-y-psicopatologia-participaron-en-conferencia-internacional-en-salud-perinatal\/","name":"Representantes del Doctorado en Ciencias del Desarrollo y Psicopatolog\u00eda participaron en Conferencia Internacional en Salud Perinatal - Doctorado en Ciencias del Desarrollo y Psicopatolog\u00eda","isPartOf":{"@id":"https:\/\/psicologia.udd.cl\/doctorado\/#website"},"primaryImageOfPage":{"@id":"https:\/\/psicologia.udd.cl\/doctorado\/es\/2024\/09\/13\/representantes-del-doctorado-en-ciencias-del-desarrollo-y-psicopatologia-participaron-en-conferencia-internacional-en-salud-perinatal\/#primaryimage"},"image":{"@id":"https:\/\/psicologia.udd.cl\/doctorado\/es\/2024\/09\/13\/representantes-del-doctorado-en-ciencias-del-desarrollo-y-psicopatologia-participaron-en-conferencia-internacional-en-salud-perinatal\/#primaryimage"},"thumbnailUrl":"https:\/\/psicologia.udd.cl\/doctorado\/files\/2024\/09\/colaboracion-barcelona-1.jpeg","datePublished":"2024-09-13T14:22:02+00:00","dateModified":"2025-06-26T14:34:15+00:00","author":{"@id":"https:\/\/psicologia.udd.cl\/doctorado\/#\/schema\/person\/f690c031865236debb7060dd7034f880"},"description":"La destacada Conferencia de la Sociedad Internacional de Salud Mental Perinatal Marc\u00e9, celebrada en Barcelona del 4 al 7 de septiembre, cont\u00f3 con la participaci\u00f3n de Mar\u00eda Ignacia Garc\u00eda, estudiante del Doctorado en Ciencias del Desarrollo y Psicopatolog\u00eda (DCDP) de Psicolog\u00eda UDD, junto con su tutora de tesis y docente del mismo posgrado, Soledad Coo.","inLanguage":"es","potentialAction":[{"@type":"ReadAction","target":["https:\/\/psicologia.udd.cl\/doctorado\/es\/2024\/09\/13\/representantes-del-doctorado-en-ciencias-del-desarrollo-y-psicopatologia-participaron-en-conferencia-internacional-en-salud-perinatal\/"]}]},{"@type":"ImageObject","inLanguage":"es","@id":"https:\/\/psicologia.udd.cl\/doctorado\/es\/2024\/09\/13\/representantes-del-doctorado-en-ciencias-del-desarrollo-y-psicopatologia-participaron-en-conferencia-internacional-en-salud-perinatal\/#primaryimage","url":"https:\/\/psicologia.udd.cl\/doctorado\/files\/2024\/09\/colaboracion-barcelona-1.jpeg","contentUrl":"https:\/\/psicologia.udd.cl\/doctorado\/files\/2024\/09\/colaboracion-barcelona-1.jpeg","width":792,"height":1042},{"@type":"WebSite","@id":"https:\/\/psicologia.udd.cl\/doctorado\/#website","url":"https:\/\/psicologia.udd.cl\/doctorado\/","name":"Doctorado en Ciencias del Desarrollo y Psicopatolog\u00eda","description":"","inLanguage":"es"},{"@type":"Person","@id":"https:\/\/psicologia.udd.cl\/doctorado\/#\/schema\/person\/f690c031865236debb7060dd7034f880","name":"mtinaure","image":{"@type":"ImageObject","inLanguage":"es","@id":"https:\/\/psicologia.udd.cl\/doctorado\/#\/schema\/person\/image\/","url":"https:\/\/secure.gravatar.com\/avatar\/3cfd25d6c1e16ed20114900a3cd4270b61e310d0b266a884fa44fd2d1385b4f0?s=96&d=mm&r=g","contentUrl":"https:\/\/secure.gravatar.com\/avatar\/3cfd25d6c1e16ed20114900a3cd4270b61e310d0b266a884fa44fd2d1385b4f0?s=96&d=mm&r=g","caption":"mtinaure"},"url":"https:\/\/psicologia.udd.cl\/doctorado\/author\/mtinaure\/"}]}},"featured_image_url":"https:\/\/psicologia.udd.cl\/doctorado\/files\/2024\/09\/colaboracion-barcelona-1.jpeg","_links":{"self":[{"href":"https:\/\/psicologia.udd.cl\/doctorado\/wp-json\/wp\/v2\/posts\/2845","targetHints":{"allow":["GET"]}}],"collection":[{"href":"https:\/\/psicologia.udd.cl\/doctorado\/wp-json\/wp\/v2\/posts"}],"about":[{"href":"https:\/\/psicologia.udd.cl\/doctorado\/wp-json\/wp\/v2\/types\/post"}],"author":[{"embeddable":true,"href":"https:\/\/psicologia.udd.cl\/doctorado\/wp-json\/wp\/v2\/users\/9192205"}],"replies":[{"embeddable":true,"href":"https:\/\/psicologia.udd.cl\/doctorado\/wp-json\/wp\/v2\/comments?post=2845"}],"version-history":[{"count":1,"href":"https:\/\/psicologia.udd.cl\/doctorado\/wp-json\/wp\/v2\/posts\/2845\/revisions"}],"predecessor-version":[{"id":2994,"href":"https:\/\/psicologia.udd.cl\/doctorado\/wp-json\/wp\/v2\/posts\/2845\/revisions\/2994"}],"wp:featuredmedia":[{"embeddable":true,"href":"https:\/\/psicologia.udd.cl\/doctorado\/wp-json\/wp\/v2\/media\/2846"}],"wp:attachment":[{"href":"https:\/\/psicologia.udd.cl\/doctorado\/wp-json\/wp\/v2\/media?parent=2845"}],"wp:term":[{"taxonomy":"category","embeddable":true,"href":"https:\/\/psicologia.udd.cl\/doctorado\/wp-json\/wp\/v2\/categories?post=2845"},{"taxonomy":"post_tag","embeddable":true,"href":"https:\/\/psicologia.udd.cl\/doctorado\/wp-json\/wp\/v2\/tags?post=2845"}],"curies":[{"name":"wp","href":"https:\/\/api.w.org\/{rel}","templated":true}]}}