{"id":2403,"date":"2024-04-26T11:19:24","date_gmt":"2024-04-26T15:19:24","guid":{"rendered":"https:\/\/psicologia.udd.cl\/doctorado\/?p=2403"},"modified":"2024-04-26T11:19:24","modified_gmt":"2024-04-26T15:19:24","slug":"colaboracion-con-experto-internacional-fortalece-investigacion-en-consciencia-en-el-dcdp","status":"publish","type":"post","link":"https:\/\/psicologia.udd.cl\/doctorado\/es\/2024\/04\/26\/colaboracion-con-experto-internacional-fortalece-investigacion-en-consciencia-en-el-dcdp\/","title":{"rendered":"Colaboraci\u00f3n con experto internacional fortalece investigaci\u00f3n en consciencia en el DCDP"},"content":{"rendered":"<div id=\"gallery-1\" class=\"carousel slide carousel-gallery\" data-ride=\"false\" data-interval=\"false\"><div class=\"carousel-inner\" role=\"listbox\"><figure class=\"carousel-item active\"><img loading=\"lazy\" decoding=\"async\" width=\"952\" height=\"534\" src=\"https:\/\/psicologia.udd.cl\/doctorado\/files\/2024\/04\/img_7863-680x382.jpeg\" class=\"attachment-landscape_952 size-landscape_952 lazyload\" alt=\"\" sizes=\"auto, (max-width: 952px) 100vw, 952px\" data-src=\"https:\/\/psicologia.udd.cl\/doctorado\/files\/2024\/04\/img_7863-952x534.jpeg\" data-srcset=\"https:\/\/psicologia.udd.cl\/doctorado\/files\/2024\/04\/img_7863-952x534.jpeg 952w, https:\/\/psicologia.udd.cl\/doctorado\/files\/2024\/04\/img_7863-1366x768.jpeg 1366w, https:\/\/psicologia.udd.cl\/doctorado\/files\/2024\/04\/img_7863-680x382.jpeg 680w\" \/><\/figure><figure class=\"carousel-item\"><img loading=\"lazy\" decoding=\"async\" width=\"952\" height=\"534\" src=\"https:\/\/psicologia.udd.cl\/doctorado\/files\/2024\/04\/img_7876-680x382.jpeg\" class=\"attachment-landscape_952 size-landscape_952 lazyload\" alt=\"\" sizes=\"auto, (max-width: 952px) 100vw, 952px\" data-src=\"https:\/\/psicologia.udd.cl\/doctorado\/files\/2024\/04\/img_7876-952x534.jpeg\" data-srcset=\"https:\/\/psicologia.udd.cl\/doctorado\/files\/2024\/04\/img_7876-952x534.jpeg 952w, https:\/\/psicologia.udd.cl\/doctorado\/files\/2024\/04\/img_7876-1366x768.jpeg 1366w, https:\/\/psicologia.udd.cl\/doctorado\/files\/2024\/04\/img_7876-680x382.jpeg 680w\" \/><\/figure><figure class=\"carousel-item\"><img loading=\"lazy\" decoding=\"async\" width=\"952\" height=\"534\" src=\"https:\/\/psicologia.udd.cl\/doctorado\/files\/2024\/04\/img_7885-680x382.jpeg\" class=\"attachment-landscape_952 size-landscape_952 lazyload\" alt=\"\" sizes=\"auto, (max-width: 952px) 100vw, 952px\" data-src=\"https:\/\/psicologia.udd.cl\/doctorado\/files\/2024\/04\/img_7885-952x534.jpeg\" data-srcset=\"https:\/\/psicologia.udd.cl\/doctorado\/files\/2024\/04\/img_7885-952x534.jpeg 952w, https:\/\/psicologia.udd.cl\/doctorado\/files\/2024\/04\/img_7885-1366x768.jpeg 1366w, https:\/\/psicologia.udd.cl\/doctorado\/files\/2024\/04\/img_7885-680x382.jpeg 680w\" \/><\/figure><\/div><footer class=\"carousel-footer\"><div class=\"carousel-counter\"><span class=\"carousel-counter-current\"><\/span> \/ <span class=\"carousel-counter-total\"><\/span><\/div><a class=\"carousel-control-prev\" href=\"#gallery-1\" role=\"button\" data-slide=\"prev\"><svg aria-hidden=\"true\" class=\"svg-chevron-left-dims\"><use xlink:href='https:\/\/psicologia.udd.cl\/doctorado\/wp-content\/themes\/facultades-2018\/assets\/img\/svg\/dist\/main.svg?version=1695853099#chevron-left'><\/use><\/svg><span class=\"sr-only\">Anterior<\/span><\/a><a class=\"carousel-control-next\" href=\"#gallery-1\" role=\"button\" data-slide=\"next\"><svg aria-hidden=\"true\" class=\"svg-chevron-right-dims\"><use xlink:href='https:\/\/psicologia.udd.cl\/doctorado\/wp-content\/themes\/facultades-2018\/assets\/img\/svg\/dist\/main.svg?version=1695853099#chevron-right'><\/use><\/svg><span class=\"sr-only\">Siguiente<\/span><\/a><\/footer><\/div>\n<p>&nbsp;<\/p>\n<p><strong>Jerome Sackur, <\/strong>psic\u00f3logo cognitivo y fil\u00f3sofo; y, tambi\u00e9n director del Laboratorio de Ciencias Cognitivas y Psicoling\u00fc\u00edstica del Departamento de estudios cognitivos, de la \u00c9cole Normale Sup\u00e9rieure, realiz\u00f3 una visita a nuestro pa\u00eds para participar en diversas actividades vinculadas con el Doctorado en Ciencias del Desarrollo y Psicopatolog\u00eda de la Universidad del Desarrollo en enero de 2024, en el contexto del Fondecyt Regular n\u00b0 1221785 dirigido por el acad\u00e9mico Gabriel Reyes.<\/p>\n<p>Durante su visita, Sackur imparti\u00f3 dos workshops de gran relevancia para la investigaci\u00f3n en Psicolog\u00eda. En el primero, titulado <strong>\u00abMedidas objetivas y subjetivas en investigaci\u00f3n en psicolog\u00eda\u00bb<\/strong>, abord\u00f3 la importancia de utilizar diferentes enfoques para comprender la experiencia subjetiva de los individuos. Luego, en la segunda instancia, denominada <strong>\u00abNuevas direcciones en el estudio de la consciencia\u00bb<\/strong>, explor\u00f3 los avances m\u00e1s recientes en el campo de la consciencia y su relevancia para la psicopatolog\u00eda.<\/p>\n<p>Adem\u00e1s de los workshops, Sackur sostuvo reuniones con los futuros doctores en Ciencias del Desarrollo e integrantes del CogSci Lab, Mauricio Barrientos, Leonel Tapia y Sof\u00eda Gana. Estas reuniones permitieron discutir temas espec\u00edficos relacionados con las tesis de los investigadores y explorar posibles colaboraciones futuras.<\/p>\n<p>La visita de Jerome Sackur representa una oportunidad invaluable para el programa de Doctorado en Ciencias del Desarrollo y Psicopatolog\u00eda, fortaleciendo la colaboraci\u00f3n internacional y abriendo nuevas puertas para la investigaci\u00f3n en el campo de la consciencia y la psicopatolog\u00eda.<\/p>\n","protected":false},"excerpt":{"rendered":"<p>&nbsp; Jerome Sackur, psic\u00f3logo cognitivo y fil\u00f3sofo; y, tambi\u00e9n director del Laboratorio de Ciencias Cognitivas y Psicoling\u00fc\u00edstica del Departamento de estudios cognitivos, de la \u00c9cole Normale Sup\u00e9rieure, realiz\u00f3 una visita a nuestro pa\u00eds para participar en diversas actividades vinculadas con el Doctorado en Ciencias del Desarrollo y Psicopatolog\u00eda de la Universidad del Desarrollo en enero [&hellip;]<\/p>\n","protected":false},"author":0,"featured_media":0,"comment_status":"closed","ping_status":"open","sticky":false,"template":"","format":"standard","meta":{"footnotes":""},"categories":[69],"tags":[],"class_list":["post-2403","post","type-post","status-publish","format-standard","hentry","category-noticias"],"yoast_head":"<!-- This site is optimized with the Yoast SEO plugin v26.9 - https:\/\/yoast.com\/product\/yoast-seo-wordpress\/ -->\n<title>Colaboraci\u00f3n con experto internacional fortalece investigaci\u00f3n en consciencia en el DCDP - Doctorado en Ciencias del Desarrollo y Psicopatolog\u00eda<\/title>\n<meta name=\"robots\" content=\"index, follow, max-snippet:-1, max-image-preview:large, max-video-preview:-1\" \/>\n<link rel=\"canonical\" href=\"https:\/\/psicologia.udd.cl\/doctorado\/es\/2024\/04\/26\/colaboracion-con-experto-internacional-fortalece-investigacion-en-consciencia-en-el-dcdp\/\" \/>\n<meta property=\"og:locale\" content=\"es_ES\" \/>\n<meta property=\"og:type\" content=\"article\" \/>\n<meta property=\"og:title\" content=\"Colaboraci\u00f3n con experto internacional fortalece investigaci\u00f3n en consciencia en el DCDP - Doctorado en Ciencias del Desarrollo y Psicopatolog\u00eda\" \/>\n<meta property=\"og:description\" content=\"&nbsp; Jerome Sackur, psic\u00f3logo cognitivo y fil\u00f3sofo; y, tambi\u00e9n director del Laboratorio de Ciencias Cognitivas y Psicoling\u00fc\u00edstica del Departamento de estudios cognitivos, de la \u00c9cole Normale Sup\u00e9rieure, realiz\u00f3 una visita a nuestro pa\u00eds para participar en diversas actividades vinculadas con el Doctorado en Ciencias del Desarrollo y Psicopatolog\u00eda de la Universidad del Desarrollo en enero [&hellip;]\" \/>\n<meta property=\"og:url\" content=\"https:\/\/psicologia.udd.cl\/doctorado\/es\/2024\/04\/26\/colaboracion-con-experto-internacional-fortalece-investigacion-en-consciencia-en-el-dcdp\/\" \/>\n<meta property=\"og:site_name\" content=\"Doctorado en Ciencias del Desarrollo y Psicopatolog\u00eda\" \/>\n<meta property=\"article:published_time\" content=\"2024-04-26T15:19:24+00:00\" \/>\n<meta property=\"og:image\" content=\"https:\/\/psicologia.udd.cl\/doctorado\/files\/2024\/04\/img_7863-680x382.jpeg\" \/>\n<meta name=\"twitter:card\" content=\"summary_large_image\" \/>\n<meta name=\"twitter:label1\" content=\"Tiempo de lectura\" \/>\n\t<meta name=\"twitter:data1\" content=\"2 minutos\" \/>\n<script type=\"application\/ld+json\" class=\"yoast-schema-graph\">{\"@context\":\"https:\/\/schema.org\",\"@graph\":[{\"@type\":\"Article\",\"@id\":\"https:\/\/psicologia.udd.cl\/doctorado\/es\/2024\/04\/26\/colaboracion-con-experto-internacional-fortalece-investigacion-en-consciencia-en-el-dcdp\/#article\",\"isPartOf\":{\"@id\":\"https:\/\/psicologia.udd.cl\/doctorado\/es\/2024\/04\/26\/colaboracion-con-experto-internacional-fortalece-investigacion-en-consciencia-en-el-dcdp\/\"},\"author\":{\"name\":\"\",\"@id\":\"\"},\"headline\":\"Colaboraci\u00f3n con experto internacional fortalece investigaci\u00f3n en consciencia en el DCDP\",\"datePublished\":\"2024-04-26T15:19:24+00:00\",\"mainEntityOfPage\":{\"@id\":\"https:\/\/psicologia.udd.cl\/doctorado\/es\/2024\/04\/26\/colaboracion-con-experto-internacional-fortalece-investigacion-en-consciencia-en-el-dcdp\/\"},\"wordCount\":263,\"articleSection\":[\"Noticias\"],\"inLanguage\":\"es\"},{\"@type\":\"WebPage\",\"@id\":\"https:\/\/psicologia.udd.cl\/doctorado\/es\/2024\/04\/26\/colaboracion-con-experto-internacional-fortalece-investigacion-en-consciencia-en-el-dcdp\/\",\"url\":\"https:\/\/psicologia.udd.cl\/doctorado\/es\/2024\/04\/26\/colaboracion-con-experto-internacional-fortalece-investigacion-en-consciencia-en-el-dcdp\/\",\"name\":\"Colaboraci\u00f3n con experto internacional fortalece investigaci\u00f3n en consciencia en el DCDP - Doctorado en Ciencias del Desarrollo y Psicopatolog\u00eda\",\"isPartOf\":{\"@id\":\"https:\/\/psicologia.udd.cl\/doctorado\/#website\"},\"datePublished\":\"2024-04-26T15:19:24+00:00\",\"author\":{\"@id\":\"\"},\"inLanguage\":\"es\",\"potentialAction\":[{\"@type\":\"ReadAction\",\"target\":[\"https:\/\/psicologia.udd.cl\/doctorado\/es\/2024\/04\/26\/colaboracion-con-experto-internacional-fortalece-investigacion-en-consciencia-en-el-dcdp\/\"]}]},{\"@type\":\"WebSite\",\"@id\":\"https:\/\/psicologia.udd.cl\/doctorado\/#website\",\"url\":\"https:\/\/psicologia.udd.cl\/doctorado\/\",\"name\":\"Doctorado en Ciencias del Desarrollo y Psicopatolog\u00eda\",\"description\":\"\",\"inLanguage\":\"es\"}]}<\/script>\n<!-- \/ Yoast SEO plugin. -->","yoast_head_json":{"title":"Colaboraci\u00f3n con experto internacional fortalece investigaci\u00f3n en consciencia en el DCDP - Doctorado en Ciencias del Desarrollo y Psicopatolog\u00eda","robots":{"index":"index","follow":"follow","max-snippet":"max-snippet:-1","max-image-preview":"max-image-preview:large","max-video-preview":"max-video-preview:-1"},"canonical":"https:\/\/psicologia.udd.cl\/doctorado\/es\/2024\/04\/26\/colaboracion-con-experto-internacional-fortalece-investigacion-en-consciencia-en-el-dcdp\/","og_locale":"es_ES","og_type":"article","og_title":"Colaboraci\u00f3n con experto internacional fortalece investigaci\u00f3n en consciencia en el DCDP - Doctorado en Ciencias del Desarrollo y Psicopatolog\u00eda","og_description":"&nbsp; Jerome Sackur, psic\u00f3logo cognitivo y fil\u00f3sofo; y, tambi\u00e9n director del Laboratorio de Ciencias Cognitivas y Psicoling\u00fc\u00edstica del Departamento de estudios cognitivos, de la \u00c9cole Normale Sup\u00e9rieure, realiz\u00f3 una visita a nuestro pa\u00eds para participar en diversas actividades vinculadas con el Doctorado en Ciencias del Desarrollo y Psicopatolog\u00eda de la Universidad del Desarrollo en enero [&hellip;]","og_url":"https:\/\/psicologia.udd.cl\/doctorado\/es\/2024\/04\/26\/colaboracion-con-experto-internacional-fortalece-investigacion-en-consciencia-en-el-dcdp\/","og_site_name":"Doctorado en Ciencias del Desarrollo y Psicopatolog\u00eda","article_published_time":"2024-04-26T15:19:24+00:00","og_image":[{"url":"https:\/\/psicologia.udd.cl\/doctorado\/files\/2024\/04\/img_7863-680x382.jpeg","type":"","width":"","height":""}],"twitter_card":"summary_large_image","twitter_misc":{"Tiempo de lectura":"2 minutos"},"schema":{"@context":"https:\/\/schema.org","@graph":[{"@type":"Article","@id":"https:\/\/psicologia.udd.cl\/doctorado\/es\/2024\/04\/26\/colaboracion-con-experto-internacional-fortalece-investigacion-en-consciencia-en-el-dcdp\/#article","isPartOf":{"@id":"https:\/\/psicologia.udd.cl\/doctorado\/es\/2024\/04\/26\/colaboracion-con-experto-internacional-fortalece-investigacion-en-consciencia-en-el-dcdp\/"},"author":{"name":"","@id":""},"headline":"Colaboraci\u00f3n con experto internacional fortalece investigaci\u00f3n en consciencia en el DCDP","datePublished":"2024-04-26T15:19:24+00:00","mainEntityOfPage":{"@id":"https:\/\/psicologia.udd.cl\/doctorado\/es\/2024\/04\/26\/colaboracion-con-experto-internacional-fortalece-investigacion-en-consciencia-en-el-dcdp\/"},"wordCount":263,"articleSection":["Noticias"],"inLanguage":"es"},{"@type":"WebPage","@id":"https:\/\/psicologia.udd.cl\/doctorado\/es\/2024\/04\/26\/colaboracion-con-experto-internacional-fortalece-investigacion-en-consciencia-en-el-dcdp\/","url":"https:\/\/psicologia.udd.cl\/doctorado\/es\/2024\/04\/26\/colaboracion-con-experto-internacional-fortalece-investigacion-en-consciencia-en-el-dcdp\/","name":"Colaboraci\u00f3n con experto internacional fortalece investigaci\u00f3n en consciencia en el DCDP - Doctorado en Ciencias del Desarrollo y Psicopatolog\u00eda","isPartOf":{"@id":"https:\/\/psicologia.udd.cl\/doctorado\/#website"},"datePublished":"2024-04-26T15:19:24+00:00","author":{"@id":""},"inLanguage":"es","potentialAction":[{"@type":"ReadAction","target":["https:\/\/psicologia.udd.cl\/doctorado\/es\/2024\/04\/26\/colaboracion-con-experto-internacional-fortalece-investigacion-en-consciencia-en-el-dcdp\/"]}]},{"@type":"WebSite","@id":"https:\/\/psicologia.udd.cl\/doctorado\/#website","url":"https:\/\/psicologia.udd.cl\/doctorado\/","name":"Doctorado en Ciencias del Desarrollo y Psicopatolog\u00eda","description":"","inLanguage":"es"}]}},"featured_image_url":null,"_links":{"self":[{"href":"https:\/\/psicologia.udd.cl\/doctorado\/wp-json\/wp\/v2\/posts\/2403","targetHints":{"allow":["GET"]}}],"collection":[{"href":"https:\/\/psicologia.udd.cl\/doctorado\/wp-json\/wp\/v2\/posts"}],"about":[{"href":"https:\/\/psicologia.udd.cl\/doctorado\/wp-json\/wp\/v2\/types\/post"}],"replies":[{"embeddable":true,"href":"https:\/\/psicologia.udd.cl\/doctorado\/wp-json\/wp\/v2\/comments?post=2403"}],"version-history":[{"count":0,"href":"https:\/\/psicologia.udd.cl\/doctorado\/wp-json\/wp\/v2\/posts\/2403\/revisions"}],"wp:attachment":[{"href":"https:\/\/psicologia.udd.cl\/doctorado\/wp-json\/wp\/v2\/media?parent=2403"}],"wp:term":[{"taxonomy":"category","embeddable":true,"href":"https:\/\/psicologia.udd.cl\/doctorado\/wp-json\/wp\/v2\/categories?post=2403"},{"taxonomy":"post_tag","embeddable":true,"href":"https:\/\/psicologia.udd.cl\/doctorado\/wp-json\/wp\/v2\/tags?post=2403"}],"curies":[{"name":"wp","href":"https:\/\/api.w.org\/{rel}","templated":true}]}}