{"id":2364,"date":"2024-04-23T12:48:21","date_gmt":"2024-04-23T16:48:21","guid":{"rendered":"https:\/\/psicologia.udd.cl\/doctorado\/?p=2364"},"modified":"2024-04-23T12:48:21","modified_gmt":"2024-04-23T16:48:21","slug":"estudiante-del-dcdp-es-consultada-sobre-uso-de-tecnologia-e-inteligencia-artificial-en-salud-mental","status":"publish","type":"post","link":"https:\/\/psicologia.udd.cl\/doctorado\/es\/2024\/04\/23\/estudiante-del-dcdp-es-consultada-sobre-uso-de-tecnologia-e-inteligencia-artificial-en-salud-mental\/","title":{"rendered":"Estudiante del DCDP es consultada sobre uso de tecnolog\u00eda e Inteligencia Artificial en Salud Mental"},"content":{"rendered":"<p><img loading=\"lazy\" decoding=\"async\" class=\"size-medium wp-image-2367 aligncenter\" src=\"https:\/\/psicologia.udd.cl\/doctorado\/files\/2024\/04\/sanndy-prensa-e1713890818174-300x176.png\" alt=\"\" width=\"300\" height=\"176\" srcset=\"https:\/\/psicologia.udd.cl\/doctorado\/files\/2024\/04\/sanndy-prensa-e1713890818174-300x176.png 300w, https:\/\/psicologia.udd.cl\/doctorado\/files\/2024\/04\/sanndy-prensa-e1713890818174-1024x602.png 1024w, https:\/\/psicologia.udd.cl\/doctorado\/files\/2024\/04\/sanndy-prensa-e1713890818174-768x451.png 768w, https:\/\/psicologia.udd.cl\/doctorado\/files\/2024\/04\/sanndy-prensa-e1713890818174.png 1397w\" sizes=\"auto, (max-width: 300px) 100vw, 300px\" \/><\/p>\n<p>&nbsp;<\/p>\n<p>Dentro del auge de la inteligencia artificial, el uso de plataformas para la salud mental ha ido increment\u00e1ndose, sobre todo, tras el comienzo de la pandemia. En este contexto, se plantea el debate de la efectividad y el car\u00e1cter \u00e9tico de su uso en esta \u00e1rea.<\/p>\n<p><strong><span class=\"mark53wwepe7c\" data-markjs=\"true\" data-ogac=\"\" data-ogab=\"\" data-ogsc=\"\" data-ogsb=\"\">Sanndy<\/span> Infante<\/strong>, estudiante del Doctorado en Ciencias del Desarrollo y Psicopatolog\u00eda UDD, fue entrevistada por el medio internacional France24.\u00a0En esta materia, se plante\u00f3 no s\u00f3lo la repercusi\u00f3n en cuanto a la efectividad en la mejora de la salud mental para los consultantes, sino adem\u00e1s, qu\u00e9 efectos colaterales puede tener el uso de plataformas para telemedicina y psicoterapia.<\/p>\n<p><strong><a href=\"https:\/\/www.youtube.com\/watch?v=aCPEkMtBnnE\">Puedes revisar la entrevista completa ac\u00e1.<\/a><\/strong><\/p>\n","protected":false},"excerpt":{"rendered":"<p>&nbsp; Dentro del auge de la inteligencia artificial, el uso de plataformas para la salud mental ha ido increment\u00e1ndose, sobre todo, tras el comienzo de la pandemia. En este contexto, se plantea el debate de la efectividad y el car\u00e1cter \u00e9tico de su uso en esta \u00e1rea. Sanndy Infante, estudiante del Doctorado en Ciencias del [&hellip;]<\/p>\n","protected":false},"author":0,"featured_media":0,"comment_status":"closed","ping_status":"open","sticky":false,"template":"","format":"standard","meta":{"footnotes":""},"categories":[69,88],"tags":[],"class_list":["post-2364","post","type-post","status-publish","format-standard","hentry","category-noticias","category-prensa-dcdp"],"yoast_head":"<!-- This site is optimized with the Yoast SEO plugin v26.9 - https:\/\/yoast.com\/product\/yoast-seo-wordpress\/ -->\n<title>Estudiante del DCDP es consultada sobre uso de tecnolog\u00eda e Inteligencia Artificial en Salud Mental - Doctorado en Ciencias del Desarrollo y Psicopatolog\u00eda<\/title>\n<meta name=\"robots\" content=\"index, follow, max-snippet:-1, max-image-preview:large, max-video-preview:-1\" \/>\n<link rel=\"canonical\" href=\"https:\/\/psicologia.udd.cl\/doctorado\/es\/2024\/04\/23\/estudiante-del-dcdp-es-consultada-sobre-uso-de-tecnologia-e-inteligencia-artificial-en-salud-mental\/\" \/>\n<meta property=\"og:locale\" content=\"es_ES\" \/>\n<meta property=\"og:type\" content=\"article\" \/>\n<meta property=\"og:title\" content=\"Estudiante del DCDP es consultada sobre uso de tecnolog\u00eda e Inteligencia Artificial en Salud Mental - Doctorado en Ciencias del Desarrollo y Psicopatolog\u00eda\" \/>\n<meta property=\"og:description\" content=\"&nbsp; Dentro del auge de la inteligencia artificial, el uso de plataformas para la salud mental ha ido increment\u00e1ndose, sobre todo, tras el comienzo de la pandemia. En este contexto, se plantea el debate de la efectividad y el car\u00e1cter \u00e9tico de su uso en esta \u00e1rea. Sanndy Infante, estudiante del Doctorado en Ciencias del [&hellip;]\" \/>\n<meta property=\"og:url\" content=\"https:\/\/psicologia.udd.cl\/doctorado\/es\/2024\/04\/23\/estudiante-del-dcdp-es-consultada-sobre-uso-de-tecnologia-e-inteligencia-artificial-en-salud-mental\/\" \/>\n<meta property=\"og:site_name\" content=\"Doctorado en Ciencias del Desarrollo y Psicopatolog\u00eda\" \/>\n<meta property=\"article:published_time\" content=\"2024-04-23T16:48:21+00:00\" \/>\n<meta property=\"og:image\" content=\"http:\/\/psicologia.udd.cl\/doctorado\/files\/2024\/04\/sanndy-prensa-e1713890818174-300x176.png\" \/>\n<meta name=\"twitter:card\" content=\"summary_large_image\" \/>\n<meta name=\"twitter:label1\" content=\"Tiempo de lectura\" \/>\n\t<meta name=\"twitter:data1\" content=\"1 minuto\" \/>\n<script type=\"application\/ld+json\" class=\"yoast-schema-graph\">{\"@context\":\"https:\/\/schema.org\",\"@graph\":[{\"@type\":\"Article\",\"@id\":\"https:\/\/psicologia.udd.cl\/doctorado\/es\/2024\/04\/23\/estudiante-del-dcdp-es-consultada-sobre-uso-de-tecnologia-e-inteligencia-artificial-en-salud-mental\/#article\",\"isPartOf\":{\"@id\":\"https:\/\/psicologia.udd.cl\/doctorado\/es\/2024\/04\/23\/estudiante-del-dcdp-es-consultada-sobre-uso-de-tecnologia-e-inteligencia-artificial-en-salud-mental\/\"},\"author\":{\"name\":\"\",\"@id\":\"\"},\"headline\":\"Estudiante del DCDP es consultada sobre uso de tecnolog\u00eda e Inteligencia Artificial en Salud Mental\",\"datePublished\":\"2024-04-23T16:48:21+00:00\",\"mainEntityOfPage\":{\"@id\":\"https:\/\/psicologia.udd.cl\/doctorado\/es\/2024\/04\/23\/estudiante-del-dcdp-es-consultada-sobre-uso-de-tecnologia-e-inteligencia-artificial-en-salud-mental\/\"},\"wordCount\":133,\"image\":{\"@id\":\"https:\/\/psicologia.udd.cl\/doctorado\/es\/2024\/04\/23\/estudiante-del-dcdp-es-consultada-sobre-uso-de-tecnologia-e-inteligencia-artificial-en-salud-mental\/#primaryimage\"},\"thumbnailUrl\":\"http:\/\/psicologia.udd.cl\/doctorado\/files\/2024\/04\/sanndy-prensa-e1713890818174-300x176.png\",\"articleSection\":[\"Noticias\",\"Prensa DCDP\"],\"inLanguage\":\"es\"},{\"@type\":\"WebPage\",\"@id\":\"https:\/\/psicologia.udd.cl\/doctorado\/es\/2024\/04\/23\/estudiante-del-dcdp-es-consultada-sobre-uso-de-tecnologia-e-inteligencia-artificial-en-salud-mental\/\",\"url\":\"https:\/\/psicologia.udd.cl\/doctorado\/es\/2024\/04\/23\/estudiante-del-dcdp-es-consultada-sobre-uso-de-tecnologia-e-inteligencia-artificial-en-salud-mental\/\",\"name\":\"Estudiante del DCDP es consultada sobre uso de tecnolog\u00eda e Inteligencia Artificial en Salud Mental - Doctorado en Ciencias del Desarrollo y Psicopatolog\u00eda\",\"isPartOf\":{\"@id\":\"https:\/\/psicologia.udd.cl\/doctorado\/#website\"},\"primaryImageOfPage\":{\"@id\":\"https:\/\/psicologia.udd.cl\/doctorado\/es\/2024\/04\/23\/estudiante-del-dcdp-es-consultada-sobre-uso-de-tecnologia-e-inteligencia-artificial-en-salud-mental\/#primaryimage\"},\"image\":{\"@id\":\"https:\/\/psicologia.udd.cl\/doctorado\/es\/2024\/04\/23\/estudiante-del-dcdp-es-consultada-sobre-uso-de-tecnologia-e-inteligencia-artificial-en-salud-mental\/#primaryimage\"},\"thumbnailUrl\":\"http:\/\/psicologia.udd.cl\/doctorado\/files\/2024\/04\/sanndy-prensa-e1713890818174-300x176.png\",\"datePublished\":\"2024-04-23T16:48:21+00:00\",\"author\":{\"@id\":\"\"},\"inLanguage\":\"es\",\"potentialAction\":[{\"@type\":\"ReadAction\",\"target\":[\"https:\/\/psicologia.udd.cl\/doctorado\/es\/2024\/04\/23\/estudiante-del-dcdp-es-consultada-sobre-uso-de-tecnologia-e-inteligencia-artificial-en-salud-mental\/\"]}]},{\"@type\":\"ImageObject\",\"inLanguage\":\"es\",\"@id\":\"https:\/\/psicologia.udd.cl\/doctorado\/es\/2024\/04\/23\/estudiante-del-dcdp-es-consultada-sobre-uso-de-tecnologia-e-inteligencia-artificial-en-salud-mental\/#primaryimage\",\"url\":\"http:\/\/psicologia.udd.cl\/doctorado\/files\/2024\/04\/sanndy-prensa-e1713890818174-300x176.png\",\"contentUrl\":\"http:\/\/psicologia.udd.cl\/doctorado\/files\/2024\/04\/sanndy-prensa-e1713890818174-300x176.png\"},{\"@type\":\"WebSite\",\"@id\":\"https:\/\/psicologia.udd.cl\/doctorado\/#website\",\"url\":\"https:\/\/psicologia.udd.cl\/doctorado\/\",\"name\":\"Doctorado en Ciencias del Desarrollo y Psicopatolog\u00eda\",\"description\":\"\",\"inLanguage\":\"es\"}]}<\/script>\n<!-- \/ Yoast SEO plugin. -->","yoast_head_json":{"title":"Estudiante del DCDP es consultada sobre uso de tecnolog\u00eda e Inteligencia Artificial en Salud Mental - Doctorado en Ciencias del Desarrollo y Psicopatolog\u00eda","robots":{"index":"index","follow":"follow","max-snippet":"max-snippet:-1","max-image-preview":"max-image-preview:large","max-video-preview":"max-video-preview:-1"},"canonical":"https:\/\/psicologia.udd.cl\/doctorado\/es\/2024\/04\/23\/estudiante-del-dcdp-es-consultada-sobre-uso-de-tecnologia-e-inteligencia-artificial-en-salud-mental\/","og_locale":"es_ES","og_type":"article","og_title":"Estudiante del DCDP es consultada sobre uso de tecnolog\u00eda e Inteligencia Artificial en Salud Mental - Doctorado en Ciencias del Desarrollo y Psicopatolog\u00eda","og_description":"&nbsp; Dentro del auge de la inteligencia artificial, el uso de plataformas para la salud mental ha ido increment\u00e1ndose, sobre todo, tras el comienzo de la pandemia. En este contexto, se plantea el debate de la efectividad y el car\u00e1cter \u00e9tico de su uso en esta \u00e1rea. Sanndy Infante, estudiante del Doctorado en Ciencias del [&hellip;]","og_url":"https:\/\/psicologia.udd.cl\/doctorado\/es\/2024\/04\/23\/estudiante-del-dcdp-es-consultada-sobre-uso-de-tecnologia-e-inteligencia-artificial-en-salud-mental\/","og_site_name":"Doctorado en Ciencias del Desarrollo y Psicopatolog\u00eda","article_published_time":"2024-04-23T16:48:21+00:00","og_image":[{"url":"http:\/\/psicologia.udd.cl\/doctorado\/files\/2024\/04\/sanndy-prensa-e1713890818174-300x176.png","type":"","width":"","height":""}],"twitter_card":"summary_large_image","twitter_misc":{"Tiempo de lectura":"1 minuto"},"schema":{"@context":"https:\/\/schema.org","@graph":[{"@type":"Article","@id":"https:\/\/psicologia.udd.cl\/doctorado\/es\/2024\/04\/23\/estudiante-del-dcdp-es-consultada-sobre-uso-de-tecnologia-e-inteligencia-artificial-en-salud-mental\/#article","isPartOf":{"@id":"https:\/\/psicologia.udd.cl\/doctorado\/es\/2024\/04\/23\/estudiante-del-dcdp-es-consultada-sobre-uso-de-tecnologia-e-inteligencia-artificial-en-salud-mental\/"},"author":{"name":"","@id":""},"headline":"Estudiante del DCDP es consultada sobre uso de tecnolog\u00eda e Inteligencia Artificial en Salud Mental","datePublished":"2024-04-23T16:48:21+00:00","mainEntityOfPage":{"@id":"https:\/\/psicologia.udd.cl\/doctorado\/es\/2024\/04\/23\/estudiante-del-dcdp-es-consultada-sobre-uso-de-tecnologia-e-inteligencia-artificial-en-salud-mental\/"},"wordCount":133,"image":{"@id":"https:\/\/psicologia.udd.cl\/doctorado\/es\/2024\/04\/23\/estudiante-del-dcdp-es-consultada-sobre-uso-de-tecnologia-e-inteligencia-artificial-en-salud-mental\/#primaryimage"},"thumbnailUrl":"http:\/\/psicologia.udd.cl\/doctorado\/files\/2024\/04\/sanndy-prensa-e1713890818174-300x176.png","articleSection":["Noticias","Prensa DCDP"],"inLanguage":"es"},{"@type":"WebPage","@id":"https:\/\/psicologia.udd.cl\/doctorado\/es\/2024\/04\/23\/estudiante-del-dcdp-es-consultada-sobre-uso-de-tecnologia-e-inteligencia-artificial-en-salud-mental\/","url":"https:\/\/psicologia.udd.cl\/doctorado\/es\/2024\/04\/23\/estudiante-del-dcdp-es-consultada-sobre-uso-de-tecnologia-e-inteligencia-artificial-en-salud-mental\/","name":"Estudiante del DCDP es consultada sobre uso de tecnolog\u00eda e Inteligencia Artificial en Salud Mental - Doctorado en Ciencias del Desarrollo y Psicopatolog\u00eda","isPartOf":{"@id":"https:\/\/psicologia.udd.cl\/doctorado\/#website"},"primaryImageOfPage":{"@id":"https:\/\/psicologia.udd.cl\/doctorado\/es\/2024\/04\/23\/estudiante-del-dcdp-es-consultada-sobre-uso-de-tecnologia-e-inteligencia-artificial-en-salud-mental\/#primaryimage"},"image":{"@id":"https:\/\/psicologia.udd.cl\/doctorado\/es\/2024\/04\/23\/estudiante-del-dcdp-es-consultada-sobre-uso-de-tecnologia-e-inteligencia-artificial-en-salud-mental\/#primaryimage"},"thumbnailUrl":"http:\/\/psicologia.udd.cl\/doctorado\/files\/2024\/04\/sanndy-prensa-e1713890818174-300x176.png","datePublished":"2024-04-23T16:48:21+00:00","author":{"@id":""},"inLanguage":"es","potentialAction":[{"@type":"ReadAction","target":["https:\/\/psicologia.udd.cl\/doctorado\/es\/2024\/04\/23\/estudiante-del-dcdp-es-consultada-sobre-uso-de-tecnologia-e-inteligencia-artificial-en-salud-mental\/"]}]},{"@type":"ImageObject","inLanguage":"es","@id":"https:\/\/psicologia.udd.cl\/doctorado\/es\/2024\/04\/23\/estudiante-del-dcdp-es-consultada-sobre-uso-de-tecnologia-e-inteligencia-artificial-en-salud-mental\/#primaryimage","url":"http:\/\/psicologia.udd.cl\/doctorado\/files\/2024\/04\/sanndy-prensa-e1713890818174-300x176.png","contentUrl":"http:\/\/psicologia.udd.cl\/doctorado\/files\/2024\/04\/sanndy-prensa-e1713890818174-300x176.png"},{"@type":"WebSite","@id":"https:\/\/psicologia.udd.cl\/doctorado\/#website","url":"https:\/\/psicologia.udd.cl\/doctorado\/","name":"Doctorado en Ciencias del Desarrollo y Psicopatolog\u00eda","description":"","inLanguage":"es"}]}},"featured_image_url":null,"_links":{"self":[{"href":"https:\/\/psicologia.udd.cl\/doctorado\/wp-json\/wp\/v2\/posts\/2364","targetHints":{"allow":["GET"]}}],"collection":[{"href":"https:\/\/psicologia.udd.cl\/doctorado\/wp-json\/wp\/v2\/posts"}],"about":[{"href":"https:\/\/psicologia.udd.cl\/doctorado\/wp-json\/wp\/v2\/types\/post"}],"replies":[{"embeddable":true,"href":"https:\/\/psicologia.udd.cl\/doctorado\/wp-json\/wp\/v2\/comments?post=2364"}],"version-history":[{"count":0,"href":"https:\/\/psicologia.udd.cl\/doctorado\/wp-json\/wp\/v2\/posts\/2364\/revisions"}],"wp:attachment":[{"href":"https:\/\/psicologia.udd.cl\/doctorado\/wp-json\/wp\/v2\/media?parent=2364"}],"wp:term":[{"taxonomy":"category","embeddable":true,"href":"https:\/\/psicologia.udd.cl\/doctorado\/wp-json\/wp\/v2\/categories?post=2364"},{"taxonomy":"post_tag","embeddable":true,"href":"https:\/\/psicologia.udd.cl\/doctorado\/wp-json\/wp\/v2\/tags?post=2364"}],"curies":[{"name":"wp","href":"https:\/\/api.w.org\/{rel}","templated":true}]}}