{"id":2331,"date":"2024-01-22T11:04:46","date_gmt":"2024-01-22T14:04:46","guid":{"rendered":"https:\/\/psicologia.udd.cl\/doctorado\/?p=2331"},"modified":"2024-01-22T11:04:46","modified_gmt":"2024-01-22T14:04:46","slug":"doctorado-en-ciencias-del-desarrollo-y-psicopatologia-suma-una-nueva-egresada","status":"publish","type":"post","link":"https:\/\/psicologia.udd.cl\/doctorado\/es\/2024\/01\/22\/doctorado-en-ciencias-del-desarrollo-y-psicopatologia-suma-una-nueva-egresada\/","title":{"rendered":"Doctorado en Ciencias del Desarrollo y Psicopatolog\u00eda suma una nueva egresada"},"content":{"rendered":"<p><img loading=\"lazy\" decoding=\"async\" class=\" wp-image-2334 aligncenter\" src=\"https:\/\/psicologia.udd.cl\/doctorado\/files\/2024\/04\/para-web-300x200.jpg\" alt=\"\" width=\"395\" height=\"263\" \/><\/p>\n<p>Con fecha 16 de enero de 2024,\u00a0<strong>Pilar Valenzuela Ram\u00edrez\u00a0<\/strong>obtuvo su grado de Doctora en en Ciencias del Desarrollo y\u00a0Psicopatolog\u00eda -con distinci\u00f3n m\u00e1xima- en la Universidad del Desarrollo, luego de haber presentado su tesis doctoral\u00a0<strong>\u00abDesarrollo de inclusi\u00f3n en Educaci\u00f3n Superior desde una Perspectiva Cultural\u00bb<\/strong>, la que estuvo dirigida por la investigadora del Instituto de Bienestar Socioemocional (IBEM),\u00a0<strong>Dra. Mar\u00eda Elisa Molina.<\/strong><\/p>\n<p>Esta investigaci\u00f3n se orient\u00f3 a elaborar una comprensi\u00f3n te\u00f3rica hist\u00f3rica-cultural del fen\u00f3meno de la inclusi\u00f3n en educaci\u00f3n y a favorecer procesos de transformaci\u00f3n colectiva en torno a la inclusi\u00f3n en una instituci\u00f3n de educaci\u00f3n superior chilena, a trav\u00e9s de la herramienta metodol\u00f3gica (de investigaci\u00f3n e intervenci\u00f3n), llamada Laboratorio de Cambio.<\/p>\n<p>La Doctora Valenzuela se decidi\u00f3 por esta tem\u00e1tica, ya que \u00abes uno de los principales desaf\u00edos globales en el \u00e1mbito educativo, puesto que se ha constatado la desigualdad con que se vive el derecho a la educaci\u00f3n. En particular, desde mi formaci\u00f3n inicial en Pregrado me ha llamado mucho la atenci\u00f3n el que la diversidad sea un aspecto problem\u00e1tico en las instituciones educativas. Hay diversidades que parecen ser m\u00e1s dif\u00edciles de abordar que otras, hay diversidades que \u00abmolestan\u00bb y a m\u00ed me molesta y me duele, que la diversidad moleste\u00bb, afirm\u00f3 la actual coordinadora curricular de Psicolog\u00eda Santiago.<\/p>\n<p>El camino de Pilar hacia este nuevo grado no estuvo exento de desaf\u00edos y dificultades, como ella misma coment\u00f3, fue una experiencia que involucr\u00f3 a toda su familia, viajes por el mundo y dolorosos procesos. \u00abEn estos a\u00f1os de doctorado viv\u00ed dos embarazos, dos nacimientos, un duelo, ya que tuve un segundo embarazo de riesgo y mi hija menor muri\u00f3 a la semana de vida, mientras yo tuve que volver al poco tiempo a la vida acad\u00e9mica\u00bb. Sin embargo, agreg\u00f3 que \u00abtambi\u00e9n vivimos un estallido social, una pandemia, me cas\u00e9 y me di casi la vuelta el mundo, con esposo e hija incluidos\u2026. o sea, miro para atr\u00e1s y pienso \u00a1no se c\u00f3mo termin\u00e9 realmente!<\/p>\n<p>Pilar tambi\u00e9n aprovech\u00f3 de agradecer el soporte recibido durante sus a\u00f1os de estudio. \u00abMis apoyos permanentes fueron mi familia y mis profesoras de tesis,\u00a0<strong>Mar\u00eda Elisa Molina, Pina Marsico<\/strong>, ellas fueron inspiradoras, presentes, agudas, cr\u00edticas y alentadoras. Tambi\u00e9n tuve mucho apoyo de la Decana,\u00a0<strong>Teresita Serrano<\/strong>, quien me apoy\u00f3 desde un principio en esta decisi\u00f3n y me fue orientando sobre c\u00f3mo solicitar apoyo financiero en la UDD. Tambi\u00e9n de amigas, investigadoras j\u00f3venes, con quienes volar, compartir ideas sobre el mundo, el conocimiento, el sentido de aprender. Y, hay que decirlo, un equipo de salud mental apoyando en todas las crisis\u00bb, sincer\u00f3 la acad\u00e9mica.<\/p>\n<p>Finalmente, la Doctora en Ciencias del Desarrollo y Psicopatolog\u00eda declar\u00f3 que se siente \u00abmuy feliz, orgullosa y agradecida por este logro\u00bb y tambi\u00e9n un poco incr\u00e9dula y aliviada por haber terminado esta etapa que signific\u00f3 un gran esfuerzo para conciliar su etapa materna con su vida acad\u00e9mica.<\/p>\n<p>Cabe destacar que, a la fecha, esta tesis doctoral es la \u00fanica tesis 100% cualitativa del doctorado.<\/p>\n<p><strong>\u00a1Enviamos un afectuoso saludo y muchas felicitaciones a Pilar por este gran logro en su desarrollo profesional!<\/strong><\/p>\n","protected":false},"excerpt":{"rendered":"<p>Con fecha 16 de enero de 2024,\u00a0Pilar Valenzuela Ram\u00edrez\u00a0obtuvo su grado de Doctora en en Ciencias del Desarrollo y\u00a0Psicopatolog\u00eda -con distinci\u00f3n m\u00e1xima- en la Universidad del Desarrollo, luego de haber presentado su tesis doctoral\u00a0\u00abDesarrollo de inclusi\u00f3n en Educaci\u00f3n Superior desde una Perspectiva Cultural\u00bb, la que estuvo dirigida por la investigadora del Instituto de Bienestar Socioemocional [&hellip;]<\/p>\n","protected":false},"author":0,"featured_media":2334,"comment_status":"closed","ping_status":"open","sticky":false,"template":"","format":"standard","meta":{"footnotes":""},"categories":[69],"tags":[],"class_list":["post-2331","post","type-post","status-publish","format-standard","has-post-thumbnail","hentry","category-noticias"],"yoast_head":"<!-- This site is optimized with the Yoast SEO plugin v26.9 - https:\/\/yoast.com\/product\/yoast-seo-wordpress\/ -->\n<title>Doctorado en Ciencias del Desarrollo y Psicopatolog\u00eda suma una nueva egresada - Doctorado en Ciencias del Desarrollo y Psicopatolog\u00eda<\/title>\n<meta name=\"robots\" content=\"index, follow, max-snippet:-1, max-image-preview:large, max-video-preview:-1\" \/>\n<link rel=\"canonical\" href=\"https:\/\/psicologia.udd.cl\/doctorado\/es\/2024\/01\/22\/doctorado-en-ciencias-del-desarrollo-y-psicopatologia-suma-una-nueva-egresada\/\" \/>\n<meta property=\"og:locale\" content=\"es_ES\" \/>\n<meta property=\"og:type\" content=\"article\" \/>\n<meta property=\"og:title\" content=\"Doctorado en Ciencias del Desarrollo y Psicopatolog\u00eda suma una nueva egresada - Doctorado en Ciencias del Desarrollo y Psicopatolog\u00eda\" \/>\n<meta property=\"og:description\" content=\"Con fecha 16 de enero de 2024,\u00a0Pilar Valenzuela Ram\u00edrez\u00a0obtuvo su grado de Doctora en en Ciencias del Desarrollo y\u00a0Psicopatolog\u00eda -con distinci\u00f3n m\u00e1xima- en la Universidad del Desarrollo, luego de haber presentado su tesis doctoral\u00a0\u00abDesarrollo de inclusi\u00f3n en Educaci\u00f3n Superior desde una Perspectiva Cultural\u00bb, la que estuvo dirigida por la investigadora del Instituto de Bienestar Socioemocional [&hellip;]\" \/>\n<meta property=\"og:url\" content=\"https:\/\/psicologia.udd.cl\/doctorado\/es\/2024\/01\/22\/doctorado-en-ciencias-del-desarrollo-y-psicopatologia-suma-una-nueva-egresada\/\" \/>\n<meta property=\"og:site_name\" content=\"Doctorado en Ciencias del Desarrollo y Psicopatolog\u00eda\" \/>\n<meta property=\"article:published_time\" content=\"2024-01-22T14:04:46+00:00\" \/>\n<meta property=\"og:image\" content=\"https:\/\/psicologia.udd.cl\/doctorado\/files\/2024\/04\/para-web-scaled-1.jpg\" \/>\n\t<meta property=\"og:image:width\" content=\"2560\" \/>\n\t<meta property=\"og:image:height\" content=\"1707\" \/>\n\t<meta property=\"og:image:type\" content=\"image\/jpeg\" \/>\n<meta name=\"twitter:card\" content=\"summary_large_image\" \/>\n<meta name=\"twitter:label1\" content=\"Tiempo de lectura\" \/>\n\t<meta name=\"twitter:data1\" content=\"3 minutos\" \/>\n<script type=\"application\/ld+json\" class=\"yoast-schema-graph\">{\"@context\":\"https:\/\/schema.org\",\"@graph\":[{\"@type\":\"Article\",\"@id\":\"https:\/\/psicologia.udd.cl\/doctorado\/es\/2024\/01\/22\/doctorado-en-ciencias-del-desarrollo-y-psicopatologia-suma-una-nueva-egresada\/#article\",\"isPartOf\":{\"@id\":\"https:\/\/psicologia.udd.cl\/doctorado\/es\/2024\/01\/22\/doctorado-en-ciencias-del-desarrollo-y-psicopatologia-suma-una-nueva-egresada\/\"},\"author\":{\"name\":\"\",\"@id\":\"\"},\"headline\":\"Doctorado en Ciencias del Desarrollo y Psicopatolog\u00eda suma una nueva egresada\",\"datePublished\":\"2024-01-22T14:04:46+00:00\",\"mainEntityOfPage\":{\"@id\":\"https:\/\/psicologia.udd.cl\/doctorado\/es\/2024\/01\/22\/doctorado-en-ciencias-del-desarrollo-y-psicopatologia-suma-una-nueva-egresada\/\"},\"wordCount\":571,\"image\":{\"@id\":\"https:\/\/psicologia.udd.cl\/doctorado\/es\/2024\/01\/22\/doctorado-en-ciencias-del-desarrollo-y-psicopatologia-suma-una-nueva-egresada\/#primaryimage\"},\"thumbnailUrl\":\"https:\/\/psicologia.udd.cl\/doctorado\/files\/2024\/04\/para-web-scaled-1.jpg\",\"articleSection\":[\"Noticias\"],\"inLanguage\":\"es\"},{\"@type\":\"WebPage\",\"@id\":\"https:\/\/psicologia.udd.cl\/doctorado\/es\/2024\/01\/22\/doctorado-en-ciencias-del-desarrollo-y-psicopatologia-suma-una-nueva-egresada\/\",\"url\":\"https:\/\/psicologia.udd.cl\/doctorado\/es\/2024\/01\/22\/doctorado-en-ciencias-del-desarrollo-y-psicopatologia-suma-una-nueva-egresada\/\",\"name\":\"Doctorado en Ciencias del Desarrollo y Psicopatolog\u00eda suma una nueva egresada - Doctorado en Ciencias del Desarrollo y Psicopatolog\u00eda\",\"isPartOf\":{\"@id\":\"https:\/\/psicologia.udd.cl\/doctorado\/#website\"},\"primaryImageOfPage\":{\"@id\":\"https:\/\/psicologia.udd.cl\/doctorado\/es\/2024\/01\/22\/doctorado-en-ciencias-del-desarrollo-y-psicopatologia-suma-una-nueva-egresada\/#primaryimage\"},\"image\":{\"@id\":\"https:\/\/psicologia.udd.cl\/doctorado\/es\/2024\/01\/22\/doctorado-en-ciencias-del-desarrollo-y-psicopatologia-suma-una-nueva-egresada\/#primaryimage\"},\"thumbnailUrl\":\"https:\/\/psicologia.udd.cl\/doctorado\/files\/2024\/04\/para-web-scaled-1.jpg\",\"datePublished\":\"2024-01-22T14:04:46+00:00\",\"author\":{\"@id\":\"\"},\"inLanguage\":\"es\",\"potentialAction\":[{\"@type\":\"ReadAction\",\"target\":[\"https:\/\/psicologia.udd.cl\/doctorado\/es\/2024\/01\/22\/doctorado-en-ciencias-del-desarrollo-y-psicopatologia-suma-una-nueva-egresada\/\"]}]},{\"@type\":\"ImageObject\",\"inLanguage\":\"es\",\"@id\":\"https:\/\/psicologia.udd.cl\/doctorado\/es\/2024\/01\/22\/doctorado-en-ciencias-del-desarrollo-y-psicopatologia-suma-una-nueva-egresada\/#primaryimage\",\"url\":\"https:\/\/psicologia.udd.cl\/doctorado\/files\/2024\/04\/para-web-scaled-1.jpg\",\"contentUrl\":\"https:\/\/psicologia.udd.cl\/doctorado\/files\/2024\/04\/para-web-scaled-1.jpg\",\"width\":2560,\"height\":1707},{\"@type\":\"WebSite\",\"@id\":\"https:\/\/psicologia.udd.cl\/doctorado\/#website\",\"url\":\"https:\/\/psicologia.udd.cl\/doctorado\/\",\"name\":\"Doctorado en Ciencias del Desarrollo y Psicopatolog\u00eda\",\"description\":\"\",\"inLanguage\":\"es\"}]}<\/script>\n<!-- \/ Yoast SEO plugin. -->","yoast_head_json":{"title":"Doctorado en Ciencias del Desarrollo y Psicopatolog\u00eda suma una nueva egresada - Doctorado en Ciencias del Desarrollo y Psicopatolog\u00eda","robots":{"index":"index","follow":"follow","max-snippet":"max-snippet:-1","max-image-preview":"max-image-preview:large","max-video-preview":"max-video-preview:-1"},"canonical":"https:\/\/psicologia.udd.cl\/doctorado\/es\/2024\/01\/22\/doctorado-en-ciencias-del-desarrollo-y-psicopatologia-suma-una-nueva-egresada\/","og_locale":"es_ES","og_type":"article","og_title":"Doctorado en Ciencias del Desarrollo y Psicopatolog\u00eda suma una nueva egresada - Doctorado en Ciencias del Desarrollo y Psicopatolog\u00eda","og_description":"Con fecha 16 de enero de 2024,\u00a0Pilar Valenzuela Ram\u00edrez\u00a0obtuvo su grado de Doctora en en Ciencias del Desarrollo y\u00a0Psicopatolog\u00eda -con distinci\u00f3n m\u00e1xima- en la Universidad del Desarrollo, luego de haber presentado su tesis doctoral\u00a0\u00abDesarrollo de inclusi\u00f3n en Educaci\u00f3n Superior desde una Perspectiva Cultural\u00bb, la que estuvo dirigida por la investigadora del Instituto de Bienestar Socioemocional [&hellip;]","og_url":"https:\/\/psicologia.udd.cl\/doctorado\/es\/2024\/01\/22\/doctorado-en-ciencias-del-desarrollo-y-psicopatologia-suma-una-nueva-egresada\/","og_site_name":"Doctorado en Ciencias del Desarrollo y Psicopatolog\u00eda","article_published_time":"2024-01-22T14:04:46+00:00","og_image":[{"width":2560,"height":1707,"url":"https:\/\/psicologia.udd.cl\/doctorado\/files\/2024\/04\/para-web-scaled-1.jpg","type":"image\/jpeg"}],"twitter_card":"summary_large_image","twitter_misc":{"Tiempo de lectura":"3 minutos"},"schema":{"@context":"https:\/\/schema.org","@graph":[{"@type":"Article","@id":"https:\/\/psicologia.udd.cl\/doctorado\/es\/2024\/01\/22\/doctorado-en-ciencias-del-desarrollo-y-psicopatologia-suma-una-nueva-egresada\/#article","isPartOf":{"@id":"https:\/\/psicologia.udd.cl\/doctorado\/es\/2024\/01\/22\/doctorado-en-ciencias-del-desarrollo-y-psicopatologia-suma-una-nueva-egresada\/"},"author":{"name":"","@id":""},"headline":"Doctorado en Ciencias del Desarrollo y Psicopatolog\u00eda suma una nueva egresada","datePublished":"2024-01-22T14:04:46+00:00","mainEntityOfPage":{"@id":"https:\/\/psicologia.udd.cl\/doctorado\/es\/2024\/01\/22\/doctorado-en-ciencias-del-desarrollo-y-psicopatologia-suma-una-nueva-egresada\/"},"wordCount":571,"image":{"@id":"https:\/\/psicologia.udd.cl\/doctorado\/es\/2024\/01\/22\/doctorado-en-ciencias-del-desarrollo-y-psicopatologia-suma-una-nueva-egresada\/#primaryimage"},"thumbnailUrl":"https:\/\/psicologia.udd.cl\/doctorado\/files\/2024\/04\/para-web-scaled-1.jpg","articleSection":["Noticias"],"inLanguage":"es"},{"@type":"WebPage","@id":"https:\/\/psicologia.udd.cl\/doctorado\/es\/2024\/01\/22\/doctorado-en-ciencias-del-desarrollo-y-psicopatologia-suma-una-nueva-egresada\/","url":"https:\/\/psicologia.udd.cl\/doctorado\/es\/2024\/01\/22\/doctorado-en-ciencias-del-desarrollo-y-psicopatologia-suma-una-nueva-egresada\/","name":"Doctorado en Ciencias del Desarrollo y Psicopatolog\u00eda suma una nueva egresada - Doctorado en Ciencias del Desarrollo y Psicopatolog\u00eda","isPartOf":{"@id":"https:\/\/psicologia.udd.cl\/doctorado\/#website"},"primaryImageOfPage":{"@id":"https:\/\/psicologia.udd.cl\/doctorado\/es\/2024\/01\/22\/doctorado-en-ciencias-del-desarrollo-y-psicopatologia-suma-una-nueva-egresada\/#primaryimage"},"image":{"@id":"https:\/\/psicologia.udd.cl\/doctorado\/es\/2024\/01\/22\/doctorado-en-ciencias-del-desarrollo-y-psicopatologia-suma-una-nueva-egresada\/#primaryimage"},"thumbnailUrl":"https:\/\/psicologia.udd.cl\/doctorado\/files\/2024\/04\/para-web-scaled-1.jpg","datePublished":"2024-01-22T14:04:46+00:00","author":{"@id":""},"inLanguage":"es","potentialAction":[{"@type":"ReadAction","target":["https:\/\/psicologia.udd.cl\/doctorado\/es\/2024\/01\/22\/doctorado-en-ciencias-del-desarrollo-y-psicopatologia-suma-una-nueva-egresada\/"]}]},{"@type":"ImageObject","inLanguage":"es","@id":"https:\/\/psicologia.udd.cl\/doctorado\/es\/2024\/01\/22\/doctorado-en-ciencias-del-desarrollo-y-psicopatologia-suma-una-nueva-egresada\/#primaryimage","url":"https:\/\/psicologia.udd.cl\/doctorado\/files\/2024\/04\/para-web-scaled-1.jpg","contentUrl":"https:\/\/psicologia.udd.cl\/doctorado\/files\/2024\/04\/para-web-scaled-1.jpg","width":2560,"height":1707},{"@type":"WebSite","@id":"https:\/\/psicologia.udd.cl\/doctorado\/#website","url":"https:\/\/psicologia.udd.cl\/doctorado\/","name":"Doctorado en Ciencias del Desarrollo y Psicopatolog\u00eda","description":"","inLanguage":"es"}]}},"featured_image_url":"https:\/\/psicologia.udd.cl\/doctorado\/files\/2024\/04\/para-web-scaled-1.jpg","_links":{"self":[{"href":"https:\/\/psicologia.udd.cl\/doctorado\/wp-json\/wp\/v2\/posts\/2331","targetHints":{"allow":["GET"]}}],"collection":[{"href":"https:\/\/psicologia.udd.cl\/doctorado\/wp-json\/wp\/v2\/posts"}],"about":[{"href":"https:\/\/psicologia.udd.cl\/doctorado\/wp-json\/wp\/v2\/types\/post"}],"replies":[{"embeddable":true,"href":"https:\/\/psicologia.udd.cl\/doctorado\/wp-json\/wp\/v2\/comments?post=2331"}],"version-history":[{"count":0,"href":"https:\/\/psicologia.udd.cl\/doctorado\/wp-json\/wp\/v2\/posts\/2331\/revisions"}],"wp:featuredmedia":[{"embeddable":true,"href":"https:\/\/psicologia.udd.cl\/doctorado\/wp-json\/wp\/v2\/media\/2334"}],"wp:attachment":[{"href":"https:\/\/psicologia.udd.cl\/doctorado\/wp-json\/wp\/v2\/media?parent=2331"}],"wp:term":[{"taxonomy":"category","embeddable":true,"href":"https:\/\/psicologia.udd.cl\/doctorado\/wp-json\/wp\/v2\/categories?post=2331"},{"taxonomy":"post_tag","embeddable":true,"href":"https:\/\/psicologia.udd.cl\/doctorado\/wp-json\/wp\/v2\/tags?post=2331"}],"curies":[{"name":"wp","href":"https:\/\/api.w.org\/{rel}","templated":true}]}}