{"id":1938,"date":"2023-05-22T17:33:14","date_gmt":"2023-05-22T17:33:14","guid":{"rendered":"https:\/\/psicologia.udd.cl\/doctorado\/?p=1938"},"modified":"2023-05-22T17:33:14","modified_gmt":"2023-05-22T17:33:14","slug":"doctorado-en-ciencias-del-desarrollo-y-psicopatologia-cuenta-con-nueva-egresada-con-distincion-maxima","status":"publish","type":"post","link":"https:\/\/psicologia.udd.cl\/doctorado\/es\/2023\/05\/22\/doctorado-en-ciencias-del-desarrollo-y-psicopatologia-cuenta-con-nueva-egresada-con-distincion-maxima\/","title":{"rendered":"Doctorado en Ciencias del Desarrollo y Psicopatolog\u00eda cuenta con nueva egresada con distinci\u00f3n m\u00e1xima"},"content":{"rendered":"<figure class=\"wp-container-2 wp-block-gallery-1 wp-block-gallery has-nested-images columns-default is-cropped\">\n<figure class=\"wp-block-image size-large\"><a href=\"https:\/\/psicologia.udd.cl\/files\/2023\/05\/img_6543-scaled.jpg\"><img loading=\"lazy\" decoding=\"async\" class=\"wp-image-50685 aligncenter\" src=\"https:\/\/psicologia.udd.cl\/files\/2023\/05\/img_6543-scaled.jpg\" alt=\"\" width=\"1738\" height=\"1159\" data-id=\"50685\" \/><\/a><\/figure>\n<figure class=\"wp-block-image size-large\"><a href=\"https:\/\/psicologia.udd.cl\/files\/2023\/05\/img_6499-scaled.jpg\"><img loading=\"lazy\" decoding=\"async\" class=\"wp-image-50681\" src=\"https:\/\/psicologia.udd.cl\/files\/2023\/05\/img_6499-scaled.jpg\" alt=\"\" width=\"1877\" height=\"1252\" data-id=\"50681\" \/><\/a><\/figure>\n<figure class=\"wp-block-image size-large\"><\/figure>\n<figure class=\"wp-block-image size-large\"><\/figure>\n<figure class=\"wp-block-image size-large\"><a href=\"https:\/\/psicologia.udd.cl\/files\/2023\/05\/img_6536-scaled.jpg\"><img loading=\"lazy\" decoding=\"async\" class=\"wp-image-50684 aligncenter\" src=\"https:\/\/psicologia.udd.cl\/files\/2023\/05\/img_6536-scaled.jpg\" alt=\"\" width=\"1876\" height=\"1251\" data-id=\"50684\" \/><\/a><\/figure>\n<\/figure>\n<p>Con fecha 13 de abril de 2023,\u00a0<strong>Paulina S\u00e1nchez Soto\u00a0<\/strong>obtuvo su grado de Doctora en en Ciencias del Desarrollo y\u00a0Psicopatolog\u00eda -con distinci\u00f3n m\u00e1xima- en la Universidad del Desarrollo, luego de haber presentado su tesis doctoral titulada\u00a0<strong>\u201cViolencia de pareja adolescente: Adversidad en la infancia y habilidades socioemocionales en perpetradores\u201d<\/strong>. Esta investigaci\u00f3n aborda\u00a0c\u00f3mo los patrones familiares violentos son un factor de riesgo para el desarrollo de las habilidades socioemocionales en la infancia y adolescencia, derivando en que los adolescentes presenten conductas violentas hacia su pareja.<\/p>\n<p>La Doctora S\u00e1nchez explic\u00f3 que su inter\u00e9s en esta tem\u00e1tica comenz\u00f3 cuando estudiaba Psicolog\u00eda en la Pontificia Universidad Cat\u00f3lica de Valpara\u00edso, donde su trabajo de terreno en vulnerabilidad social la llev\u00f3 a reflexionar en profundidad sobre c\u00f3mo las vivencias de ni\u00f1os, ni\u00f1as y adolescentes, el maltrato infantil y\u00a0la violencia de pareja\u00a0pueden afectar su desarrollo.\u00a0Luego, su trabajo\u00a0en proyectos de investigaci\u00f3n relacionados con programas psicosociales de infancia y adolescencia la llev\u00f3 a desear formarse como investigadora y postular al Doctorado.\u00a0La investigadora tambi\u00e9n explic\u00f3\u00a0que \u00ababordar\u00a0la violencia de pareja en la adolescencia es crucial, ya que muchos adolescentes presentan problemas de violencia y es necesario\u00a0ponerle el\u00a0foco\u00a0a esto\u00a0de manera temprana. Abordar la violencia de pareja reci\u00e9n en la adultez es llegar demasiado tarde\u201d, sostuvo.<\/p>\n<p>El proceso de investigaci\u00f3n de S\u00e1nchez no estuvo exento de dificultades, la pandemia supuso un gran desaf\u00edo para el estudio de la Doctora S\u00e1nchez, ya que el levantamiento de datos qued\u00f3 paralizado debido a que muchos establecimientos educacionales cancelaron su participaci\u00f3n. Sin embargo, con nuevas estrategias que hicieran el proyecto viable, la investigadora logr\u00f3 recopilar la informaci\u00f3n necesaria y realizar nuevos an\u00e1lisis para cumplir con los objetivos de su investigaci\u00f3n.<\/p>\n<p>Paulina tambi\u00e9n aprovech\u00f3 de agradecer el soporte recibido durante sus a\u00f1os de estudio. Agradeci\u00f3 el apoyo de la Facultad de Psicolog\u00eda, del cuerpo acad\u00e9mico del DCDP, a sus compa\u00f1eros de doctorado, sus mentores, comisi\u00f3n correctora y amigos del \u00e1mbito acad\u00e9mico. En particular, destac\u00f3 el rol de su director de tesis,\u00a0<strong>Jorge Varela, y de Francisco Ceric<\/strong>, por su apoyo tan humano y sincero. \u201cEl conocimiento y la gu\u00eda de ambos para el estudio de la agresi\u00f3n y violencia contribuyeron al cumplimiento de mis intereses investigativos y mi tesis doctoral\u201d, afirm\u00f3 la investigadora.<\/p>\n<p>Por \u00faltimo, en relaci\u00f3n a su tema de investigaci\u00f3n, la Dra. S\u00e1nchez envi\u00f3 un mensaje a los y las j\u00f3venes que puedan estar sufriendo violencia. \u00abSi tuviera que decir algo a nuestros adolescentes es que no pierdan la fe, que a\u00fan en un mundo que nos muestra su cara m\u00e1s oscura debido a la violencia, el individualismo, el estr\u00e9s y distintos problemas, siempre hay algo a lo cual aferrarse, que existen personas maravillosas dispuestas a ayudar, pero que para eso hay que derribar el muro de la verg\u00fcenza, la culpa o cualquier obst\u00e1culo que no nos deja pedir ayuda; tambi\u00e9n que la mejor forma de ayudar a otro es buscando comprenderle, sintonizar con sus necesidades y dificultades, en vez de caer en el juicio y el odio apresurado, sin duda aquello puede traer mucha luz a esta vida\u00bb, cerr\u00f3 la investigadora.<\/p>\n<p><strong>\u00a1Enviamos un afectuoso saludo y muchas felicitaciones a Paulina por este gran logro en su desarrollo profesional!<\/strong><\/p>\n","protected":false},"excerpt":{"rendered":"<p>Con fecha 13 de abril de 2023,\u00a0Paulina S\u00e1nchez Soto\u00a0obtuvo su grado de Doctora en en Ciencias del Desarrollo y\u00a0Psicopatolog\u00eda -con distinci\u00f3n m\u00e1xima- en la Universidad del Desarrollo, luego de haber presentado su tesis doctoral titulada\u00a0\u201cViolencia de pareja adolescente: Adversidad en la infancia y habilidades socioemocionales en perpetradores\u201d. Esta investigaci\u00f3n aborda\u00a0c\u00f3mo los patrones familiares violentos son [&hellip;]<\/p>\n","protected":false},"author":0,"featured_media":0,"comment_status":"closed","ping_status":"open","sticky":false,"template":"","format":"standard","meta":{"footnotes":""},"categories":[69],"tags":[],"class_list":["post-1938","post","type-post","status-publish","format-standard","hentry","category-noticias"],"yoast_head":"<!-- This site is optimized with the Yoast SEO plugin v26.9 - https:\/\/yoast.com\/product\/yoast-seo-wordpress\/ -->\n<title>Doctorado en Ciencias del Desarrollo y Psicopatolog\u00eda cuenta con nueva egresada con distinci\u00f3n m\u00e1xima - Doctorado en Ciencias del Desarrollo y Psicopatolog\u00eda<\/title>\n<meta name=\"robots\" content=\"index, follow, max-snippet:-1, max-image-preview:large, max-video-preview:-1\" \/>\n<link rel=\"canonical\" href=\"https:\/\/psicologia.udd.cl\/doctorado\/es\/2023\/05\/22\/doctorado-en-ciencias-del-desarrollo-y-psicopatologia-cuenta-con-nueva-egresada-con-distincion-maxima\/\" \/>\n<meta property=\"og:locale\" content=\"es_ES\" \/>\n<meta property=\"og:type\" content=\"article\" \/>\n<meta property=\"og:title\" content=\"Doctorado en Ciencias del Desarrollo y Psicopatolog\u00eda cuenta con nueva egresada con distinci\u00f3n m\u00e1xima - Doctorado en Ciencias del Desarrollo y Psicopatolog\u00eda\" \/>\n<meta property=\"og:description\" content=\"Con fecha 13 de abril de 2023,\u00a0Paulina S\u00e1nchez Soto\u00a0obtuvo su grado de Doctora en en Ciencias del Desarrollo y\u00a0Psicopatolog\u00eda -con distinci\u00f3n m\u00e1xima- en la Universidad del Desarrollo, luego de haber presentado su tesis doctoral titulada\u00a0\u201cViolencia de pareja adolescente: Adversidad en la infancia y habilidades socioemocionales en perpetradores\u201d. Esta investigaci\u00f3n aborda\u00a0c\u00f3mo los patrones familiares violentos son [&hellip;]\" \/>\n<meta property=\"og:url\" content=\"https:\/\/psicologia.udd.cl\/doctorado\/es\/2023\/05\/22\/doctorado-en-ciencias-del-desarrollo-y-psicopatologia-cuenta-con-nueva-egresada-con-distincion-maxima\/\" \/>\n<meta property=\"og:site_name\" content=\"Doctorado en Ciencias del Desarrollo y Psicopatolog\u00eda\" \/>\n<meta property=\"article:published_time\" content=\"2023-05-22T17:33:14+00:00\" \/>\n<meta property=\"og:image\" content=\"https:\/\/psicologia.udd.cl\/files\/2023\/05\/img_6543-scaled.jpg\" \/>\n<meta name=\"twitter:card\" content=\"summary_large_image\" \/>\n<meta name=\"twitter:label1\" content=\"Tiempo de lectura\" \/>\n\t<meta name=\"twitter:data1\" content=\"4 minutos\" \/>\n<script type=\"application\/ld+json\" class=\"yoast-schema-graph\">{\"@context\":\"https:\/\/schema.org\",\"@graph\":[{\"@type\":\"Article\",\"@id\":\"https:\/\/psicologia.udd.cl\/doctorado\/es\/2023\/05\/22\/doctorado-en-ciencias-del-desarrollo-y-psicopatologia-cuenta-con-nueva-egresada-con-distincion-maxima\/#article\",\"isPartOf\":{\"@id\":\"https:\/\/psicologia.udd.cl\/doctorado\/es\/2023\/05\/22\/doctorado-en-ciencias-del-desarrollo-y-psicopatologia-cuenta-con-nueva-egresada-con-distincion-maxima\/\"},\"author\":{\"name\":\"\",\"@id\":\"\"},\"headline\":\"Doctorado en Ciencias del Desarrollo y Psicopatolog\u00eda cuenta con nueva egresada con distinci\u00f3n m\u00e1xima\",\"datePublished\":\"2023-05-22T17:33:14+00:00\",\"mainEntityOfPage\":{\"@id\":\"https:\/\/psicologia.udd.cl\/doctorado\/es\/2023\/05\/22\/doctorado-en-ciencias-del-desarrollo-y-psicopatologia-cuenta-con-nueva-egresada-con-distincion-maxima\/\"},\"wordCount\":597,\"image\":{\"@id\":\"https:\/\/psicologia.udd.cl\/doctorado\/es\/2023\/05\/22\/doctorado-en-ciencias-del-desarrollo-y-psicopatologia-cuenta-con-nueva-egresada-con-distincion-maxima\/#primaryimage\"},\"thumbnailUrl\":\"https:\/\/psicologia.udd.cl\/files\/2023\/05\/img_6543-scaled.jpg\",\"articleSection\":[\"Noticias\"],\"inLanguage\":\"es\"},{\"@type\":\"WebPage\",\"@id\":\"https:\/\/psicologia.udd.cl\/doctorado\/es\/2023\/05\/22\/doctorado-en-ciencias-del-desarrollo-y-psicopatologia-cuenta-con-nueva-egresada-con-distincion-maxima\/\",\"url\":\"https:\/\/psicologia.udd.cl\/doctorado\/es\/2023\/05\/22\/doctorado-en-ciencias-del-desarrollo-y-psicopatologia-cuenta-con-nueva-egresada-con-distincion-maxima\/\",\"name\":\"Doctorado en Ciencias del Desarrollo y Psicopatolog\u00eda cuenta con nueva egresada con distinci\u00f3n m\u00e1xima - Doctorado en Ciencias del Desarrollo y Psicopatolog\u00eda\",\"isPartOf\":{\"@id\":\"https:\/\/psicologia.udd.cl\/doctorado\/#website\"},\"primaryImageOfPage\":{\"@id\":\"https:\/\/psicologia.udd.cl\/doctorado\/es\/2023\/05\/22\/doctorado-en-ciencias-del-desarrollo-y-psicopatologia-cuenta-con-nueva-egresada-con-distincion-maxima\/#primaryimage\"},\"image\":{\"@id\":\"https:\/\/psicologia.udd.cl\/doctorado\/es\/2023\/05\/22\/doctorado-en-ciencias-del-desarrollo-y-psicopatologia-cuenta-con-nueva-egresada-con-distincion-maxima\/#primaryimage\"},\"thumbnailUrl\":\"https:\/\/psicologia.udd.cl\/files\/2023\/05\/img_6543-scaled.jpg\",\"datePublished\":\"2023-05-22T17:33:14+00:00\",\"author\":{\"@id\":\"\"},\"inLanguage\":\"es\",\"potentialAction\":[{\"@type\":\"ReadAction\",\"target\":[\"https:\/\/psicologia.udd.cl\/doctorado\/es\/2023\/05\/22\/doctorado-en-ciencias-del-desarrollo-y-psicopatologia-cuenta-con-nueva-egresada-con-distincion-maxima\/\"]}]},{\"@type\":\"ImageObject\",\"inLanguage\":\"es\",\"@id\":\"https:\/\/psicologia.udd.cl\/doctorado\/es\/2023\/05\/22\/doctorado-en-ciencias-del-desarrollo-y-psicopatologia-cuenta-con-nueva-egresada-con-distincion-maxima\/#primaryimage\",\"url\":\"https:\/\/psicologia.udd.cl\/files\/2023\/05\/img_6543-scaled.jpg\",\"contentUrl\":\"https:\/\/psicologia.udd.cl\/files\/2023\/05\/img_6543-scaled.jpg\"},{\"@type\":\"WebSite\",\"@id\":\"https:\/\/psicologia.udd.cl\/doctorado\/#website\",\"url\":\"https:\/\/psicologia.udd.cl\/doctorado\/\",\"name\":\"Doctorado en Ciencias del Desarrollo y Psicopatolog\u00eda\",\"description\":\"\",\"inLanguage\":\"es\"}]}<\/script>\n<!-- \/ Yoast SEO plugin. -->","yoast_head_json":{"title":"Doctorado en Ciencias del Desarrollo y Psicopatolog\u00eda cuenta con nueva egresada con distinci\u00f3n m\u00e1xima - Doctorado en Ciencias del Desarrollo y Psicopatolog\u00eda","robots":{"index":"index","follow":"follow","max-snippet":"max-snippet:-1","max-image-preview":"max-image-preview:large","max-video-preview":"max-video-preview:-1"},"canonical":"https:\/\/psicologia.udd.cl\/doctorado\/es\/2023\/05\/22\/doctorado-en-ciencias-del-desarrollo-y-psicopatologia-cuenta-con-nueva-egresada-con-distincion-maxima\/","og_locale":"es_ES","og_type":"article","og_title":"Doctorado en Ciencias del Desarrollo y Psicopatolog\u00eda cuenta con nueva egresada con distinci\u00f3n m\u00e1xima - Doctorado en Ciencias del Desarrollo y Psicopatolog\u00eda","og_description":"Con fecha 13 de abril de 2023,\u00a0Paulina S\u00e1nchez Soto\u00a0obtuvo su grado de Doctora en en Ciencias del Desarrollo y\u00a0Psicopatolog\u00eda -con distinci\u00f3n m\u00e1xima- en la Universidad del Desarrollo, luego de haber presentado su tesis doctoral titulada\u00a0\u201cViolencia de pareja adolescente: Adversidad en la infancia y habilidades socioemocionales en perpetradores\u201d. Esta investigaci\u00f3n aborda\u00a0c\u00f3mo los patrones familiares violentos son [&hellip;]","og_url":"https:\/\/psicologia.udd.cl\/doctorado\/es\/2023\/05\/22\/doctorado-en-ciencias-del-desarrollo-y-psicopatologia-cuenta-con-nueva-egresada-con-distincion-maxima\/","og_site_name":"Doctorado en Ciencias del Desarrollo y Psicopatolog\u00eda","article_published_time":"2023-05-22T17:33:14+00:00","og_image":[{"url":"https:\/\/psicologia.udd.cl\/files\/2023\/05\/img_6543-scaled.jpg","type":"","width":"","height":""}],"twitter_card":"summary_large_image","twitter_misc":{"Tiempo de lectura":"4 minutos"},"schema":{"@context":"https:\/\/schema.org","@graph":[{"@type":"Article","@id":"https:\/\/psicologia.udd.cl\/doctorado\/es\/2023\/05\/22\/doctorado-en-ciencias-del-desarrollo-y-psicopatologia-cuenta-con-nueva-egresada-con-distincion-maxima\/#article","isPartOf":{"@id":"https:\/\/psicologia.udd.cl\/doctorado\/es\/2023\/05\/22\/doctorado-en-ciencias-del-desarrollo-y-psicopatologia-cuenta-con-nueva-egresada-con-distincion-maxima\/"},"author":{"name":"","@id":""},"headline":"Doctorado en Ciencias del Desarrollo y Psicopatolog\u00eda cuenta con nueva egresada con distinci\u00f3n m\u00e1xima","datePublished":"2023-05-22T17:33:14+00:00","mainEntityOfPage":{"@id":"https:\/\/psicologia.udd.cl\/doctorado\/es\/2023\/05\/22\/doctorado-en-ciencias-del-desarrollo-y-psicopatologia-cuenta-con-nueva-egresada-con-distincion-maxima\/"},"wordCount":597,"image":{"@id":"https:\/\/psicologia.udd.cl\/doctorado\/es\/2023\/05\/22\/doctorado-en-ciencias-del-desarrollo-y-psicopatologia-cuenta-con-nueva-egresada-con-distincion-maxima\/#primaryimage"},"thumbnailUrl":"https:\/\/psicologia.udd.cl\/files\/2023\/05\/img_6543-scaled.jpg","articleSection":["Noticias"],"inLanguage":"es"},{"@type":"WebPage","@id":"https:\/\/psicologia.udd.cl\/doctorado\/es\/2023\/05\/22\/doctorado-en-ciencias-del-desarrollo-y-psicopatologia-cuenta-con-nueva-egresada-con-distincion-maxima\/","url":"https:\/\/psicologia.udd.cl\/doctorado\/es\/2023\/05\/22\/doctorado-en-ciencias-del-desarrollo-y-psicopatologia-cuenta-con-nueva-egresada-con-distincion-maxima\/","name":"Doctorado en Ciencias del Desarrollo y Psicopatolog\u00eda cuenta con nueva egresada con distinci\u00f3n m\u00e1xima - Doctorado en Ciencias del Desarrollo y Psicopatolog\u00eda","isPartOf":{"@id":"https:\/\/psicologia.udd.cl\/doctorado\/#website"},"primaryImageOfPage":{"@id":"https:\/\/psicologia.udd.cl\/doctorado\/es\/2023\/05\/22\/doctorado-en-ciencias-del-desarrollo-y-psicopatologia-cuenta-con-nueva-egresada-con-distincion-maxima\/#primaryimage"},"image":{"@id":"https:\/\/psicologia.udd.cl\/doctorado\/es\/2023\/05\/22\/doctorado-en-ciencias-del-desarrollo-y-psicopatologia-cuenta-con-nueva-egresada-con-distincion-maxima\/#primaryimage"},"thumbnailUrl":"https:\/\/psicologia.udd.cl\/files\/2023\/05\/img_6543-scaled.jpg","datePublished":"2023-05-22T17:33:14+00:00","author":{"@id":""},"inLanguage":"es","potentialAction":[{"@type":"ReadAction","target":["https:\/\/psicologia.udd.cl\/doctorado\/es\/2023\/05\/22\/doctorado-en-ciencias-del-desarrollo-y-psicopatologia-cuenta-con-nueva-egresada-con-distincion-maxima\/"]}]},{"@type":"ImageObject","inLanguage":"es","@id":"https:\/\/psicologia.udd.cl\/doctorado\/es\/2023\/05\/22\/doctorado-en-ciencias-del-desarrollo-y-psicopatologia-cuenta-con-nueva-egresada-con-distincion-maxima\/#primaryimage","url":"https:\/\/psicologia.udd.cl\/files\/2023\/05\/img_6543-scaled.jpg","contentUrl":"https:\/\/psicologia.udd.cl\/files\/2023\/05\/img_6543-scaled.jpg"},{"@type":"WebSite","@id":"https:\/\/psicologia.udd.cl\/doctorado\/#website","url":"https:\/\/psicologia.udd.cl\/doctorado\/","name":"Doctorado en Ciencias del Desarrollo y Psicopatolog\u00eda","description":"","inLanguage":"es"}]}},"featured_image_url":null,"_links":{"self":[{"href":"https:\/\/psicologia.udd.cl\/doctorado\/wp-json\/wp\/v2\/posts\/1938","targetHints":{"allow":["GET"]}}],"collection":[{"href":"https:\/\/psicologia.udd.cl\/doctorado\/wp-json\/wp\/v2\/posts"}],"about":[{"href":"https:\/\/psicologia.udd.cl\/doctorado\/wp-json\/wp\/v2\/types\/post"}],"replies":[{"embeddable":true,"href":"https:\/\/psicologia.udd.cl\/doctorado\/wp-json\/wp\/v2\/comments?post=1938"}],"version-history":[{"count":0,"href":"https:\/\/psicologia.udd.cl\/doctorado\/wp-json\/wp\/v2\/posts\/1938\/revisions"}],"wp:attachment":[{"href":"https:\/\/psicologia.udd.cl\/doctorado\/wp-json\/wp\/v2\/media?parent=1938"}],"wp:term":[{"taxonomy":"category","embeddable":true,"href":"https:\/\/psicologia.udd.cl\/doctorado\/wp-json\/wp\/v2\/categories?post=1938"},{"taxonomy":"post_tag","embeddable":true,"href":"https:\/\/psicologia.udd.cl\/doctorado\/wp-json\/wp\/v2\/tags?post=1938"}],"curies":[{"name":"wp","href":"https:\/\/api.w.org\/{rel}","templated":true}]}}