{"id":1922,"date":"2023-03-16T17:04:50","date_gmt":"2023-03-16T17:04:50","guid":{"rendered":"https:\/\/psicologia.udd.cl\/doctorado\/?p=1922"},"modified":"2023-03-16T17:04:50","modified_gmt":"2023-03-16T17:04:50","slug":"dcdp-recibe-a-su-septima-generacion-de-estudiantes","status":"publish","type":"post","link":"https:\/\/psicologia.udd.cl\/doctorado\/es\/2023\/03\/16\/dcdp-recibe-a-su-septima-generacion-de-estudiantes\/","title":{"rendered":"DCDP recibe a su s\u00e9ptima generaci\u00f3n de estudiantes."},"content":{"rendered":"<p>Marzo no s\u00f3lo trajo el ingreso de cientos de alumnos y alumnas a las aulas de Pregrado, sino que tambi\u00e9n es el mes de inicio de las clases de los programas de Doctorado de la Universidad del Desarrollo.<\/p>\n<p>Por segundo a\u00f1o, la\u00a0<strong>Direcci\u00f3n de Investigaci\u00f3n y Doctorados (DID)<\/strong>\u00a0realiz\u00f3 una actividad de inducci\u00f3n a los nuevos estudiantes de Postgrado, quienes participaron de una jornada en la que se presentaron los lineamientos y pol\u00edticas de los programas, as\u00ed como los diferentes concursos y actividades enfocados en ellos.<\/p>\n<p>Paralelamente, se detallaron las diferentes unidades de apoyo de la UDD:<a href=\"https:\/\/vive.udd.cl\/\" target=\"_blank\" rel=\"noreferrer noopener\">\u00a0VIVE UDD<\/a>,\u00a0<a href=\"https:\/\/cada.udd.cl\/\" target=\"_blank\" rel=\"noreferrer noopener\">Centro de Apoyo al Desempe\u00f1o Acad\u00e9mico (CADA)<\/a>, Direcci\u00f3n de Experiencia y Desarrollo Estudiantil (DEDE) y\u00a0<a href=\"https:\/\/biblioteca.udd.cl\/\" target=\"_blank\" rel=\"noreferrer noopener\">Bibliotecas<\/a>, adem\u00e1s de una charla realizada por el director del\u00a0<strong>Doctorado en Ciencias del Desarrollo y Psicopatolog\u00eda (DCDP)<\/strong>, Francisco Ceric y Juan Alberto Lecaros, director del Observatorio Bio\u00e9tica y Derecho en Universidad del Desarrollo, acerca de \u00e9tica e integridad en la investigaci\u00f3n.<\/p>\n<p>Este 2023, ingresaron cinco estudiantes al DCDP, coincidentemente, todos psic\u00f3logos y psic\u00f3logas: Roy Hidalgo Canales, Karin Miethe S\u00e1inz, Barllech Romero Paniagua, Jos\u00e9 De Pablo Badilla y Claudia Angulo Calle.\u00a0<strong><a href=\"http:\/\/bit.ly\/3ZGbPhE\" target=\"_blank\" rel=\"noreferrer noopener\">(Revisa sus perfiles ac\u00e1)<\/a><\/strong>.<\/p>\n<p>Tras las actividades organizadas por la DID, Psicolog\u00eda UDD tambi\u00e9n prepar\u00f3 diversas instancias de encuentro. Tuvieron un encuentro con administrativos, compa\u00f1eros y profesores del DCDP, el que les permiti\u00f3 conocer m\u00e1s de cerca el programa y funcionamiento UDD; y, tambi\u00e9n fueron recibidos por las autoridades de Psicolog\u00eda UDD,\u00a0<strong>Teresita Serrano<\/strong>, Decana,\u00a0<strong>Jaime Silva<\/strong>, director IBEM y\u00a0<strong>B\u00e1rbara G\u00e1lvez<\/strong>, directora de Pregrado Santiago.<\/p>\n<p>\u00a1Les deseamos el mayor de los \u00e9xitos en este nuevo desaf\u00edo y bienvenidos\/as Psicolog\u00eda UDD!<\/p>\n<p>&nbsp;<\/p>\n<p>&nbsp;<\/p>\n<p>&nbsp;<\/p>\n<figure class=\"wp-container-2 wp-block-gallery-1 wp-block-gallery has-nested-images columns-default is-cropped\">\n<figure class=\"wp-block-image size-large\"><a href=\"https:\/\/psicologia.udd.cl\/files\/2023\/03\/1-scaled.jpg\"><img loading=\"lazy\" decoding=\"async\" class=\"aligncenter wp-image-50316\" src=\"https:\/\/psicologia.udd.cl\/files\/2023\/03\/1-1024x683.jpg\" alt=\"\" width=\"1047\" height=\"699\" data-id=\"50316\" \/><\/a><\/figure>\n<figure class=\"wp-block-image size-large\"><a href=\"https:\/\/psicologia.udd.cl\/files\/2023\/03\/img_6184-scaled.jpg\"><img loading=\"lazy\" decoding=\"async\" class=\"wp-image-50317 aligncenter\" src=\"https:\/\/psicologia.udd.cl\/files\/2023\/03\/img_6184-1024x683.jpg\" alt=\"\" width=\"1024\" height=\"683\" data-id=\"50317\" \/><\/a><\/figure>\n<figure class=\"wp-block-image size-large\"><a href=\"https:\/\/psicologia.udd.cl\/files\/2023\/03\/img-20230301-wa0041-960x720-1.jpg\"><img loading=\"lazy\" decoding=\"async\" class=\"wp-image-50318 aligncenter\" src=\"https:\/\/psicologia.udd.cl\/files\/2023\/03\/img-20230301-wa0041-960x720-1.jpg\" alt=\"\" width=\"960\" height=\"720\" data-id=\"50318\" \/><\/a><\/figure>\n<\/figure>\n","protected":false},"excerpt":{"rendered":"<p>Marzo no s\u00f3lo trajo el ingreso de cientos de alumnos y alumnas a las aulas de Pregrado, sino que tambi\u00e9n es el mes de inicio de las clases de los programas de Doctorado de la Universidad del Desarrollo. Por segundo a\u00f1o, la\u00a0Direcci\u00f3n de Investigaci\u00f3n y Doctorados (DID)\u00a0realiz\u00f3 una actividad de inducci\u00f3n a los nuevos estudiantes [&hellip;]<\/p>\n","protected":false},"author":0,"featured_media":0,"comment_status":"closed","ping_status":"open","sticky":false,"template":"","format":"standard","meta":{"footnotes":""},"categories":[69],"tags":[],"class_list":["post-1922","post","type-post","status-publish","format-standard","hentry","category-noticias"],"yoast_head":"<!-- This site is optimized with the Yoast SEO plugin v26.9 - https:\/\/yoast.com\/product\/yoast-seo-wordpress\/ -->\n<title>DCDP recibe a su s\u00e9ptima generaci\u00f3n de estudiantes. - Doctorado en Ciencias del Desarrollo y Psicopatolog\u00eda<\/title>\n<meta name=\"robots\" content=\"index, follow, max-snippet:-1, max-image-preview:large, max-video-preview:-1\" \/>\n<link rel=\"canonical\" href=\"https:\/\/psicologia.udd.cl\/doctorado\/es\/2023\/03\/16\/dcdp-recibe-a-su-septima-generacion-de-estudiantes\/\" \/>\n<meta property=\"og:locale\" content=\"es_ES\" \/>\n<meta property=\"og:type\" content=\"article\" \/>\n<meta property=\"og:title\" content=\"DCDP recibe a su s\u00e9ptima generaci\u00f3n de estudiantes. - Doctorado en Ciencias del Desarrollo y Psicopatolog\u00eda\" \/>\n<meta property=\"og:description\" content=\"Marzo no s\u00f3lo trajo el ingreso de cientos de alumnos y alumnas a las aulas de Pregrado, sino que tambi\u00e9n es el mes de inicio de las clases de los programas de Doctorado de la Universidad del Desarrollo. Por segundo a\u00f1o, la\u00a0Direcci\u00f3n de Investigaci\u00f3n y Doctorados (DID)\u00a0realiz\u00f3 una actividad de inducci\u00f3n a los nuevos estudiantes [&hellip;]\" \/>\n<meta property=\"og:url\" content=\"https:\/\/psicologia.udd.cl\/doctorado\/es\/2023\/03\/16\/dcdp-recibe-a-su-septima-generacion-de-estudiantes\/\" \/>\n<meta property=\"og:site_name\" content=\"Doctorado en Ciencias del Desarrollo y Psicopatolog\u00eda\" \/>\n<meta property=\"article:published_time\" content=\"2023-03-16T17:04:50+00:00\" \/>\n<meta property=\"og:image\" content=\"https:\/\/psicologia.udd.cl\/files\/2023\/03\/1-1024x683.jpg\" \/>\n<meta name=\"twitter:card\" content=\"summary_large_image\" \/>\n<meta name=\"twitter:label1\" content=\"Tiempo de lectura\" \/>\n\t<meta name=\"twitter:data1\" content=\"2 minutos\" \/>\n<script type=\"application\/ld+json\" class=\"yoast-schema-graph\">{\"@context\":\"https:\/\/schema.org\",\"@graph\":[{\"@type\":\"Article\",\"@id\":\"https:\/\/psicologia.udd.cl\/doctorado\/es\/2023\/03\/16\/dcdp-recibe-a-su-septima-generacion-de-estudiantes\/#article\",\"isPartOf\":{\"@id\":\"https:\/\/psicologia.udd.cl\/doctorado\/es\/2023\/03\/16\/dcdp-recibe-a-su-septima-generacion-de-estudiantes\/\"},\"author\":{\"name\":\"\",\"@id\":\"\"},\"headline\":\"DCDP recibe a su s\u00e9ptima generaci\u00f3n de estudiantes.\",\"datePublished\":\"2023-03-16T17:04:50+00:00\",\"mainEntityOfPage\":{\"@id\":\"https:\/\/psicologia.udd.cl\/doctorado\/es\/2023\/03\/16\/dcdp-recibe-a-su-septima-generacion-de-estudiantes\/\"},\"wordCount\":306,\"image\":{\"@id\":\"https:\/\/psicologia.udd.cl\/doctorado\/es\/2023\/03\/16\/dcdp-recibe-a-su-septima-generacion-de-estudiantes\/#primaryimage\"},\"thumbnailUrl\":\"https:\/\/psicologia.udd.cl\/files\/2023\/03\/1-1024x683.jpg\",\"articleSection\":[\"Noticias\"],\"inLanguage\":\"es\"},{\"@type\":\"WebPage\",\"@id\":\"https:\/\/psicologia.udd.cl\/doctorado\/es\/2023\/03\/16\/dcdp-recibe-a-su-septima-generacion-de-estudiantes\/\",\"url\":\"https:\/\/psicologia.udd.cl\/doctorado\/es\/2023\/03\/16\/dcdp-recibe-a-su-septima-generacion-de-estudiantes\/\",\"name\":\"DCDP recibe a su s\u00e9ptima generaci\u00f3n de estudiantes. - Doctorado en Ciencias del Desarrollo y Psicopatolog\u00eda\",\"isPartOf\":{\"@id\":\"https:\/\/psicologia.udd.cl\/doctorado\/#website\"},\"primaryImageOfPage\":{\"@id\":\"https:\/\/psicologia.udd.cl\/doctorado\/es\/2023\/03\/16\/dcdp-recibe-a-su-septima-generacion-de-estudiantes\/#primaryimage\"},\"image\":{\"@id\":\"https:\/\/psicologia.udd.cl\/doctorado\/es\/2023\/03\/16\/dcdp-recibe-a-su-septima-generacion-de-estudiantes\/#primaryimage\"},\"thumbnailUrl\":\"https:\/\/psicologia.udd.cl\/files\/2023\/03\/1-1024x683.jpg\",\"datePublished\":\"2023-03-16T17:04:50+00:00\",\"author\":{\"@id\":\"\"},\"inLanguage\":\"es\",\"potentialAction\":[{\"@type\":\"ReadAction\",\"target\":[\"https:\/\/psicologia.udd.cl\/doctorado\/es\/2023\/03\/16\/dcdp-recibe-a-su-septima-generacion-de-estudiantes\/\"]}]},{\"@type\":\"ImageObject\",\"inLanguage\":\"es\",\"@id\":\"https:\/\/psicologia.udd.cl\/doctorado\/es\/2023\/03\/16\/dcdp-recibe-a-su-septima-generacion-de-estudiantes\/#primaryimage\",\"url\":\"https:\/\/psicologia.udd.cl\/files\/2023\/03\/1-1024x683.jpg\",\"contentUrl\":\"https:\/\/psicologia.udd.cl\/files\/2023\/03\/1-1024x683.jpg\"},{\"@type\":\"WebSite\",\"@id\":\"https:\/\/psicologia.udd.cl\/doctorado\/#website\",\"url\":\"https:\/\/psicologia.udd.cl\/doctorado\/\",\"name\":\"Doctorado en Ciencias del Desarrollo y Psicopatolog\u00eda\",\"description\":\"\",\"inLanguage\":\"es\"}]}<\/script>\n<!-- \/ Yoast SEO plugin. -->","yoast_head_json":{"title":"DCDP recibe a su s\u00e9ptima generaci\u00f3n de estudiantes. - Doctorado en Ciencias del Desarrollo y Psicopatolog\u00eda","robots":{"index":"index","follow":"follow","max-snippet":"max-snippet:-1","max-image-preview":"max-image-preview:large","max-video-preview":"max-video-preview:-1"},"canonical":"https:\/\/psicologia.udd.cl\/doctorado\/es\/2023\/03\/16\/dcdp-recibe-a-su-septima-generacion-de-estudiantes\/","og_locale":"es_ES","og_type":"article","og_title":"DCDP recibe a su s\u00e9ptima generaci\u00f3n de estudiantes. - Doctorado en Ciencias del Desarrollo y Psicopatolog\u00eda","og_description":"Marzo no s\u00f3lo trajo el ingreso de cientos de alumnos y alumnas a las aulas de Pregrado, sino que tambi\u00e9n es el mes de inicio de las clases de los programas de Doctorado de la Universidad del Desarrollo. Por segundo a\u00f1o, la\u00a0Direcci\u00f3n de Investigaci\u00f3n y Doctorados (DID)\u00a0realiz\u00f3 una actividad de inducci\u00f3n a los nuevos estudiantes [&hellip;]","og_url":"https:\/\/psicologia.udd.cl\/doctorado\/es\/2023\/03\/16\/dcdp-recibe-a-su-septima-generacion-de-estudiantes\/","og_site_name":"Doctorado en Ciencias del Desarrollo y Psicopatolog\u00eda","article_published_time":"2023-03-16T17:04:50+00:00","og_image":[{"url":"https:\/\/psicologia.udd.cl\/files\/2023\/03\/1-1024x683.jpg","type":"","width":"","height":""}],"twitter_card":"summary_large_image","twitter_misc":{"Tiempo de lectura":"2 minutos"},"schema":{"@context":"https:\/\/schema.org","@graph":[{"@type":"Article","@id":"https:\/\/psicologia.udd.cl\/doctorado\/es\/2023\/03\/16\/dcdp-recibe-a-su-septima-generacion-de-estudiantes\/#article","isPartOf":{"@id":"https:\/\/psicologia.udd.cl\/doctorado\/es\/2023\/03\/16\/dcdp-recibe-a-su-septima-generacion-de-estudiantes\/"},"author":{"name":"","@id":""},"headline":"DCDP recibe a su s\u00e9ptima generaci\u00f3n de estudiantes.","datePublished":"2023-03-16T17:04:50+00:00","mainEntityOfPage":{"@id":"https:\/\/psicologia.udd.cl\/doctorado\/es\/2023\/03\/16\/dcdp-recibe-a-su-septima-generacion-de-estudiantes\/"},"wordCount":306,"image":{"@id":"https:\/\/psicologia.udd.cl\/doctorado\/es\/2023\/03\/16\/dcdp-recibe-a-su-septima-generacion-de-estudiantes\/#primaryimage"},"thumbnailUrl":"https:\/\/psicologia.udd.cl\/files\/2023\/03\/1-1024x683.jpg","articleSection":["Noticias"],"inLanguage":"es"},{"@type":"WebPage","@id":"https:\/\/psicologia.udd.cl\/doctorado\/es\/2023\/03\/16\/dcdp-recibe-a-su-septima-generacion-de-estudiantes\/","url":"https:\/\/psicologia.udd.cl\/doctorado\/es\/2023\/03\/16\/dcdp-recibe-a-su-septima-generacion-de-estudiantes\/","name":"DCDP recibe a su s\u00e9ptima generaci\u00f3n de estudiantes. - Doctorado en Ciencias del Desarrollo y Psicopatolog\u00eda","isPartOf":{"@id":"https:\/\/psicologia.udd.cl\/doctorado\/#website"},"primaryImageOfPage":{"@id":"https:\/\/psicologia.udd.cl\/doctorado\/es\/2023\/03\/16\/dcdp-recibe-a-su-septima-generacion-de-estudiantes\/#primaryimage"},"image":{"@id":"https:\/\/psicologia.udd.cl\/doctorado\/es\/2023\/03\/16\/dcdp-recibe-a-su-septima-generacion-de-estudiantes\/#primaryimage"},"thumbnailUrl":"https:\/\/psicologia.udd.cl\/files\/2023\/03\/1-1024x683.jpg","datePublished":"2023-03-16T17:04:50+00:00","author":{"@id":""},"inLanguage":"es","potentialAction":[{"@type":"ReadAction","target":["https:\/\/psicologia.udd.cl\/doctorado\/es\/2023\/03\/16\/dcdp-recibe-a-su-septima-generacion-de-estudiantes\/"]}]},{"@type":"ImageObject","inLanguage":"es","@id":"https:\/\/psicologia.udd.cl\/doctorado\/es\/2023\/03\/16\/dcdp-recibe-a-su-septima-generacion-de-estudiantes\/#primaryimage","url":"https:\/\/psicologia.udd.cl\/files\/2023\/03\/1-1024x683.jpg","contentUrl":"https:\/\/psicologia.udd.cl\/files\/2023\/03\/1-1024x683.jpg"},{"@type":"WebSite","@id":"https:\/\/psicologia.udd.cl\/doctorado\/#website","url":"https:\/\/psicologia.udd.cl\/doctorado\/","name":"Doctorado en Ciencias del Desarrollo y Psicopatolog\u00eda","description":"","inLanguage":"es"}]}},"featured_image_url":null,"_links":{"self":[{"href":"https:\/\/psicologia.udd.cl\/doctorado\/wp-json\/wp\/v2\/posts\/1922","targetHints":{"allow":["GET"]}}],"collection":[{"href":"https:\/\/psicologia.udd.cl\/doctorado\/wp-json\/wp\/v2\/posts"}],"about":[{"href":"https:\/\/psicologia.udd.cl\/doctorado\/wp-json\/wp\/v2\/types\/post"}],"replies":[{"embeddable":true,"href":"https:\/\/psicologia.udd.cl\/doctorado\/wp-json\/wp\/v2\/comments?post=1922"}],"version-history":[{"count":0,"href":"https:\/\/psicologia.udd.cl\/doctorado\/wp-json\/wp\/v2\/posts\/1922\/revisions"}],"wp:attachment":[{"href":"https:\/\/psicologia.udd.cl\/doctorado\/wp-json\/wp\/v2\/media?parent=1922"}],"wp:term":[{"taxonomy":"category","embeddable":true,"href":"https:\/\/psicologia.udd.cl\/doctorado\/wp-json\/wp\/v2\/categories?post=1922"},{"taxonomy":"post_tag","embeddable":true,"href":"https:\/\/psicologia.udd.cl\/doctorado\/wp-json\/wp\/v2\/tags?post=1922"}],"curies":[{"name":"wp","href":"https:\/\/api.w.org\/{rel}","templated":true}]}}