{"id":1650,"date":"2022-03-17T16:54:42","date_gmt":"2022-03-17T16:54:42","guid":{"rendered":"https:\/\/psicologia.udd.cl\/doctorado\/?p=1650"},"modified":"2022-03-17T16:54:42","modified_gmt":"2022-03-17T16:54:42","slug":"prensa-arica-al-dia-jaime-silva-destaca-por-participacion-en-capacitacion-para-profesionales-ariquenos-sobre-el-apego","status":"publish","type":"post","link":"https:\/\/psicologia.udd.cl\/doctorado\/es\/2022\/03\/17\/prensa-arica-al-dia-jaime-silva-destaca-por-participacion-en-capacitacion-para-profesionales-ariquenos-sobre-el-apego\/","title":{"rendered":"#Prensa Arica al D\u00eda| Jaime Silva destaca por participaci\u00f3n en capacitaci\u00f3n para profesionales arique\u00f1os sobre el apego"},"content":{"rendered":"<p>Debido a su asistencia como docente en la formaci\u00f3n \u00abV\u00ednculos Afectivos Bases Conceptuales y T\u00e9cnicas de Evaluaci\u00f3n\u00bb, realizada los d\u00edas 14 y 15 de enero en la d\u00e9cima quinta regi\u00f3n del pa\u00eds, Arica al D\u00eda convers\u00f3 con el psic\u00f3logo y profesor titular de la Universidad del Desarrollo,\u00a0<strong>Jaime Silva\u00a0<\/strong>para consultarle de los temas tratados en la jornada.<\/p>\n<p><a href=\"https:\/\/www.aricaldia.cl\/profesionales-ariquenos-se-capacitan-en-apego\/\"><strong>Revisa la noticia aqu\u00ed<\/strong><\/a><\/p>\n","protected":false},"excerpt":{"rendered":"<p>Debido a su asistencia como docente en la formaci\u00f3n \u00abV\u00ednculos Afectivos Bases Conceptuales y T\u00e9cnicas de Evaluaci\u00f3n\u00bb, realizada los d\u00edas 14 y 15 de enero en la d\u00e9cima quinta regi\u00f3n del pa\u00eds, Arica al D\u00eda convers\u00f3 con el psic\u00f3logo y profesor titular de la Universidad del Desarrollo,\u00a0Jaime Silva\u00a0para consultarle de los temas tratados en la [&hellip;]<\/p>\n","protected":false},"author":0,"featured_media":0,"comment_status":"open","ping_status":"open","sticky":false,"template":"","format":"standard","meta":{"footnotes":""},"categories":[69],"tags":[],"class_list":["post-1650","post","type-post","status-publish","format-standard","hentry","category-noticias"],"yoast_head":"<!-- This site is optimized with the Yoast SEO plugin v26.9 - https:\/\/yoast.com\/product\/yoast-seo-wordpress\/ -->\n<title>#Prensa Arica al D\u00eda| Jaime Silva destaca por participaci\u00f3n en capacitaci\u00f3n para profesionales arique\u00f1os sobre el apego - Doctorado en Ciencias del Desarrollo y Psicopatolog\u00eda<\/title>\n<meta name=\"robots\" content=\"index, follow, max-snippet:-1, max-image-preview:large, max-video-preview:-1\" \/>\n<link rel=\"canonical\" href=\"https:\/\/psicologia.udd.cl\/doctorado\/es\/2022\/03\/17\/prensa-arica-al-dia-jaime-silva-destaca-por-participacion-en-capacitacion-para-profesionales-ariquenos-sobre-el-apego\/\" \/>\n<meta property=\"og:locale\" content=\"es_ES\" \/>\n<meta property=\"og:type\" content=\"article\" \/>\n<meta property=\"og:title\" content=\"#Prensa Arica al D\u00eda| Jaime Silva destaca por participaci\u00f3n en capacitaci\u00f3n para profesionales arique\u00f1os sobre el apego - Doctorado en Ciencias del Desarrollo y Psicopatolog\u00eda\" \/>\n<meta property=\"og:description\" content=\"Debido a su asistencia como docente en la formaci\u00f3n \u00abV\u00ednculos Afectivos Bases Conceptuales y T\u00e9cnicas de Evaluaci\u00f3n\u00bb, realizada los d\u00edas 14 y 15 de enero en la d\u00e9cima quinta regi\u00f3n del pa\u00eds, Arica al D\u00eda convers\u00f3 con el psic\u00f3logo y profesor titular de la Universidad del Desarrollo,\u00a0Jaime Silva\u00a0para consultarle de los temas tratados en la [&hellip;]\" \/>\n<meta property=\"og:url\" content=\"https:\/\/psicologia.udd.cl\/doctorado\/es\/2022\/03\/17\/prensa-arica-al-dia-jaime-silva-destaca-por-participacion-en-capacitacion-para-profesionales-ariquenos-sobre-el-apego\/\" \/>\n<meta property=\"og:site_name\" content=\"Doctorado en Ciencias del Desarrollo y Psicopatolog\u00eda\" \/>\n<meta property=\"article:published_time\" content=\"2022-03-17T16:54:42+00:00\" \/>\n<meta name=\"twitter:card\" content=\"summary_large_image\" \/>\n<script type=\"application\/ld+json\" class=\"yoast-schema-graph\">{\"@context\":\"https:\/\/schema.org\",\"@graph\":[{\"@type\":\"Article\",\"@id\":\"https:\/\/psicologia.udd.cl\/doctorado\/es\/2022\/03\/17\/prensa-arica-al-dia-jaime-silva-destaca-por-participacion-en-capacitacion-para-profesionales-ariquenos-sobre-el-apego\/#article\",\"isPartOf\":{\"@id\":\"https:\/\/psicologia.udd.cl\/doctorado\/es\/2022\/03\/17\/prensa-arica-al-dia-jaime-silva-destaca-por-participacion-en-capacitacion-para-profesionales-ariquenos-sobre-el-apego\/\"},\"author\":{\"name\":\"\",\"@id\":\"\"},\"headline\":\"#Prensa Arica al D\u00eda| Jaime Silva destaca por participaci\u00f3n en capacitaci\u00f3n para profesionales arique\u00f1os sobre el apego\",\"datePublished\":\"2022-03-17T16:54:42+00:00\",\"mainEntityOfPage\":{\"@id\":\"https:\/\/psicologia.udd.cl\/doctorado\/es\/2022\/03\/17\/prensa-arica-al-dia-jaime-silva-destaca-por-participacion-en-capacitacion-para-profesionales-ariquenos-sobre-el-apego\/\"},\"wordCount\":91,\"commentCount\":0,\"articleSection\":[\"Noticias\"],\"inLanguage\":\"es\",\"potentialAction\":[{\"@type\":\"CommentAction\",\"name\":\"Comment\",\"target\":[\"https:\/\/psicologia.udd.cl\/doctorado\/es\/2022\/03\/17\/prensa-arica-al-dia-jaime-silva-destaca-por-participacion-en-capacitacion-para-profesionales-ariquenos-sobre-el-apego\/#respond\"]}]},{\"@type\":\"WebPage\",\"@id\":\"https:\/\/psicologia.udd.cl\/doctorado\/es\/2022\/03\/17\/prensa-arica-al-dia-jaime-silva-destaca-por-participacion-en-capacitacion-para-profesionales-ariquenos-sobre-el-apego\/\",\"url\":\"https:\/\/psicologia.udd.cl\/doctorado\/es\/2022\/03\/17\/prensa-arica-al-dia-jaime-silva-destaca-por-participacion-en-capacitacion-para-profesionales-ariquenos-sobre-el-apego\/\",\"name\":\"#Prensa Arica al D\u00eda| Jaime Silva destaca por participaci\u00f3n en capacitaci\u00f3n para profesionales arique\u00f1os sobre el apego - Doctorado en Ciencias del Desarrollo y Psicopatolog\u00eda\",\"isPartOf\":{\"@id\":\"https:\/\/psicologia.udd.cl\/doctorado\/#website\"},\"datePublished\":\"2022-03-17T16:54:42+00:00\",\"author\":{\"@id\":\"\"},\"inLanguage\":\"es\",\"potentialAction\":[{\"@type\":\"ReadAction\",\"target\":[\"https:\/\/psicologia.udd.cl\/doctorado\/es\/2022\/03\/17\/prensa-arica-al-dia-jaime-silva-destaca-por-participacion-en-capacitacion-para-profesionales-ariquenos-sobre-el-apego\/\"]}]},{\"@type\":\"WebSite\",\"@id\":\"https:\/\/psicologia.udd.cl\/doctorado\/#website\",\"url\":\"https:\/\/psicologia.udd.cl\/doctorado\/\",\"name\":\"Doctorado en Ciencias del Desarrollo y Psicopatolog\u00eda\",\"description\":\"\",\"inLanguage\":\"es\"}]}<\/script>\n<!-- \/ Yoast SEO plugin. -->","yoast_head_json":{"title":"#Prensa Arica al D\u00eda| Jaime Silva destaca por participaci\u00f3n en capacitaci\u00f3n para profesionales arique\u00f1os sobre el apego - Doctorado en Ciencias del Desarrollo y Psicopatolog\u00eda","robots":{"index":"index","follow":"follow","max-snippet":"max-snippet:-1","max-image-preview":"max-image-preview:large","max-video-preview":"max-video-preview:-1"},"canonical":"https:\/\/psicologia.udd.cl\/doctorado\/es\/2022\/03\/17\/prensa-arica-al-dia-jaime-silva-destaca-por-participacion-en-capacitacion-para-profesionales-ariquenos-sobre-el-apego\/","og_locale":"es_ES","og_type":"article","og_title":"#Prensa Arica al D\u00eda| Jaime Silva destaca por participaci\u00f3n en capacitaci\u00f3n para profesionales arique\u00f1os sobre el apego - Doctorado en Ciencias del Desarrollo y Psicopatolog\u00eda","og_description":"Debido a su asistencia como docente en la formaci\u00f3n \u00abV\u00ednculos Afectivos Bases Conceptuales y T\u00e9cnicas de Evaluaci\u00f3n\u00bb, realizada los d\u00edas 14 y 15 de enero en la d\u00e9cima quinta regi\u00f3n del pa\u00eds, Arica al D\u00eda convers\u00f3 con el psic\u00f3logo y profesor titular de la Universidad del Desarrollo,\u00a0Jaime Silva\u00a0para consultarle de los temas tratados en la [&hellip;]","og_url":"https:\/\/psicologia.udd.cl\/doctorado\/es\/2022\/03\/17\/prensa-arica-al-dia-jaime-silva-destaca-por-participacion-en-capacitacion-para-profesionales-ariquenos-sobre-el-apego\/","og_site_name":"Doctorado en Ciencias del Desarrollo y Psicopatolog\u00eda","article_published_time":"2022-03-17T16:54:42+00:00","twitter_card":"summary_large_image","schema":{"@context":"https:\/\/schema.org","@graph":[{"@type":"Article","@id":"https:\/\/psicologia.udd.cl\/doctorado\/es\/2022\/03\/17\/prensa-arica-al-dia-jaime-silva-destaca-por-participacion-en-capacitacion-para-profesionales-ariquenos-sobre-el-apego\/#article","isPartOf":{"@id":"https:\/\/psicologia.udd.cl\/doctorado\/es\/2022\/03\/17\/prensa-arica-al-dia-jaime-silva-destaca-por-participacion-en-capacitacion-para-profesionales-ariquenos-sobre-el-apego\/"},"author":{"name":"","@id":""},"headline":"#Prensa Arica al D\u00eda| Jaime Silva destaca por participaci\u00f3n en capacitaci\u00f3n para profesionales arique\u00f1os sobre el apego","datePublished":"2022-03-17T16:54:42+00:00","mainEntityOfPage":{"@id":"https:\/\/psicologia.udd.cl\/doctorado\/es\/2022\/03\/17\/prensa-arica-al-dia-jaime-silva-destaca-por-participacion-en-capacitacion-para-profesionales-ariquenos-sobre-el-apego\/"},"wordCount":91,"commentCount":0,"articleSection":["Noticias"],"inLanguage":"es","potentialAction":[{"@type":"CommentAction","name":"Comment","target":["https:\/\/psicologia.udd.cl\/doctorado\/es\/2022\/03\/17\/prensa-arica-al-dia-jaime-silva-destaca-por-participacion-en-capacitacion-para-profesionales-ariquenos-sobre-el-apego\/#respond"]}]},{"@type":"WebPage","@id":"https:\/\/psicologia.udd.cl\/doctorado\/es\/2022\/03\/17\/prensa-arica-al-dia-jaime-silva-destaca-por-participacion-en-capacitacion-para-profesionales-ariquenos-sobre-el-apego\/","url":"https:\/\/psicologia.udd.cl\/doctorado\/es\/2022\/03\/17\/prensa-arica-al-dia-jaime-silva-destaca-por-participacion-en-capacitacion-para-profesionales-ariquenos-sobre-el-apego\/","name":"#Prensa Arica al D\u00eda| Jaime Silva destaca por participaci\u00f3n en capacitaci\u00f3n para profesionales arique\u00f1os sobre el apego - Doctorado en Ciencias del Desarrollo y Psicopatolog\u00eda","isPartOf":{"@id":"https:\/\/psicologia.udd.cl\/doctorado\/#website"},"datePublished":"2022-03-17T16:54:42+00:00","author":{"@id":""},"inLanguage":"es","potentialAction":[{"@type":"ReadAction","target":["https:\/\/psicologia.udd.cl\/doctorado\/es\/2022\/03\/17\/prensa-arica-al-dia-jaime-silva-destaca-por-participacion-en-capacitacion-para-profesionales-ariquenos-sobre-el-apego\/"]}]},{"@type":"WebSite","@id":"https:\/\/psicologia.udd.cl\/doctorado\/#website","url":"https:\/\/psicologia.udd.cl\/doctorado\/","name":"Doctorado en Ciencias del Desarrollo y Psicopatolog\u00eda","description":"","inLanguage":"es"}]}},"featured_image_url":null,"_links":{"self":[{"href":"https:\/\/psicologia.udd.cl\/doctorado\/wp-json\/wp\/v2\/posts\/1650","targetHints":{"allow":["GET"]}}],"collection":[{"href":"https:\/\/psicologia.udd.cl\/doctorado\/wp-json\/wp\/v2\/posts"}],"about":[{"href":"https:\/\/psicologia.udd.cl\/doctorado\/wp-json\/wp\/v2\/types\/post"}],"replies":[{"embeddable":true,"href":"https:\/\/psicologia.udd.cl\/doctorado\/wp-json\/wp\/v2\/comments?post=1650"}],"version-history":[{"count":0,"href":"https:\/\/psicologia.udd.cl\/doctorado\/wp-json\/wp\/v2\/posts\/1650\/revisions"}],"wp:attachment":[{"href":"https:\/\/psicologia.udd.cl\/doctorado\/wp-json\/wp\/v2\/media?parent=1650"}],"wp:term":[{"taxonomy":"category","embeddable":true,"href":"https:\/\/psicologia.udd.cl\/doctorado\/wp-json\/wp\/v2\/categories?post=1650"},{"taxonomy":"post_tag","embeddable":true,"href":"https:\/\/psicologia.udd.cl\/doctorado\/wp-json\/wp\/v2\/tags?post=1650"}],"curies":[{"name":"wp","href":"https:\/\/api.w.org\/{rel}","templated":true}]}}