{"id":1617,"date":"2022-02-28T20:31:19","date_gmt":"2022-02-28T20:31:19","guid":{"rendered":"https:\/\/psicologia.udd.cl\/doctorado\/?p=1617"},"modified":"2022-02-28T20:31:19","modified_gmt":"2022-02-28T20:31:19","slug":"estudiante-del-dcdp-realizara-pasantia-sobre-educacion-inclusiva-en-la-u-de-hamburgo","status":"publish","type":"post","link":"https:\/\/psicologia.udd.cl\/doctorado\/es\/2022\/02\/28\/estudiante-del-dcdp-realizara-pasantia-sobre-educacion-inclusiva-en-la-u-de-hamburgo\/","title":{"rendered":"Estudiante del DCDP realizar\u00e1 pasant\u00eda sobre Educaci\u00f3n Inclusiva en la U. de Hamburgo"},"content":{"rendered":"<p>Una excelente noticia recibi\u00f3 la psic\u00f3loga\u00a0<strong>Pilar Valenzuela<\/strong>, quien actualmente es estudiante del Doctorado de nuestra facultad en Ciencias del Desarrollo y Psicopatolog\u00eda (DCDP), al adjudicarse la beca otorgada por la Fundaci\u00f3n Volskwagen para realizar una pasant\u00eda presencial en la\u00a0<strong>Universidad de Hamburgo.<\/strong><\/p>\n<p>Al enterarse del concurso que otorgaba el beneficio, Valenzuela decidi\u00f3 postular presentando su proyecto de tesis doctoral ,\u00a0<em>Desarrollo de inclusi\u00f3n en educaci\u00f3n superior desde una perspectiva cultural<\/em>, debido a que precisamente en esta escuela de verano, el tema de estudio es sobre ense\u00f1anza-aprendizaje en Educaci\u00f3n Superior y en este 2022 se centrar\u00e1 en la diversidad.<\/p>\n<p>El proyecto se enfoca en abordar la inclusi\u00f3n desde la perspectiva cultural para comprenderla como un fen\u00f3meno evolutivo \u00abpara favorecer la presencia, participaci\u00f3n y aprendizajes de todo el estudiantado y no s\u00f3lo de aquellos que experimentan necesidades educativas especiales o discapacidad\u00bb. En su tesis, Valenzuela \u00abproblematiza la manera en que se ha llevado la inclusi\u00f3n en Educaci\u00f3n Superior en Chile, a partir de una perspectiva te\u00f3rica hist\u00f3rica y cultural\u00bb.<\/p>\n<p>Respecto a sus motivaciones para postular, la psic\u00f3loga expres\u00f3 que \u00abes una tremenda oportunidad para el encuentro acad\u00e9mico entre pares y con investigadores e investigadoras senior. Tuve la experiencia de estar en otra escuela de verano internacional durante el 2021 y valor\u00e9 much\u00edsimo el enriquecimiento intelectual que este tipo de encuentros ofrece. Creo que experiencias como \u00e9stas son muy nutritivas para el desarrollo acad\u00e9mico\u00bb, destac\u00f3.<\/p>\n<p>Este importante beneficio -que costea estad\u00eda, alimentaci\u00f3n, pasajes y actividades- obtenido entre centenares de postulantes alrededor del mundo, \u00abimplica imbuirse una semana jornada completa en actividades relacionadas con la investigaci\u00f3n sobre diversidad del estudiantado en Educaci\u00f3n Superior. Las actividades incluyen conferencias con investigadores seniors, talleres de escritura acad\u00e9mica, talleres sobre asuntos metodol\u00f3gicos y \u00e9ticos, grupos de discusi\u00f3n entre pares sobre los trabajos de investigaci\u00f3n propios y actividades sociales\u00bb coment\u00f3 la estudiante del DCDP.<\/p>\n<p>Finalmente, agreg\u00f3 que \u00abtengo la expectativa de aprender sobre herramientas metodol\u00f3gicas cualitativas, ampliar perspectivas en torno a este campo de investigaci\u00f3n y establecer redes de colaboraci\u00f3n para la investigaci\u00f3n\u00bb.<\/p>\n<p>La Hobid 2022 se realizar\u00e1 entre el 5 y el 9 de septiembre en la ciudad de Hamburgo, Alemania.<\/p>\n<p>&nbsp;<\/p>\n<p>&nbsp;<\/p>\n","protected":false},"excerpt":{"rendered":"<p>Una excelente noticia recibi\u00f3 la psic\u00f3loga\u00a0Pilar Valenzuela, quien actualmente es estudiante del Doctorado de nuestra facultad en Ciencias del Desarrollo y Psicopatolog\u00eda (DCDP), al adjudicarse la beca otorgada por la Fundaci\u00f3n Volskwagen para realizar una pasant\u00eda presencial en la\u00a0Universidad de Hamburgo. Al enterarse del concurso que otorgaba el beneficio, Valenzuela decidi\u00f3 postular presentando su proyecto [&hellip;]<\/p>\n","protected":false},"author":0,"featured_media":1019,"comment_status":"open","ping_status":"open","sticky":false,"template":"","format":"standard","meta":{"footnotes":""},"categories":[69],"tags":[],"class_list":["post-1617","post","type-post","status-publish","format-standard","has-post-thumbnail","hentry","category-noticias"],"yoast_head":"<!-- This site is optimized with the Yoast SEO plugin v26.9 - https:\/\/yoast.com\/product\/yoast-seo-wordpress\/ -->\n<title>Estudiante del DCDP realizar\u00e1 pasant\u00eda sobre Educaci\u00f3n Inclusiva en la U. de Hamburgo - Doctorado en Ciencias del Desarrollo y Psicopatolog\u00eda<\/title>\n<meta name=\"robots\" content=\"index, follow, max-snippet:-1, max-image-preview:large, max-video-preview:-1\" \/>\n<link rel=\"canonical\" href=\"https:\/\/psicologia.udd.cl\/doctorado\/es\/2022\/02\/28\/estudiante-del-dcdp-realizara-pasantia-sobre-educacion-inclusiva-en-la-u-de-hamburgo\/\" \/>\n<meta property=\"og:locale\" content=\"es_ES\" \/>\n<meta property=\"og:type\" content=\"article\" \/>\n<meta property=\"og:title\" content=\"Estudiante del DCDP realizar\u00e1 pasant\u00eda sobre Educaci\u00f3n Inclusiva en la U. de Hamburgo - Doctorado en Ciencias del Desarrollo y Psicopatolog\u00eda\" \/>\n<meta property=\"og:description\" content=\"Una excelente noticia recibi\u00f3 la psic\u00f3loga\u00a0Pilar Valenzuela, quien actualmente es estudiante del Doctorado de nuestra facultad en Ciencias del Desarrollo y Psicopatolog\u00eda (DCDP), al adjudicarse la beca otorgada por la Fundaci\u00f3n Volskwagen para realizar una pasant\u00eda presencial en la\u00a0Universidad de Hamburgo. Al enterarse del concurso que otorgaba el beneficio, Valenzuela decidi\u00f3 postular presentando su proyecto [&hellip;]\" \/>\n<meta property=\"og:url\" content=\"https:\/\/psicologia.udd.cl\/doctorado\/es\/2022\/02\/28\/estudiante-del-dcdp-realizara-pasantia-sobre-educacion-inclusiva-en-la-u-de-hamburgo\/\" \/>\n<meta property=\"og:site_name\" content=\"Doctorado en Ciencias del Desarrollo y Psicopatolog\u00eda\" \/>\n<meta property=\"article:published_time\" content=\"2022-02-28T20:31:19+00:00\" \/>\n<meta property=\"og:image\" content=\"https:\/\/psicologia.udd.cl\/doctorado\/files\/2019\/06\/pili-valenzuela-scaled.jpg\" \/>\n\t<meta property=\"og:image:width\" content=\"2560\" \/>\n\t<meta property=\"og:image:height\" content=\"1711\" \/>\n\t<meta property=\"og:image:type\" content=\"image\/jpeg\" \/>\n<meta name=\"twitter:card\" content=\"summary_large_image\" \/>\n<meta name=\"twitter:label1\" content=\"Tiempo de lectura\" \/>\n\t<meta name=\"twitter:data1\" content=\"2 minutos\" \/>\n<script type=\"application\/ld+json\" class=\"yoast-schema-graph\">{\"@context\":\"https:\/\/schema.org\",\"@graph\":[{\"@type\":\"Article\",\"@id\":\"https:\/\/psicologia.udd.cl\/doctorado\/es\/2022\/02\/28\/estudiante-del-dcdp-realizara-pasantia-sobre-educacion-inclusiva-en-la-u-de-hamburgo\/#article\",\"isPartOf\":{\"@id\":\"https:\/\/psicologia.udd.cl\/doctorado\/es\/2022\/02\/28\/estudiante-del-dcdp-realizara-pasantia-sobre-educacion-inclusiva-en-la-u-de-hamburgo\/\"},\"author\":{\"name\":\"\",\"@id\":\"\"},\"headline\":\"Estudiante del DCDP realizar\u00e1 pasant\u00eda sobre Educaci\u00f3n Inclusiva en la U. de Hamburgo\",\"datePublished\":\"2022-02-28T20:31:19+00:00\",\"mainEntityOfPage\":{\"@id\":\"https:\/\/psicologia.udd.cl\/doctorado\/es\/2022\/02\/28\/estudiante-del-dcdp-realizara-pasantia-sobre-educacion-inclusiva-en-la-u-de-hamburgo\/\"},\"wordCount\":397,\"commentCount\":0,\"image\":{\"@id\":\"https:\/\/psicologia.udd.cl\/doctorado\/es\/2022\/02\/28\/estudiante-del-dcdp-realizara-pasantia-sobre-educacion-inclusiva-en-la-u-de-hamburgo\/#primaryimage\"},\"thumbnailUrl\":\"https:\/\/psicologia.udd.cl\/doctorado\/files\/2019\/06\/pili-valenzuela-scaled.jpg\",\"articleSection\":[\"Noticias\"],\"inLanguage\":\"es\",\"potentialAction\":[{\"@type\":\"CommentAction\",\"name\":\"Comment\",\"target\":[\"https:\/\/psicologia.udd.cl\/doctorado\/es\/2022\/02\/28\/estudiante-del-dcdp-realizara-pasantia-sobre-educacion-inclusiva-en-la-u-de-hamburgo\/#respond\"]}]},{\"@type\":\"WebPage\",\"@id\":\"https:\/\/psicologia.udd.cl\/doctorado\/es\/2022\/02\/28\/estudiante-del-dcdp-realizara-pasantia-sobre-educacion-inclusiva-en-la-u-de-hamburgo\/\",\"url\":\"https:\/\/psicologia.udd.cl\/doctorado\/es\/2022\/02\/28\/estudiante-del-dcdp-realizara-pasantia-sobre-educacion-inclusiva-en-la-u-de-hamburgo\/\",\"name\":\"Estudiante del DCDP realizar\u00e1 pasant\u00eda sobre Educaci\u00f3n Inclusiva en la U. de Hamburgo - Doctorado en Ciencias del Desarrollo y Psicopatolog\u00eda\",\"isPartOf\":{\"@id\":\"https:\/\/psicologia.udd.cl\/doctorado\/#website\"},\"primaryImageOfPage\":{\"@id\":\"https:\/\/psicologia.udd.cl\/doctorado\/es\/2022\/02\/28\/estudiante-del-dcdp-realizara-pasantia-sobre-educacion-inclusiva-en-la-u-de-hamburgo\/#primaryimage\"},\"image\":{\"@id\":\"https:\/\/psicologia.udd.cl\/doctorado\/es\/2022\/02\/28\/estudiante-del-dcdp-realizara-pasantia-sobre-educacion-inclusiva-en-la-u-de-hamburgo\/#primaryimage\"},\"thumbnailUrl\":\"https:\/\/psicologia.udd.cl\/doctorado\/files\/2019\/06\/pili-valenzuela-scaled.jpg\",\"datePublished\":\"2022-02-28T20:31:19+00:00\",\"author\":{\"@id\":\"\"},\"inLanguage\":\"es\",\"potentialAction\":[{\"@type\":\"ReadAction\",\"target\":[\"https:\/\/psicologia.udd.cl\/doctorado\/es\/2022\/02\/28\/estudiante-del-dcdp-realizara-pasantia-sobre-educacion-inclusiva-en-la-u-de-hamburgo\/\"]}]},{\"@type\":\"ImageObject\",\"inLanguage\":\"es\",\"@id\":\"https:\/\/psicologia.udd.cl\/doctorado\/es\/2022\/02\/28\/estudiante-del-dcdp-realizara-pasantia-sobre-educacion-inclusiva-en-la-u-de-hamburgo\/#primaryimage\",\"url\":\"https:\/\/psicologia.udd.cl\/doctorado\/files\/2019\/06\/pili-valenzuela-scaled.jpg\",\"contentUrl\":\"https:\/\/psicologia.udd.cl\/doctorado\/files\/2019\/06\/pili-valenzuela-scaled.jpg\",\"width\":2560,\"height\":1711},{\"@type\":\"WebSite\",\"@id\":\"https:\/\/psicologia.udd.cl\/doctorado\/#website\",\"url\":\"https:\/\/psicologia.udd.cl\/doctorado\/\",\"name\":\"Doctorado en Ciencias del Desarrollo y Psicopatolog\u00eda\",\"description\":\"\",\"inLanguage\":\"es\"}]}<\/script>\n<!-- \/ Yoast SEO plugin. -->","yoast_head_json":{"title":"Estudiante del DCDP realizar\u00e1 pasant\u00eda sobre Educaci\u00f3n Inclusiva en la U. de Hamburgo - Doctorado en Ciencias del Desarrollo y Psicopatolog\u00eda","robots":{"index":"index","follow":"follow","max-snippet":"max-snippet:-1","max-image-preview":"max-image-preview:large","max-video-preview":"max-video-preview:-1"},"canonical":"https:\/\/psicologia.udd.cl\/doctorado\/es\/2022\/02\/28\/estudiante-del-dcdp-realizara-pasantia-sobre-educacion-inclusiva-en-la-u-de-hamburgo\/","og_locale":"es_ES","og_type":"article","og_title":"Estudiante del DCDP realizar\u00e1 pasant\u00eda sobre Educaci\u00f3n Inclusiva en la U. de Hamburgo - Doctorado en Ciencias del Desarrollo y Psicopatolog\u00eda","og_description":"Una excelente noticia recibi\u00f3 la psic\u00f3loga\u00a0Pilar Valenzuela, quien actualmente es estudiante del Doctorado de nuestra facultad en Ciencias del Desarrollo y Psicopatolog\u00eda (DCDP), al adjudicarse la beca otorgada por la Fundaci\u00f3n Volskwagen para realizar una pasant\u00eda presencial en la\u00a0Universidad de Hamburgo. Al enterarse del concurso que otorgaba el beneficio, Valenzuela decidi\u00f3 postular presentando su proyecto [&hellip;]","og_url":"https:\/\/psicologia.udd.cl\/doctorado\/es\/2022\/02\/28\/estudiante-del-dcdp-realizara-pasantia-sobre-educacion-inclusiva-en-la-u-de-hamburgo\/","og_site_name":"Doctorado en Ciencias del Desarrollo y Psicopatolog\u00eda","article_published_time":"2022-02-28T20:31:19+00:00","og_image":[{"width":2560,"height":1711,"url":"https:\/\/psicologia.udd.cl\/doctorado\/files\/2019\/06\/pili-valenzuela-scaled.jpg","type":"image\/jpeg"}],"twitter_card":"summary_large_image","twitter_misc":{"Tiempo de lectura":"2 minutos"},"schema":{"@context":"https:\/\/schema.org","@graph":[{"@type":"Article","@id":"https:\/\/psicologia.udd.cl\/doctorado\/es\/2022\/02\/28\/estudiante-del-dcdp-realizara-pasantia-sobre-educacion-inclusiva-en-la-u-de-hamburgo\/#article","isPartOf":{"@id":"https:\/\/psicologia.udd.cl\/doctorado\/es\/2022\/02\/28\/estudiante-del-dcdp-realizara-pasantia-sobre-educacion-inclusiva-en-la-u-de-hamburgo\/"},"author":{"name":"","@id":""},"headline":"Estudiante del DCDP realizar\u00e1 pasant\u00eda sobre Educaci\u00f3n Inclusiva en la U. de Hamburgo","datePublished":"2022-02-28T20:31:19+00:00","mainEntityOfPage":{"@id":"https:\/\/psicologia.udd.cl\/doctorado\/es\/2022\/02\/28\/estudiante-del-dcdp-realizara-pasantia-sobre-educacion-inclusiva-en-la-u-de-hamburgo\/"},"wordCount":397,"commentCount":0,"image":{"@id":"https:\/\/psicologia.udd.cl\/doctorado\/es\/2022\/02\/28\/estudiante-del-dcdp-realizara-pasantia-sobre-educacion-inclusiva-en-la-u-de-hamburgo\/#primaryimage"},"thumbnailUrl":"https:\/\/psicologia.udd.cl\/doctorado\/files\/2019\/06\/pili-valenzuela-scaled.jpg","articleSection":["Noticias"],"inLanguage":"es","potentialAction":[{"@type":"CommentAction","name":"Comment","target":["https:\/\/psicologia.udd.cl\/doctorado\/es\/2022\/02\/28\/estudiante-del-dcdp-realizara-pasantia-sobre-educacion-inclusiva-en-la-u-de-hamburgo\/#respond"]}]},{"@type":"WebPage","@id":"https:\/\/psicologia.udd.cl\/doctorado\/es\/2022\/02\/28\/estudiante-del-dcdp-realizara-pasantia-sobre-educacion-inclusiva-en-la-u-de-hamburgo\/","url":"https:\/\/psicologia.udd.cl\/doctorado\/es\/2022\/02\/28\/estudiante-del-dcdp-realizara-pasantia-sobre-educacion-inclusiva-en-la-u-de-hamburgo\/","name":"Estudiante del DCDP realizar\u00e1 pasant\u00eda sobre Educaci\u00f3n Inclusiva en la U. de Hamburgo - Doctorado en Ciencias del Desarrollo y Psicopatolog\u00eda","isPartOf":{"@id":"https:\/\/psicologia.udd.cl\/doctorado\/#website"},"primaryImageOfPage":{"@id":"https:\/\/psicologia.udd.cl\/doctorado\/es\/2022\/02\/28\/estudiante-del-dcdp-realizara-pasantia-sobre-educacion-inclusiva-en-la-u-de-hamburgo\/#primaryimage"},"image":{"@id":"https:\/\/psicologia.udd.cl\/doctorado\/es\/2022\/02\/28\/estudiante-del-dcdp-realizara-pasantia-sobre-educacion-inclusiva-en-la-u-de-hamburgo\/#primaryimage"},"thumbnailUrl":"https:\/\/psicologia.udd.cl\/doctorado\/files\/2019\/06\/pili-valenzuela-scaled.jpg","datePublished":"2022-02-28T20:31:19+00:00","author":{"@id":""},"inLanguage":"es","potentialAction":[{"@type":"ReadAction","target":["https:\/\/psicologia.udd.cl\/doctorado\/es\/2022\/02\/28\/estudiante-del-dcdp-realizara-pasantia-sobre-educacion-inclusiva-en-la-u-de-hamburgo\/"]}]},{"@type":"ImageObject","inLanguage":"es","@id":"https:\/\/psicologia.udd.cl\/doctorado\/es\/2022\/02\/28\/estudiante-del-dcdp-realizara-pasantia-sobre-educacion-inclusiva-en-la-u-de-hamburgo\/#primaryimage","url":"https:\/\/psicologia.udd.cl\/doctorado\/files\/2019\/06\/pili-valenzuela-scaled.jpg","contentUrl":"https:\/\/psicologia.udd.cl\/doctorado\/files\/2019\/06\/pili-valenzuela-scaled.jpg","width":2560,"height":1711},{"@type":"WebSite","@id":"https:\/\/psicologia.udd.cl\/doctorado\/#website","url":"https:\/\/psicologia.udd.cl\/doctorado\/","name":"Doctorado en Ciencias del Desarrollo y Psicopatolog\u00eda","description":"","inLanguage":"es"}]}},"featured_image_url":"https:\/\/psicologia.udd.cl\/doctorado\/files\/2019\/06\/pili-valenzuela-scaled.jpg","_links":{"self":[{"href":"https:\/\/psicologia.udd.cl\/doctorado\/wp-json\/wp\/v2\/posts\/1617","targetHints":{"allow":["GET"]}}],"collection":[{"href":"https:\/\/psicologia.udd.cl\/doctorado\/wp-json\/wp\/v2\/posts"}],"about":[{"href":"https:\/\/psicologia.udd.cl\/doctorado\/wp-json\/wp\/v2\/types\/post"}],"replies":[{"embeddable":true,"href":"https:\/\/psicologia.udd.cl\/doctorado\/wp-json\/wp\/v2\/comments?post=1617"}],"version-history":[{"count":0,"href":"https:\/\/psicologia.udd.cl\/doctorado\/wp-json\/wp\/v2\/posts\/1617\/revisions"}],"wp:featuredmedia":[{"embeddable":true,"href":"https:\/\/psicologia.udd.cl\/doctorado\/wp-json\/wp\/v2\/media\/1019"}],"wp:attachment":[{"href":"https:\/\/psicologia.udd.cl\/doctorado\/wp-json\/wp\/v2\/media?parent=1617"}],"wp:term":[{"taxonomy":"category","embeddable":true,"href":"https:\/\/psicologia.udd.cl\/doctorado\/wp-json\/wp\/v2\/categories?post=1617"},{"taxonomy":"post_tag","embeddable":true,"href":"https:\/\/psicologia.udd.cl\/doctorado\/wp-json\/wp\/v2\/tags?post=1617"}],"curies":[{"name":"wp","href":"https:\/\/api.w.org\/{rel}","templated":true}]}}