{"id":1597,"date":"2021-11-19T13:21:34","date_gmt":"2021-11-19T13:21:34","guid":{"rendered":"https:\/\/psicologia.udd.cl\/doctorado\/?p=1597"},"modified":"2021-11-19T13:21:34","modified_gmt":"2021-11-19T13:21:34","slug":"vi-seminario-internacional-care-de-parentalidad-y-desarrollo-infantil-y-adolescente","status":"publish","type":"post","link":"https:\/\/psicologia.udd.cl\/doctorado\/es\/2021\/11\/19\/vi-seminario-internacional-care-de-parentalidad-y-desarrollo-infantil-y-adolescente\/","title":{"rendered":"VI Seminario Internacional CARE de Cognici\u00f3n, Desarrollo y Psicopatolog\u00eda"},"content":{"rendered":"<p>En torno a la importancia del contexto familiar en el desarrollo de los ni\u00f1os y adolescentes,\u00a0 los d\u00edas 10, 11 y 12 de noviembre se llev\u00f3 a cabo VI Seminario Internacional donde tres expertos expusieron sobre diversos temas ligados a la infancia y la adolescencia.<\/p>\n<figure class=\"wp-block-image size-large\"><img decoding=\"async\" class=\"wp-image-44708\" src=\"https:\/\/psicologia.udd.cl\/files\/2021\/11\/IMG_2537-2-1024x572.jpg\" alt=\"\" \/><\/figure>\n<p>Esta instancia fue organizada por el Centro de Apego y Regulaci\u00f3n Emocional (CARE) de la Facultad de Psicolog\u00eda de la Universidad del Desarrollo donde se invitaron a 3 investigadores a exponer desde sus \u00e1reas de an\u00e1lisis.<\/p>\n<p>Durante la primera jornada, el Dr. Andr\u00e9s De Los Reyes, quien se desempe\u00f1a como Director del Programa integral de evaluaci\u00f3n e intervenci\u00f3n en Universidad de Maryland en College Park,\u00a0 abord\u00f3 en su presentaci\u00f3n, principalmente, los puntos de vista discrepantes entre quienes operan como informantes acerca de la salud mental de los j\u00f3venes y como estas discrepancias pueden ser informaci\u00f3n relevante para clarificar su problem\u00e1tica.<\/p>\n<p>Despu\u00e9s present\u00f3 el Dr. James McHale, profesor y presidente fundador del Departamento de Psicolog\u00eda de la University South Florida (USF) , quien actualmente ejerce como director del Centro de Salud Mental Infanto-Familiar en el hospital de ni\u00f1os Johns Hopkins, y fundador y director del Centro de Estudios de la Familia de la USF.<\/p>\n<p>James ha centrado sus estudios en la crianza compartida y el desarrollo infantil en diferentes contextos\u00a0 familiares, desarrollando m\u00e1s de 200\u00a0 conferencias y publicando\u00a0 m\u00e1s de 70 documentos, entre art\u00edculos de revista, libros y otros manuscritos, es por eso que en esta oportunidad su c\u00e1tedra fue sobre la coparentalidad, ahondando en los resultados de su investigaci\u00f3n sobre el tema, y como estos insumos han permitido implementar estrategias de intervenci\u00f3n.<\/p>\n<p>La encargada de dar t\u00e9rmino a la jornada la Dra. Erika S. Lunkenheimer, quien actualmente se desempe\u00f1a como profesora de psicolog\u00eda y directora del \u2018Child Maltreatment Solutions Network\u2019 (Red de soluciones para el maltrato infantil).<\/p>\n<figure class=\"wp-block-image size-large\"><img decoding=\"async\" class=\"wp-image-44711\" src=\"https:\/\/psicologia.udd.cl\/files\/2021\/11\/IMG_2017-1-1024x768.jpg\" alt=\"\" \/><\/figure>\n<p>En esta instancia la investigadora profundiz\u00f3 acerca de la sincron\u00eda bioconductual madre-hijo y padre-hijo, intentando evidenciar c\u00f3mo los patrones de sincron\u00eda madre-padre-hijo act\u00faan como procesos de riesgo y\/o protecci\u00f3n para el desarrollo de psicopatolog\u00eda.<\/p>\n<p>El segundo d\u00eda de seminario comenz\u00f3 bajo un modalidad Online, donde Carola P\u00e9rez quien es actualmente la directora del Centro de Apego y Regulaci\u00f3n Emocional (CARE), en la cual desarrolla docencia e investigaci\u00f3n, expuso sobre las divergencias entre adolescentes chilenos y sus madres en sus visiones sobre el comportamiento aut\u00f3nomo intentando\u00a0 comprender si estas favorecen o no el bienestar adolescente.<\/p>\n<p>Luego el investigador Andr\u00e9s De Los Reyes, abord\u00f3 en esta ocasi\u00f3n el tema de la ansiedad adolescente y c\u00f3mo incorporar diferentes fuentes de informaci\u00f3n (adolescentes, padres, y pares, entre otros)\u00a0 a la hora de diagnosticar e intervenir en este trastorno.<\/p>\n<p>Para finalizar el segundo d\u00eda de seminario internacional, el Doctor James McHale profundiz\u00f3 sobre la evaluaci\u00f3n de la coparentalidad y la din\u00e1mica familiar.<\/p>\n<p>Como cierre, el tercer y \u00faltimo d\u00eda de seminario nuevamente expuso la Doctora Erika S. Lunkenheimer, quien ahond\u00f3 en la metodolog\u00eda de estudio de la sincron\u00eda bioconductual, exponiendo las consideraciones te\u00f3ricas y metodol\u00f3gicas que se deben tener al estudiar este fen\u00f3meno.<\/p>\n<p>Se agradece la participaci\u00f3n y asistencia de todos los expertos, docentes y estudiantes que fueron parte de este Sexto Seminario Internacional de Cognici\u00f3n, Desarrollo y Psicopatolog\u00eda.<\/p>\n","protected":false},"excerpt":{"rendered":"<p>En torno a la importancia del contexto familiar en el desarrollo de los ni\u00f1os y adolescentes,\u00a0 los d\u00edas 10, 11 y 12 de noviembre se llev\u00f3 a cabo VI Seminario Internacional donde tres expertos expusieron sobre diversos temas ligados a la infancia y la adolescencia. Esta instancia fue organizada por el Centro de Apego y [&hellip;]<\/p>\n","protected":false},"author":0,"featured_media":1598,"comment_status":"open","ping_status":"open","sticky":false,"template":"","format":"standard","meta":{"footnotes":""},"categories":[69],"tags":[],"class_list":["post-1597","post","type-post","status-publish","format-standard","has-post-thumbnail","hentry","category-noticias"],"yoast_head":"<!-- This site is optimized with the Yoast SEO plugin v26.9 - https:\/\/yoast.com\/product\/yoast-seo-wordpress\/ -->\n<title>VI Seminario Internacional CARE de Cognici\u00f3n, Desarrollo y Psicopatolog\u00eda - Doctorado en Ciencias del Desarrollo y Psicopatolog\u00eda<\/title>\n<meta name=\"robots\" content=\"index, follow, max-snippet:-1, max-image-preview:large, max-video-preview:-1\" \/>\n<link rel=\"canonical\" href=\"https:\/\/psicologia.udd.cl\/doctorado\/es\/2021\/11\/19\/vi-seminario-internacional-care-de-parentalidad-y-desarrollo-infantil-y-adolescente\/\" \/>\n<meta property=\"og:locale\" content=\"es_ES\" \/>\n<meta property=\"og:type\" content=\"article\" \/>\n<meta property=\"og:title\" content=\"VI Seminario Internacional CARE de Cognici\u00f3n, Desarrollo y Psicopatolog\u00eda - Doctorado en Ciencias del Desarrollo y Psicopatolog\u00eda\" \/>\n<meta property=\"og:description\" content=\"En torno a la importancia del contexto familiar en el desarrollo de los ni\u00f1os y adolescentes,\u00a0 los d\u00edas 10, 11 y 12 de noviembre se llev\u00f3 a cabo VI Seminario Internacional donde tres expertos expusieron sobre diversos temas ligados a la infancia y la adolescencia. Esta instancia fue organizada por el Centro de Apego y [&hellip;]\" \/>\n<meta property=\"og:url\" content=\"https:\/\/psicologia.udd.cl\/doctorado\/es\/2021\/11\/19\/vi-seminario-internacional-care-de-parentalidad-y-desarrollo-infantil-y-adolescente\/\" \/>\n<meta property=\"og:site_name\" content=\"Doctorado en Ciencias del Desarrollo y Psicopatolog\u00eda\" \/>\n<meta property=\"article:published_time\" content=\"2021-11-19T13:21:34+00:00\" \/>\n<meta property=\"og:image\" content=\"https:\/\/psicologia.udd.cl\/doctorado\/files\/2021\/11\/dsc_1676-scaled-1.jpg\" \/>\n\t<meta property=\"og:image:width\" content=\"2560\" \/>\n\t<meta property=\"og:image:height\" content=\"1707\" \/>\n\t<meta property=\"og:image:type\" content=\"image\/jpeg\" \/>\n<meta name=\"twitter:card\" content=\"summary_large_image\" \/>\n<meta name=\"twitter:label1\" content=\"Tiempo de lectura\" \/>\n\t<meta name=\"twitter:data1\" content=\"3 minutos\" \/>\n<script type=\"application\/ld+json\" class=\"yoast-schema-graph\">{\"@context\":\"https:\/\/schema.org\",\"@graph\":[{\"@type\":\"Article\",\"@id\":\"https:\/\/psicologia.udd.cl\/doctorado\/es\/2021\/11\/19\/vi-seminario-internacional-care-de-parentalidad-y-desarrollo-infantil-y-adolescente\/#article\",\"isPartOf\":{\"@id\":\"https:\/\/psicologia.udd.cl\/doctorado\/es\/2021\/11\/19\/vi-seminario-internacional-care-de-parentalidad-y-desarrollo-infantil-y-adolescente\/\"},\"author\":{\"name\":\"\",\"@id\":\"\"},\"headline\":\"VI Seminario Internacional CARE de Cognici\u00f3n, Desarrollo y Psicopatolog\u00eda\",\"datePublished\":\"2021-11-19T13:21:34+00:00\",\"mainEntityOfPage\":{\"@id\":\"https:\/\/psicologia.udd.cl\/doctorado\/es\/2021\/11\/19\/vi-seminario-internacional-care-de-parentalidad-y-desarrollo-infantil-y-adolescente\/\"},\"wordCount\":583,\"commentCount\":0,\"image\":{\"@id\":\"https:\/\/psicologia.udd.cl\/doctorado\/es\/2021\/11\/19\/vi-seminario-internacional-care-de-parentalidad-y-desarrollo-infantil-y-adolescente\/#primaryimage\"},\"thumbnailUrl\":\"https:\/\/psicologia.udd.cl\/doctorado\/files\/2021\/11\/dsc_1676-scaled-1.jpg\",\"articleSection\":[\"Noticias\"],\"inLanguage\":\"es\",\"potentialAction\":[{\"@type\":\"CommentAction\",\"name\":\"Comment\",\"target\":[\"https:\/\/psicologia.udd.cl\/doctorado\/es\/2021\/11\/19\/vi-seminario-internacional-care-de-parentalidad-y-desarrollo-infantil-y-adolescente\/#respond\"]}]},{\"@type\":\"WebPage\",\"@id\":\"https:\/\/psicologia.udd.cl\/doctorado\/es\/2021\/11\/19\/vi-seminario-internacional-care-de-parentalidad-y-desarrollo-infantil-y-adolescente\/\",\"url\":\"https:\/\/psicologia.udd.cl\/doctorado\/es\/2021\/11\/19\/vi-seminario-internacional-care-de-parentalidad-y-desarrollo-infantil-y-adolescente\/\",\"name\":\"VI Seminario Internacional CARE de Cognici\u00f3n, Desarrollo y Psicopatolog\u00eda - Doctorado en Ciencias del Desarrollo y Psicopatolog\u00eda\",\"isPartOf\":{\"@id\":\"https:\/\/psicologia.udd.cl\/doctorado\/#website\"},\"primaryImageOfPage\":{\"@id\":\"https:\/\/psicologia.udd.cl\/doctorado\/es\/2021\/11\/19\/vi-seminario-internacional-care-de-parentalidad-y-desarrollo-infantil-y-adolescente\/#primaryimage\"},\"image\":{\"@id\":\"https:\/\/psicologia.udd.cl\/doctorado\/es\/2021\/11\/19\/vi-seminario-internacional-care-de-parentalidad-y-desarrollo-infantil-y-adolescente\/#primaryimage\"},\"thumbnailUrl\":\"https:\/\/psicologia.udd.cl\/doctorado\/files\/2021\/11\/dsc_1676-scaled-1.jpg\",\"datePublished\":\"2021-11-19T13:21:34+00:00\",\"author\":{\"@id\":\"\"},\"inLanguage\":\"es\",\"potentialAction\":[{\"@type\":\"ReadAction\",\"target\":[\"https:\/\/psicologia.udd.cl\/doctorado\/es\/2021\/11\/19\/vi-seminario-internacional-care-de-parentalidad-y-desarrollo-infantil-y-adolescente\/\"]}]},{\"@type\":\"ImageObject\",\"inLanguage\":\"es\",\"@id\":\"https:\/\/psicologia.udd.cl\/doctorado\/es\/2021\/11\/19\/vi-seminario-internacional-care-de-parentalidad-y-desarrollo-infantil-y-adolescente\/#primaryimage\",\"url\":\"https:\/\/psicologia.udd.cl\/doctorado\/files\/2021\/11\/dsc_1676-scaled-1.jpg\",\"contentUrl\":\"https:\/\/psicologia.udd.cl\/doctorado\/files\/2021\/11\/dsc_1676-scaled-1.jpg\",\"width\":2560,\"height\":1707},{\"@type\":\"WebSite\",\"@id\":\"https:\/\/psicologia.udd.cl\/doctorado\/#website\",\"url\":\"https:\/\/psicologia.udd.cl\/doctorado\/\",\"name\":\"Doctorado en Ciencias del Desarrollo y Psicopatolog\u00eda\",\"description\":\"\",\"inLanguage\":\"es\"}]}<\/script>\n<!-- \/ Yoast SEO plugin. -->","yoast_head_json":{"title":"VI Seminario Internacional CARE de Cognici\u00f3n, Desarrollo y Psicopatolog\u00eda - Doctorado en Ciencias del Desarrollo y Psicopatolog\u00eda","robots":{"index":"index","follow":"follow","max-snippet":"max-snippet:-1","max-image-preview":"max-image-preview:large","max-video-preview":"max-video-preview:-1"},"canonical":"https:\/\/psicologia.udd.cl\/doctorado\/es\/2021\/11\/19\/vi-seminario-internacional-care-de-parentalidad-y-desarrollo-infantil-y-adolescente\/","og_locale":"es_ES","og_type":"article","og_title":"VI Seminario Internacional CARE de Cognici\u00f3n, Desarrollo y Psicopatolog\u00eda - Doctorado en Ciencias del Desarrollo y Psicopatolog\u00eda","og_description":"En torno a la importancia del contexto familiar en el desarrollo de los ni\u00f1os y adolescentes,\u00a0 los d\u00edas 10, 11 y 12 de noviembre se llev\u00f3 a cabo VI Seminario Internacional donde tres expertos expusieron sobre diversos temas ligados a la infancia y la adolescencia. Esta instancia fue organizada por el Centro de Apego y [&hellip;]","og_url":"https:\/\/psicologia.udd.cl\/doctorado\/es\/2021\/11\/19\/vi-seminario-internacional-care-de-parentalidad-y-desarrollo-infantil-y-adolescente\/","og_site_name":"Doctorado en Ciencias del Desarrollo y Psicopatolog\u00eda","article_published_time":"2021-11-19T13:21:34+00:00","og_image":[{"width":2560,"height":1707,"url":"https:\/\/psicologia.udd.cl\/doctorado\/files\/2021\/11\/dsc_1676-scaled-1.jpg","type":"image\/jpeg"}],"twitter_card":"summary_large_image","twitter_misc":{"Tiempo de lectura":"3 minutos"},"schema":{"@context":"https:\/\/schema.org","@graph":[{"@type":"Article","@id":"https:\/\/psicologia.udd.cl\/doctorado\/es\/2021\/11\/19\/vi-seminario-internacional-care-de-parentalidad-y-desarrollo-infantil-y-adolescente\/#article","isPartOf":{"@id":"https:\/\/psicologia.udd.cl\/doctorado\/es\/2021\/11\/19\/vi-seminario-internacional-care-de-parentalidad-y-desarrollo-infantil-y-adolescente\/"},"author":{"name":"","@id":""},"headline":"VI Seminario Internacional CARE de Cognici\u00f3n, Desarrollo y Psicopatolog\u00eda","datePublished":"2021-11-19T13:21:34+00:00","mainEntityOfPage":{"@id":"https:\/\/psicologia.udd.cl\/doctorado\/es\/2021\/11\/19\/vi-seminario-internacional-care-de-parentalidad-y-desarrollo-infantil-y-adolescente\/"},"wordCount":583,"commentCount":0,"image":{"@id":"https:\/\/psicologia.udd.cl\/doctorado\/es\/2021\/11\/19\/vi-seminario-internacional-care-de-parentalidad-y-desarrollo-infantil-y-adolescente\/#primaryimage"},"thumbnailUrl":"https:\/\/psicologia.udd.cl\/doctorado\/files\/2021\/11\/dsc_1676-scaled-1.jpg","articleSection":["Noticias"],"inLanguage":"es","potentialAction":[{"@type":"CommentAction","name":"Comment","target":["https:\/\/psicologia.udd.cl\/doctorado\/es\/2021\/11\/19\/vi-seminario-internacional-care-de-parentalidad-y-desarrollo-infantil-y-adolescente\/#respond"]}]},{"@type":"WebPage","@id":"https:\/\/psicologia.udd.cl\/doctorado\/es\/2021\/11\/19\/vi-seminario-internacional-care-de-parentalidad-y-desarrollo-infantil-y-adolescente\/","url":"https:\/\/psicologia.udd.cl\/doctorado\/es\/2021\/11\/19\/vi-seminario-internacional-care-de-parentalidad-y-desarrollo-infantil-y-adolescente\/","name":"VI Seminario Internacional CARE de Cognici\u00f3n, Desarrollo y Psicopatolog\u00eda - Doctorado en Ciencias del Desarrollo y Psicopatolog\u00eda","isPartOf":{"@id":"https:\/\/psicologia.udd.cl\/doctorado\/#website"},"primaryImageOfPage":{"@id":"https:\/\/psicologia.udd.cl\/doctorado\/es\/2021\/11\/19\/vi-seminario-internacional-care-de-parentalidad-y-desarrollo-infantil-y-adolescente\/#primaryimage"},"image":{"@id":"https:\/\/psicologia.udd.cl\/doctorado\/es\/2021\/11\/19\/vi-seminario-internacional-care-de-parentalidad-y-desarrollo-infantil-y-adolescente\/#primaryimage"},"thumbnailUrl":"https:\/\/psicologia.udd.cl\/doctorado\/files\/2021\/11\/dsc_1676-scaled-1.jpg","datePublished":"2021-11-19T13:21:34+00:00","author":{"@id":""},"inLanguage":"es","potentialAction":[{"@type":"ReadAction","target":["https:\/\/psicologia.udd.cl\/doctorado\/es\/2021\/11\/19\/vi-seminario-internacional-care-de-parentalidad-y-desarrollo-infantil-y-adolescente\/"]}]},{"@type":"ImageObject","inLanguage":"es","@id":"https:\/\/psicologia.udd.cl\/doctorado\/es\/2021\/11\/19\/vi-seminario-internacional-care-de-parentalidad-y-desarrollo-infantil-y-adolescente\/#primaryimage","url":"https:\/\/psicologia.udd.cl\/doctorado\/files\/2021\/11\/dsc_1676-scaled-1.jpg","contentUrl":"https:\/\/psicologia.udd.cl\/doctorado\/files\/2021\/11\/dsc_1676-scaled-1.jpg","width":2560,"height":1707},{"@type":"WebSite","@id":"https:\/\/psicologia.udd.cl\/doctorado\/#website","url":"https:\/\/psicologia.udd.cl\/doctorado\/","name":"Doctorado en Ciencias del Desarrollo y Psicopatolog\u00eda","description":"","inLanguage":"es"}]}},"featured_image_url":"https:\/\/psicologia.udd.cl\/doctorado\/files\/2021\/11\/dsc_1676-scaled-1.jpg","_links":{"self":[{"href":"https:\/\/psicologia.udd.cl\/doctorado\/wp-json\/wp\/v2\/posts\/1597","targetHints":{"allow":["GET"]}}],"collection":[{"href":"https:\/\/psicologia.udd.cl\/doctorado\/wp-json\/wp\/v2\/posts"}],"about":[{"href":"https:\/\/psicologia.udd.cl\/doctorado\/wp-json\/wp\/v2\/types\/post"}],"replies":[{"embeddable":true,"href":"https:\/\/psicologia.udd.cl\/doctorado\/wp-json\/wp\/v2\/comments?post=1597"}],"version-history":[{"count":0,"href":"https:\/\/psicologia.udd.cl\/doctorado\/wp-json\/wp\/v2\/posts\/1597\/revisions"}],"wp:featuredmedia":[{"embeddable":true,"href":"https:\/\/psicologia.udd.cl\/doctorado\/wp-json\/wp\/v2\/media\/1598"}],"wp:attachment":[{"href":"https:\/\/psicologia.udd.cl\/doctorado\/wp-json\/wp\/v2\/media?parent=1597"}],"wp:term":[{"taxonomy":"category","embeddable":true,"href":"https:\/\/psicologia.udd.cl\/doctorado\/wp-json\/wp\/v2\/categories?post=1597"},{"taxonomy":"post_tag","embeddable":true,"href":"https:\/\/psicologia.udd.cl\/doctorado\/wp-json\/wp\/v2\/tags?post=1597"}],"curies":[{"name":"wp","href":"https:\/\/api.w.org\/{rel}","templated":true}]}}