{"id":1593,"date":"2021-11-19T13:20:06","date_gmt":"2021-11-19T13:20:06","guid":{"rendered":"https:\/\/psicologia.udd.cl\/doctorado\/?p=1593"},"modified":"2021-11-19T13:20:06","modified_gmt":"2021-11-19T13:20:06","slug":"tania-valdes-candidata-a-doctora-se-adjudica-fondos-para-proyecto","status":"publish","type":"post","link":"https:\/\/psicologia.udd.cl\/doctorado\/es\/2021\/11\/19\/tania-valdes-candidata-a-doctora-se-adjudica-fondos-para-proyecto\/","title":{"rendered":"Tania Vald\u00e9s, Candidata a Doctora, se adjudica fondos para proyecto"},"content":{"rendered":"<p>Con fecha 3 de noviembre el Concurso Interno de Investigaci\u00f3n convocado por la Vicerrector\u00eda de Investigaci\u00f3n y Doctorados a trav\u00e9s de su Direcci\u00f3n de Investigaci\u00f3n y Doctorados, entrega los resultados correspondientes a la convocatoria 2022 seleccionado cuatro proyectos para llevar adelante investigaciones.<\/p>\n<p>En esta convocatoria postularon 7 propuestas de las cuales todas fueron admisibles y pasaron a etapa de evaluaci\u00f3n. La evaluaci\u00f3n fue realizada por expertos en sus disciplinas externos a la universidad para resguardar conflicto de intereses. De los proyectos adjudicados, <strong>uno corresponde a candidato a doctor de los programas de Doctorado de la UDD(DCDP).<\/strong> Los otros tres corresponden a profesores investigadores que reci\u00e9n se inician en investigaci\u00f3n y este proyecto significa un puente para postular a fondos externos. Los proyectos adjudicados comenzar\u00e1n a ejecutarse durante marzo de 2022, previa certificaci\u00f3n de los Comit\u00e9 de \u00c9tica UDD y tienen una duraci\u00f3n de 12 meses.<\/p>\n<p><span class=\"has-inline-color has-vivid-purple-color\"><strong>Los proyectos seleccionados son los siguientes:<\/strong><\/span><\/p>\n<ol type=\"1\">\n<li><strong>Patricia Soto \u2013 Icaza<\/strong>, Facultad de Gobierno: \u201cCaracterizaci\u00f3n cl\u00ednica en ni\u00f1as, ni\u00f1os y adolescentes mujeres y hombres con diagn\u00f3stico y sospecha de Trastorno del Espectro Autista en una muestra de Santiago de Chile\u00bb.<\/li>\n<li><strong>Tania Vald\u00e9s, Doctorado en Ciencias del Desarrollo y Psicopatolog\u00eda: \u201cReconocimiento Emocional infantil: rol del lenguaje e influencia de los cuidadores.\u201d<\/strong><\/li>\n<li><strong>Fernando S\u00e1nchez<\/strong>, Facultad de Econom\u00eda y Negocios: \u201cInter-city networks and ict innovation performance: big cities, centralization and the limits of brokerage.\u201d<\/li>\n<li><strong>Montserrat Cubillos<\/strong>, Facultad de Educaci\u00f3n: \u201cPrograma piloto de lectura recreativa.\u201d<\/li>\n<\/ol>\n<p>FELICITACIONES A CADA UNO DE LOS GANADORES y especialmente a nuestra Candidata del DCDP, Tania Vald\u00e9s.<\/p>\n","protected":false},"excerpt":{"rendered":"<p>Con fecha 3 de noviembre el Concurso Interno de Investigaci\u00f3n convocado por la Vicerrector\u00eda de Investigaci\u00f3n y Doctorados a trav\u00e9s de su Direcci\u00f3n de Investigaci\u00f3n y Doctorados, entrega los resultados correspondientes a la convocatoria 2022 seleccionado cuatro proyectos para llevar adelante investigaciones. En esta convocatoria postularon 7 propuestas de las cuales todas fueron admisibles y [&hellip;]<\/p>\n","protected":false},"author":0,"featured_media":1051,"comment_status":"open","ping_status":"open","sticky":false,"template":"","format":"standard","meta":{"footnotes":""},"categories":[69],"tags":[],"class_list":["post-1593","post","type-post","status-publish","format-standard","has-post-thumbnail","hentry","category-noticias"],"yoast_head":"<!-- This site is optimized with the Yoast SEO plugin v26.9 - https:\/\/yoast.com\/product\/yoast-seo-wordpress\/ -->\n<title>Tania Vald\u00e9s, Candidata a Doctora, se adjudica fondos para proyecto - Doctorado en Ciencias del Desarrollo y Psicopatolog\u00eda<\/title>\n<meta name=\"robots\" content=\"index, follow, max-snippet:-1, max-image-preview:large, max-video-preview:-1\" \/>\n<link rel=\"canonical\" href=\"https:\/\/psicologia.udd.cl\/doctorado\/es\/2021\/11\/19\/tania-valdes-candidata-a-doctora-se-adjudica-fondos-para-proyecto\/\" \/>\n<meta property=\"og:locale\" content=\"es_ES\" \/>\n<meta property=\"og:type\" content=\"article\" \/>\n<meta property=\"og:title\" content=\"Tania Vald\u00e9s, Candidata a Doctora, se adjudica fondos para proyecto - Doctorado en Ciencias del Desarrollo y Psicopatolog\u00eda\" \/>\n<meta property=\"og:description\" content=\"Con fecha 3 de noviembre el Concurso Interno de Investigaci\u00f3n convocado por la Vicerrector\u00eda de Investigaci\u00f3n y Doctorados a trav\u00e9s de su Direcci\u00f3n de Investigaci\u00f3n y Doctorados, entrega los resultados correspondientes a la convocatoria 2022 seleccionado cuatro proyectos para llevar adelante investigaciones. En esta convocatoria postularon 7 propuestas de las cuales todas fueron admisibles y [&hellip;]\" \/>\n<meta property=\"og:url\" content=\"https:\/\/psicologia.udd.cl\/doctorado\/es\/2021\/11\/19\/tania-valdes-candidata-a-doctora-se-adjudica-fondos-para-proyecto\/\" \/>\n<meta property=\"og:site_name\" content=\"Doctorado en Ciencias del Desarrollo y Psicopatolog\u00eda\" \/>\n<meta property=\"article:published_time\" content=\"2021-11-19T13:20:06+00:00\" \/>\n<meta property=\"og:image\" content=\"https:\/\/psicologia.udd.cl\/doctorado\/files\/2019\/06\/tania-scaled.jpg\" \/>\n\t<meta property=\"og:image:width\" content=\"2560\" \/>\n\t<meta property=\"og:image:height\" content=\"1891\" \/>\n\t<meta property=\"og:image:type\" content=\"image\/jpeg\" \/>\n<meta name=\"twitter:card\" content=\"summary_large_image\" \/>\n<meta name=\"twitter:label1\" content=\"Tiempo de lectura\" \/>\n\t<meta name=\"twitter:data1\" content=\"1 minuto\" \/>\n<script type=\"application\/ld+json\" class=\"yoast-schema-graph\">{\"@context\":\"https:\/\/schema.org\",\"@graph\":[{\"@type\":\"Article\",\"@id\":\"https:\/\/psicologia.udd.cl\/doctorado\/es\/2021\/11\/19\/tania-valdes-candidata-a-doctora-se-adjudica-fondos-para-proyecto\/#article\",\"isPartOf\":{\"@id\":\"https:\/\/psicologia.udd.cl\/doctorado\/es\/2021\/11\/19\/tania-valdes-candidata-a-doctora-se-adjudica-fondos-para-proyecto\/\"},\"author\":{\"name\":\"\",\"@id\":\"\"},\"headline\":\"Tania Vald\u00e9s, Candidata a Doctora, se adjudica fondos para proyecto\",\"datePublished\":\"2021-11-19T13:20:06+00:00\",\"mainEntityOfPage\":{\"@id\":\"https:\/\/psicologia.udd.cl\/doctorado\/es\/2021\/11\/19\/tania-valdes-candidata-a-doctora-se-adjudica-fondos-para-proyecto\/\"},\"wordCount\":281,\"commentCount\":0,\"image\":{\"@id\":\"https:\/\/psicologia.udd.cl\/doctorado\/es\/2021\/11\/19\/tania-valdes-candidata-a-doctora-se-adjudica-fondos-para-proyecto\/#primaryimage\"},\"thumbnailUrl\":\"https:\/\/psicologia.udd.cl\/doctorado\/files\/2019\/06\/tania-scaled.jpg\",\"articleSection\":[\"Noticias\"],\"inLanguage\":\"es\",\"potentialAction\":[{\"@type\":\"CommentAction\",\"name\":\"Comment\",\"target\":[\"https:\/\/psicologia.udd.cl\/doctorado\/es\/2021\/11\/19\/tania-valdes-candidata-a-doctora-se-adjudica-fondos-para-proyecto\/#respond\"]}]},{\"@type\":\"WebPage\",\"@id\":\"https:\/\/psicologia.udd.cl\/doctorado\/es\/2021\/11\/19\/tania-valdes-candidata-a-doctora-se-adjudica-fondos-para-proyecto\/\",\"url\":\"https:\/\/psicologia.udd.cl\/doctorado\/es\/2021\/11\/19\/tania-valdes-candidata-a-doctora-se-adjudica-fondos-para-proyecto\/\",\"name\":\"Tania Vald\u00e9s, Candidata a Doctora, se adjudica fondos para proyecto - Doctorado en Ciencias del Desarrollo y Psicopatolog\u00eda\",\"isPartOf\":{\"@id\":\"https:\/\/psicologia.udd.cl\/doctorado\/#website\"},\"primaryImageOfPage\":{\"@id\":\"https:\/\/psicologia.udd.cl\/doctorado\/es\/2021\/11\/19\/tania-valdes-candidata-a-doctora-se-adjudica-fondos-para-proyecto\/#primaryimage\"},\"image\":{\"@id\":\"https:\/\/psicologia.udd.cl\/doctorado\/es\/2021\/11\/19\/tania-valdes-candidata-a-doctora-se-adjudica-fondos-para-proyecto\/#primaryimage\"},\"thumbnailUrl\":\"https:\/\/psicologia.udd.cl\/doctorado\/files\/2019\/06\/tania-scaled.jpg\",\"datePublished\":\"2021-11-19T13:20:06+00:00\",\"author\":{\"@id\":\"\"},\"inLanguage\":\"es\",\"potentialAction\":[{\"@type\":\"ReadAction\",\"target\":[\"https:\/\/psicologia.udd.cl\/doctorado\/es\/2021\/11\/19\/tania-valdes-candidata-a-doctora-se-adjudica-fondos-para-proyecto\/\"]}]},{\"@type\":\"ImageObject\",\"inLanguage\":\"es\",\"@id\":\"https:\/\/psicologia.udd.cl\/doctorado\/es\/2021\/11\/19\/tania-valdes-candidata-a-doctora-se-adjudica-fondos-para-proyecto\/#primaryimage\",\"url\":\"https:\/\/psicologia.udd.cl\/doctorado\/files\/2019\/06\/tania-scaled.jpg\",\"contentUrl\":\"https:\/\/psicologia.udd.cl\/doctorado\/files\/2019\/06\/tania-scaled.jpg\",\"width\":2560,\"height\":1891},{\"@type\":\"WebSite\",\"@id\":\"https:\/\/psicologia.udd.cl\/doctorado\/#website\",\"url\":\"https:\/\/psicologia.udd.cl\/doctorado\/\",\"name\":\"Doctorado en Ciencias del Desarrollo y Psicopatolog\u00eda\",\"description\":\"\",\"inLanguage\":\"es\"}]}<\/script>\n<!-- \/ Yoast SEO plugin. -->","yoast_head_json":{"title":"Tania Vald\u00e9s, Candidata a Doctora, se adjudica fondos para proyecto - Doctorado en Ciencias del Desarrollo y Psicopatolog\u00eda","robots":{"index":"index","follow":"follow","max-snippet":"max-snippet:-1","max-image-preview":"max-image-preview:large","max-video-preview":"max-video-preview:-1"},"canonical":"https:\/\/psicologia.udd.cl\/doctorado\/es\/2021\/11\/19\/tania-valdes-candidata-a-doctora-se-adjudica-fondos-para-proyecto\/","og_locale":"es_ES","og_type":"article","og_title":"Tania Vald\u00e9s, Candidata a Doctora, se adjudica fondos para proyecto - Doctorado en Ciencias del Desarrollo y Psicopatolog\u00eda","og_description":"Con fecha 3 de noviembre el Concurso Interno de Investigaci\u00f3n convocado por la Vicerrector\u00eda de Investigaci\u00f3n y Doctorados a trav\u00e9s de su Direcci\u00f3n de Investigaci\u00f3n y Doctorados, entrega los resultados correspondientes a la convocatoria 2022 seleccionado cuatro proyectos para llevar adelante investigaciones. En esta convocatoria postularon 7 propuestas de las cuales todas fueron admisibles y [&hellip;]","og_url":"https:\/\/psicologia.udd.cl\/doctorado\/es\/2021\/11\/19\/tania-valdes-candidata-a-doctora-se-adjudica-fondos-para-proyecto\/","og_site_name":"Doctorado en Ciencias del Desarrollo y Psicopatolog\u00eda","article_published_time":"2021-11-19T13:20:06+00:00","og_image":[{"width":2560,"height":1891,"url":"https:\/\/psicologia.udd.cl\/doctorado\/files\/2019\/06\/tania-scaled.jpg","type":"image\/jpeg"}],"twitter_card":"summary_large_image","twitter_misc":{"Tiempo de lectura":"1 minuto"},"schema":{"@context":"https:\/\/schema.org","@graph":[{"@type":"Article","@id":"https:\/\/psicologia.udd.cl\/doctorado\/es\/2021\/11\/19\/tania-valdes-candidata-a-doctora-se-adjudica-fondos-para-proyecto\/#article","isPartOf":{"@id":"https:\/\/psicologia.udd.cl\/doctorado\/es\/2021\/11\/19\/tania-valdes-candidata-a-doctora-se-adjudica-fondos-para-proyecto\/"},"author":{"name":"","@id":""},"headline":"Tania Vald\u00e9s, Candidata a Doctora, se adjudica fondos para proyecto","datePublished":"2021-11-19T13:20:06+00:00","mainEntityOfPage":{"@id":"https:\/\/psicologia.udd.cl\/doctorado\/es\/2021\/11\/19\/tania-valdes-candidata-a-doctora-se-adjudica-fondos-para-proyecto\/"},"wordCount":281,"commentCount":0,"image":{"@id":"https:\/\/psicologia.udd.cl\/doctorado\/es\/2021\/11\/19\/tania-valdes-candidata-a-doctora-se-adjudica-fondos-para-proyecto\/#primaryimage"},"thumbnailUrl":"https:\/\/psicologia.udd.cl\/doctorado\/files\/2019\/06\/tania-scaled.jpg","articleSection":["Noticias"],"inLanguage":"es","potentialAction":[{"@type":"CommentAction","name":"Comment","target":["https:\/\/psicologia.udd.cl\/doctorado\/es\/2021\/11\/19\/tania-valdes-candidata-a-doctora-se-adjudica-fondos-para-proyecto\/#respond"]}]},{"@type":"WebPage","@id":"https:\/\/psicologia.udd.cl\/doctorado\/es\/2021\/11\/19\/tania-valdes-candidata-a-doctora-se-adjudica-fondos-para-proyecto\/","url":"https:\/\/psicologia.udd.cl\/doctorado\/es\/2021\/11\/19\/tania-valdes-candidata-a-doctora-se-adjudica-fondos-para-proyecto\/","name":"Tania Vald\u00e9s, Candidata a Doctora, se adjudica fondos para proyecto - Doctorado en Ciencias del Desarrollo y Psicopatolog\u00eda","isPartOf":{"@id":"https:\/\/psicologia.udd.cl\/doctorado\/#website"},"primaryImageOfPage":{"@id":"https:\/\/psicologia.udd.cl\/doctorado\/es\/2021\/11\/19\/tania-valdes-candidata-a-doctora-se-adjudica-fondos-para-proyecto\/#primaryimage"},"image":{"@id":"https:\/\/psicologia.udd.cl\/doctorado\/es\/2021\/11\/19\/tania-valdes-candidata-a-doctora-se-adjudica-fondos-para-proyecto\/#primaryimage"},"thumbnailUrl":"https:\/\/psicologia.udd.cl\/doctorado\/files\/2019\/06\/tania-scaled.jpg","datePublished":"2021-11-19T13:20:06+00:00","author":{"@id":""},"inLanguage":"es","potentialAction":[{"@type":"ReadAction","target":["https:\/\/psicologia.udd.cl\/doctorado\/es\/2021\/11\/19\/tania-valdes-candidata-a-doctora-se-adjudica-fondos-para-proyecto\/"]}]},{"@type":"ImageObject","inLanguage":"es","@id":"https:\/\/psicologia.udd.cl\/doctorado\/es\/2021\/11\/19\/tania-valdes-candidata-a-doctora-se-adjudica-fondos-para-proyecto\/#primaryimage","url":"https:\/\/psicologia.udd.cl\/doctorado\/files\/2019\/06\/tania-scaled.jpg","contentUrl":"https:\/\/psicologia.udd.cl\/doctorado\/files\/2019\/06\/tania-scaled.jpg","width":2560,"height":1891},{"@type":"WebSite","@id":"https:\/\/psicologia.udd.cl\/doctorado\/#website","url":"https:\/\/psicologia.udd.cl\/doctorado\/","name":"Doctorado en Ciencias del Desarrollo y Psicopatolog\u00eda","description":"","inLanguage":"es"}]}},"featured_image_url":"https:\/\/psicologia.udd.cl\/doctorado\/files\/2019\/06\/tania-scaled.jpg","_links":{"self":[{"href":"https:\/\/psicologia.udd.cl\/doctorado\/wp-json\/wp\/v2\/posts\/1593","targetHints":{"allow":["GET"]}}],"collection":[{"href":"https:\/\/psicologia.udd.cl\/doctorado\/wp-json\/wp\/v2\/posts"}],"about":[{"href":"https:\/\/psicologia.udd.cl\/doctorado\/wp-json\/wp\/v2\/types\/post"}],"replies":[{"embeddable":true,"href":"https:\/\/psicologia.udd.cl\/doctorado\/wp-json\/wp\/v2\/comments?post=1593"}],"version-history":[{"count":0,"href":"https:\/\/psicologia.udd.cl\/doctorado\/wp-json\/wp\/v2\/posts\/1593\/revisions"}],"wp:featuredmedia":[{"embeddable":true,"href":"https:\/\/psicologia.udd.cl\/doctorado\/wp-json\/wp\/v2\/media\/1051"}],"wp:attachment":[{"href":"https:\/\/psicologia.udd.cl\/doctorado\/wp-json\/wp\/v2\/media?parent=1593"}],"wp:term":[{"taxonomy":"category","embeddable":true,"href":"https:\/\/psicologia.udd.cl\/doctorado\/wp-json\/wp\/v2\/categories?post=1593"},{"taxonomy":"post_tag","embeddable":true,"href":"https:\/\/psicologia.udd.cl\/doctorado\/wp-json\/wp\/v2\/tags?post=1593"}],"curies":[{"name":"wp","href":"https:\/\/api.w.org\/{rel}","templated":true}]}}