{"id":1495,"date":"2021-04-23T16:35:21","date_gmt":"2021-04-23T16:35:21","guid":{"rendered":"http:\/\/psicologia.udd.cl\/doctorado\/?p=1495"},"modified":"2021-04-23T16:35:21","modified_gmt":"2021-04-23T16:35:21","slug":"prensa-radio-bio-bio-chile-es-el-segundo-pais-con-peor-salud-mental-en-pandemia","status":"publish","type":"post","link":"https:\/\/psicologia.udd.cl\/doctorado\/es\/2021\/04\/23\/prensa-radio-bio-bio-chile-es-el-segundo-pais-con-peor-salud-mental-en-pandemia\/","title":{"rendered":"#Prensa Radio B\u00edo- B\u00edo- Chile es el segundo pa\u00eds con peor Salud Mental en pandemia"},"content":{"rendered":"\n<p>Un informe realizado por la consultora Ipsos sobre la salud mental, tras un a\u00f1o del covid-19, dio como resultado que en promedio el 45% de los adultos aseguran que su salud mental y emocional ha empeorado. En cuanto a Chile, el pa\u00eds se sit\u00faa como el segundo peor pa\u00eds con un 56% de empeoramiento en su salud mental.<\/p>\n\n\n\n<p>Esta informaci\u00f3n la recogi\u00f3 Radio B\u00edo- B\u00edo solicitando la opini\u00f3n del director de Investigaci\u00f3n de Psicolog\u00eda UDD, Dr. Jaime Silva. AL respecto, Silva declar\u00f3 que \u201clas posibilidades de generar otras bandas para realizar actividad f\u00edsica, y para que los ni\u00f1os puedan salir, no s\u00f3lo en la ma\u00f1ana, sino que en el d\u00eda, con cierta libertad, podr\u00eda ser beneficioso para la Salud Mental\u201d.<\/p>\n\n\n\n<p class=\"has-text-align-center\"><a href=\"https:\/\/map.conectamedia.cl\/index.php\/clippingNews\/view?id=18489394&amp;email=203917&amp;fromemail=1\">&nbsp;Escucha la nota<\/a><\/p>\n","protected":false},"excerpt":{"rendered":"<p>Un informe realizado por la consultora Ipsos sobre la salud mental, tras un a\u00f1o del covid-19, dio como resultado que en promedio el 45% de los adultos aseguran que su salud mental y emocional ha empeorado. En cuanto a Chile, el pa\u00eds se sit\u00faa como el segundo peor pa\u00eds con un 56% de empeoramiento en [&hellip;]<\/p>\n","protected":false},"author":0,"featured_media":1496,"comment_status":"open","ping_status":"open","sticky":false,"template":"","format":"standard","meta":{"footnotes":""},"categories":[69],"tags":[],"class_list":["post-1495","post","type-post","status-publish","format-standard","has-post-thumbnail","hentry","category-noticias"],"yoast_head":"<!-- This site is optimized with the Yoast SEO plugin v26.9 - https:\/\/yoast.com\/product\/yoast-seo-wordpress\/ -->\n<title>#Prensa Radio B\u00edo- B\u00edo- Chile es el segundo pa\u00eds con peor Salud Mental en pandemia - Doctorado en Ciencias del Desarrollo y Psicopatolog\u00eda<\/title>\n<meta name=\"robots\" content=\"index, follow, max-snippet:-1, max-image-preview:large, max-video-preview:-1\" \/>\n<link rel=\"canonical\" href=\"https:\/\/psicologia.udd.cl\/doctorado\/es\/2021\/04\/23\/prensa-radio-bio-bio-chile-es-el-segundo-pais-con-peor-salud-mental-en-pandemia\/\" \/>\n<meta property=\"og:locale\" content=\"es_ES\" \/>\n<meta property=\"og:type\" content=\"article\" \/>\n<meta property=\"og:title\" content=\"#Prensa Radio B\u00edo- B\u00edo- Chile es el segundo pa\u00eds con peor Salud Mental en pandemia - Doctorado en Ciencias del Desarrollo y Psicopatolog\u00eda\" \/>\n<meta property=\"og:description\" content=\"Un informe realizado por la consultora Ipsos sobre la salud mental, tras un a\u00f1o del covid-19, dio como resultado que en promedio el 45% de los adultos aseguran que su salud mental y emocional ha empeorado. En cuanto a Chile, el pa\u00eds se sit\u00faa como el segundo peor pa\u00eds con un 56% de empeoramiento en [&hellip;]\" \/>\n<meta property=\"og:url\" content=\"https:\/\/psicologia.udd.cl\/doctorado\/es\/2021\/04\/23\/prensa-radio-bio-bio-chile-es-el-segundo-pais-con-peor-salud-mental-en-pandemia\/\" \/>\n<meta property=\"og:site_name\" content=\"Doctorado en Ciencias del Desarrollo y Psicopatolog\u00eda\" \/>\n<meta property=\"article:published_time\" content=\"2021-04-23T16:35:21+00:00\" \/>\n<meta property=\"og:image\" content=\"https:\/\/psicologia.udd.cl\/doctorado\/files\/2021\/04\/whatsapp-image-2021-04-23-at-11-01-17.jpeg\" \/>\n\t<meta property=\"og:image:width\" content=\"1080\" \/>\n\t<meta property=\"og:image:height\" content=\"1080\" \/>\n\t<meta property=\"og:image:type\" content=\"image\/jpeg\" \/>\n<meta name=\"twitter:card\" content=\"summary_large_image\" \/>\n<meta name=\"twitter:label1\" content=\"Tiempo de lectura\" \/>\n\t<meta name=\"twitter:data1\" content=\"1 minuto\" \/>\n<script type=\"application\/ld+json\" class=\"yoast-schema-graph\">{\"@context\":\"https:\/\/schema.org\",\"@graph\":[{\"@type\":\"Article\",\"@id\":\"https:\/\/psicologia.udd.cl\/doctorado\/es\/2021\/04\/23\/prensa-radio-bio-bio-chile-es-el-segundo-pais-con-peor-salud-mental-en-pandemia\/#article\",\"isPartOf\":{\"@id\":\"https:\/\/psicologia.udd.cl\/doctorado\/es\/2021\/04\/23\/prensa-radio-bio-bio-chile-es-el-segundo-pais-con-peor-salud-mental-en-pandemia\/\"},\"author\":{\"name\":\"\",\"@id\":\"\"},\"headline\":\"#Prensa Radio B\u00edo- B\u00edo- Chile es el segundo pa\u00eds con peor Salud Mental en pandemia\",\"datePublished\":\"2021-04-23T16:35:21+00:00\",\"mainEntityOfPage\":{\"@id\":\"https:\/\/psicologia.udd.cl\/doctorado\/es\/2021\/04\/23\/prensa-radio-bio-bio-chile-es-el-segundo-pais-con-peor-salud-mental-en-pandemia\/\"},\"wordCount\":156,\"commentCount\":0,\"image\":{\"@id\":\"https:\/\/psicologia.udd.cl\/doctorado\/es\/2021\/04\/23\/prensa-radio-bio-bio-chile-es-el-segundo-pais-con-peor-salud-mental-en-pandemia\/#primaryimage\"},\"thumbnailUrl\":\"https:\/\/psicologia.udd.cl\/doctorado\/files\/2021\/04\/whatsapp-image-2021-04-23-at-11-01-17.jpeg\",\"articleSection\":[\"Noticias\"],\"inLanguage\":\"es\",\"potentialAction\":[{\"@type\":\"CommentAction\",\"name\":\"Comment\",\"target\":[\"https:\/\/psicologia.udd.cl\/doctorado\/es\/2021\/04\/23\/prensa-radio-bio-bio-chile-es-el-segundo-pais-con-peor-salud-mental-en-pandemia\/#respond\"]}]},{\"@type\":\"WebPage\",\"@id\":\"https:\/\/psicologia.udd.cl\/doctorado\/es\/2021\/04\/23\/prensa-radio-bio-bio-chile-es-el-segundo-pais-con-peor-salud-mental-en-pandemia\/\",\"url\":\"https:\/\/psicologia.udd.cl\/doctorado\/es\/2021\/04\/23\/prensa-radio-bio-bio-chile-es-el-segundo-pais-con-peor-salud-mental-en-pandemia\/\",\"name\":\"#Prensa Radio B\u00edo- B\u00edo- Chile es el segundo pa\u00eds con peor Salud Mental en pandemia - Doctorado en Ciencias del Desarrollo y Psicopatolog\u00eda\",\"isPartOf\":{\"@id\":\"https:\/\/psicologia.udd.cl\/doctorado\/#website\"},\"primaryImageOfPage\":{\"@id\":\"https:\/\/psicologia.udd.cl\/doctorado\/es\/2021\/04\/23\/prensa-radio-bio-bio-chile-es-el-segundo-pais-con-peor-salud-mental-en-pandemia\/#primaryimage\"},\"image\":{\"@id\":\"https:\/\/psicologia.udd.cl\/doctorado\/es\/2021\/04\/23\/prensa-radio-bio-bio-chile-es-el-segundo-pais-con-peor-salud-mental-en-pandemia\/#primaryimage\"},\"thumbnailUrl\":\"https:\/\/psicologia.udd.cl\/doctorado\/files\/2021\/04\/whatsapp-image-2021-04-23-at-11-01-17.jpeg\",\"datePublished\":\"2021-04-23T16:35:21+00:00\",\"author\":{\"@id\":\"\"},\"inLanguage\":\"es\",\"potentialAction\":[{\"@type\":\"ReadAction\",\"target\":[\"https:\/\/psicologia.udd.cl\/doctorado\/es\/2021\/04\/23\/prensa-radio-bio-bio-chile-es-el-segundo-pais-con-peor-salud-mental-en-pandemia\/\"]}]},{\"@type\":\"ImageObject\",\"inLanguage\":\"es\",\"@id\":\"https:\/\/psicologia.udd.cl\/doctorado\/es\/2021\/04\/23\/prensa-radio-bio-bio-chile-es-el-segundo-pais-con-peor-salud-mental-en-pandemia\/#primaryimage\",\"url\":\"https:\/\/psicologia.udd.cl\/doctorado\/files\/2021\/04\/whatsapp-image-2021-04-23-at-11-01-17.jpeg\",\"contentUrl\":\"https:\/\/psicologia.udd.cl\/doctorado\/files\/2021\/04\/whatsapp-image-2021-04-23-at-11-01-17.jpeg\",\"width\":1080,\"height\":1080},{\"@type\":\"WebSite\",\"@id\":\"https:\/\/psicologia.udd.cl\/doctorado\/#website\",\"url\":\"https:\/\/psicologia.udd.cl\/doctorado\/\",\"name\":\"Doctorado en Ciencias del Desarrollo y Psicopatolog\u00eda\",\"description\":\"\",\"inLanguage\":\"es\"}]}<\/script>\n<!-- \/ Yoast SEO plugin. -->","yoast_head_json":{"title":"#Prensa Radio B\u00edo- B\u00edo- Chile es el segundo pa\u00eds con peor Salud Mental en pandemia - Doctorado en Ciencias del Desarrollo y Psicopatolog\u00eda","robots":{"index":"index","follow":"follow","max-snippet":"max-snippet:-1","max-image-preview":"max-image-preview:large","max-video-preview":"max-video-preview:-1"},"canonical":"https:\/\/psicologia.udd.cl\/doctorado\/es\/2021\/04\/23\/prensa-radio-bio-bio-chile-es-el-segundo-pais-con-peor-salud-mental-en-pandemia\/","og_locale":"es_ES","og_type":"article","og_title":"#Prensa Radio B\u00edo- B\u00edo- Chile es el segundo pa\u00eds con peor Salud Mental en pandemia - Doctorado en Ciencias del Desarrollo y Psicopatolog\u00eda","og_description":"Un informe realizado por la consultora Ipsos sobre la salud mental, tras un a\u00f1o del covid-19, dio como resultado que en promedio el 45% de los adultos aseguran que su salud mental y emocional ha empeorado. En cuanto a Chile, el pa\u00eds se sit\u00faa como el segundo peor pa\u00eds con un 56% de empeoramiento en [&hellip;]","og_url":"https:\/\/psicologia.udd.cl\/doctorado\/es\/2021\/04\/23\/prensa-radio-bio-bio-chile-es-el-segundo-pais-con-peor-salud-mental-en-pandemia\/","og_site_name":"Doctorado en Ciencias del Desarrollo y Psicopatolog\u00eda","article_published_time":"2021-04-23T16:35:21+00:00","og_image":[{"width":1080,"height":1080,"url":"https:\/\/psicologia.udd.cl\/doctorado\/files\/2021\/04\/whatsapp-image-2021-04-23-at-11-01-17.jpeg","type":"image\/jpeg"}],"twitter_card":"summary_large_image","twitter_misc":{"Tiempo de lectura":"1 minuto"},"schema":{"@context":"https:\/\/schema.org","@graph":[{"@type":"Article","@id":"https:\/\/psicologia.udd.cl\/doctorado\/es\/2021\/04\/23\/prensa-radio-bio-bio-chile-es-el-segundo-pais-con-peor-salud-mental-en-pandemia\/#article","isPartOf":{"@id":"https:\/\/psicologia.udd.cl\/doctorado\/es\/2021\/04\/23\/prensa-radio-bio-bio-chile-es-el-segundo-pais-con-peor-salud-mental-en-pandemia\/"},"author":{"name":"","@id":""},"headline":"#Prensa Radio B\u00edo- B\u00edo- Chile es el segundo pa\u00eds con peor Salud Mental en pandemia","datePublished":"2021-04-23T16:35:21+00:00","mainEntityOfPage":{"@id":"https:\/\/psicologia.udd.cl\/doctorado\/es\/2021\/04\/23\/prensa-radio-bio-bio-chile-es-el-segundo-pais-con-peor-salud-mental-en-pandemia\/"},"wordCount":156,"commentCount":0,"image":{"@id":"https:\/\/psicologia.udd.cl\/doctorado\/es\/2021\/04\/23\/prensa-radio-bio-bio-chile-es-el-segundo-pais-con-peor-salud-mental-en-pandemia\/#primaryimage"},"thumbnailUrl":"https:\/\/psicologia.udd.cl\/doctorado\/files\/2021\/04\/whatsapp-image-2021-04-23-at-11-01-17.jpeg","articleSection":["Noticias"],"inLanguage":"es","potentialAction":[{"@type":"CommentAction","name":"Comment","target":["https:\/\/psicologia.udd.cl\/doctorado\/es\/2021\/04\/23\/prensa-radio-bio-bio-chile-es-el-segundo-pais-con-peor-salud-mental-en-pandemia\/#respond"]}]},{"@type":"WebPage","@id":"https:\/\/psicologia.udd.cl\/doctorado\/es\/2021\/04\/23\/prensa-radio-bio-bio-chile-es-el-segundo-pais-con-peor-salud-mental-en-pandemia\/","url":"https:\/\/psicologia.udd.cl\/doctorado\/es\/2021\/04\/23\/prensa-radio-bio-bio-chile-es-el-segundo-pais-con-peor-salud-mental-en-pandemia\/","name":"#Prensa Radio B\u00edo- B\u00edo- Chile es el segundo pa\u00eds con peor Salud Mental en pandemia - Doctorado en Ciencias del Desarrollo y Psicopatolog\u00eda","isPartOf":{"@id":"https:\/\/psicologia.udd.cl\/doctorado\/#website"},"primaryImageOfPage":{"@id":"https:\/\/psicologia.udd.cl\/doctorado\/es\/2021\/04\/23\/prensa-radio-bio-bio-chile-es-el-segundo-pais-con-peor-salud-mental-en-pandemia\/#primaryimage"},"image":{"@id":"https:\/\/psicologia.udd.cl\/doctorado\/es\/2021\/04\/23\/prensa-radio-bio-bio-chile-es-el-segundo-pais-con-peor-salud-mental-en-pandemia\/#primaryimage"},"thumbnailUrl":"https:\/\/psicologia.udd.cl\/doctorado\/files\/2021\/04\/whatsapp-image-2021-04-23-at-11-01-17.jpeg","datePublished":"2021-04-23T16:35:21+00:00","author":{"@id":""},"inLanguage":"es","potentialAction":[{"@type":"ReadAction","target":["https:\/\/psicologia.udd.cl\/doctorado\/es\/2021\/04\/23\/prensa-radio-bio-bio-chile-es-el-segundo-pais-con-peor-salud-mental-en-pandemia\/"]}]},{"@type":"ImageObject","inLanguage":"es","@id":"https:\/\/psicologia.udd.cl\/doctorado\/es\/2021\/04\/23\/prensa-radio-bio-bio-chile-es-el-segundo-pais-con-peor-salud-mental-en-pandemia\/#primaryimage","url":"https:\/\/psicologia.udd.cl\/doctorado\/files\/2021\/04\/whatsapp-image-2021-04-23-at-11-01-17.jpeg","contentUrl":"https:\/\/psicologia.udd.cl\/doctorado\/files\/2021\/04\/whatsapp-image-2021-04-23-at-11-01-17.jpeg","width":1080,"height":1080},{"@type":"WebSite","@id":"https:\/\/psicologia.udd.cl\/doctorado\/#website","url":"https:\/\/psicologia.udd.cl\/doctorado\/","name":"Doctorado en Ciencias del Desarrollo y Psicopatolog\u00eda","description":"","inLanguage":"es"}]}},"featured_image_url":"https:\/\/psicologia.udd.cl\/doctorado\/files\/2021\/04\/whatsapp-image-2021-04-23-at-11-01-17.jpeg","_links":{"self":[{"href":"https:\/\/psicologia.udd.cl\/doctorado\/wp-json\/wp\/v2\/posts\/1495","targetHints":{"allow":["GET"]}}],"collection":[{"href":"https:\/\/psicologia.udd.cl\/doctorado\/wp-json\/wp\/v2\/posts"}],"about":[{"href":"https:\/\/psicologia.udd.cl\/doctorado\/wp-json\/wp\/v2\/types\/post"}],"replies":[{"embeddable":true,"href":"https:\/\/psicologia.udd.cl\/doctorado\/wp-json\/wp\/v2\/comments?post=1495"}],"version-history":[{"count":0,"href":"https:\/\/psicologia.udd.cl\/doctorado\/wp-json\/wp\/v2\/posts\/1495\/revisions"}],"wp:featuredmedia":[{"embeddable":true,"href":"https:\/\/psicologia.udd.cl\/doctorado\/wp-json\/wp\/v2\/media\/1496"}],"wp:attachment":[{"href":"https:\/\/psicologia.udd.cl\/doctorado\/wp-json\/wp\/v2\/media?parent=1495"}],"wp:term":[{"taxonomy":"category","embeddable":true,"href":"https:\/\/psicologia.udd.cl\/doctorado\/wp-json\/wp\/v2\/categories?post=1495"},{"taxonomy":"post_tag","embeddable":true,"href":"https:\/\/psicologia.udd.cl\/doctorado\/wp-json\/wp\/v2\/tags?post=1495"}],"curies":[{"name":"wp","href":"https:\/\/api.w.org\/{rel}","templated":true}]}}