{"id":1490,"date":"2021-04-19T23:37:24","date_gmt":"2021-04-19T23:37:24","guid":{"rendered":"http:\/\/psicologia.udd.cl\/doctorado\/?p=1490"},"modified":"2021-04-19T23:37:24","modified_gmt":"2021-04-19T23:37:24","slug":"dr-jame-silva-inaugura-ano-academico-de-doctorado-en-psicologia-de-universidad-de-talca","status":"publish","type":"post","link":"https:\/\/psicologia.udd.cl\/doctorado\/es\/2021\/04\/19\/dr-jame-silva-inaugura-ano-academico-de-doctorado-en-psicologia-de-universidad-de-talca\/","title":{"rendered":"Dr. Jame Silva inaugura a\u00f1o acad\u00e9mico de Doctorado en Psicolog\u00eda de Universidad de Talca."},"content":{"rendered":"\n<p>El\nd\u00eda viernes 9 de abril a las 14:00 horas. El Dr. Jaime Silva, estuvo encargado\nde la dictar la clase magistral&nbsp;del acto de inicio del a\u00f1o acad\u00e9mico\n2021 del Doctorado en Psicolog\u00eda de la Universidad de Talca.<\/p>\n\n\n\n<p>El\nt\u00edtulo de la conferencia fue \u201cUn modelo psicobiol\u00f3gico para la regulaci\u00f3n\nafectiva: Un marco de referencia para la psicopatolog\u00eda\u201d en la cual\nel Dr. Silva entreg\u00f3 una visi\u00f3n de perspectiva de la disciplina y sus\nconsecuencias cient\u00edficas y cl\u00ednicas.<\/p>\n\n\n\n<p>A\nla presentaci\u00f3n asistieron autoridades de la Facultad de Psicolog\u00eda de la\nUniversidad de Talca, incluyendo a los Dres Edgar Vogel (Profesor Titular),\nIsmael Gallardo (Decano de Facultad), Rosario Spencer (Profesora Asociada),\nAndres Fresno (Director del Doctorado), entre otros acad\u00e9micos y las alumnas\ndel doctorado. <\/p>\n\n\n\n<figure class=\"wp-block-image size-large\"><img loading=\"lazy\" decoding=\"async\" width=\"974\" height=\"554\" src=\"https:\/\/psicologia.udd.cl\/doctorado\/files\/2021\/04\/imagen-1.png\" alt=\"\" class=\"wp-image-1492\" srcset=\"https:\/\/psicologia.udd.cl\/doctorado\/files\/2021\/04\/imagen-1.png 974w, https:\/\/psicologia.udd.cl\/doctorado\/files\/2021\/04\/imagen-1-300x171.png 300w, https:\/\/psicologia.udd.cl\/doctorado\/files\/2021\/04\/imagen-1-768x437.png 768w\" sizes=\"auto, (max-width: 974px) 100vw, 974px\" \/><\/figure>\n\n\n\n<p>La\nactividad se enmarca en una serie de iniciativas que el Doctorado de Ciencias\ndel Desarrollo y Psicopatolog\u00eda (UDD) esta llevando adelante en colaboraci\u00f3n\ncon el Doctorado de Psicolog\u00eda (U de Talca). Se espera en el futuro cercano\niniciar actividades acad\u00e9micas regulares en conjunto, incluyendo la\nconformaci\u00f3n de coloquios de estudiantes y acad\u00e9micos.<\/p>\n","protected":false},"excerpt":{"rendered":"<p>El d\u00eda viernes 9 de abril a las 14:00 horas. El Dr. Jaime Silva, estuvo encargado de la dictar la clase magistral&nbsp;del acto de inicio del a\u00f1o acad\u00e9mico 2021 del Doctorado en Psicolog\u00eda de la Universidad de Talca. El t\u00edtulo de la conferencia fue \u201cUn modelo psicobiol\u00f3gico para la regulaci\u00f3n afectiva: Un marco de referencia [&hellip;]<\/p>\n","protected":false},"author":0,"featured_media":1492,"comment_status":"open","ping_status":"open","sticky":false,"template":"","format":"standard","meta":{"footnotes":""},"categories":[69],"tags":[],"class_list":["post-1490","post","type-post","status-publish","format-standard","has-post-thumbnail","hentry","category-noticias"],"yoast_head":"<!-- This site is optimized with the Yoast SEO plugin v26.9 - https:\/\/yoast.com\/product\/yoast-seo-wordpress\/ -->\n<title>Dr. Jame Silva inaugura a\u00f1o acad\u00e9mico de Doctorado en Psicolog\u00eda de Universidad de Talca. - Doctorado en Ciencias del Desarrollo y Psicopatolog\u00eda<\/title>\n<meta name=\"robots\" content=\"index, follow, max-snippet:-1, max-image-preview:large, max-video-preview:-1\" \/>\n<link rel=\"canonical\" href=\"https:\/\/psicologia.udd.cl\/doctorado\/es\/2021\/04\/19\/dr-jame-silva-inaugura-ano-academico-de-doctorado-en-psicologia-de-universidad-de-talca\/\" \/>\n<meta property=\"og:locale\" content=\"es_ES\" \/>\n<meta property=\"og:type\" content=\"article\" \/>\n<meta property=\"og:title\" content=\"Dr. Jame Silva inaugura a\u00f1o acad\u00e9mico de Doctorado en Psicolog\u00eda de Universidad de Talca. - Doctorado en Ciencias del Desarrollo y Psicopatolog\u00eda\" \/>\n<meta property=\"og:description\" content=\"El d\u00eda viernes 9 de abril a las 14:00 horas. El Dr. Jaime Silva, estuvo encargado de la dictar la clase magistral&nbsp;del acto de inicio del a\u00f1o acad\u00e9mico 2021 del Doctorado en Psicolog\u00eda de la Universidad de Talca. El t\u00edtulo de la conferencia fue \u201cUn modelo psicobiol\u00f3gico para la regulaci\u00f3n afectiva: Un marco de referencia [&hellip;]\" \/>\n<meta property=\"og:url\" content=\"https:\/\/psicologia.udd.cl\/doctorado\/es\/2021\/04\/19\/dr-jame-silva-inaugura-ano-academico-de-doctorado-en-psicologia-de-universidad-de-talca\/\" \/>\n<meta property=\"og:site_name\" content=\"Doctorado en Ciencias del Desarrollo y Psicopatolog\u00eda\" \/>\n<meta property=\"article:published_time\" content=\"2021-04-19T23:37:24+00:00\" \/>\n<meta property=\"og:image\" content=\"https:\/\/psicologia.udd.cl\/doctorado\/files\/2021\/04\/imagen-1.png\" \/>\n\t<meta property=\"og:image:width\" content=\"974\" \/>\n\t<meta property=\"og:image:height\" content=\"554\" \/>\n\t<meta property=\"og:image:type\" content=\"image\/png\" \/>\n<meta name=\"twitter:card\" content=\"summary_large_image\" \/>\n<meta name=\"twitter:label1\" content=\"Tiempo de lectura\" \/>\n\t<meta name=\"twitter:data1\" content=\"1 minuto\" \/>\n<script type=\"application\/ld+json\" class=\"yoast-schema-graph\">{\"@context\":\"https:\/\/schema.org\",\"@graph\":[{\"@type\":\"Article\",\"@id\":\"https:\/\/psicologia.udd.cl\/doctorado\/es\/2021\/04\/19\/dr-jame-silva-inaugura-ano-academico-de-doctorado-en-psicologia-de-universidad-de-talca\/#article\",\"isPartOf\":{\"@id\":\"https:\/\/psicologia.udd.cl\/doctorado\/es\/2021\/04\/19\/dr-jame-silva-inaugura-ano-academico-de-doctorado-en-psicologia-de-universidad-de-talca\/\"},\"author\":{\"name\":\"\",\"@id\":\"\"},\"headline\":\"Dr. Jame Silva inaugura a\u00f1o acad\u00e9mico de Doctorado en Psicolog\u00eda de Universidad de Talca.\",\"datePublished\":\"2021-04-19T23:37:24+00:00\",\"mainEntityOfPage\":{\"@id\":\"https:\/\/psicologia.udd.cl\/doctorado\/es\/2021\/04\/19\/dr-jame-silva-inaugura-ano-academico-de-doctorado-en-psicologia-de-universidad-de-talca\/\"},\"wordCount\":212,\"commentCount\":0,\"image\":{\"@id\":\"https:\/\/psicologia.udd.cl\/doctorado\/es\/2021\/04\/19\/dr-jame-silva-inaugura-ano-academico-de-doctorado-en-psicologia-de-universidad-de-talca\/#primaryimage\"},\"thumbnailUrl\":\"https:\/\/psicologia.udd.cl\/doctorado\/files\/2021\/04\/imagen-1.png\",\"articleSection\":[\"Noticias\"],\"inLanguage\":\"es\",\"potentialAction\":[{\"@type\":\"CommentAction\",\"name\":\"Comment\",\"target\":[\"https:\/\/psicologia.udd.cl\/doctorado\/es\/2021\/04\/19\/dr-jame-silva-inaugura-ano-academico-de-doctorado-en-psicologia-de-universidad-de-talca\/#respond\"]}]},{\"@type\":\"WebPage\",\"@id\":\"https:\/\/psicologia.udd.cl\/doctorado\/es\/2021\/04\/19\/dr-jame-silva-inaugura-ano-academico-de-doctorado-en-psicologia-de-universidad-de-talca\/\",\"url\":\"https:\/\/psicologia.udd.cl\/doctorado\/es\/2021\/04\/19\/dr-jame-silva-inaugura-ano-academico-de-doctorado-en-psicologia-de-universidad-de-talca\/\",\"name\":\"Dr. Jame Silva inaugura a\u00f1o acad\u00e9mico de Doctorado en Psicolog\u00eda de Universidad de Talca. - Doctorado en Ciencias del Desarrollo y Psicopatolog\u00eda\",\"isPartOf\":{\"@id\":\"https:\/\/psicologia.udd.cl\/doctorado\/#website\"},\"primaryImageOfPage\":{\"@id\":\"https:\/\/psicologia.udd.cl\/doctorado\/es\/2021\/04\/19\/dr-jame-silva-inaugura-ano-academico-de-doctorado-en-psicologia-de-universidad-de-talca\/#primaryimage\"},\"image\":{\"@id\":\"https:\/\/psicologia.udd.cl\/doctorado\/es\/2021\/04\/19\/dr-jame-silva-inaugura-ano-academico-de-doctorado-en-psicologia-de-universidad-de-talca\/#primaryimage\"},\"thumbnailUrl\":\"https:\/\/psicologia.udd.cl\/doctorado\/files\/2021\/04\/imagen-1.png\",\"datePublished\":\"2021-04-19T23:37:24+00:00\",\"author\":{\"@id\":\"\"},\"inLanguage\":\"es\",\"potentialAction\":[{\"@type\":\"ReadAction\",\"target\":[\"https:\/\/psicologia.udd.cl\/doctorado\/es\/2021\/04\/19\/dr-jame-silva-inaugura-ano-academico-de-doctorado-en-psicologia-de-universidad-de-talca\/\"]}]},{\"@type\":\"ImageObject\",\"inLanguage\":\"es\",\"@id\":\"https:\/\/psicologia.udd.cl\/doctorado\/es\/2021\/04\/19\/dr-jame-silva-inaugura-ano-academico-de-doctorado-en-psicologia-de-universidad-de-talca\/#primaryimage\",\"url\":\"https:\/\/psicologia.udd.cl\/doctorado\/files\/2021\/04\/imagen-1.png\",\"contentUrl\":\"https:\/\/psicologia.udd.cl\/doctorado\/files\/2021\/04\/imagen-1.png\",\"width\":974,\"height\":554},{\"@type\":\"WebSite\",\"@id\":\"https:\/\/psicologia.udd.cl\/doctorado\/#website\",\"url\":\"https:\/\/psicologia.udd.cl\/doctorado\/\",\"name\":\"Doctorado en Ciencias del Desarrollo y Psicopatolog\u00eda\",\"description\":\"\",\"inLanguage\":\"es\"}]}<\/script>\n<!-- \/ Yoast SEO plugin. -->","yoast_head_json":{"title":"Dr. Jame Silva inaugura a\u00f1o acad\u00e9mico de Doctorado en Psicolog\u00eda de Universidad de Talca. - Doctorado en Ciencias del Desarrollo y Psicopatolog\u00eda","robots":{"index":"index","follow":"follow","max-snippet":"max-snippet:-1","max-image-preview":"max-image-preview:large","max-video-preview":"max-video-preview:-1"},"canonical":"https:\/\/psicologia.udd.cl\/doctorado\/es\/2021\/04\/19\/dr-jame-silva-inaugura-ano-academico-de-doctorado-en-psicologia-de-universidad-de-talca\/","og_locale":"es_ES","og_type":"article","og_title":"Dr. Jame Silva inaugura a\u00f1o acad\u00e9mico de Doctorado en Psicolog\u00eda de Universidad de Talca. - Doctorado en Ciencias del Desarrollo y Psicopatolog\u00eda","og_description":"El d\u00eda viernes 9 de abril a las 14:00 horas. El Dr. Jaime Silva, estuvo encargado de la dictar la clase magistral&nbsp;del acto de inicio del a\u00f1o acad\u00e9mico 2021 del Doctorado en Psicolog\u00eda de la Universidad de Talca. El t\u00edtulo de la conferencia fue \u201cUn modelo psicobiol\u00f3gico para la regulaci\u00f3n afectiva: Un marco de referencia [&hellip;]","og_url":"https:\/\/psicologia.udd.cl\/doctorado\/es\/2021\/04\/19\/dr-jame-silva-inaugura-ano-academico-de-doctorado-en-psicologia-de-universidad-de-talca\/","og_site_name":"Doctorado en Ciencias del Desarrollo y Psicopatolog\u00eda","article_published_time":"2021-04-19T23:37:24+00:00","og_image":[{"width":974,"height":554,"url":"https:\/\/psicologia.udd.cl\/doctorado\/files\/2021\/04\/imagen-1.png","type":"image\/png"}],"twitter_card":"summary_large_image","twitter_misc":{"Tiempo de lectura":"1 minuto"},"schema":{"@context":"https:\/\/schema.org","@graph":[{"@type":"Article","@id":"https:\/\/psicologia.udd.cl\/doctorado\/es\/2021\/04\/19\/dr-jame-silva-inaugura-ano-academico-de-doctorado-en-psicologia-de-universidad-de-talca\/#article","isPartOf":{"@id":"https:\/\/psicologia.udd.cl\/doctorado\/es\/2021\/04\/19\/dr-jame-silva-inaugura-ano-academico-de-doctorado-en-psicologia-de-universidad-de-talca\/"},"author":{"name":"","@id":""},"headline":"Dr. Jame Silva inaugura a\u00f1o acad\u00e9mico de Doctorado en Psicolog\u00eda de Universidad de Talca.","datePublished":"2021-04-19T23:37:24+00:00","mainEntityOfPage":{"@id":"https:\/\/psicologia.udd.cl\/doctorado\/es\/2021\/04\/19\/dr-jame-silva-inaugura-ano-academico-de-doctorado-en-psicologia-de-universidad-de-talca\/"},"wordCount":212,"commentCount":0,"image":{"@id":"https:\/\/psicologia.udd.cl\/doctorado\/es\/2021\/04\/19\/dr-jame-silva-inaugura-ano-academico-de-doctorado-en-psicologia-de-universidad-de-talca\/#primaryimage"},"thumbnailUrl":"https:\/\/psicologia.udd.cl\/doctorado\/files\/2021\/04\/imagen-1.png","articleSection":["Noticias"],"inLanguage":"es","potentialAction":[{"@type":"CommentAction","name":"Comment","target":["https:\/\/psicologia.udd.cl\/doctorado\/es\/2021\/04\/19\/dr-jame-silva-inaugura-ano-academico-de-doctorado-en-psicologia-de-universidad-de-talca\/#respond"]}]},{"@type":"WebPage","@id":"https:\/\/psicologia.udd.cl\/doctorado\/es\/2021\/04\/19\/dr-jame-silva-inaugura-ano-academico-de-doctorado-en-psicologia-de-universidad-de-talca\/","url":"https:\/\/psicologia.udd.cl\/doctorado\/es\/2021\/04\/19\/dr-jame-silva-inaugura-ano-academico-de-doctorado-en-psicologia-de-universidad-de-talca\/","name":"Dr. Jame Silva inaugura a\u00f1o acad\u00e9mico de Doctorado en Psicolog\u00eda de Universidad de Talca. - Doctorado en Ciencias del Desarrollo y Psicopatolog\u00eda","isPartOf":{"@id":"https:\/\/psicologia.udd.cl\/doctorado\/#website"},"primaryImageOfPage":{"@id":"https:\/\/psicologia.udd.cl\/doctorado\/es\/2021\/04\/19\/dr-jame-silva-inaugura-ano-academico-de-doctorado-en-psicologia-de-universidad-de-talca\/#primaryimage"},"image":{"@id":"https:\/\/psicologia.udd.cl\/doctorado\/es\/2021\/04\/19\/dr-jame-silva-inaugura-ano-academico-de-doctorado-en-psicologia-de-universidad-de-talca\/#primaryimage"},"thumbnailUrl":"https:\/\/psicologia.udd.cl\/doctorado\/files\/2021\/04\/imagen-1.png","datePublished":"2021-04-19T23:37:24+00:00","author":{"@id":""},"inLanguage":"es","potentialAction":[{"@type":"ReadAction","target":["https:\/\/psicologia.udd.cl\/doctorado\/es\/2021\/04\/19\/dr-jame-silva-inaugura-ano-academico-de-doctorado-en-psicologia-de-universidad-de-talca\/"]}]},{"@type":"ImageObject","inLanguage":"es","@id":"https:\/\/psicologia.udd.cl\/doctorado\/es\/2021\/04\/19\/dr-jame-silva-inaugura-ano-academico-de-doctorado-en-psicologia-de-universidad-de-talca\/#primaryimage","url":"https:\/\/psicologia.udd.cl\/doctorado\/files\/2021\/04\/imagen-1.png","contentUrl":"https:\/\/psicologia.udd.cl\/doctorado\/files\/2021\/04\/imagen-1.png","width":974,"height":554},{"@type":"WebSite","@id":"https:\/\/psicologia.udd.cl\/doctorado\/#website","url":"https:\/\/psicologia.udd.cl\/doctorado\/","name":"Doctorado en Ciencias del Desarrollo y Psicopatolog\u00eda","description":"","inLanguage":"es"}]}},"featured_image_url":"https:\/\/psicologia.udd.cl\/doctorado\/files\/2021\/04\/imagen-1.png","_links":{"self":[{"href":"https:\/\/psicologia.udd.cl\/doctorado\/wp-json\/wp\/v2\/posts\/1490","targetHints":{"allow":["GET"]}}],"collection":[{"href":"https:\/\/psicologia.udd.cl\/doctorado\/wp-json\/wp\/v2\/posts"}],"about":[{"href":"https:\/\/psicologia.udd.cl\/doctorado\/wp-json\/wp\/v2\/types\/post"}],"replies":[{"embeddable":true,"href":"https:\/\/psicologia.udd.cl\/doctorado\/wp-json\/wp\/v2\/comments?post=1490"}],"version-history":[{"count":0,"href":"https:\/\/psicologia.udd.cl\/doctorado\/wp-json\/wp\/v2\/posts\/1490\/revisions"}],"wp:featuredmedia":[{"embeddable":true,"href":"https:\/\/psicologia.udd.cl\/doctorado\/wp-json\/wp\/v2\/media\/1492"}],"wp:attachment":[{"href":"https:\/\/psicologia.udd.cl\/doctorado\/wp-json\/wp\/v2\/media?parent=1490"}],"wp:term":[{"taxonomy":"category","embeddable":true,"href":"https:\/\/psicologia.udd.cl\/doctorado\/wp-json\/wp\/v2\/categories?post=1490"},{"taxonomy":"post_tag","embeddable":true,"href":"https:\/\/psicologia.udd.cl\/doctorado\/wp-json\/wp\/v2\/tags?post=1490"}],"curies":[{"name":"wp","href":"https:\/\/api.w.org\/{rel}","templated":true}]}}