{"id":1481,"date":"2021-03-22T15:09:26","date_gmt":"2021-03-22T15:09:26","guid":{"rendered":"http:\/\/psicologia.udd.cl\/doctorado\/?p=1481"},"modified":"2021-03-22T15:09:26","modified_gmt":"2021-03-22T15:09:26","slug":"prensa-radio-infinita-emociones-durante-la-pandemia","status":"publish","type":"post","link":"https:\/\/psicologia.udd.cl\/doctorado\/es\/2021\/03\/22\/prensa-radio-infinita-emociones-durante-la-pandemia\/","title":{"rendered":"#Prensa Radio Infinita- Emociones durante la pandemia"},"content":{"rendered":"\n<p>El director del Doctorado en Ciencias del Desarrollo y Psicopatolog\u00eda, Dr. Jaime Silva, fue entrevistado en Radio Infinita, al cumplirse un a\u00f1o desde que comenz\u00f3 la pandemia por Corona Virus. El foco de esta intervenci\u00f3n fue detectar qu\u00e9 tipo de emociones han sido m\u00e1s predominantes en la poblaci\u00f3n.<\/p>\n\n\n\n<p>El Dr. Silva se refiri\u00f3 a este fen\u00f3meno como \u00abfatiga pand\u00e9mica, correspondiente a un estr\u00e9s sostenido durante este per\u00edodo, lo cual se refleja en un agotamiento demostrable a trav\u00e9s del cansancio, falta de concentraci\u00f3n e, incluso, problemas de memoria o pena\u00bb.<\/p>\n\n\n\n<figure class=\"wp-block-image\"><a href=\"https:\/\/map.conectamedia.cl\/index.php\/clippingNews\/view?id=17909067&amp;email=198212&amp;fromemail=1\"><img decoding=\"async\" src=\"https:\/\/psicologia.udd.cl\/files\/2019\/02\/Jaime-Silva-2019-e1552333213229-680x382.jpg\" alt=\"\" \/><\/a><\/figure>\n\n\n\n<h4 class=\"wp-block-heading\">RADIO INFINITA<\/h4>\n\n\n\n<h3 class=\"wp-block-heading\"><a href=\"https:\/\/map.conectamedia.cl\/index.php\/clippingNews\/view?id=17909067&amp;email=198212&amp;fromemail=1\">Emociones durante la pandemia- Entrevista al Dr. Jaime Silva<\/a><\/h3>\n\n\n\n<p><a href=\"https:\/\/map.conectamedia.cl\/index.php\/clippingNews\/view?id=17909067&amp;email=198212&amp;fromemail=1\">\u00a0Escucha la entrevista<\/a><\/p>\n","protected":false},"excerpt":{"rendered":"<p>El director del Doctorado en Ciencias del Desarrollo y Psicopatolog\u00eda, Dr. Jaime Silva, fue entrevistado en Radio Infinita, al cumplirse un a\u00f1o desde que comenz\u00f3 la pandemia por Corona Virus. El foco de esta intervenci\u00f3n fue detectar qu\u00e9 tipo de emociones han sido m\u00e1s predominantes en la poblaci\u00f3n. El Dr. Silva se refiri\u00f3 a este [&hellip;]<\/p>\n","protected":false},"author":0,"featured_media":1482,"comment_status":"open","ping_status":"open","sticky":false,"template":"","format":"standard","meta":{"footnotes":""},"categories":[69],"tags":[],"class_list":["post-1481","post","type-post","status-publish","format-standard","has-post-thumbnail","hentry","category-noticias"],"yoast_head":"<!-- This site is optimized with the Yoast SEO plugin v26.9 - https:\/\/yoast.com\/product\/yoast-seo-wordpress\/ -->\n<title>#Prensa Radio Infinita- Emociones durante la pandemia - Doctorado en Ciencias del Desarrollo y Psicopatolog\u00eda<\/title>\n<meta name=\"robots\" content=\"index, follow, max-snippet:-1, max-image-preview:large, max-video-preview:-1\" \/>\n<link rel=\"canonical\" href=\"https:\/\/psicologia.udd.cl\/doctorado\/es\/2021\/03\/22\/prensa-radio-infinita-emociones-durante-la-pandemia\/\" \/>\n<meta property=\"og:locale\" content=\"es_ES\" \/>\n<meta property=\"og:type\" content=\"article\" \/>\n<meta property=\"og:title\" content=\"#Prensa Radio Infinita- Emociones durante la pandemia - Doctorado en Ciencias del Desarrollo y Psicopatolog\u00eda\" \/>\n<meta property=\"og:description\" content=\"El director del Doctorado en Ciencias del Desarrollo y Psicopatolog\u00eda, Dr. Jaime Silva, fue entrevistado en Radio Infinita, al cumplirse un a\u00f1o desde que comenz\u00f3 la pandemia por Corona Virus. El foco de esta intervenci\u00f3n fue detectar qu\u00e9 tipo de emociones han sido m\u00e1s predominantes en la poblaci\u00f3n. El Dr. Silva se refiri\u00f3 a este [&hellip;]\" \/>\n<meta property=\"og:url\" content=\"https:\/\/psicologia.udd.cl\/doctorado\/es\/2021\/03\/22\/prensa-radio-infinita-emociones-durante-la-pandemia\/\" \/>\n<meta property=\"og:site_name\" content=\"Doctorado en Ciencias del Desarrollo y Psicopatolog\u00eda\" \/>\n<meta property=\"article:published_time\" content=\"2021-03-22T15:09:26+00:00\" \/>\n<meta property=\"og:image\" content=\"https:\/\/psicologia.udd.cl\/doctorado\/files\/2021\/03\/whatsapp-image-2021-03-22-at-10-36-40-1.jpeg\" \/>\n\t<meta property=\"og:image:width\" content=\"265\" \/>\n\t<meta property=\"og:image:height\" content=\"183\" \/>\n\t<meta property=\"og:image:type\" content=\"image\/jpeg\" \/>\n<meta name=\"twitter:card\" content=\"summary_large_image\" \/>\n<meta name=\"twitter:label1\" content=\"Tiempo de lectura\" \/>\n\t<meta name=\"twitter:data1\" content=\"1 minuto\" \/>\n<script type=\"application\/ld+json\" class=\"yoast-schema-graph\">{\"@context\":\"https:\/\/schema.org\",\"@graph\":[{\"@type\":\"Article\",\"@id\":\"https:\/\/psicologia.udd.cl\/doctorado\/es\/2021\/03\/22\/prensa-radio-infinita-emociones-durante-la-pandemia\/#article\",\"isPartOf\":{\"@id\":\"https:\/\/psicologia.udd.cl\/doctorado\/es\/2021\/03\/22\/prensa-radio-infinita-emociones-durante-la-pandemia\/\"},\"author\":{\"name\":\"\",\"@id\":\"\"},\"headline\":\"#Prensa Radio Infinita- Emociones durante la pandemia\",\"datePublished\":\"2021-03-22T15:09:26+00:00\",\"mainEntityOfPage\":{\"@id\":\"https:\/\/psicologia.udd.cl\/doctorado\/es\/2021\/03\/22\/prensa-radio-infinita-emociones-durante-la-pandemia\/\"},\"wordCount\":121,\"commentCount\":0,\"image\":{\"@id\":\"https:\/\/psicologia.udd.cl\/doctorado\/es\/2021\/03\/22\/prensa-radio-infinita-emociones-durante-la-pandemia\/#primaryimage\"},\"thumbnailUrl\":\"https:\/\/psicologia.udd.cl\/doctorado\/files\/2021\/03\/whatsapp-image-2021-03-22-at-10-36-40-1.jpeg\",\"articleSection\":[\"Noticias\"],\"inLanguage\":\"es\",\"potentialAction\":[{\"@type\":\"CommentAction\",\"name\":\"Comment\",\"target\":[\"https:\/\/psicologia.udd.cl\/doctorado\/es\/2021\/03\/22\/prensa-radio-infinita-emociones-durante-la-pandemia\/#respond\"]}]},{\"@type\":\"WebPage\",\"@id\":\"https:\/\/psicologia.udd.cl\/doctorado\/es\/2021\/03\/22\/prensa-radio-infinita-emociones-durante-la-pandemia\/\",\"url\":\"https:\/\/psicologia.udd.cl\/doctorado\/es\/2021\/03\/22\/prensa-radio-infinita-emociones-durante-la-pandemia\/\",\"name\":\"#Prensa Radio Infinita- Emociones durante la pandemia - Doctorado en Ciencias del Desarrollo y Psicopatolog\u00eda\",\"isPartOf\":{\"@id\":\"https:\/\/psicologia.udd.cl\/doctorado\/#website\"},\"primaryImageOfPage\":{\"@id\":\"https:\/\/psicologia.udd.cl\/doctorado\/es\/2021\/03\/22\/prensa-radio-infinita-emociones-durante-la-pandemia\/#primaryimage\"},\"image\":{\"@id\":\"https:\/\/psicologia.udd.cl\/doctorado\/es\/2021\/03\/22\/prensa-radio-infinita-emociones-durante-la-pandemia\/#primaryimage\"},\"thumbnailUrl\":\"https:\/\/psicologia.udd.cl\/doctorado\/files\/2021\/03\/whatsapp-image-2021-03-22-at-10-36-40-1.jpeg\",\"datePublished\":\"2021-03-22T15:09:26+00:00\",\"author\":{\"@id\":\"\"},\"inLanguage\":\"es\",\"potentialAction\":[{\"@type\":\"ReadAction\",\"target\":[\"https:\/\/psicologia.udd.cl\/doctorado\/es\/2021\/03\/22\/prensa-radio-infinita-emociones-durante-la-pandemia\/\"]}]},{\"@type\":\"ImageObject\",\"inLanguage\":\"es\",\"@id\":\"https:\/\/psicologia.udd.cl\/doctorado\/es\/2021\/03\/22\/prensa-radio-infinita-emociones-durante-la-pandemia\/#primaryimage\",\"url\":\"https:\/\/psicologia.udd.cl\/doctorado\/files\/2021\/03\/whatsapp-image-2021-03-22-at-10-36-40-1.jpeg\",\"contentUrl\":\"https:\/\/psicologia.udd.cl\/doctorado\/files\/2021\/03\/whatsapp-image-2021-03-22-at-10-36-40-1.jpeg\",\"width\":265,\"height\":183},{\"@type\":\"WebSite\",\"@id\":\"https:\/\/psicologia.udd.cl\/doctorado\/#website\",\"url\":\"https:\/\/psicologia.udd.cl\/doctorado\/\",\"name\":\"Doctorado en Ciencias del Desarrollo y Psicopatolog\u00eda\",\"description\":\"\",\"inLanguage\":\"es\"}]}<\/script>\n<!-- \/ Yoast SEO plugin. -->","yoast_head_json":{"title":"#Prensa Radio Infinita- Emociones durante la pandemia - Doctorado en Ciencias del Desarrollo y Psicopatolog\u00eda","robots":{"index":"index","follow":"follow","max-snippet":"max-snippet:-1","max-image-preview":"max-image-preview:large","max-video-preview":"max-video-preview:-1"},"canonical":"https:\/\/psicologia.udd.cl\/doctorado\/es\/2021\/03\/22\/prensa-radio-infinita-emociones-durante-la-pandemia\/","og_locale":"es_ES","og_type":"article","og_title":"#Prensa Radio Infinita- Emociones durante la pandemia - Doctorado en Ciencias del Desarrollo y Psicopatolog\u00eda","og_description":"El director del Doctorado en Ciencias del Desarrollo y Psicopatolog\u00eda, Dr. Jaime Silva, fue entrevistado en Radio Infinita, al cumplirse un a\u00f1o desde que comenz\u00f3 la pandemia por Corona Virus. El foco de esta intervenci\u00f3n fue detectar qu\u00e9 tipo de emociones han sido m\u00e1s predominantes en la poblaci\u00f3n. El Dr. Silva se refiri\u00f3 a este [&hellip;]","og_url":"https:\/\/psicologia.udd.cl\/doctorado\/es\/2021\/03\/22\/prensa-radio-infinita-emociones-durante-la-pandemia\/","og_site_name":"Doctorado en Ciencias del Desarrollo y Psicopatolog\u00eda","article_published_time":"2021-03-22T15:09:26+00:00","og_image":[{"width":265,"height":183,"url":"https:\/\/psicologia.udd.cl\/doctorado\/files\/2021\/03\/whatsapp-image-2021-03-22-at-10-36-40-1.jpeg","type":"image\/jpeg"}],"twitter_card":"summary_large_image","twitter_misc":{"Tiempo de lectura":"1 minuto"},"schema":{"@context":"https:\/\/schema.org","@graph":[{"@type":"Article","@id":"https:\/\/psicologia.udd.cl\/doctorado\/es\/2021\/03\/22\/prensa-radio-infinita-emociones-durante-la-pandemia\/#article","isPartOf":{"@id":"https:\/\/psicologia.udd.cl\/doctorado\/es\/2021\/03\/22\/prensa-radio-infinita-emociones-durante-la-pandemia\/"},"author":{"name":"","@id":""},"headline":"#Prensa Radio Infinita- Emociones durante la pandemia","datePublished":"2021-03-22T15:09:26+00:00","mainEntityOfPage":{"@id":"https:\/\/psicologia.udd.cl\/doctorado\/es\/2021\/03\/22\/prensa-radio-infinita-emociones-durante-la-pandemia\/"},"wordCount":121,"commentCount":0,"image":{"@id":"https:\/\/psicologia.udd.cl\/doctorado\/es\/2021\/03\/22\/prensa-radio-infinita-emociones-durante-la-pandemia\/#primaryimage"},"thumbnailUrl":"https:\/\/psicologia.udd.cl\/doctorado\/files\/2021\/03\/whatsapp-image-2021-03-22-at-10-36-40-1.jpeg","articleSection":["Noticias"],"inLanguage":"es","potentialAction":[{"@type":"CommentAction","name":"Comment","target":["https:\/\/psicologia.udd.cl\/doctorado\/es\/2021\/03\/22\/prensa-radio-infinita-emociones-durante-la-pandemia\/#respond"]}]},{"@type":"WebPage","@id":"https:\/\/psicologia.udd.cl\/doctorado\/es\/2021\/03\/22\/prensa-radio-infinita-emociones-durante-la-pandemia\/","url":"https:\/\/psicologia.udd.cl\/doctorado\/es\/2021\/03\/22\/prensa-radio-infinita-emociones-durante-la-pandemia\/","name":"#Prensa Radio Infinita- Emociones durante la pandemia - Doctorado en Ciencias del Desarrollo y Psicopatolog\u00eda","isPartOf":{"@id":"https:\/\/psicologia.udd.cl\/doctorado\/#website"},"primaryImageOfPage":{"@id":"https:\/\/psicologia.udd.cl\/doctorado\/es\/2021\/03\/22\/prensa-radio-infinita-emociones-durante-la-pandemia\/#primaryimage"},"image":{"@id":"https:\/\/psicologia.udd.cl\/doctorado\/es\/2021\/03\/22\/prensa-radio-infinita-emociones-durante-la-pandemia\/#primaryimage"},"thumbnailUrl":"https:\/\/psicologia.udd.cl\/doctorado\/files\/2021\/03\/whatsapp-image-2021-03-22-at-10-36-40-1.jpeg","datePublished":"2021-03-22T15:09:26+00:00","author":{"@id":""},"inLanguage":"es","potentialAction":[{"@type":"ReadAction","target":["https:\/\/psicologia.udd.cl\/doctorado\/es\/2021\/03\/22\/prensa-radio-infinita-emociones-durante-la-pandemia\/"]}]},{"@type":"ImageObject","inLanguage":"es","@id":"https:\/\/psicologia.udd.cl\/doctorado\/es\/2021\/03\/22\/prensa-radio-infinita-emociones-durante-la-pandemia\/#primaryimage","url":"https:\/\/psicologia.udd.cl\/doctorado\/files\/2021\/03\/whatsapp-image-2021-03-22-at-10-36-40-1.jpeg","contentUrl":"https:\/\/psicologia.udd.cl\/doctorado\/files\/2021\/03\/whatsapp-image-2021-03-22-at-10-36-40-1.jpeg","width":265,"height":183},{"@type":"WebSite","@id":"https:\/\/psicologia.udd.cl\/doctorado\/#website","url":"https:\/\/psicologia.udd.cl\/doctorado\/","name":"Doctorado en Ciencias del Desarrollo y Psicopatolog\u00eda","description":"","inLanguage":"es"}]}},"featured_image_url":"https:\/\/psicologia.udd.cl\/doctorado\/files\/2021\/03\/whatsapp-image-2021-03-22-at-10-36-40-1.jpeg","_links":{"self":[{"href":"https:\/\/psicologia.udd.cl\/doctorado\/wp-json\/wp\/v2\/posts\/1481","targetHints":{"allow":["GET"]}}],"collection":[{"href":"https:\/\/psicologia.udd.cl\/doctorado\/wp-json\/wp\/v2\/posts"}],"about":[{"href":"https:\/\/psicologia.udd.cl\/doctorado\/wp-json\/wp\/v2\/types\/post"}],"replies":[{"embeddable":true,"href":"https:\/\/psicologia.udd.cl\/doctorado\/wp-json\/wp\/v2\/comments?post=1481"}],"version-history":[{"count":0,"href":"https:\/\/psicologia.udd.cl\/doctorado\/wp-json\/wp\/v2\/posts\/1481\/revisions"}],"wp:featuredmedia":[{"embeddable":true,"href":"https:\/\/psicologia.udd.cl\/doctorado\/wp-json\/wp\/v2\/media\/1482"}],"wp:attachment":[{"href":"https:\/\/psicologia.udd.cl\/doctorado\/wp-json\/wp\/v2\/media?parent=1481"}],"wp:term":[{"taxonomy":"category","embeddable":true,"href":"https:\/\/psicologia.udd.cl\/doctorado\/wp-json\/wp\/v2\/categories?post=1481"},{"taxonomy":"post_tag","embeddable":true,"href":"https:\/\/psicologia.udd.cl\/doctorado\/wp-json\/wp\/v2\/tags?post=1481"}],"curies":[{"name":"wp","href":"https:\/\/api.w.org\/{rel}","templated":true}]}}