{"id":1454,"date":"2021-03-01T19:27:52","date_gmt":"2021-03-01T19:27:52","guid":{"rendered":"http:\/\/psicologia.udd.cl\/doctorado\/?p=1454"},"modified":"2021-03-01T19:27:52","modified_gmt":"2021-03-01T19:27:52","slug":"prensa-expertos-entregan-claves-para-lidiar-con-la-fatiga-pandemica","status":"publish","type":"post","link":"https:\/\/psicologia.udd.cl\/doctorado\/es\/2021\/03\/01\/prensa-expertos-entregan-claves-para-lidiar-con-la-fatiga-pandemica\/","title":{"rendered":"#Prensa- Expertos entregan claves para lidiar con la fatiga pand\u00e9mica"},"content":{"rendered":"\n<figure class=\"wp-block-image\"><img decoding=\"async\" src=\"https:\/\/psicologia.udd.cl\/files\/2021\/02\/2021-02-05_3L3TS1QG-scaled-e1614175675360-1024x928.jpg\" alt=\"\" class=\"wp-image-42470\" \/><\/figure>\n\n\n\n<p>A casi un a\u00f1o de que se conociera en Chile el primer caso de covid-19, no resulta inusual que cada d\u00eda m\u00e1s personas se sientan extremadamente agotadas de la vida en pandemia, e incluso reacias a continuar respetando las normas preventivas de contagio.<\/p>\n\n\n\n<p>Se trata \u2014como lo defini\u00f3 la Organizaci\u00f3n Mundial de la Salud (OMS)\u2014 de la \u201cnatural y esperada\u201d fatiga pand\u00e9mica, esa \u201cangustia que puede resultar en desmotivaci\u00f3n para seguir las conductas de protecci\u00f3n recomendadas, emergiendo gradualmente con el tiempo y afectada por emociones, experiencias y percepciones\u201d.<\/p>\n\n\n\n<p>La pandemia, adem\u00e1s de los temas sanitarios, trajo consigo asuntos de salud mental que est\u00e1n asociados a emociones como la incertidumbre y el miedo\u201d, asegura&nbsp;<strong>Jaime Silva, psic\u00f3logo e investigador del Centro de Apego y Regulaci\u00f3n Emocional (CARE) de la&nbsp;U.<br>del&nbsp;Desarrollo.<\/strong><\/p>\n\n\n\n<p>Seg\u00fan el especialista, al principio m\u00e1s personas respondieron activamente, intentaron informarse y saber de qu\u00e9 se trataba el coronavirus y tomaron resguardos. \u201cPero con el tiempo, cuando esto se prolonga, la gente empieza a tener un afrontamiento m\u00e1s pasivo y err\u00e1tico y dejan de seguir las medidas de prevenci\u00f3n como al comienzo.<\/p>\n\n\n\n<p>Revisa la nota completa publicada en&nbsp;<strong>El Mercurio.<\/strong><\/p>\n\n\n\n<p class=\"has-text-align-center\"><a href=\"https:\/\/map.conectamedia.cl\/index.php\/clippingNews\/view?id=17394552&amp;email=194641&amp;fromemail=1\">&nbsp;Lee el art\u00edculo ac\u00e1<\/a><\/p>\n","protected":false},"excerpt":{"rendered":"<p>A casi un a\u00f1o de que se conociera en Chile el primer caso de covid-19, no resulta inusual que cada d\u00eda m\u00e1s personas se sientan extremadamente agotadas de la vida en pandemia, e incluso reacias a continuar respetando las normas preventivas de contagio. Se trata \u2014como lo defini\u00f3 la Organizaci\u00f3n Mundial de la Salud (OMS)\u2014 [&hellip;]<\/p>\n","protected":false},"author":0,"featured_media":1455,"comment_status":"open","ping_status":"open","sticky":false,"template":"","format":"standard","meta":{"footnotes":""},"categories":[69],"tags":[],"class_list":["post-1454","post","type-post","status-publish","format-standard","has-post-thumbnail","hentry","category-noticias"],"yoast_head":"<!-- This site is optimized with the Yoast SEO plugin v26.9 - https:\/\/yoast.com\/product\/yoast-seo-wordpress\/ -->\n<title>#Prensa- Expertos entregan claves para lidiar con la fatiga pand\u00e9mica - Doctorado en Ciencias del Desarrollo y Psicopatolog\u00eda<\/title>\n<meta name=\"robots\" content=\"index, follow, max-snippet:-1, max-image-preview:large, max-video-preview:-1\" \/>\n<link rel=\"canonical\" href=\"https:\/\/psicologia.udd.cl\/doctorado\/es\/2021\/03\/01\/prensa-expertos-entregan-claves-para-lidiar-con-la-fatiga-pandemica\/\" \/>\n<meta property=\"og:locale\" content=\"es_ES\" \/>\n<meta property=\"og:type\" content=\"article\" \/>\n<meta property=\"og:title\" content=\"#Prensa- Expertos entregan claves para lidiar con la fatiga pand\u00e9mica - Doctorado en Ciencias del Desarrollo y Psicopatolog\u00eda\" \/>\n<meta property=\"og:description\" content=\"A casi un a\u00f1o de que se conociera en Chile el primer caso de covid-19, no resulta inusual que cada d\u00eda m\u00e1s personas se sientan extremadamente agotadas de la vida en pandemia, e incluso reacias a continuar respetando las normas preventivas de contagio. Se trata \u2014como lo defini\u00f3 la Organizaci\u00f3n Mundial de la Salud (OMS)\u2014 [&hellip;]\" \/>\n<meta property=\"og:url\" content=\"https:\/\/psicologia.udd.cl\/doctorado\/es\/2021\/03\/01\/prensa-expertos-entregan-claves-para-lidiar-con-la-fatiga-pandemica\/\" \/>\n<meta property=\"og:site_name\" content=\"Doctorado en Ciencias del Desarrollo y Psicopatolog\u00eda\" \/>\n<meta property=\"article:published_time\" content=\"2021-03-01T19:27:52+00:00\" \/>\n<meta property=\"og:image\" content=\"https:\/\/psicologia.udd.cl\/doctorado\/files\/2021\/03\/whatsapp-image-2021-02-24-at-11-16-46.jpeg\" \/>\n\t<meta property=\"og:image:width\" content=\"1080\" \/>\n\t<meta property=\"og:image:height\" content=\"1080\" \/>\n\t<meta property=\"og:image:type\" content=\"image\/jpeg\" \/>\n<meta name=\"twitter:card\" content=\"summary_large_image\" \/>\n<meta name=\"twitter:label1\" content=\"Tiempo de lectura\" \/>\n\t<meta name=\"twitter:data1\" content=\"1 minuto\" \/>\n<script type=\"application\/ld+json\" class=\"yoast-schema-graph\">{\"@context\":\"https:\/\/schema.org\",\"@graph\":[{\"@type\":\"Article\",\"@id\":\"https:\/\/psicologia.udd.cl\/doctorado\/es\/2021\/03\/01\/prensa-expertos-entregan-claves-para-lidiar-con-la-fatiga-pandemica\/#article\",\"isPartOf\":{\"@id\":\"https:\/\/psicologia.udd.cl\/doctorado\/es\/2021\/03\/01\/prensa-expertos-entregan-claves-para-lidiar-con-la-fatiga-pandemica\/\"},\"author\":{\"name\":\"\",\"@id\":\"\"},\"headline\":\"#Prensa- Expertos entregan claves para lidiar con la fatiga pand\u00e9mica\",\"datePublished\":\"2021-03-01T19:27:52+00:00\",\"mainEntityOfPage\":{\"@id\":\"https:\/\/psicologia.udd.cl\/doctorado\/es\/2021\/03\/01\/prensa-expertos-entregan-claves-para-lidiar-con-la-fatiga-pandemica\/\"},\"wordCount\":228,\"commentCount\":0,\"image\":{\"@id\":\"https:\/\/psicologia.udd.cl\/doctorado\/es\/2021\/03\/01\/prensa-expertos-entregan-claves-para-lidiar-con-la-fatiga-pandemica\/#primaryimage\"},\"thumbnailUrl\":\"https:\/\/psicologia.udd.cl\/doctorado\/files\/2021\/03\/whatsapp-image-2021-02-24-at-11-16-46.jpeg\",\"articleSection\":[\"Noticias\"],\"inLanguage\":\"es\",\"potentialAction\":[{\"@type\":\"CommentAction\",\"name\":\"Comment\",\"target\":[\"https:\/\/psicologia.udd.cl\/doctorado\/es\/2021\/03\/01\/prensa-expertos-entregan-claves-para-lidiar-con-la-fatiga-pandemica\/#respond\"]}]},{\"@type\":\"WebPage\",\"@id\":\"https:\/\/psicologia.udd.cl\/doctorado\/es\/2021\/03\/01\/prensa-expertos-entregan-claves-para-lidiar-con-la-fatiga-pandemica\/\",\"url\":\"https:\/\/psicologia.udd.cl\/doctorado\/es\/2021\/03\/01\/prensa-expertos-entregan-claves-para-lidiar-con-la-fatiga-pandemica\/\",\"name\":\"#Prensa- Expertos entregan claves para lidiar con la fatiga pand\u00e9mica - Doctorado en Ciencias del Desarrollo y Psicopatolog\u00eda\",\"isPartOf\":{\"@id\":\"https:\/\/psicologia.udd.cl\/doctorado\/#website\"},\"primaryImageOfPage\":{\"@id\":\"https:\/\/psicologia.udd.cl\/doctorado\/es\/2021\/03\/01\/prensa-expertos-entregan-claves-para-lidiar-con-la-fatiga-pandemica\/#primaryimage\"},\"image\":{\"@id\":\"https:\/\/psicologia.udd.cl\/doctorado\/es\/2021\/03\/01\/prensa-expertos-entregan-claves-para-lidiar-con-la-fatiga-pandemica\/#primaryimage\"},\"thumbnailUrl\":\"https:\/\/psicologia.udd.cl\/doctorado\/files\/2021\/03\/whatsapp-image-2021-02-24-at-11-16-46.jpeg\",\"datePublished\":\"2021-03-01T19:27:52+00:00\",\"author\":{\"@id\":\"\"},\"inLanguage\":\"es\",\"potentialAction\":[{\"@type\":\"ReadAction\",\"target\":[\"https:\/\/psicologia.udd.cl\/doctorado\/es\/2021\/03\/01\/prensa-expertos-entregan-claves-para-lidiar-con-la-fatiga-pandemica\/\"]}]},{\"@type\":\"ImageObject\",\"inLanguage\":\"es\",\"@id\":\"https:\/\/psicologia.udd.cl\/doctorado\/es\/2021\/03\/01\/prensa-expertos-entregan-claves-para-lidiar-con-la-fatiga-pandemica\/#primaryimage\",\"url\":\"https:\/\/psicologia.udd.cl\/doctorado\/files\/2021\/03\/whatsapp-image-2021-02-24-at-11-16-46.jpeg\",\"contentUrl\":\"https:\/\/psicologia.udd.cl\/doctorado\/files\/2021\/03\/whatsapp-image-2021-02-24-at-11-16-46.jpeg\",\"width\":1080,\"height\":1080},{\"@type\":\"WebSite\",\"@id\":\"https:\/\/psicologia.udd.cl\/doctorado\/#website\",\"url\":\"https:\/\/psicologia.udd.cl\/doctorado\/\",\"name\":\"Doctorado en Ciencias del Desarrollo y Psicopatolog\u00eda\",\"description\":\"\",\"inLanguage\":\"es\"}]}<\/script>\n<!-- \/ Yoast SEO plugin. -->","yoast_head_json":{"title":"#Prensa- Expertos entregan claves para lidiar con la fatiga pand\u00e9mica - Doctorado en Ciencias del Desarrollo y Psicopatolog\u00eda","robots":{"index":"index","follow":"follow","max-snippet":"max-snippet:-1","max-image-preview":"max-image-preview:large","max-video-preview":"max-video-preview:-1"},"canonical":"https:\/\/psicologia.udd.cl\/doctorado\/es\/2021\/03\/01\/prensa-expertos-entregan-claves-para-lidiar-con-la-fatiga-pandemica\/","og_locale":"es_ES","og_type":"article","og_title":"#Prensa- Expertos entregan claves para lidiar con la fatiga pand\u00e9mica - Doctorado en Ciencias del Desarrollo y Psicopatolog\u00eda","og_description":"A casi un a\u00f1o de que se conociera en Chile el primer caso de covid-19, no resulta inusual que cada d\u00eda m\u00e1s personas se sientan extremadamente agotadas de la vida en pandemia, e incluso reacias a continuar respetando las normas preventivas de contagio. Se trata \u2014como lo defini\u00f3 la Organizaci\u00f3n Mundial de la Salud (OMS)\u2014 [&hellip;]","og_url":"https:\/\/psicologia.udd.cl\/doctorado\/es\/2021\/03\/01\/prensa-expertos-entregan-claves-para-lidiar-con-la-fatiga-pandemica\/","og_site_name":"Doctorado en Ciencias del Desarrollo y Psicopatolog\u00eda","article_published_time":"2021-03-01T19:27:52+00:00","og_image":[{"width":1080,"height":1080,"url":"https:\/\/psicologia.udd.cl\/doctorado\/files\/2021\/03\/whatsapp-image-2021-02-24-at-11-16-46.jpeg","type":"image\/jpeg"}],"twitter_card":"summary_large_image","twitter_misc":{"Tiempo de lectura":"1 minuto"},"schema":{"@context":"https:\/\/schema.org","@graph":[{"@type":"Article","@id":"https:\/\/psicologia.udd.cl\/doctorado\/es\/2021\/03\/01\/prensa-expertos-entregan-claves-para-lidiar-con-la-fatiga-pandemica\/#article","isPartOf":{"@id":"https:\/\/psicologia.udd.cl\/doctorado\/es\/2021\/03\/01\/prensa-expertos-entregan-claves-para-lidiar-con-la-fatiga-pandemica\/"},"author":{"name":"","@id":""},"headline":"#Prensa- Expertos entregan claves para lidiar con la fatiga pand\u00e9mica","datePublished":"2021-03-01T19:27:52+00:00","mainEntityOfPage":{"@id":"https:\/\/psicologia.udd.cl\/doctorado\/es\/2021\/03\/01\/prensa-expertos-entregan-claves-para-lidiar-con-la-fatiga-pandemica\/"},"wordCount":228,"commentCount":0,"image":{"@id":"https:\/\/psicologia.udd.cl\/doctorado\/es\/2021\/03\/01\/prensa-expertos-entregan-claves-para-lidiar-con-la-fatiga-pandemica\/#primaryimage"},"thumbnailUrl":"https:\/\/psicologia.udd.cl\/doctorado\/files\/2021\/03\/whatsapp-image-2021-02-24-at-11-16-46.jpeg","articleSection":["Noticias"],"inLanguage":"es","potentialAction":[{"@type":"CommentAction","name":"Comment","target":["https:\/\/psicologia.udd.cl\/doctorado\/es\/2021\/03\/01\/prensa-expertos-entregan-claves-para-lidiar-con-la-fatiga-pandemica\/#respond"]}]},{"@type":"WebPage","@id":"https:\/\/psicologia.udd.cl\/doctorado\/es\/2021\/03\/01\/prensa-expertos-entregan-claves-para-lidiar-con-la-fatiga-pandemica\/","url":"https:\/\/psicologia.udd.cl\/doctorado\/es\/2021\/03\/01\/prensa-expertos-entregan-claves-para-lidiar-con-la-fatiga-pandemica\/","name":"#Prensa- Expertos entregan claves para lidiar con la fatiga pand\u00e9mica - Doctorado en Ciencias del Desarrollo y Psicopatolog\u00eda","isPartOf":{"@id":"https:\/\/psicologia.udd.cl\/doctorado\/#website"},"primaryImageOfPage":{"@id":"https:\/\/psicologia.udd.cl\/doctorado\/es\/2021\/03\/01\/prensa-expertos-entregan-claves-para-lidiar-con-la-fatiga-pandemica\/#primaryimage"},"image":{"@id":"https:\/\/psicologia.udd.cl\/doctorado\/es\/2021\/03\/01\/prensa-expertos-entregan-claves-para-lidiar-con-la-fatiga-pandemica\/#primaryimage"},"thumbnailUrl":"https:\/\/psicologia.udd.cl\/doctorado\/files\/2021\/03\/whatsapp-image-2021-02-24-at-11-16-46.jpeg","datePublished":"2021-03-01T19:27:52+00:00","author":{"@id":""},"inLanguage":"es","potentialAction":[{"@type":"ReadAction","target":["https:\/\/psicologia.udd.cl\/doctorado\/es\/2021\/03\/01\/prensa-expertos-entregan-claves-para-lidiar-con-la-fatiga-pandemica\/"]}]},{"@type":"ImageObject","inLanguage":"es","@id":"https:\/\/psicologia.udd.cl\/doctorado\/es\/2021\/03\/01\/prensa-expertos-entregan-claves-para-lidiar-con-la-fatiga-pandemica\/#primaryimage","url":"https:\/\/psicologia.udd.cl\/doctorado\/files\/2021\/03\/whatsapp-image-2021-02-24-at-11-16-46.jpeg","contentUrl":"https:\/\/psicologia.udd.cl\/doctorado\/files\/2021\/03\/whatsapp-image-2021-02-24-at-11-16-46.jpeg","width":1080,"height":1080},{"@type":"WebSite","@id":"https:\/\/psicologia.udd.cl\/doctorado\/#website","url":"https:\/\/psicologia.udd.cl\/doctorado\/","name":"Doctorado en Ciencias del Desarrollo y Psicopatolog\u00eda","description":"","inLanguage":"es"}]}},"featured_image_url":"https:\/\/psicologia.udd.cl\/doctorado\/files\/2021\/03\/whatsapp-image-2021-02-24-at-11-16-46.jpeg","_links":{"self":[{"href":"https:\/\/psicologia.udd.cl\/doctorado\/wp-json\/wp\/v2\/posts\/1454","targetHints":{"allow":["GET"]}}],"collection":[{"href":"https:\/\/psicologia.udd.cl\/doctorado\/wp-json\/wp\/v2\/posts"}],"about":[{"href":"https:\/\/psicologia.udd.cl\/doctorado\/wp-json\/wp\/v2\/types\/post"}],"replies":[{"embeddable":true,"href":"https:\/\/psicologia.udd.cl\/doctorado\/wp-json\/wp\/v2\/comments?post=1454"}],"version-history":[{"count":0,"href":"https:\/\/psicologia.udd.cl\/doctorado\/wp-json\/wp\/v2\/posts\/1454\/revisions"}],"wp:featuredmedia":[{"embeddable":true,"href":"https:\/\/psicologia.udd.cl\/doctorado\/wp-json\/wp\/v2\/media\/1455"}],"wp:attachment":[{"href":"https:\/\/psicologia.udd.cl\/doctorado\/wp-json\/wp\/v2\/media?parent=1454"}],"wp:term":[{"taxonomy":"category","embeddable":true,"href":"https:\/\/psicologia.udd.cl\/doctorado\/wp-json\/wp\/v2\/categories?post=1454"},{"taxonomy":"post_tag","embeddable":true,"href":"https:\/\/psicologia.udd.cl\/doctorado\/wp-json\/wp\/v2\/tags?post=1454"}],"curies":[{"name":"wp","href":"https:\/\/api.w.org\/{rel}","templated":true}]}}