{"id":1444,"date":"2021-01-25T13:35:00","date_gmt":"2021-01-25T13:35:00","guid":{"rendered":"http:\/\/psicologia.udd.cl\/doctorado\/?p=1444"},"modified":"2021-01-25T13:35:00","modified_gmt":"2021-01-25T13:35:00","slug":"prensa-entrevista-jaime-silva-investigador-de-la-facultad-de-psicologia-sobre-miedo-e-incertidumbre-respecto-al-covid-19","status":"publish","type":"post","link":"https:\/\/psicologia.udd.cl\/doctorado\/es\/2021\/01\/25\/prensa-entrevista-jaime-silva-investigador-de-la-facultad-de-psicologia-sobre-miedo-e-incertidumbre-respecto-al-covid-19\/","title":{"rendered":"#Prensa- Entrevista Jaime Silva, investigador de la Facultad de Psicolog\u00eda, sobre miedo e incertidumbre respecto al covid-19"},"content":{"rendered":"\n<p>En diversos pa\u00edses de Sudam\u00e9rica se ha comenzado a desarrollar un fen\u00f3meno denominado \u00abturismo vacunatorio\u00bb el cual consiste b\u00e1sicamente en viajar a Estados Unidos para adquirir la vacuna contra el covid-19.&nbsp;Ante esto, el periodista Pedro Carcuro consulta al especialista Jaime Silva, Investigador del Centro de Apego y Regulaci\u00f3n Emocional (CARE).<\/p>\n\n\n\n<p class=\"has-text-align-center\"><a href=\"https:\/\/map.conectamedia.cl\/index.php\/clippingNews\/view?id=17060444&amp;email=189056&amp;fromemail=1\">&nbsp;Escucha entrevista ac\u00e1<\/a><\/p>\n","protected":false},"excerpt":{"rendered":"<p>En diversos pa\u00edses de Sudam\u00e9rica se ha comenzado a desarrollar un fen\u00f3meno denominado \u00abturismo vacunatorio\u00bb el cual consiste b\u00e1sicamente en viajar a Estados Unidos para adquirir la vacuna contra el covid-19.&nbsp;Ante esto, el periodista Pedro Carcuro consulta al especialista Jaime Silva, Investigador del Centro de Apego y Regulaci\u00f3n Emocional (CARE). &nbsp;Escucha entrevista ac\u00e1<\/p>\n","protected":false},"author":0,"featured_media":1445,"comment_status":"open","ping_status":"open","sticky":false,"template":"","format":"standard","meta":{"footnotes":""},"categories":[69],"tags":[],"class_list":["post-1444","post","type-post","status-publish","format-standard","has-post-thumbnail","hentry","category-noticias"],"yoast_head":"<!-- This site is optimized with the Yoast SEO plugin v26.9 - https:\/\/yoast.com\/product\/yoast-seo-wordpress\/ -->\n<title>#Prensa- Entrevista Jaime Silva, investigador de la Facultad de Psicolog\u00eda, sobre miedo e incertidumbre respecto al covid-19 - Doctorado en Ciencias del Desarrollo y Psicopatolog\u00eda<\/title>\n<meta name=\"robots\" content=\"index, follow, max-snippet:-1, max-image-preview:large, max-video-preview:-1\" \/>\n<link rel=\"canonical\" href=\"https:\/\/psicologia.udd.cl\/doctorado\/es\/2021\/01\/25\/prensa-entrevista-jaime-silva-investigador-de-la-facultad-de-psicologia-sobre-miedo-e-incertidumbre-respecto-al-covid-19\/\" \/>\n<meta property=\"og:locale\" content=\"es_ES\" \/>\n<meta property=\"og:type\" content=\"article\" \/>\n<meta property=\"og:title\" content=\"#Prensa- Entrevista Jaime Silva, investigador de la Facultad de Psicolog\u00eda, sobre miedo e incertidumbre respecto al covid-19 - Doctorado en Ciencias del Desarrollo y Psicopatolog\u00eda\" \/>\n<meta property=\"og:description\" content=\"En diversos pa\u00edses de Sudam\u00e9rica se ha comenzado a desarrollar un fen\u00f3meno denominado \u00abturismo vacunatorio\u00bb el cual consiste b\u00e1sicamente en viajar a Estados Unidos para adquirir la vacuna contra el covid-19.&nbsp;Ante esto, el periodista Pedro Carcuro consulta al especialista Jaime Silva, Investigador del Centro de Apego y Regulaci\u00f3n Emocional (CARE). &nbsp;Escucha entrevista ac\u00e1\" \/>\n<meta property=\"og:url\" content=\"https:\/\/psicologia.udd.cl\/doctorado\/es\/2021\/01\/25\/prensa-entrevista-jaime-silva-investigador-de-la-facultad-de-psicologia-sobre-miedo-e-incertidumbre-respecto-al-covid-19\/\" \/>\n<meta property=\"og:site_name\" content=\"Doctorado en Ciencias del Desarrollo y Psicopatolog\u00eda\" \/>\n<meta property=\"article:published_time\" content=\"2021-01-25T13:35:00+00:00\" \/>\n<meta property=\"og:image\" content=\"https:\/\/psicologia.udd.cl\/doctorado\/files\/2021\/01\/diseno-sin-titulo-2-1.png\" \/>\n\t<meta property=\"og:image:width\" content=\"1024\" \/>\n\t<meta property=\"og:image:height\" content=\"768\" \/>\n\t<meta property=\"og:image:type\" content=\"image\/png\" \/>\n<meta name=\"twitter:card\" content=\"summary_large_image\" \/>\n<script type=\"application\/ld+json\" class=\"yoast-schema-graph\">{\"@context\":\"https:\/\/schema.org\",\"@graph\":[{\"@type\":\"Article\",\"@id\":\"https:\/\/psicologia.udd.cl\/doctorado\/es\/2021\/01\/25\/prensa-entrevista-jaime-silva-investigador-de-la-facultad-de-psicologia-sobre-miedo-e-incertidumbre-respecto-al-covid-19\/#article\",\"isPartOf\":{\"@id\":\"https:\/\/psicologia.udd.cl\/doctorado\/es\/2021\/01\/25\/prensa-entrevista-jaime-silva-investigador-de-la-facultad-de-psicologia-sobre-miedo-e-incertidumbre-respecto-al-covid-19\/\"},\"author\":{\"name\":\"\",\"@id\":\"\"},\"headline\":\"#Prensa- Entrevista Jaime Silva, investigador de la Facultad de Psicolog\u00eda, sobre miedo e incertidumbre respecto al covid-19\",\"datePublished\":\"2021-01-25T13:35:00+00:00\",\"mainEntityOfPage\":{\"@id\":\"https:\/\/psicologia.udd.cl\/doctorado\/es\/2021\/01\/25\/prensa-entrevista-jaime-silva-investigador-de-la-facultad-de-psicologia-sobre-miedo-e-incertidumbre-respecto-al-covid-19\/\"},\"wordCount\":79,\"commentCount\":0,\"image\":{\"@id\":\"https:\/\/psicologia.udd.cl\/doctorado\/es\/2021\/01\/25\/prensa-entrevista-jaime-silva-investigador-de-la-facultad-de-psicologia-sobre-miedo-e-incertidumbre-respecto-al-covid-19\/#primaryimage\"},\"thumbnailUrl\":\"https:\/\/psicologia.udd.cl\/doctorado\/files\/2021\/01\/diseno-sin-titulo-2-1.png\",\"articleSection\":[\"Noticias\"],\"inLanguage\":\"es\",\"potentialAction\":[{\"@type\":\"CommentAction\",\"name\":\"Comment\",\"target\":[\"https:\/\/psicologia.udd.cl\/doctorado\/es\/2021\/01\/25\/prensa-entrevista-jaime-silva-investigador-de-la-facultad-de-psicologia-sobre-miedo-e-incertidumbre-respecto-al-covid-19\/#respond\"]}]},{\"@type\":\"WebPage\",\"@id\":\"https:\/\/psicologia.udd.cl\/doctorado\/es\/2021\/01\/25\/prensa-entrevista-jaime-silva-investigador-de-la-facultad-de-psicologia-sobre-miedo-e-incertidumbre-respecto-al-covid-19\/\",\"url\":\"https:\/\/psicologia.udd.cl\/doctorado\/es\/2021\/01\/25\/prensa-entrevista-jaime-silva-investigador-de-la-facultad-de-psicologia-sobre-miedo-e-incertidumbre-respecto-al-covid-19\/\",\"name\":\"#Prensa- Entrevista Jaime Silva, investigador de la Facultad de Psicolog\u00eda, sobre miedo e incertidumbre respecto al covid-19 - Doctorado en Ciencias del Desarrollo y Psicopatolog\u00eda\",\"isPartOf\":{\"@id\":\"https:\/\/psicologia.udd.cl\/doctorado\/#website\"},\"primaryImageOfPage\":{\"@id\":\"https:\/\/psicologia.udd.cl\/doctorado\/es\/2021\/01\/25\/prensa-entrevista-jaime-silva-investigador-de-la-facultad-de-psicologia-sobre-miedo-e-incertidumbre-respecto-al-covid-19\/#primaryimage\"},\"image\":{\"@id\":\"https:\/\/psicologia.udd.cl\/doctorado\/es\/2021\/01\/25\/prensa-entrevista-jaime-silva-investigador-de-la-facultad-de-psicologia-sobre-miedo-e-incertidumbre-respecto-al-covid-19\/#primaryimage\"},\"thumbnailUrl\":\"https:\/\/psicologia.udd.cl\/doctorado\/files\/2021\/01\/diseno-sin-titulo-2-1.png\",\"datePublished\":\"2021-01-25T13:35:00+00:00\",\"author\":{\"@id\":\"\"},\"inLanguage\":\"es\",\"potentialAction\":[{\"@type\":\"ReadAction\",\"target\":[\"https:\/\/psicologia.udd.cl\/doctorado\/es\/2021\/01\/25\/prensa-entrevista-jaime-silva-investigador-de-la-facultad-de-psicologia-sobre-miedo-e-incertidumbre-respecto-al-covid-19\/\"]}]},{\"@type\":\"ImageObject\",\"inLanguage\":\"es\",\"@id\":\"https:\/\/psicologia.udd.cl\/doctorado\/es\/2021\/01\/25\/prensa-entrevista-jaime-silva-investigador-de-la-facultad-de-psicologia-sobre-miedo-e-incertidumbre-respecto-al-covid-19\/#primaryimage\",\"url\":\"https:\/\/psicologia.udd.cl\/doctorado\/files\/2021\/01\/diseno-sin-titulo-2-1.png\",\"contentUrl\":\"https:\/\/psicologia.udd.cl\/doctorado\/files\/2021\/01\/diseno-sin-titulo-2-1.png\",\"width\":1024,\"height\":768},{\"@type\":\"WebSite\",\"@id\":\"https:\/\/psicologia.udd.cl\/doctorado\/#website\",\"url\":\"https:\/\/psicologia.udd.cl\/doctorado\/\",\"name\":\"Doctorado en Ciencias del Desarrollo y Psicopatolog\u00eda\",\"description\":\"\",\"inLanguage\":\"es\"}]}<\/script>\n<!-- \/ Yoast SEO plugin. -->","yoast_head_json":{"title":"#Prensa- Entrevista Jaime Silva, investigador de la Facultad de Psicolog\u00eda, sobre miedo e incertidumbre respecto al covid-19 - Doctorado en Ciencias del Desarrollo y Psicopatolog\u00eda","robots":{"index":"index","follow":"follow","max-snippet":"max-snippet:-1","max-image-preview":"max-image-preview:large","max-video-preview":"max-video-preview:-1"},"canonical":"https:\/\/psicologia.udd.cl\/doctorado\/es\/2021\/01\/25\/prensa-entrevista-jaime-silva-investigador-de-la-facultad-de-psicologia-sobre-miedo-e-incertidumbre-respecto-al-covid-19\/","og_locale":"es_ES","og_type":"article","og_title":"#Prensa- Entrevista Jaime Silva, investigador de la Facultad de Psicolog\u00eda, sobre miedo e incertidumbre respecto al covid-19 - Doctorado en Ciencias del Desarrollo y Psicopatolog\u00eda","og_description":"En diversos pa\u00edses de Sudam\u00e9rica se ha comenzado a desarrollar un fen\u00f3meno denominado \u00abturismo vacunatorio\u00bb el cual consiste b\u00e1sicamente en viajar a Estados Unidos para adquirir la vacuna contra el covid-19.&nbsp;Ante esto, el periodista Pedro Carcuro consulta al especialista Jaime Silva, Investigador del Centro de Apego y Regulaci\u00f3n Emocional (CARE). &nbsp;Escucha entrevista ac\u00e1","og_url":"https:\/\/psicologia.udd.cl\/doctorado\/es\/2021\/01\/25\/prensa-entrevista-jaime-silva-investigador-de-la-facultad-de-psicologia-sobre-miedo-e-incertidumbre-respecto-al-covid-19\/","og_site_name":"Doctorado en Ciencias del Desarrollo y Psicopatolog\u00eda","article_published_time":"2021-01-25T13:35:00+00:00","og_image":[{"width":1024,"height":768,"url":"https:\/\/psicologia.udd.cl\/doctorado\/files\/2021\/01\/diseno-sin-titulo-2-1.png","type":"image\/png"}],"twitter_card":"summary_large_image","schema":{"@context":"https:\/\/schema.org","@graph":[{"@type":"Article","@id":"https:\/\/psicologia.udd.cl\/doctorado\/es\/2021\/01\/25\/prensa-entrevista-jaime-silva-investigador-de-la-facultad-de-psicologia-sobre-miedo-e-incertidumbre-respecto-al-covid-19\/#article","isPartOf":{"@id":"https:\/\/psicologia.udd.cl\/doctorado\/es\/2021\/01\/25\/prensa-entrevista-jaime-silva-investigador-de-la-facultad-de-psicologia-sobre-miedo-e-incertidumbre-respecto-al-covid-19\/"},"author":{"name":"","@id":""},"headline":"#Prensa- Entrevista Jaime Silva, investigador de la Facultad de Psicolog\u00eda, sobre miedo e incertidumbre respecto al covid-19","datePublished":"2021-01-25T13:35:00+00:00","mainEntityOfPage":{"@id":"https:\/\/psicologia.udd.cl\/doctorado\/es\/2021\/01\/25\/prensa-entrevista-jaime-silva-investigador-de-la-facultad-de-psicologia-sobre-miedo-e-incertidumbre-respecto-al-covid-19\/"},"wordCount":79,"commentCount":0,"image":{"@id":"https:\/\/psicologia.udd.cl\/doctorado\/es\/2021\/01\/25\/prensa-entrevista-jaime-silva-investigador-de-la-facultad-de-psicologia-sobre-miedo-e-incertidumbre-respecto-al-covid-19\/#primaryimage"},"thumbnailUrl":"https:\/\/psicologia.udd.cl\/doctorado\/files\/2021\/01\/diseno-sin-titulo-2-1.png","articleSection":["Noticias"],"inLanguage":"es","potentialAction":[{"@type":"CommentAction","name":"Comment","target":["https:\/\/psicologia.udd.cl\/doctorado\/es\/2021\/01\/25\/prensa-entrevista-jaime-silva-investigador-de-la-facultad-de-psicologia-sobre-miedo-e-incertidumbre-respecto-al-covid-19\/#respond"]}]},{"@type":"WebPage","@id":"https:\/\/psicologia.udd.cl\/doctorado\/es\/2021\/01\/25\/prensa-entrevista-jaime-silva-investigador-de-la-facultad-de-psicologia-sobre-miedo-e-incertidumbre-respecto-al-covid-19\/","url":"https:\/\/psicologia.udd.cl\/doctorado\/es\/2021\/01\/25\/prensa-entrevista-jaime-silva-investigador-de-la-facultad-de-psicologia-sobre-miedo-e-incertidumbre-respecto-al-covid-19\/","name":"#Prensa- Entrevista Jaime Silva, investigador de la Facultad de Psicolog\u00eda, sobre miedo e incertidumbre respecto al covid-19 - Doctorado en Ciencias del Desarrollo y Psicopatolog\u00eda","isPartOf":{"@id":"https:\/\/psicologia.udd.cl\/doctorado\/#website"},"primaryImageOfPage":{"@id":"https:\/\/psicologia.udd.cl\/doctorado\/es\/2021\/01\/25\/prensa-entrevista-jaime-silva-investigador-de-la-facultad-de-psicologia-sobre-miedo-e-incertidumbre-respecto-al-covid-19\/#primaryimage"},"image":{"@id":"https:\/\/psicologia.udd.cl\/doctorado\/es\/2021\/01\/25\/prensa-entrevista-jaime-silva-investigador-de-la-facultad-de-psicologia-sobre-miedo-e-incertidumbre-respecto-al-covid-19\/#primaryimage"},"thumbnailUrl":"https:\/\/psicologia.udd.cl\/doctorado\/files\/2021\/01\/diseno-sin-titulo-2-1.png","datePublished":"2021-01-25T13:35:00+00:00","author":{"@id":""},"inLanguage":"es","potentialAction":[{"@type":"ReadAction","target":["https:\/\/psicologia.udd.cl\/doctorado\/es\/2021\/01\/25\/prensa-entrevista-jaime-silva-investigador-de-la-facultad-de-psicologia-sobre-miedo-e-incertidumbre-respecto-al-covid-19\/"]}]},{"@type":"ImageObject","inLanguage":"es","@id":"https:\/\/psicologia.udd.cl\/doctorado\/es\/2021\/01\/25\/prensa-entrevista-jaime-silva-investigador-de-la-facultad-de-psicologia-sobre-miedo-e-incertidumbre-respecto-al-covid-19\/#primaryimage","url":"https:\/\/psicologia.udd.cl\/doctorado\/files\/2021\/01\/diseno-sin-titulo-2-1.png","contentUrl":"https:\/\/psicologia.udd.cl\/doctorado\/files\/2021\/01\/diseno-sin-titulo-2-1.png","width":1024,"height":768},{"@type":"WebSite","@id":"https:\/\/psicologia.udd.cl\/doctorado\/#website","url":"https:\/\/psicologia.udd.cl\/doctorado\/","name":"Doctorado en Ciencias del Desarrollo y Psicopatolog\u00eda","description":"","inLanguage":"es"}]}},"featured_image_url":"https:\/\/psicologia.udd.cl\/doctorado\/files\/2021\/01\/diseno-sin-titulo-2-1.png","_links":{"self":[{"href":"https:\/\/psicologia.udd.cl\/doctorado\/wp-json\/wp\/v2\/posts\/1444","targetHints":{"allow":["GET"]}}],"collection":[{"href":"https:\/\/psicologia.udd.cl\/doctorado\/wp-json\/wp\/v2\/posts"}],"about":[{"href":"https:\/\/psicologia.udd.cl\/doctorado\/wp-json\/wp\/v2\/types\/post"}],"replies":[{"embeddable":true,"href":"https:\/\/psicologia.udd.cl\/doctorado\/wp-json\/wp\/v2\/comments?post=1444"}],"version-history":[{"count":0,"href":"https:\/\/psicologia.udd.cl\/doctorado\/wp-json\/wp\/v2\/posts\/1444\/revisions"}],"wp:featuredmedia":[{"embeddable":true,"href":"https:\/\/psicologia.udd.cl\/doctorado\/wp-json\/wp\/v2\/media\/1445"}],"wp:attachment":[{"href":"https:\/\/psicologia.udd.cl\/doctorado\/wp-json\/wp\/v2\/media?parent=1444"}],"wp:term":[{"taxonomy":"category","embeddable":true,"href":"https:\/\/psicologia.udd.cl\/doctorado\/wp-json\/wp\/v2\/categories?post=1444"},{"taxonomy":"post_tag","embeddable":true,"href":"https:\/\/psicologia.udd.cl\/doctorado\/wp-json\/wp\/v2\/tags?post=1444"}],"curies":[{"name":"wp","href":"https:\/\/api.w.org\/{rel}","templated":true}]}}