{"id":1440,"date":"2021-01-21T14:45:40","date_gmt":"2021-01-21T14:45:40","guid":{"rendered":"http:\/\/psicologia.udd.cl\/doctorado\/?p=1440"},"modified":"2021-01-21T14:45:40","modified_gmt":"2021-01-21T14:45:40","slug":"prensa-jaime-silva-investigador-de-la-facultad-de-psicologia-es-entrevistado-por-radio-san-cristobal","status":"publish","type":"post","link":"https:\/\/psicologia.udd.cl\/doctorado\/es\/2021\/01\/21\/prensa-jaime-silva-investigador-de-la-facultad-de-psicologia-es-entrevistado-por-radio-san-cristobal\/","title":{"rendered":"#Prensa \u2013 Jaime Silva, investigador de la Facultad de Psicolog\u00eda, es entrevistado por radio San Crist\u00f3bal"},"content":{"rendered":"\n<p>La salud mental es uno de los temas que se ha puesto en el tapete, a ra\u00edz de las medidas de cuarentena anunciadas por las autoridades. Los encierros han provocado estr\u00e9s en personas, adem\u00e1s del miedo a los contagios. Ante este escenario, radio San Crist\u00f3bal invita a participar de una entrevista al Dr. Jaime Silva, quien fue consultado respecto a problemas de salud mental en tiempos de pandemia.<\/p>\n\n\n\n<p class=\"has-text-align-center\"><a href=\"https:\/\/map.conectamedia.cl\/index.php\/clippingNews\/view?id=17086594&amp;email=189056&amp;fromemail=1\">&nbsp;Escucha la entrevista ac\u00e1<\/a><\/p>\n","protected":false},"excerpt":{"rendered":"<p>La salud mental es uno de los temas que se ha puesto en el tapete, a ra\u00edz de las medidas de cuarentena anunciadas por las autoridades. Los encierros han provocado estr\u00e9s en personas, adem\u00e1s del miedo a los contagios. Ante este escenario, radio San Crist\u00f3bal invita a participar de una entrevista al Dr. Jaime Silva, [&hellip;]<\/p>\n","protected":false},"author":0,"featured_media":1441,"comment_status":"open","ping_status":"open","sticky":false,"template":"","format":"standard","meta":{"footnotes":""},"categories":[69],"tags":[],"class_list":["post-1440","post","type-post","status-publish","format-standard","has-post-thumbnail","hentry","category-noticias"],"yoast_head":"<!-- This site is optimized with the Yoast SEO plugin v26.9 - https:\/\/yoast.com\/product\/yoast-seo-wordpress\/ -->\n<title>#Prensa \u2013 Jaime Silva, investigador de la Facultad de Psicolog\u00eda, es entrevistado por radio San Crist\u00f3bal - Doctorado en Ciencias del Desarrollo y Psicopatolog\u00eda<\/title>\n<meta name=\"robots\" content=\"index, follow, max-snippet:-1, max-image-preview:large, max-video-preview:-1\" \/>\n<link rel=\"canonical\" href=\"https:\/\/psicologia.udd.cl\/doctorado\/es\/2021\/01\/21\/prensa-jaime-silva-investigador-de-la-facultad-de-psicologia-es-entrevistado-por-radio-san-cristobal\/\" \/>\n<meta property=\"og:locale\" content=\"es_ES\" \/>\n<meta property=\"og:type\" content=\"article\" \/>\n<meta property=\"og:title\" content=\"#Prensa \u2013 Jaime Silva, investigador de la Facultad de Psicolog\u00eda, es entrevistado por radio San Crist\u00f3bal - Doctorado en Ciencias del Desarrollo y Psicopatolog\u00eda\" \/>\n<meta property=\"og:description\" content=\"La salud mental es uno de los temas que se ha puesto en el tapete, a ra\u00edz de las medidas de cuarentena anunciadas por las autoridades. Los encierros han provocado estr\u00e9s en personas, adem\u00e1s del miedo a los contagios. Ante este escenario, radio San Crist\u00f3bal invita a participar de una entrevista al Dr. Jaime Silva, [&hellip;]\" \/>\n<meta property=\"og:url\" content=\"https:\/\/psicologia.udd.cl\/doctorado\/es\/2021\/01\/21\/prensa-jaime-silva-investigador-de-la-facultad-de-psicologia-es-entrevistado-por-radio-san-cristobal\/\" \/>\n<meta property=\"og:site_name\" content=\"Doctorado en Ciencias del Desarrollo y Psicopatolog\u00eda\" \/>\n<meta property=\"article:published_time\" content=\"2021-01-21T14:45:40+00:00\" \/>\n<meta property=\"og:image\" content=\"https:\/\/psicologia.udd.cl\/doctorado\/files\/2021\/01\/jaime-silva-oficial.png\" \/>\n\t<meta property=\"og:image:width\" content=\"1024\" \/>\n\t<meta property=\"og:image:height\" content=\"768\" \/>\n\t<meta property=\"og:image:type\" content=\"image\/png\" \/>\n<meta name=\"twitter:card\" content=\"summary_large_image\" \/>\n<script type=\"application\/ld+json\" class=\"yoast-schema-graph\">{\"@context\":\"https:\/\/schema.org\",\"@graph\":[{\"@type\":\"Article\",\"@id\":\"https:\/\/psicologia.udd.cl\/doctorado\/es\/2021\/01\/21\/prensa-jaime-silva-investigador-de-la-facultad-de-psicologia-es-entrevistado-por-radio-san-cristobal\/#article\",\"isPartOf\":{\"@id\":\"https:\/\/psicologia.udd.cl\/doctorado\/es\/2021\/01\/21\/prensa-jaime-silva-investigador-de-la-facultad-de-psicologia-es-entrevistado-por-radio-san-cristobal\/\"},\"author\":{\"name\":\"\",\"@id\":\"\"},\"headline\":\"#Prensa \u2013 Jaime Silva, investigador de la Facultad de Psicolog\u00eda, es entrevistado por radio San Crist\u00f3bal\",\"datePublished\":\"2021-01-21T14:45:40+00:00\",\"mainEntityOfPage\":{\"@id\":\"https:\/\/psicologia.udd.cl\/doctorado\/es\/2021\/01\/21\/prensa-jaime-silva-investigador-de-la-facultad-de-psicologia-es-entrevistado-por-radio-san-cristobal\/\"},\"wordCount\":94,\"commentCount\":0,\"image\":{\"@id\":\"https:\/\/psicologia.udd.cl\/doctorado\/es\/2021\/01\/21\/prensa-jaime-silva-investigador-de-la-facultad-de-psicologia-es-entrevistado-por-radio-san-cristobal\/#primaryimage\"},\"thumbnailUrl\":\"https:\/\/psicologia.udd.cl\/doctorado\/files\/2021\/01\/jaime-silva-oficial.png\",\"articleSection\":[\"Noticias\"],\"inLanguage\":\"es\",\"potentialAction\":[{\"@type\":\"CommentAction\",\"name\":\"Comment\",\"target\":[\"https:\/\/psicologia.udd.cl\/doctorado\/es\/2021\/01\/21\/prensa-jaime-silva-investigador-de-la-facultad-de-psicologia-es-entrevistado-por-radio-san-cristobal\/#respond\"]}]},{\"@type\":\"WebPage\",\"@id\":\"https:\/\/psicologia.udd.cl\/doctorado\/es\/2021\/01\/21\/prensa-jaime-silva-investigador-de-la-facultad-de-psicologia-es-entrevistado-por-radio-san-cristobal\/\",\"url\":\"https:\/\/psicologia.udd.cl\/doctorado\/es\/2021\/01\/21\/prensa-jaime-silva-investigador-de-la-facultad-de-psicologia-es-entrevistado-por-radio-san-cristobal\/\",\"name\":\"#Prensa \u2013 Jaime Silva, investigador de la Facultad de Psicolog\u00eda, es entrevistado por radio San Crist\u00f3bal - Doctorado en Ciencias del Desarrollo y Psicopatolog\u00eda\",\"isPartOf\":{\"@id\":\"https:\/\/psicologia.udd.cl\/doctorado\/#website\"},\"primaryImageOfPage\":{\"@id\":\"https:\/\/psicologia.udd.cl\/doctorado\/es\/2021\/01\/21\/prensa-jaime-silva-investigador-de-la-facultad-de-psicologia-es-entrevistado-por-radio-san-cristobal\/#primaryimage\"},\"image\":{\"@id\":\"https:\/\/psicologia.udd.cl\/doctorado\/es\/2021\/01\/21\/prensa-jaime-silva-investigador-de-la-facultad-de-psicologia-es-entrevistado-por-radio-san-cristobal\/#primaryimage\"},\"thumbnailUrl\":\"https:\/\/psicologia.udd.cl\/doctorado\/files\/2021\/01\/jaime-silva-oficial.png\",\"datePublished\":\"2021-01-21T14:45:40+00:00\",\"author\":{\"@id\":\"\"},\"inLanguage\":\"es\",\"potentialAction\":[{\"@type\":\"ReadAction\",\"target\":[\"https:\/\/psicologia.udd.cl\/doctorado\/es\/2021\/01\/21\/prensa-jaime-silva-investigador-de-la-facultad-de-psicologia-es-entrevistado-por-radio-san-cristobal\/\"]}]},{\"@type\":\"ImageObject\",\"inLanguage\":\"es\",\"@id\":\"https:\/\/psicologia.udd.cl\/doctorado\/es\/2021\/01\/21\/prensa-jaime-silva-investigador-de-la-facultad-de-psicologia-es-entrevistado-por-radio-san-cristobal\/#primaryimage\",\"url\":\"https:\/\/psicologia.udd.cl\/doctorado\/files\/2021\/01\/jaime-silva-oficial.png\",\"contentUrl\":\"https:\/\/psicologia.udd.cl\/doctorado\/files\/2021\/01\/jaime-silva-oficial.png\",\"width\":1024,\"height\":768},{\"@type\":\"WebSite\",\"@id\":\"https:\/\/psicologia.udd.cl\/doctorado\/#website\",\"url\":\"https:\/\/psicologia.udd.cl\/doctorado\/\",\"name\":\"Doctorado en Ciencias del Desarrollo y Psicopatolog\u00eda\",\"description\":\"\",\"inLanguage\":\"es\"}]}<\/script>\n<!-- \/ Yoast SEO plugin. -->","yoast_head_json":{"title":"#Prensa \u2013 Jaime Silva, investigador de la Facultad de Psicolog\u00eda, es entrevistado por radio San Crist\u00f3bal - Doctorado en Ciencias del Desarrollo y Psicopatolog\u00eda","robots":{"index":"index","follow":"follow","max-snippet":"max-snippet:-1","max-image-preview":"max-image-preview:large","max-video-preview":"max-video-preview:-1"},"canonical":"https:\/\/psicologia.udd.cl\/doctorado\/es\/2021\/01\/21\/prensa-jaime-silva-investigador-de-la-facultad-de-psicologia-es-entrevistado-por-radio-san-cristobal\/","og_locale":"es_ES","og_type":"article","og_title":"#Prensa \u2013 Jaime Silva, investigador de la Facultad de Psicolog\u00eda, es entrevistado por radio San Crist\u00f3bal - Doctorado en Ciencias del Desarrollo y Psicopatolog\u00eda","og_description":"La salud mental es uno de los temas que se ha puesto en el tapete, a ra\u00edz de las medidas de cuarentena anunciadas por las autoridades. Los encierros han provocado estr\u00e9s en personas, adem\u00e1s del miedo a los contagios. Ante este escenario, radio San Crist\u00f3bal invita a participar de una entrevista al Dr. Jaime Silva, [&hellip;]","og_url":"https:\/\/psicologia.udd.cl\/doctorado\/es\/2021\/01\/21\/prensa-jaime-silva-investigador-de-la-facultad-de-psicologia-es-entrevistado-por-radio-san-cristobal\/","og_site_name":"Doctorado en Ciencias del Desarrollo y Psicopatolog\u00eda","article_published_time":"2021-01-21T14:45:40+00:00","og_image":[{"width":1024,"height":768,"url":"https:\/\/psicologia.udd.cl\/doctorado\/files\/2021\/01\/jaime-silva-oficial.png","type":"image\/png"}],"twitter_card":"summary_large_image","schema":{"@context":"https:\/\/schema.org","@graph":[{"@type":"Article","@id":"https:\/\/psicologia.udd.cl\/doctorado\/es\/2021\/01\/21\/prensa-jaime-silva-investigador-de-la-facultad-de-psicologia-es-entrevistado-por-radio-san-cristobal\/#article","isPartOf":{"@id":"https:\/\/psicologia.udd.cl\/doctorado\/es\/2021\/01\/21\/prensa-jaime-silva-investigador-de-la-facultad-de-psicologia-es-entrevistado-por-radio-san-cristobal\/"},"author":{"name":"","@id":""},"headline":"#Prensa \u2013 Jaime Silva, investigador de la Facultad de Psicolog\u00eda, es entrevistado por radio San Crist\u00f3bal","datePublished":"2021-01-21T14:45:40+00:00","mainEntityOfPage":{"@id":"https:\/\/psicologia.udd.cl\/doctorado\/es\/2021\/01\/21\/prensa-jaime-silva-investigador-de-la-facultad-de-psicologia-es-entrevistado-por-radio-san-cristobal\/"},"wordCount":94,"commentCount":0,"image":{"@id":"https:\/\/psicologia.udd.cl\/doctorado\/es\/2021\/01\/21\/prensa-jaime-silva-investigador-de-la-facultad-de-psicologia-es-entrevistado-por-radio-san-cristobal\/#primaryimage"},"thumbnailUrl":"https:\/\/psicologia.udd.cl\/doctorado\/files\/2021\/01\/jaime-silva-oficial.png","articleSection":["Noticias"],"inLanguage":"es","potentialAction":[{"@type":"CommentAction","name":"Comment","target":["https:\/\/psicologia.udd.cl\/doctorado\/es\/2021\/01\/21\/prensa-jaime-silva-investigador-de-la-facultad-de-psicologia-es-entrevistado-por-radio-san-cristobal\/#respond"]}]},{"@type":"WebPage","@id":"https:\/\/psicologia.udd.cl\/doctorado\/es\/2021\/01\/21\/prensa-jaime-silva-investigador-de-la-facultad-de-psicologia-es-entrevistado-por-radio-san-cristobal\/","url":"https:\/\/psicologia.udd.cl\/doctorado\/es\/2021\/01\/21\/prensa-jaime-silva-investigador-de-la-facultad-de-psicologia-es-entrevistado-por-radio-san-cristobal\/","name":"#Prensa \u2013 Jaime Silva, investigador de la Facultad de Psicolog\u00eda, es entrevistado por radio San Crist\u00f3bal - Doctorado en Ciencias del Desarrollo y Psicopatolog\u00eda","isPartOf":{"@id":"https:\/\/psicologia.udd.cl\/doctorado\/#website"},"primaryImageOfPage":{"@id":"https:\/\/psicologia.udd.cl\/doctorado\/es\/2021\/01\/21\/prensa-jaime-silva-investigador-de-la-facultad-de-psicologia-es-entrevistado-por-radio-san-cristobal\/#primaryimage"},"image":{"@id":"https:\/\/psicologia.udd.cl\/doctorado\/es\/2021\/01\/21\/prensa-jaime-silva-investigador-de-la-facultad-de-psicologia-es-entrevistado-por-radio-san-cristobal\/#primaryimage"},"thumbnailUrl":"https:\/\/psicologia.udd.cl\/doctorado\/files\/2021\/01\/jaime-silva-oficial.png","datePublished":"2021-01-21T14:45:40+00:00","author":{"@id":""},"inLanguage":"es","potentialAction":[{"@type":"ReadAction","target":["https:\/\/psicologia.udd.cl\/doctorado\/es\/2021\/01\/21\/prensa-jaime-silva-investigador-de-la-facultad-de-psicologia-es-entrevistado-por-radio-san-cristobal\/"]}]},{"@type":"ImageObject","inLanguage":"es","@id":"https:\/\/psicologia.udd.cl\/doctorado\/es\/2021\/01\/21\/prensa-jaime-silva-investigador-de-la-facultad-de-psicologia-es-entrevistado-por-radio-san-cristobal\/#primaryimage","url":"https:\/\/psicologia.udd.cl\/doctorado\/files\/2021\/01\/jaime-silva-oficial.png","contentUrl":"https:\/\/psicologia.udd.cl\/doctorado\/files\/2021\/01\/jaime-silva-oficial.png","width":1024,"height":768},{"@type":"WebSite","@id":"https:\/\/psicologia.udd.cl\/doctorado\/#website","url":"https:\/\/psicologia.udd.cl\/doctorado\/","name":"Doctorado en Ciencias del Desarrollo y Psicopatolog\u00eda","description":"","inLanguage":"es"}]}},"featured_image_url":"https:\/\/psicologia.udd.cl\/doctorado\/files\/2021\/01\/jaime-silva-oficial.png","_links":{"self":[{"href":"https:\/\/psicologia.udd.cl\/doctorado\/wp-json\/wp\/v2\/posts\/1440","targetHints":{"allow":["GET"]}}],"collection":[{"href":"https:\/\/psicologia.udd.cl\/doctorado\/wp-json\/wp\/v2\/posts"}],"about":[{"href":"https:\/\/psicologia.udd.cl\/doctorado\/wp-json\/wp\/v2\/types\/post"}],"replies":[{"embeddable":true,"href":"https:\/\/psicologia.udd.cl\/doctorado\/wp-json\/wp\/v2\/comments?post=1440"}],"version-history":[{"count":0,"href":"https:\/\/psicologia.udd.cl\/doctorado\/wp-json\/wp\/v2\/posts\/1440\/revisions"}],"wp:featuredmedia":[{"embeddable":true,"href":"https:\/\/psicologia.udd.cl\/doctorado\/wp-json\/wp\/v2\/media\/1441"}],"wp:attachment":[{"href":"https:\/\/psicologia.udd.cl\/doctorado\/wp-json\/wp\/v2\/media?parent=1440"}],"wp:term":[{"taxonomy":"category","embeddable":true,"href":"https:\/\/psicologia.udd.cl\/doctorado\/wp-json\/wp\/v2\/categories?post=1440"},{"taxonomy":"post_tag","embeddable":true,"href":"https:\/\/psicologia.udd.cl\/doctorado\/wp-json\/wp\/v2\/tags?post=1440"}],"curies":[{"name":"wp","href":"https:\/\/api.w.org\/{rel}","templated":true}]}}