{"id":1433,"date":"2021-01-05T14:49:22","date_gmt":"2021-01-05T14:49:22","guid":{"rendered":"http:\/\/psicologia.udd.cl\/doctorado\/?p=1433"},"modified":"2021-01-05T14:49:22","modified_gmt":"2021-01-05T14:49:22","slug":"prensa-body-shaming-por-que-no-hay-que-opinar-sobre-el-cuerpo-de-los-demas","status":"publish","type":"post","link":"https:\/\/psicologia.udd.cl\/doctorado\/es\/2021\/01\/05\/prensa-body-shaming-por-que-no-hay-que-opinar-sobre-el-cuerpo-de-los-demas\/","title":{"rendered":"#Prensa \u2013 Body Shaming: Por qu\u00e9 no hay que opinar sobre el cuerpo de los dem\u00e1s"},"content":{"rendered":"\n<p>Cada cuerpo es un mundo y un comentario, por muy sencillo o ingenuo que parezca, puede impactar la autoestima y seguridad de los dem\u00e1s. Aqu\u00ed, algunas claves de por qu\u00e9 debemos dejar de poner la mirada en la apariencia f\u00edsica ajena.<\/p>\n\n\n\n<p>Jaime Silva, Director del Doctorado en Ciencias del Desarrollo y Psicopatolog\u00eda, ofrece su mirada respecto al body shaming, esto en La Tercera Online.<\/p>\n\n\n\n<p class=\"has-text-align-center\"><a href=\"https:\/\/psicologia.udd.cl\/files\/2020\/12\/Body-Shaming-Por-qu-no-hay-que-opinar-sobre-el-cuerpo-de-los-dems_.pdf\">&nbsp;Revisa la nota ac\u00e1<\/a><\/p>\n","protected":false},"excerpt":{"rendered":"<p>Cada cuerpo es un mundo y un comentario, por muy sencillo o ingenuo que parezca, puede impactar la autoestima y seguridad de los dem\u00e1s. Aqu\u00ed, algunas claves de por qu\u00e9 debemos dejar de poner la mirada en la apariencia f\u00edsica ajena. Jaime Silva, Director del Doctorado en Ciencias del Desarrollo y Psicopatolog\u00eda, ofrece su mirada [&hellip;]<\/p>\n","protected":false},"author":0,"featured_media":1434,"comment_status":"open","ping_status":"open","sticky":false,"template":"","format":"standard","meta":{"footnotes":""},"categories":[69],"tags":[],"class_list":["post-1433","post","type-post","status-publish","format-standard","has-post-thumbnail","hentry","category-noticias"],"yoast_head":"<!-- This site is optimized with the Yoast SEO plugin v26.9 - https:\/\/yoast.com\/product\/yoast-seo-wordpress\/ -->\n<title>#Prensa \u2013 Body Shaming: Por qu\u00e9 no hay que opinar sobre el cuerpo de los dem\u00e1s - Doctorado en Ciencias del Desarrollo y Psicopatolog\u00eda<\/title>\n<meta name=\"robots\" content=\"index, follow, max-snippet:-1, max-image-preview:large, max-video-preview:-1\" \/>\n<link rel=\"canonical\" href=\"https:\/\/psicologia.udd.cl\/doctorado\/es\/2021\/01\/05\/prensa-body-shaming-por-que-no-hay-que-opinar-sobre-el-cuerpo-de-los-demas\/\" \/>\n<meta property=\"og:locale\" content=\"es_ES\" \/>\n<meta property=\"og:type\" content=\"article\" \/>\n<meta property=\"og:title\" content=\"#Prensa \u2013 Body Shaming: Por qu\u00e9 no hay que opinar sobre el cuerpo de los dem\u00e1s - Doctorado en Ciencias del Desarrollo y Psicopatolog\u00eda\" \/>\n<meta property=\"og:description\" content=\"Cada cuerpo es un mundo y un comentario, por muy sencillo o ingenuo que parezca, puede impactar la autoestima y seguridad de los dem\u00e1s. Aqu\u00ed, algunas claves de por qu\u00e9 debemos dejar de poner la mirada en la apariencia f\u00edsica ajena. Jaime Silva, Director del Doctorado en Ciencias del Desarrollo y Psicopatolog\u00eda, ofrece su mirada [&hellip;]\" \/>\n<meta property=\"og:url\" content=\"https:\/\/psicologia.udd.cl\/doctorado\/es\/2021\/01\/05\/prensa-body-shaming-por-que-no-hay-que-opinar-sobre-el-cuerpo-de-los-demas\/\" \/>\n<meta property=\"og:site_name\" content=\"Doctorado en Ciencias del Desarrollo y Psicopatolog\u00eda\" \/>\n<meta property=\"article:published_time\" content=\"2021-01-05T14:49:22+00:00\" \/>\n<meta property=\"og:image\" content=\"https:\/\/psicologia.udd.cl\/doctorado\/files\/2021\/01\/image.png\" \/>\n\t<meta property=\"og:image:width\" content=\"1347\" \/>\n\t<meta property=\"og:image:height\" content=\"459\" \/>\n\t<meta property=\"og:image:type\" content=\"image\/png\" \/>\n<meta name=\"twitter:card\" content=\"summary_large_image\" \/>\n<script type=\"application\/ld+json\" class=\"yoast-schema-graph\">{\"@context\":\"https:\/\/schema.org\",\"@graph\":[{\"@type\":\"Article\",\"@id\":\"https:\/\/psicologia.udd.cl\/doctorado\/es\/2021\/01\/05\/prensa-body-shaming-por-que-no-hay-que-opinar-sobre-el-cuerpo-de-los-demas\/#article\",\"isPartOf\":{\"@id\":\"https:\/\/psicologia.udd.cl\/doctorado\/es\/2021\/01\/05\/prensa-body-shaming-por-que-no-hay-que-opinar-sobre-el-cuerpo-de-los-demas\/\"},\"author\":{\"name\":\"\",\"@id\":\"\"},\"headline\":\"#Prensa \u2013 Body Shaming: Por qu\u00e9 no hay que opinar sobre el cuerpo de los dem\u00e1s\",\"datePublished\":\"2021-01-05T14:49:22+00:00\",\"mainEntityOfPage\":{\"@id\":\"https:\/\/psicologia.udd.cl\/doctorado\/es\/2021\/01\/05\/prensa-body-shaming-por-que-no-hay-que-opinar-sobre-el-cuerpo-de-los-demas\/\"},\"wordCount\":88,\"commentCount\":0,\"image\":{\"@id\":\"https:\/\/psicologia.udd.cl\/doctorado\/es\/2021\/01\/05\/prensa-body-shaming-por-que-no-hay-que-opinar-sobre-el-cuerpo-de-los-demas\/#primaryimage\"},\"thumbnailUrl\":\"https:\/\/psicologia.udd.cl\/doctorado\/files\/2021\/01\/image.png\",\"articleSection\":[\"Noticias\"],\"inLanguage\":\"es\",\"potentialAction\":[{\"@type\":\"CommentAction\",\"name\":\"Comment\",\"target\":[\"https:\/\/psicologia.udd.cl\/doctorado\/es\/2021\/01\/05\/prensa-body-shaming-por-que-no-hay-que-opinar-sobre-el-cuerpo-de-los-demas\/#respond\"]}]},{\"@type\":\"WebPage\",\"@id\":\"https:\/\/psicologia.udd.cl\/doctorado\/es\/2021\/01\/05\/prensa-body-shaming-por-que-no-hay-que-opinar-sobre-el-cuerpo-de-los-demas\/\",\"url\":\"https:\/\/psicologia.udd.cl\/doctorado\/es\/2021\/01\/05\/prensa-body-shaming-por-que-no-hay-que-opinar-sobre-el-cuerpo-de-los-demas\/\",\"name\":\"#Prensa \u2013 Body Shaming: Por qu\u00e9 no hay que opinar sobre el cuerpo de los dem\u00e1s - Doctorado en Ciencias del Desarrollo y Psicopatolog\u00eda\",\"isPartOf\":{\"@id\":\"https:\/\/psicologia.udd.cl\/doctorado\/#website\"},\"primaryImageOfPage\":{\"@id\":\"https:\/\/psicologia.udd.cl\/doctorado\/es\/2021\/01\/05\/prensa-body-shaming-por-que-no-hay-que-opinar-sobre-el-cuerpo-de-los-demas\/#primaryimage\"},\"image\":{\"@id\":\"https:\/\/psicologia.udd.cl\/doctorado\/es\/2021\/01\/05\/prensa-body-shaming-por-que-no-hay-que-opinar-sobre-el-cuerpo-de-los-demas\/#primaryimage\"},\"thumbnailUrl\":\"https:\/\/psicologia.udd.cl\/doctorado\/files\/2021\/01\/image.png\",\"datePublished\":\"2021-01-05T14:49:22+00:00\",\"author\":{\"@id\":\"\"},\"inLanguage\":\"es\",\"potentialAction\":[{\"@type\":\"ReadAction\",\"target\":[\"https:\/\/psicologia.udd.cl\/doctorado\/es\/2021\/01\/05\/prensa-body-shaming-por-que-no-hay-que-opinar-sobre-el-cuerpo-de-los-demas\/\"]}]},{\"@type\":\"ImageObject\",\"inLanguage\":\"es\",\"@id\":\"https:\/\/psicologia.udd.cl\/doctorado\/es\/2021\/01\/05\/prensa-body-shaming-por-que-no-hay-que-opinar-sobre-el-cuerpo-de-los-demas\/#primaryimage\",\"url\":\"https:\/\/psicologia.udd.cl\/doctorado\/files\/2021\/01\/image.png\",\"contentUrl\":\"https:\/\/psicologia.udd.cl\/doctorado\/files\/2021\/01\/image.png\",\"width\":1347,\"height\":459},{\"@type\":\"WebSite\",\"@id\":\"https:\/\/psicologia.udd.cl\/doctorado\/#website\",\"url\":\"https:\/\/psicologia.udd.cl\/doctorado\/\",\"name\":\"Doctorado en Ciencias del Desarrollo y Psicopatolog\u00eda\",\"description\":\"\",\"inLanguage\":\"es\"}]}<\/script>\n<!-- \/ Yoast SEO plugin. -->","yoast_head_json":{"title":"#Prensa \u2013 Body Shaming: Por qu\u00e9 no hay que opinar sobre el cuerpo de los dem\u00e1s - Doctorado en Ciencias del Desarrollo y Psicopatolog\u00eda","robots":{"index":"index","follow":"follow","max-snippet":"max-snippet:-1","max-image-preview":"max-image-preview:large","max-video-preview":"max-video-preview:-1"},"canonical":"https:\/\/psicologia.udd.cl\/doctorado\/es\/2021\/01\/05\/prensa-body-shaming-por-que-no-hay-que-opinar-sobre-el-cuerpo-de-los-demas\/","og_locale":"es_ES","og_type":"article","og_title":"#Prensa \u2013 Body Shaming: Por qu\u00e9 no hay que opinar sobre el cuerpo de los dem\u00e1s - Doctorado en Ciencias del Desarrollo y Psicopatolog\u00eda","og_description":"Cada cuerpo es un mundo y un comentario, por muy sencillo o ingenuo que parezca, puede impactar la autoestima y seguridad de los dem\u00e1s. Aqu\u00ed, algunas claves de por qu\u00e9 debemos dejar de poner la mirada en la apariencia f\u00edsica ajena. Jaime Silva, Director del Doctorado en Ciencias del Desarrollo y Psicopatolog\u00eda, ofrece su mirada [&hellip;]","og_url":"https:\/\/psicologia.udd.cl\/doctorado\/es\/2021\/01\/05\/prensa-body-shaming-por-que-no-hay-que-opinar-sobre-el-cuerpo-de-los-demas\/","og_site_name":"Doctorado en Ciencias del Desarrollo y Psicopatolog\u00eda","article_published_time":"2021-01-05T14:49:22+00:00","og_image":[{"width":1347,"height":459,"url":"https:\/\/psicologia.udd.cl\/doctorado\/files\/2021\/01\/image.png","type":"image\/png"}],"twitter_card":"summary_large_image","schema":{"@context":"https:\/\/schema.org","@graph":[{"@type":"Article","@id":"https:\/\/psicologia.udd.cl\/doctorado\/es\/2021\/01\/05\/prensa-body-shaming-por-que-no-hay-que-opinar-sobre-el-cuerpo-de-los-demas\/#article","isPartOf":{"@id":"https:\/\/psicologia.udd.cl\/doctorado\/es\/2021\/01\/05\/prensa-body-shaming-por-que-no-hay-que-opinar-sobre-el-cuerpo-de-los-demas\/"},"author":{"name":"","@id":""},"headline":"#Prensa \u2013 Body Shaming: Por qu\u00e9 no hay que opinar sobre el cuerpo de los dem\u00e1s","datePublished":"2021-01-05T14:49:22+00:00","mainEntityOfPage":{"@id":"https:\/\/psicologia.udd.cl\/doctorado\/es\/2021\/01\/05\/prensa-body-shaming-por-que-no-hay-que-opinar-sobre-el-cuerpo-de-los-demas\/"},"wordCount":88,"commentCount":0,"image":{"@id":"https:\/\/psicologia.udd.cl\/doctorado\/es\/2021\/01\/05\/prensa-body-shaming-por-que-no-hay-que-opinar-sobre-el-cuerpo-de-los-demas\/#primaryimage"},"thumbnailUrl":"https:\/\/psicologia.udd.cl\/doctorado\/files\/2021\/01\/image.png","articleSection":["Noticias"],"inLanguage":"es","potentialAction":[{"@type":"CommentAction","name":"Comment","target":["https:\/\/psicologia.udd.cl\/doctorado\/es\/2021\/01\/05\/prensa-body-shaming-por-que-no-hay-que-opinar-sobre-el-cuerpo-de-los-demas\/#respond"]}]},{"@type":"WebPage","@id":"https:\/\/psicologia.udd.cl\/doctorado\/es\/2021\/01\/05\/prensa-body-shaming-por-que-no-hay-que-opinar-sobre-el-cuerpo-de-los-demas\/","url":"https:\/\/psicologia.udd.cl\/doctorado\/es\/2021\/01\/05\/prensa-body-shaming-por-que-no-hay-que-opinar-sobre-el-cuerpo-de-los-demas\/","name":"#Prensa \u2013 Body Shaming: Por qu\u00e9 no hay que opinar sobre el cuerpo de los dem\u00e1s - Doctorado en Ciencias del Desarrollo y Psicopatolog\u00eda","isPartOf":{"@id":"https:\/\/psicologia.udd.cl\/doctorado\/#website"},"primaryImageOfPage":{"@id":"https:\/\/psicologia.udd.cl\/doctorado\/es\/2021\/01\/05\/prensa-body-shaming-por-que-no-hay-que-opinar-sobre-el-cuerpo-de-los-demas\/#primaryimage"},"image":{"@id":"https:\/\/psicologia.udd.cl\/doctorado\/es\/2021\/01\/05\/prensa-body-shaming-por-que-no-hay-que-opinar-sobre-el-cuerpo-de-los-demas\/#primaryimage"},"thumbnailUrl":"https:\/\/psicologia.udd.cl\/doctorado\/files\/2021\/01\/image.png","datePublished":"2021-01-05T14:49:22+00:00","author":{"@id":""},"inLanguage":"es","potentialAction":[{"@type":"ReadAction","target":["https:\/\/psicologia.udd.cl\/doctorado\/es\/2021\/01\/05\/prensa-body-shaming-por-que-no-hay-que-opinar-sobre-el-cuerpo-de-los-demas\/"]}]},{"@type":"ImageObject","inLanguage":"es","@id":"https:\/\/psicologia.udd.cl\/doctorado\/es\/2021\/01\/05\/prensa-body-shaming-por-que-no-hay-que-opinar-sobre-el-cuerpo-de-los-demas\/#primaryimage","url":"https:\/\/psicologia.udd.cl\/doctorado\/files\/2021\/01\/image.png","contentUrl":"https:\/\/psicologia.udd.cl\/doctorado\/files\/2021\/01\/image.png","width":1347,"height":459},{"@type":"WebSite","@id":"https:\/\/psicologia.udd.cl\/doctorado\/#website","url":"https:\/\/psicologia.udd.cl\/doctorado\/","name":"Doctorado en Ciencias del Desarrollo y Psicopatolog\u00eda","description":"","inLanguage":"es"}]}},"featured_image_url":"https:\/\/psicologia.udd.cl\/doctorado\/files\/2021\/01\/image.png","_links":{"self":[{"href":"https:\/\/psicologia.udd.cl\/doctorado\/wp-json\/wp\/v2\/posts\/1433","targetHints":{"allow":["GET"]}}],"collection":[{"href":"https:\/\/psicologia.udd.cl\/doctorado\/wp-json\/wp\/v2\/posts"}],"about":[{"href":"https:\/\/psicologia.udd.cl\/doctorado\/wp-json\/wp\/v2\/types\/post"}],"replies":[{"embeddable":true,"href":"https:\/\/psicologia.udd.cl\/doctorado\/wp-json\/wp\/v2\/comments?post=1433"}],"version-history":[{"count":0,"href":"https:\/\/psicologia.udd.cl\/doctorado\/wp-json\/wp\/v2\/posts\/1433\/revisions"}],"wp:featuredmedia":[{"embeddable":true,"href":"https:\/\/psicologia.udd.cl\/doctorado\/wp-json\/wp\/v2\/media\/1434"}],"wp:attachment":[{"href":"https:\/\/psicologia.udd.cl\/doctorado\/wp-json\/wp\/v2\/media?parent=1433"}],"wp:term":[{"taxonomy":"category","embeddable":true,"href":"https:\/\/psicologia.udd.cl\/doctorado\/wp-json\/wp\/v2\/categories?post=1433"},{"taxonomy":"post_tag","embeddable":true,"href":"https:\/\/psicologia.udd.cl\/doctorado\/wp-json\/wp\/v2\/tags?post=1433"}],"curies":[{"name":"wp","href":"https:\/\/api.w.org\/{rel}","templated":true}]}}