{"id":1429,"date":"2020-12-22T16:03:58","date_gmt":"2020-12-22T16:03:58","guid":{"rendered":"http:\/\/psicologia.udd.cl\/doctorado\/?p=1429"},"modified":"2020-12-22T16:03:58","modified_gmt":"2020-12-22T16:03:58","slug":"prensa-uso-de-mascarilla-no-impactaria-desempeno-cognitivo-de-escolares-segun-estudio-udd","status":"publish","type":"post","link":"https:\/\/psicologia.udd.cl\/doctorado\/es\/2020\/12\/22\/prensa-uso-de-mascarilla-no-impactaria-desempeno-cognitivo-de-escolares-segun-estudio-udd\/","title":{"rendered":"#Prensa \u2013 Uso de mascarilla no impactar\u00eda desempe\u00f1o cognitivo de escolares, seg\u00fan estudio UDD"},"content":{"rendered":"\n<p>La Facultad de Psicolog\u00eda de la&nbsp;U.&nbsp;del&nbsp;Desarrollo&nbsp;(UDD) se propuso responder a la siguiente pregunta: \u00bfPuede el uso de mascarilla tener un impacto en el rendimiento de los escolares? La investigaci\u00f3n del Laboratorio de Estr\u00e9s y Emoci\u00f3n, que cuenta entre sus autores a Jaime Silva Concha y&nbsp;Eugenio&nbsp;Guzm\u00e1n&nbsp;Lav\u00edn, cont\u00f3 con la participaci\u00f3n de 66 estudiantes de 16 a 19 a\u00f1os, de nivel socioecon\u00f3mico alto y notas entre 5,5 y 7,0. Te invitamos a leer la nota que realiz\u00f3 El Mercurio.<\/p>\n\n\n\n<p class=\"has-text-align-center\"><a href=\"https:\/\/psicologia.udd.cl\/files\/2020\/12\/Uso-de-mascarilla-no-impactara-desempeo-cognitivo-de-escolares-segn-estudio-UDD_.pdf\">&nbsp;Revisa la nota ac\u00e1<\/a><\/p>\n\n\n\n<figure class=\"wp-block-image size-large\"><img loading=\"lazy\" decoding=\"async\" width=\"1024\" height=\"828\" src=\"https:\/\/psicologia.udd.cl\/doctorado\/files\/2020\/12\/whatsapp-image-2020-12-14-at-12-39-37-1-1024x828.jpeg\" alt=\"\" class=\"wp-image-1430\" srcset=\"https:\/\/psicologia.udd.cl\/doctorado\/files\/2020\/12\/whatsapp-image-2020-12-14-at-12-39-37-1-1024x828.jpeg 1024w, https:\/\/psicologia.udd.cl\/doctorado\/files\/2020\/12\/whatsapp-image-2020-12-14-at-12-39-37-1-300x243.jpeg 300w, https:\/\/psicologia.udd.cl\/doctorado\/files\/2020\/12\/whatsapp-image-2020-12-14-at-12-39-37-1-768x621.jpeg 768w, https:\/\/psicologia.udd.cl\/doctorado\/files\/2020\/12\/whatsapp-image-2020-12-14-at-12-39-37-1.jpeg 1280w\" sizes=\"auto, (max-width: 1024px) 100vw, 1024px\" \/><\/figure>\n","protected":false},"excerpt":{"rendered":"<p>La Facultad de Psicolog\u00eda de la&nbsp;U.&nbsp;del&nbsp;Desarrollo&nbsp;(UDD) se propuso responder a la siguiente pregunta: \u00bfPuede el uso de mascarilla tener un impacto en el rendimiento de los escolares? La investigaci\u00f3n del Laboratorio de Estr\u00e9s y Emoci\u00f3n, que cuenta entre sus autores a Jaime Silva Concha y&nbsp;Eugenio&nbsp;Guzm\u00e1n&nbsp;Lav\u00edn, cont\u00f3 con la participaci\u00f3n de 66 estudiantes de 16 a [&hellip;]<\/p>\n","protected":false},"author":0,"featured_media":1430,"comment_status":"open","ping_status":"open","sticky":false,"template":"","format":"standard","meta":{"footnotes":""},"categories":[69],"tags":[],"class_list":["post-1429","post","type-post","status-publish","format-standard","has-post-thumbnail","hentry","category-noticias"],"yoast_head":"<!-- This site is optimized with the Yoast SEO plugin v26.9 - https:\/\/yoast.com\/product\/yoast-seo-wordpress\/ -->\n<title>#Prensa \u2013 Uso de mascarilla no impactar\u00eda desempe\u00f1o cognitivo de escolares, seg\u00fan estudio UDD - Doctorado en Ciencias del Desarrollo y Psicopatolog\u00eda<\/title>\n<meta name=\"robots\" content=\"index, follow, max-snippet:-1, max-image-preview:large, max-video-preview:-1\" \/>\n<link rel=\"canonical\" href=\"https:\/\/psicologia.udd.cl\/doctorado\/es\/2020\/12\/22\/prensa-uso-de-mascarilla-no-impactaria-desempeno-cognitivo-de-escolares-segun-estudio-udd\/\" \/>\n<meta property=\"og:locale\" content=\"es_ES\" \/>\n<meta property=\"og:type\" content=\"article\" \/>\n<meta property=\"og:title\" content=\"#Prensa \u2013 Uso de mascarilla no impactar\u00eda desempe\u00f1o cognitivo de escolares, seg\u00fan estudio UDD - Doctorado en Ciencias del Desarrollo y Psicopatolog\u00eda\" \/>\n<meta property=\"og:description\" content=\"La Facultad de Psicolog\u00eda de la&nbsp;U.&nbsp;del&nbsp;Desarrollo&nbsp;(UDD) se propuso responder a la siguiente pregunta: \u00bfPuede el uso de mascarilla tener un impacto en el rendimiento de los escolares? La investigaci\u00f3n del Laboratorio de Estr\u00e9s y Emoci\u00f3n, que cuenta entre sus autores a Jaime Silva Concha y&nbsp;Eugenio&nbsp;Guzm\u00e1n&nbsp;Lav\u00edn, cont\u00f3 con la participaci\u00f3n de 66 estudiantes de 16 a [&hellip;]\" \/>\n<meta property=\"og:url\" content=\"https:\/\/psicologia.udd.cl\/doctorado\/es\/2020\/12\/22\/prensa-uso-de-mascarilla-no-impactaria-desempeno-cognitivo-de-escolares-segun-estudio-udd\/\" \/>\n<meta property=\"og:site_name\" content=\"Doctorado en Ciencias del Desarrollo y Psicopatolog\u00eda\" \/>\n<meta property=\"article:published_time\" content=\"2020-12-22T16:03:58+00:00\" \/>\n<meta property=\"og:image\" content=\"https:\/\/psicologia.udd.cl\/doctorado\/files\/2020\/12\/whatsapp-image-2020-12-14-at-12-39-37-1.jpeg\" \/>\n\t<meta property=\"og:image:width\" content=\"1280\" \/>\n\t<meta property=\"og:image:height\" content=\"1035\" \/>\n\t<meta property=\"og:image:type\" content=\"image\/jpeg\" \/>\n<meta name=\"twitter:card\" content=\"summary_large_image\" \/>\n<meta name=\"twitter:label1\" content=\"Tiempo de lectura\" \/>\n\t<meta name=\"twitter:data1\" content=\"1 minuto\" \/>\n<script type=\"application\/ld+json\" class=\"yoast-schema-graph\">{\"@context\":\"https:\/\/schema.org\",\"@graph\":[{\"@type\":\"Article\",\"@id\":\"https:\/\/psicologia.udd.cl\/doctorado\/es\/2020\/12\/22\/prensa-uso-de-mascarilla-no-impactaria-desempeno-cognitivo-de-escolares-segun-estudio-udd\/#article\",\"isPartOf\":{\"@id\":\"https:\/\/psicologia.udd.cl\/doctorado\/es\/2020\/12\/22\/prensa-uso-de-mascarilla-no-impactaria-desempeno-cognitivo-de-escolares-segun-estudio-udd\/\"},\"author\":{\"name\":\"\",\"@id\":\"\"},\"headline\":\"#Prensa \u2013 Uso de mascarilla no impactar\u00eda desempe\u00f1o cognitivo de escolares, seg\u00fan estudio UDD\",\"datePublished\":\"2020-12-22T16:03:58+00:00\",\"mainEntityOfPage\":{\"@id\":\"https:\/\/psicologia.udd.cl\/doctorado\/es\/2020\/12\/22\/prensa-uso-de-mascarilla-no-impactaria-desempeno-cognitivo-de-escolares-segun-estudio-udd\/\"},\"wordCount\":116,\"commentCount\":0,\"image\":{\"@id\":\"https:\/\/psicologia.udd.cl\/doctorado\/es\/2020\/12\/22\/prensa-uso-de-mascarilla-no-impactaria-desempeno-cognitivo-de-escolares-segun-estudio-udd\/#primaryimage\"},\"thumbnailUrl\":\"https:\/\/psicologia.udd.cl\/doctorado\/files\/2020\/12\/whatsapp-image-2020-12-14-at-12-39-37-1.jpeg\",\"articleSection\":[\"Noticias\"],\"inLanguage\":\"es\",\"potentialAction\":[{\"@type\":\"CommentAction\",\"name\":\"Comment\",\"target\":[\"https:\/\/psicologia.udd.cl\/doctorado\/es\/2020\/12\/22\/prensa-uso-de-mascarilla-no-impactaria-desempeno-cognitivo-de-escolares-segun-estudio-udd\/#respond\"]}]},{\"@type\":\"WebPage\",\"@id\":\"https:\/\/psicologia.udd.cl\/doctorado\/es\/2020\/12\/22\/prensa-uso-de-mascarilla-no-impactaria-desempeno-cognitivo-de-escolares-segun-estudio-udd\/\",\"url\":\"https:\/\/psicologia.udd.cl\/doctorado\/es\/2020\/12\/22\/prensa-uso-de-mascarilla-no-impactaria-desempeno-cognitivo-de-escolares-segun-estudio-udd\/\",\"name\":\"#Prensa \u2013 Uso de mascarilla no impactar\u00eda desempe\u00f1o cognitivo de escolares, seg\u00fan estudio UDD - Doctorado en Ciencias del Desarrollo y Psicopatolog\u00eda\",\"isPartOf\":{\"@id\":\"https:\/\/psicologia.udd.cl\/doctorado\/#website\"},\"primaryImageOfPage\":{\"@id\":\"https:\/\/psicologia.udd.cl\/doctorado\/es\/2020\/12\/22\/prensa-uso-de-mascarilla-no-impactaria-desempeno-cognitivo-de-escolares-segun-estudio-udd\/#primaryimage\"},\"image\":{\"@id\":\"https:\/\/psicologia.udd.cl\/doctorado\/es\/2020\/12\/22\/prensa-uso-de-mascarilla-no-impactaria-desempeno-cognitivo-de-escolares-segun-estudio-udd\/#primaryimage\"},\"thumbnailUrl\":\"https:\/\/psicologia.udd.cl\/doctorado\/files\/2020\/12\/whatsapp-image-2020-12-14-at-12-39-37-1.jpeg\",\"datePublished\":\"2020-12-22T16:03:58+00:00\",\"author\":{\"@id\":\"\"},\"inLanguage\":\"es\",\"potentialAction\":[{\"@type\":\"ReadAction\",\"target\":[\"https:\/\/psicologia.udd.cl\/doctorado\/es\/2020\/12\/22\/prensa-uso-de-mascarilla-no-impactaria-desempeno-cognitivo-de-escolares-segun-estudio-udd\/\"]}]},{\"@type\":\"ImageObject\",\"inLanguage\":\"es\",\"@id\":\"https:\/\/psicologia.udd.cl\/doctorado\/es\/2020\/12\/22\/prensa-uso-de-mascarilla-no-impactaria-desempeno-cognitivo-de-escolares-segun-estudio-udd\/#primaryimage\",\"url\":\"https:\/\/psicologia.udd.cl\/doctorado\/files\/2020\/12\/whatsapp-image-2020-12-14-at-12-39-37-1.jpeg\",\"contentUrl\":\"https:\/\/psicologia.udd.cl\/doctorado\/files\/2020\/12\/whatsapp-image-2020-12-14-at-12-39-37-1.jpeg\",\"width\":1280,\"height\":1035},{\"@type\":\"WebSite\",\"@id\":\"https:\/\/psicologia.udd.cl\/doctorado\/#website\",\"url\":\"https:\/\/psicologia.udd.cl\/doctorado\/\",\"name\":\"Doctorado en Ciencias del Desarrollo y Psicopatolog\u00eda\",\"description\":\"\",\"inLanguage\":\"es\"}]}<\/script>\n<!-- \/ Yoast SEO plugin. -->","yoast_head_json":{"title":"#Prensa \u2013 Uso de mascarilla no impactar\u00eda desempe\u00f1o cognitivo de escolares, seg\u00fan estudio UDD - Doctorado en Ciencias del Desarrollo y Psicopatolog\u00eda","robots":{"index":"index","follow":"follow","max-snippet":"max-snippet:-1","max-image-preview":"max-image-preview:large","max-video-preview":"max-video-preview:-1"},"canonical":"https:\/\/psicologia.udd.cl\/doctorado\/es\/2020\/12\/22\/prensa-uso-de-mascarilla-no-impactaria-desempeno-cognitivo-de-escolares-segun-estudio-udd\/","og_locale":"es_ES","og_type":"article","og_title":"#Prensa \u2013 Uso de mascarilla no impactar\u00eda desempe\u00f1o cognitivo de escolares, seg\u00fan estudio UDD - Doctorado en Ciencias del Desarrollo y Psicopatolog\u00eda","og_description":"La Facultad de Psicolog\u00eda de la&nbsp;U.&nbsp;del&nbsp;Desarrollo&nbsp;(UDD) se propuso responder a la siguiente pregunta: \u00bfPuede el uso de mascarilla tener un impacto en el rendimiento de los escolares? La investigaci\u00f3n del Laboratorio de Estr\u00e9s y Emoci\u00f3n, que cuenta entre sus autores a Jaime Silva Concha y&nbsp;Eugenio&nbsp;Guzm\u00e1n&nbsp;Lav\u00edn, cont\u00f3 con la participaci\u00f3n de 66 estudiantes de 16 a [&hellip;]","og_url":"https:\/\/psicologia.udd.cl\/doctorado\/es\/2020\/12\/22\/prensa-uso-de-mascarilla-no-impactaria-desempeno-cognitivo-de-escolares-segun-estudio-udd\/","og_site_name":"Doctorado en Ciencias del Desarrollo y Psicopatolog\u00eda","article_published_time":"2020-12-22T16:03:58+00:00","og_image":[{"width":1280,"height":1035,"url":"https:\/\/psicologia.udd.cl\/doctorado\/files\/2020\/12\/whatsapp-image-2020-12-14-at-12-39-37-1.jpeg","type":"image\/jpeg"}],"twitter_card":"summary_large_image","twitter_misc":{"Tiempo de lectura":"1 minuto"},"schema":{"@context":"https:\/\/schema.org","@graph":[{"@type":"Article","@id":"https:\/\/psicologia.udd.cl\/doctorado\/es\/2020\/12\/22\/prensa-uso-de-mascarilla-no-impactaria-desempeno-cognitivo-de-escolares-segun-estudio-udd\/#article","isPartOf":{"@id":"https:\/\/psicologia.udd.cl\/doctorado\/es\/2020\/12\/22\/prensa-uso-de-mascarilla-no-impactaria-desempeno-cognitivo-de-escolares-segun-estudio-udd\/"},"author":{"name":"","@id":""},"headline":"#Prensa \u2013 Uso de mascarilla no impactar\u00eda desempe\u00f1o cognitivo de escolares, seg\u00fan estudio UDD","datePublished":"2020-12-22T16:03:58+00:00","mainEntityOfPage":{"@id":"https:\/\/psicologia.udd.cl\/doctorado\/es\/2020\/12\/22\/prensa-uso-de-mascarilla-no-impactaria-desempeno-cognitivo-de-escolares-segun-estudio-udd\/"},"wordCount":116,"commentCount":0,"image":{"@id":"https:\/\/psicologia.udd.cl\/doctorado\/es\/2020\/12\/22\/prensa-uso-de-mascarilla-no-impactaria-desempeno-cognitivo-de-escolares-segun-estudio-udd\/#primaryimage"},"thumbnailUrl":"https:\/\/psicologia.udd.cl\/doctorado\/files\/2020\/12\/whatsapp-image-2020-12-14-at-12-39-37-1.jpeg","articleSection":["Noticias"],"inLanguage":"es","potentialAction":[{"@type":"CommentAction","name":"Comment","target":["https:\/\/psicologia.udd.cl\/doctorado\/es\/2020\/12\/22\/prensa-uso-de-mascarilla-no-impactaria-desempeno-cognitivo-de-escolares-segun-estudio-udd\/#respond"]}]},{"@type":"WebPage","@id":"https:\/\/psicologia.udd.cl\/doctorado\/es\/2020\/12\/22\/prensa-uso-de-mascarilla-no-impactaria-desempeno-cognitivo-de-escolares-segun-estudio-udd\/","url":"https:\/\/psicologia.udd.cl\/doctorado\/es\/2020\/12\/22\/prensa-uso-de-mascarilla-no-impactaria-desempeno-cognitivo-de-escolares-segun-estudio-udd\/","name":"#Prensa \u2013 Uso de mascarilla no impactar\u00eda desempe\u00f1o cognitivo de escolares, seg\u00fan estudio UDD - Doctorado en Ciencias del Desarrollo y Psicopatolog\u00eda","isPartOf":{"@id":"https:\/\/psicologia.udd.cl\/doctorado\/#website"},"primaryImageOfPage":{"@id":"https:\/\/psicologia.udd.cl\/doctorado\/es\/2020\/12\/22\/prensa-uso-de-mascarilla-no-impactaria-desempeno-cognitivo-de-escolares-segun-estudio-udd\/#primaryimage"},"image":{"@id":"https:\/\/psicologia.udd.cl\/doctorado\/es\/2020\/12\/22\/prensa-uso-de-mascarilla-no-impactaria-desempeno-cognitivo-de-escolares-segun-estudio-udd\/#primaryimage"},"thumbnailUrl":"https:\/\/psicologia.udd.cl\/doctorado\/files\/2020\/12\/whatsapp-image-2020-12-14-at-12-39-37-1.jpeg","datePublished":"2020-12-22T16:03:58+00:00","author":{"@id":""},"inLanguage":"es","potentialAction":[{"@type":"ReadAction","target":["https:\/\/psicologia.udd.cl\/doctorado\/es\/2020\/12\/22\/prensa-uso-de-mascarilla-no-impactaria-desempeno-cognitivo-de-escolares-segun-estudio-udd\/"]}]},{"@type":"ImageObject","inLanguage":"es","@id":"https:\/\/psicologia.udd.cl\/doctorado\/es\/2020\/12\/22\/prensa-uso-de-mascarilla-no-impactaria-desempeno-cognitivo-de-escolares-segun-estudio-udd\/#primaryimage","url":"https:\/\/psicologia.udd.cl\/doctorado\/files\/2020\/12\/whatsapp-image-2020-12-14-at-12-39-37-1.jpeg","contentUrl":"https:\/\/psicologia.udd.cl\/doctorado\/files\/2020\/12\/whatsapp-image-2020-12-14-at-12-39-37-1.jpeg","width":1280,"height":1035},{"@type":"WebSite","@id":"https:\/\/psicologia.udd.cl\/doctorado\/#website","url":"https:\/\/psicologia.udd.cl\/doctorado\/","name":"Doctorado en Ciencias del Desarrollo y Psicopatolog\u00eda","description":"","inLanguage":"es"}]}},"featured_image_url":"https:\/\/psicologia.udd.cl\/doctorado\/files\/2020\/12\/whatsapp-image-2020-12-14-at-12-39-37-1.jpeg","_links":{"self":[{"href":"https:\/\/psicologia.udd.cl\/doctorado\/wp-json\/wp\/v2\/posts\/1429","targetHints":{"allow":["GET"]}}],"collection":[{"href":"https:\/\/psicologia.udd.cl\/doctorado\/wp-json\/wp\/v2\/posts"}],"about":[{"href":"https:\/\/psicologia.udd.cl\/doctorado\/wp-json\/wp\/v2\/types\/post"}],"replies":[{"embeddable":true,"href":"https:\/\/psicologia.udd.cl\/doctorado\/wp-json\/wp\/v2\/comments?post=1429"}],"version-history":[{"count":0,"href":"https:\/\/psicologia.udd.cl\/doctorado\/wp-json\/wp\/v2\/posts\/1429\/revisions"}],"wp:featuredmedia":[{"embeddable":true,"href":"https:\/\/psicologia.udd.cl\/doctorado\/wp-json\/wp\/v2\/media\/1430"}],"wp:attachment":[{"href":"https:\/\/psicologia.udd.cl\/doctorado\/wp-json\/wp\/v2\/media?parent=1429"}],"wp:term":[{"taxonomy":"category","embeddable":true,"href":"https:\/\/psicologia.udd.cl\/doctorado\/wp-json\/wp\/v2\/categories?post=1429"},{"taxonomy":"post_tag","embeddable":true,"href":"https:\/\/psicologia.udd.cl\/doctorado\/wp-json\/wp\/v2\/tags?post=1429"}],"curies":[{"name":"wp","href":"https:\/\/api.w.org\/{rel}","templated":true}]}}