{"id":1424,"date":"2020-12-11T21:55:48","date_gmt":"2020-12-11T21:55:48","guid":{"rendered":"http:\/\/psicologia.udd.cl\/doctorado\/?p=1424"},"modified":"2020-12-11T21:55:48","modified_gmt":"2020-12-11T21:55:48","slug":"prensa-jaime-silva-investigador-de-la-facultad-de-psicologia-es-entrevistado-por-la-tercera-online","status":"publish","type":"post","link":"https:\/\/psicologia.udd.cl\/doctorado\/es\/2020\/12\/11\/prensa-jaime-silva-investigador-de-la-facultad-de-psicologia-es-entrevistado-por-la-tercera-online\/","title":{"rendered":"# Prensa \u2013 Jaime Silva, investigador de la Facultad de Psicolog\u00eda, es entrevistado por La Tercera Online"},"content":{"rendered":"\n<p>El Ministerio de Desarrollo Social y Familia public\u00f3 recientemente un acertado informe para la cohesi\u00f3n social en Chile. All\u00ed se identifican importantes dimensiones que se han deteriorado en nuestro pa\u00eds. Ante esto, Jaime Silva nos ofrece su visi\u00f3n de los hechos.<\/p>\n\n\n\n<figure class=\"wp-block-image size-large\"><img loading=\"lazy\" decoding=\"async\" width=\"1024\" height=\"494\" src=\"https:\/\/psicologia.udd.cl\/doctorado\/files\/2020\/12\/whatsapp-image-2020-12-11-at-15-22-56-1-1024x494.jpeg\" alt=\"\" class=\"wp-image-1426\" srcset=\"https:\/\/psicologia.udd.cl\/doctorado\/files\/2020\/12\/whatsapp-image-2020-12-11-at-15-22-56-1-1024x494.jpeg 1024w, https:\/\/psicologia.udd.cl\/doctorado\/files\/2020\/12\/whatsapp-image-2020-12-11-at-15-22-56-1-300x145.jpeg 300w, https:\/\/psicologia.udd.cl\/doctorado\/files\/2020\/12\/whatsapp-image-2020-12-11-at-15-22-56-1-768x371.jpeg 768w, https:\/\/psicologia.udd.cl\/doctorado\/files\/2020\/12\/whatsapp-image-2020-12-11-at-15-22-56-1.jpeg 1280w\" sizes=\"auto, (max-width: 1024px) 100vw, 1024px\" \/><\/figure>\n\n\n\n<p class=\"has-text-align-center\"><a href=\"https:\/\/psicologia.udd.cl\/files\/2020\/12\/Frente-a-la-crisis-de-cohesin-social-en-Chile_.pdf\">&nbsp;Revisa la nota ac\u00e1<\/a><\/p>\n","protected":false},"excerpt":{"rendered":"<p>El Ministerio de Desarrollo Social y Familia public\u00f3 recientemente un acertado informe para la cohesi\u00f3n social en Chile. All\u00ed se identifican importantes dimensiones que se han deteriorado en nuestro pa\u00eds. Ante esto, Jaime Silva nos ofrece su visi\u00f3n de los hechos. &nbsp;Revisa la nota ac\u00e1<\/p>\n","protected":false},"author":0,"featured_media":1425,"comment_status":"open","ping_status":"open","sticky":false,"template":"","format":"standard","meta":{"footnotes":""},"categories":[69],"tags":[],"class_list":["post-1424","post","type-post","status-publish","format-standard","has-post-thumbnail","hentry","category-noticias"],"yoast_head":"<!-- This site is optimized with the Yoast SEO plugin v26.9 - https:\/\/yoast.com\/product\/yoast-seo-wordpress\/ -->\n<title># Prensa \u2013 Jaime Silva, investigador de la Facultad de Psicolog\u00eda, es entrevistado por La Tercera Online - Doctorado en Ciencias del Desarrollo y Psicopatolog\u00eda<\/title>\n<meta name=\"robots\" content=\"index, follow, max-snippet:-1, max-image-preview:large, max-video-preview:-1\" \/>\n<link rel=\"canonical\" href=\"https:\/\/psicologia.udd.cl\/doctorado\/es\/2020\/12\/11\/prensa-jaime-silva-investigador-de-la-facultad-de-psicologia-es-entrevistado-por-la-tercera-online\/\" \/>\n<meta property=\"og:locale\" content=\"es_ES\" \/>\n<meta property=\"og:type\" content=\"article\" \/>\n<meta property=\"og:title\" content=\"# Prensa \u2013 Jaime Silva, investigador de la Facultad de Psicolog\u00eda, es entrevistado por La Tercera Online - Doctorado en Ciencias del Desarrollo y Psicopatolog\u00eda\" \/>\n<meta property=\"og:description\" content=\"El Ministerio de Desarrollo Social y Familia public\u00f3 recientemente un acertado informe para la cohesi\u00f3n social en Chile. All\u00ed se identifican importantes dimensiones que se han deteriorado en nuestro pa\u00eds. Ante esto, Jaime Silva nos ofrece su visi\u00f3n de los hechos. &nbsp;Revisa la nota ac\u00e1\" \/>\n<meta property=\"og:url\" content=\"https:\/\/psicologia.udd.cl\/doctorado\/es\/2020\/12\/11\/prensa-jaime-silva-investigador-de-la-facultad-de-psicologia-es-entrevistado-por-la-tercera-online\/\" \/>\n<meta property=\"og:site_name\" content=\"Doctorado en Ciencias del Desarrollo y Psicopatolog\u00eda\" \/>\n<meta property=\"article:published_time\" content=\"2020-12-11T21:55:48+00:00\" \/>\n<meta property=\"og:image\" content=\"https:\/\/psicologia.udd.cl\/doctorado\/files\/2020\/12\/whatsapp-image-2020-12-11-at-15-22-56.jpeg\" \/>\n\t<meta property=\"og:image:width\" content=\"1280\" \/>\n\t<meta property=\"og:image:height\" content=\"618\" \/>\n\t<meta property=\"og:image:type\" content=\"image\/jpeg\" \/>\n<meta name=\"twitter:card\" content=\"summary_large_image\" \/>\n<script type=\"application\/ld+json\" class=\"yoast-schema-graph\">{\"@context\":\"https:\/\/schema.org\",\"@graph\":[{\"@type\":\"Article\",\"@id\":\"https:\/\/psicologia.udd.cl\/doctorado\/es\/2020\/12\/11\/prensa-jaime-silva-investigador-de-la-facultad-de-psicologia-es-entrevistado-por-la-tercera-online\/#article\",\"isPartOf\":{\"@id\":\"https:\/\/psicologia.udd.cl\/doctorado\/es\/2020\/12\/11\/prensa-jaime-silva-investigador-de-la-facultad-de-psicologia-es-entrevistado-por-la-tercera-online\/\"},\"author\":{\"name\":\"\",\"@id\":\"\"},\"headline\":\"# Prensa \u2013 Jaime Silva, investigador de la Facultad de Psicolog\u00eda, es entrevistado por La Tercera Online\",\"datePublished\":\"2020-12-11T21:55:48+00:00\",\"mainEntityOfPage\":{\"@id\":\"https:\/\/psicologia.udd.cl\/doctorado\/es\/2020\/12\/11\/prensa-jaime-silva-investigador-de-la-facultad-de-psicologia-es-entrevistado-por-la-tercera-online\/\"},\"wordCount\":65,\"commentCount\":0,\"image\":{\"@id\":\"https:\/\/psicologia.udd.cl\/doctorado\/es\/2020\/12\/11\/prensa-jaime-silva-investigador-de-la-facultad-de-psicologia-es-entrevistado-por-la-tercera-online\/#primaryimage\"},\"thumbnailUrl\":\"https:\/\/psicologia.udd.cl\/doctorado\/files\/2020\/12\/whatsapp-image-2020-12-11-at-15-22-56.jpeg\",\"articleSection\":[\"Noticias\"],\"inLanguage\":\"es\",\"potentialAction\":[{\"@type\":\"CommentAction\",\"name\":\"Comment\",\"target\":[\"https:\/\/psicologia.udd.cl\/doctorado\/es\/2020\/12\/11\/prensa-jaime-silva-investigador-de-la-facultad-de-psicologia-es-entrevistado-por-la-tercera-online\/#respond\"]}]},{\"@type\":\"WebPage\",\"@id\":\"https:\/\/psicologia.udd.cl\/doctorado\/es\/2020\/12\/11\/prensa-jaime-silva-investigador-de-la-facultad-de-psicologia-es-entrevistado-por-la-tercera-online\/\",\"url\":\"https:\/\/psicologia.udd.cl\/doctorado\/es\/2020\/12\/11\/prensa-jaime-silva-investigador-de-la-facultad-de-psicologia-es-entrevistado-por-la-tercera-online\/\",\"name\":\"# Prensa \u2013 Jaime Silva, investigador de la Facultad de Psicolog\u00eda, es entrevistado por La Tercera Online - Doctorado en Ciencias del Desarrollo y Psicopatolog\u00eda\",\"isPartOf\":{\"@id\":\"https:\/\/psicologia.udd.cl\/doctorado\/#website\"},\"primaryImageOfPage\":{\"@id\":\"https:\/\/psicologia.udd.cl\/doctorado\/es\/2020\/12\/11\/prensa-jaime-silva-investigador-de-la-facultad-de-psicologia-es-entrevistado-por-la-tercera-online\/#primaryimage\"},\"image\":{\"@id\":\"https:\/\/psicologia.udd.cl\/doctorado\/es\/2020\/12\/11\/prensa-jaime-silva-investigador-de-la-facultad-de-psicologia-es-entrevistado-por-la-tercera-online\/#primaryimage\"},\"thumbnailUrl\":\"https:\/\/psicologia.udd.cl\/doctorado\/files\/2020\/12\/whatsapp-image-2020-12-11-at-15-22-56.jpeg\",\"datePublished\":\"2020-12-11T21:55:48+00:00\",\"author\":{\"@id\":\"\"},\"inLanguage\":\"es\",\"potentialAction\":[{\"@type\":\"ReadAction\",\"target\":[\"https:\/\/psicologia.udd.cl\/doctorado\/es\/2020\/12\/11\/prensa-jaime-silva-investigador-de-la-facultad-de-psicologia-es-entrevistado-por-la-tercera-online\/\"]}]},{\"@type\":\"ImageObject\",\"inLanguage\":\"es\",\"@id\":\"https:\/\/psicologia.udd.cl\/doctorado\/es\/2020\/12\/11\/prensa-jaime-silva-investigador-de-la-facultad-de-psicologia-es-entrevistado-por-la-tercera-online\/#primaryimage\",\"url\":\"https:\/\/psicologia.udd.cl\/doctorado\/files\/2020\/12\/whatsapp-image-2020-12-11-at-15-22-56.jpeg\",\"contentUrl\":\"https:\/\/psicologia.udd.cl\/doctorado\/files\/2020\/12\/whatsapp-image-2020-12-11-at-15-22-56.jpeg\",\"width\":1280,\"height\":618},{\"@type\":\"WebSite\",\"@id\":\"https:\/\/psicologia.udd.cl\/doctorado\/#website\",\"url\":\"https:\/\/psicologia.udd.cl\/doctorado\/\",\"name\":\"Doctorado en Ciencias del Desarrollo y Psicopatolog\u00eda\",\"description\":\"\",\"inLanguage\":\"es\"}]}<\/script>\n<!-- \/ Yoast SEO plugin. -->","yoast_head_json":{"title":"# Prensa \u2013 Jaime Silva, investigador de la Facultad de Psicolog\u00eda, es entrevistado por La Tercera Online - Doctorado en Ciencias del Desarrollo y Psicopatolog\u00eda","robots":{"index":"index","follow":"follow","max-snippet":"max-snippet:-1","max-image-preview":"max-image-preview:large","max-video-preview":"max-video-preview:-1"},"canonical":"https:\/\/psicologia.udd.cl\/doctorado\/es\/2020\/12\/11\/prensa-jaime-silva-investigador-de-la-facultad-de-psicologia-es-entrevistado-por-la-tercera-online\/","og_locale":"es_ES","og_type":"article","og_title":"# Prensa \u2013 Jaime Silva, investigador de la Facultad de Psicolog\u00eda, es entrevistado por La Tercera Online - Doctorado en Ciencias del Desarrollo y Psicopatolog\u00eda","og_description":"El Ministerio de Desarrollo Social y Familia public\u00f3 recientemente un acertado informe para la cohesi\u00f3n social en Chile. All\u00ed se identifican importantes dimensiones que se han deteriorado en nuestro pa\u00eds. Ante esto, Jaime Silva nos ofrece su visi\u00f3n de los hechos. &nbsp;Revisa la nota ac\u00e1","og_url":"https:\/\/psicologia.udd.cl\/doctorado\/es\/2020\/12\/11\/prensa-jaime-silva-investigador-de-la-facultad-de-psicologia-es-entrevistado-por-la-tercera-online\/","og_site_name":"Doctorado en Ciencias del Desarrollo y Psicopatolog\u00eda","article_published_time":"2020-12-11T21:55:48+00:00","og_image":[{"width":1280,"height":618,"url":"https:\/\/psicologia.udd.cl\/doctorado\/files\/2020\/12\/whatsapp-image-2020-12-11-at-15-22-56.jpeg","type":"image\/jpeg"}],"twitter_card":"summary_large_image","schema":{"@context":"https:\/\/schema.org","@graph":[{"@type":"Article","@id":"https:\/\/psicologia.udd.cl\/doctorado\/es\/2020\/12\/11\/prensa-jaime-silva-investigador-de-la-facultad-de-psicologia-es-entrevistado-por-la-tercera-online\/#article","isPartOf":{"@id":"https:\/\/psicologia.udd.cl\/doctorado\/es\/2020\/12\/11\/prensa-jaime-silva-investigador-de-la-facultad-de-psicologia-es-entrevistado-por-la-tercera-online\/"},"author":{"name":"","@id":""},"headline":"# Prensa \u2013 Jaime Silva, investigador de la Facultad de Psicolog\u00eda, es entrevistado por La Tercera Online","datePublished":"2020-12-11T21:55:48+00:00","mainEntityOfPage":{"@id":"https:\/\/psicologia.udd.cl\/doctorado\/es\/2020\/12\/11\/prensa-jaime-silva-investigador-de-la-facultad-de-psicologia-es-entrevistado-por-la-tercera-online\/"},"wordCount":65,"commentCount":0,"image":{"@id":"https:\/\/psicologia.udd.cl\/doctorado\/es\/2020\/12\/11\/prensa-jaime-silva-investigador-de-la-facultad-de-psicologia-es-entrevistado-por-la-tercera-online\/#primaryimage"},"thumbnailUrl":"https:\/\/psicologia.udd.cl\/doctorado\/files\/2020\/12\/whatsapp-image-2020-12-11-at-15-22-56.jpeg","articleSection":["Noticias"],"inLanguage":"es","potentialAction":[{"@type":"CommentAction","name":"Comment","target":["https:\/\/psicologia.udd.cl\/doctorado\/es\/2020\/12\/11\/prensa-jaime-silva-investigador-de-la-facultad-de-psicologia-es-entrevistado-por-la-tercera-online\/#respond"]}]},{"@type":"WebPage","@id":"https:\/\/psicologia.udd.cl\/doctorado\/es\/2020\/12\/11\/prensa-jaime-silva-investigador-de-la-facultad-de-psicologia-es-entrevistado-por-la-tercera-online\/","url":"https:\/\/psicologia.udd.cl\/doctorado\/es\/2020\/12\/11\/prensa-jaime-silva-investigador-de-la-facultad-de-psicologia-es-entrevistado-por-la-tercera-online\/","name":"# Prensa \u2013 Jaime Silva, investigador de la Facultad de Psicolog\u00eda, es entrevistado por La Tercera Online - Doctorado en Ciencias del Desarrollo y Psicopatolog\u00eda","isPartOf":{"@id":"https:\/\/psicologia.udd.cl\/doctorado\/#website"},"primaryImageOfPage":{"@id":"https:\/\/psicologia.udd.cl\/doctorado\/es\/2020\/12\/11\/prensa-jaime-silva-investigador-de-la-facultad-de-psicologia-es-entrevistado-por-la-tercera-online\/#primaryimage"},"image":{"@id":"https:\/\/psicologia.udd.cl\/doctorado\/es\/2020\/12\/11\/prensa-jaime-silva-investigador-de-la-facultad-de-psicologia-es-entrevistado-por-la-tercera-online\/#primaryimage"},"thumbnailUrl":"https:\/\/psicologia.udd.cl\/doctorado\/files\/2020\/12\/whatsapp-image-2020-12-11-at-15-22-56.jpeg","datePublished":"2020-12-11T21:55:48+00:00","author":{"@id":""},"inLanguage":"es","potentialAction":[{"@type":"ReadAction","target":["https:\/\/psicologia.udd.cl\/doctorado\/es\/2020\/12\/11\/prensa-jaime-silva-investigador-de-la-facultad-de-psicologia-es-entrevistado-por-la-tercera-online\/"]}]},{"@type":"ImageObject","inLanguage":"es","@id":"https:\/\/psicologia.udd.cl\/doctorado\/es\/2020\/12\/11\/prensa-jaime-silva-investigador-de-la-facultad-de-psicologia-es-entrevistado-por-la-tercera-online\/#primaryimage","url":"https:\/\/psicologia.udd.cl\/doctorado\/files\/2020\/12\/whatsapp-image-2020-12-11-at-15-22-56.jpeg","contentUrl":"https:\/\/psicologia.udd.cl\/doctorado\/files\/2020\/12\/whatsapp-image-2020-12-11-at-15-22-56.jpeg","width":1280,"height":618},{"@type":"WebSite","@id":"https:\/\/psicologia.udd.cl\/doctorado\/#website","url":"https:\/\/psicologia.udd.cl\/doctorado\/","name":"Doctorado en Ciencias del Desarrollo y Psicopatolog\u00eda","description":"","inLanguage":"es"}]}},"featured_image_url":"https:\/\/psicologia.udd.cl\/doctorado\/files\/2020\/12\/whatsapp-image-2020-12-11-at-15-22-56.jpeg","_links":{"self":[{"href":"https:\/\/psicologia.udd.cl\/doctorado\/wp-json\/wp\/v2\/posts\/1424","targetHints":{"allow":["GET"]}}],"collection":[{"href":"https:\/\/psicologia.udd.cl\/doctorado\/wp-json\/wp\/v2\/posts"}],"about":[{"href":"https:\/\/psicologia.udd.cl\/doctorado\/wp-json\/wp\/v2\/types\/post"}],"replies":[{"embeddable":true,"href":"https:\/\/psicologia.udd.cl\/doctorado\/wp-json\/wp\/v2\/comments?post=1424"}],"version-history":[{"count":0,"href":"https:\/\/psicologia.udd.cl\/doctorado\/wp-json\/wp\/v2\/posts\/1424\/revisions"}],"wp:featuredmedia":[{"embeddable":true,"href":"https:\/\/psicologia.udd.cl\/doctorado\/wp-json\/wp\/v2\/media\/1425"}],"wp:attachment":[{"href":"https:\/\/psicologia.udd.cl\/doctorado\/wp-json\/wp\/v2\/media?parent=1424"}],"wp:term":[{"taxonomy":"category","embeddable":true,"href":"https:\/\/psicologia.udd.cl\/doctorado\/wp-json\/wp\/v2\/categories?post=1424"},{"taxonomy":"post_tag","embeddable":true,"href":"https:\/\/psicologia.udd.cl\/doctorado\/wp-json\/wp\/v2\/tags?post=1424"}],"curies":[{"name":"wp","href":"https:\/\/api.w.org\/{rel}","templated":true}]}}