{"id":1406,"date":"2020-10-26T15:31:01","date_gmt":"2020-10-26T15:31:01","guid":{"rendered":"http:\/\/psicologia.udd.cl\/doctorado\/?p=1406"},"modified":"2020-10-26T15:31:01","modified_gmt":"2020-10-26T15:31:01","slug":"prensa-estudio-del-care-sobre-emociones-frente-al-plebiscito-es-publicado-en-el-mercurio","status":"publish","type":"post","link":"https:\/\/psicologia.udd.cl\/doctorado\/es\/2020\/10\/26\/prensa-estudio-del-care-sobre-emociones-frente-al-plebiscito-es-publicado-en-el-mercurio\/","title":{"rendered":"#Prensa- Estudio del CARE sobre emociones frente al plebiscito es publicado en El Mercurio"},"content":{"rendered":"\n<figure class=\"wp-block-image\"><img decoding=\"async\" src=\"https:\/\/psicologia.udd.cl\/files\/2020\/10\/CARE-PLEB-1.png\" alt=\"\" class=\"wp-image-41658\" \/><\/figure>\n\n\n\n<p><br>El Laboratorio de estr\u00e9s, perteneciente al Centro de Apego y Regulaci\u00f3n Emocional (CARE) realiz\u00f3 un estudio panel acerca de las emociones asociadas al plebiscito y estos fueron los resultados. En esta investigaci\u00f3n participaron acad\u00e9micos investigadores, estudiantes de doctorado y asistentes de investigaci\u00f3n.<\/p>\n\n\n\n<p><a href=\"https:\/\/map.conectamedia.cl\/index.php\/clippingNews\/view?id=15886051&amp;email=176384&amp;fromemail=1\">&nbsp;Lee el art\u00edculo completo ac\u00e1<\/a><\/p>\n\n\n\n<div class=\"wp-block-image\"><figure class=\"aligncenter\"><img decoding=\"async\" src=\"https:\/\/psicologia.udd.cl\/files\/2020\/10\/CARE-PLEB-2.png\" alt=\"\" class=\"wp-image-41657\" \/><\/figure><\/div>\n","protected":false},"excerpt":{"rendered":"<p>El Laboratorio de estr\u00e9s, perteneciente al Centro de Apego y Regulaci\u00f3n Emocional (CARE) realiz\u00f3 un estudio panel acerca de las emociones asociadas al plebiscito y estos fueron los resultados. En esta investigaci\u00f3n participaron acad\u00e9micos investigadores, estudiantes de doctorado y asistentes de investigaci\u00f3n. &nbsp;Lee el art\u00edculo completo ac\u00e1<\/p>\n","protected":false},"author":0,"featured_media":0,"comment_status":"open","ping_status":"open","sticky":false,"template":"","format":"standard","meta":{"footnotes":""},"categories":[69],"tags":[],"class_list":["post-1406","post","type-post","status-publish","format-standard","hentry","category-noticias"],"yoast_head":"<!-- This site is optimized with the Yoast SEO plugin v26.9 - https:\/\/yoast.com\/product\/yoast-seo-wordpress\/ -->\n<title>#Prensa- Estudio del CARE sobre emociones frente al plebiscito es publicado en El Mercurio - Doctorado en Ciencias del Desarrollo y Psicopatolog\u00eda<\/title>\n<meta name=\"robots\" content=\"index, follow, max-snippet:-1, max-image-preview:large, max-video-preview:-1\" \/>\n<link rel=\"canonical\" href=\"https:\/\/psicologia.udd.cl\/doctorado\/es\/2020\/10\/26\/prensa-estudio-del-care-sobre-emociones-frente-al-plebiscito-es-publicado-en-el-mercurio\/\" \/>\n<meta property=\"og:locale\" content=\"es_ES\" \/>\n<meta property=\"og:type\" content=\"article\" \/>\n<meta property=\"og:title\" content=\"#Prensa- Estudio del CARE sobre emociones frente al plebiscito es publicado en El Mercurio - Doctorado en Ciencias del Desarrollo y Psicopatolog\u00eda\" \/>\n<meta property=\"og:description\" content=\"El Laboratorio de estr\u00e9s, perteneciente al Centro de Apego y Regulaci\u00f3n Emocional (CARE) realiz\u00f3 un estudio panel acerca de las emociones asociadas al plebiscito y estos fueron los resultados. En esta investigaci\u00f3n participaron acad\u00e9micos investigadores, estudiantes de doctorado y asistentes de investigaci\u00f3n. &nbsp;Lee el art\u00edculo completo ac\u00e1\" \/>\n<meta property=\"og:url\" content=\"https:\/\/psicologia.udd.cl\/doctorado\/es\/2020\/10\/26\/prensa-estudio-del-care-sobre-emociones-frente-al-plebiscito-es-publicado-en-el-mercurio\/\" \/>\n<meta property=\"og:site_name\" content=\"Doctorado en Ciencias del Desarrollo y Psicopatolog\u00eda\" \/>\n<meta property=\"article:published_time\" content=\"2020-10-26T15:31:01+00:00\" \/>\n<meta property=\"og:image\" content=\"https:\/\/psicologia.udd.cl\/files\/2020\/10\/CARE-PLEB-1.png\" \/>\n<meta name=\"twitter:card\" content=\"summary_large_image\" \/>\n<script type=\"application\/ld+json\" class=\"yoast-schema-graph\">{\"@context\":\"https:\/\/schema.org\",\"@graph\":[{\"@type\":\"Article\",\"@id\":\"https:\/\/psicologia.udd.cl\/doctorado\/es\/2020\/10\/26\/prensa-estudio-del-care-sobre-emociones-frente-al-plebiscito-es-publicado-en-el-mercurio\/#article\",\"isPartOf\":{\"@id\":\"https:\/\/psicologia.udd.cl\/doctorado\/es\/2020\/10\/26\/prensa-estudio-del-care-sobre-emociones-frente-al-plebiscito-es-publicado-en-el-mercurio\/\"},\"author\":{\"name\":\"\",\"@id\":\"\"},\"headline\":\"#Prensa- Estudio del CARE sobre emociones frente al plebiscito es publicado en El Mercurio\",\"datePublished\":\"2020-10-26T15:31:01+00:00\",\"mainEntityOfPage\":{\"@id\":\"https:\/\/psicologia.udd.cl\/doctorado\/es\/2020\/10\/26\/prensa-estudio-del-care-sobre-emociones-frente-al-plebiscito-es-publicado-en-el-mercurio\/\"},\"wordCount\":68,\"commentCount\":0,\"image\":{\"@id\":\"https:\/\/psicologia.udd.cl\/doctorado\/es\/2020\/10\/26\/prensa-estudio-del-care-sobre-emociones-frente-al-plebiscito-es-publicado-en-el-mercurio\/#primaryimage\"},\"thumbnailUrl\":\"https:\/\/psicologia.udd.cl\/files\/2020\/10\/CARE-PLEB-1.png\",\"articleSection\":[\"Noticias\"],\"inLanguage\":\"es\",\"potentialAction\":[{\"@type\":\"CommentAction\",\"name\":\"Comment\",\"target\":[\"https:\/\/psicologia.udd.cl\/doctorado\/es\/2020\/10\/26\/prensa-estudio-del-care-sobre-emociones-frente-al-plebiscito-es-publicado-en-el-mercurio\/#respond\"]}]},{\"@type\":\"WebPage\",\"@id\":\"https:\/\/psicologia.udd.cl\/doctorado\/es\/2020\/10\/26\/prensa-estudio-del-care-sobre-emociones-frente-al-plebiscito-es-publicado-en-el-mercurio\/\",\"url\":\"https:\/\/psicologia.udd.cl\/doctorado\/es\/2020\/10\/26\/prensa-estudio-del-care-sobre-emociones-frente-al-plebiscito-es-publicado-en-el-mercurio\/\",\"name\":\"#Prensa- Estudio del CARE sobre emociones frente al plebiscito es publicado en El Mercurio - Doctorado en Ciencias del Desarrollo y Psicopatolog\u00eda\",\"isPartOf\":{\"@id\":\"https:\/\/psicologia.udd.cl\/doctorado\/#website\"},\"primaryImageOfPage\":{\"@id\":\"https:\/\/psicologia.udd.cl\/doctorado\/es\/2020\/10\/26\/prensa-estudio-del-care-sobre-emociones-frente-al-plebiscito-es-publicado-en-el-mercurio\/#primaryimage\"},\"image\":{\"@id\":\"https:\/\/psicologia.udd.cl\/doctorado\/es\/2020\/10\/26\/prensa-estudio-del-care-sobre-emociones-frente-al-plebiscito-es-publicado-en-el-mercurio\/#primaryimage\"},\"thumbnailUrl\":\"https:\/\/psicologia.udd.cl\/files\/2020\/10\/CARE-PLEB-1.png\",\"datePublished\":\"2020-10-26T15:31:01+00:00\",\"author\":{\"@id\":\"\"},\"inLanguage\":\"es\",\"potentialAction\":[{\"@type\":\"ReadAction\",\"target\":[\"https:\/\/psicologia.udd.cl\/doctorado\/es\/2020\/10\/26\/prensa-estudio-del-care-sobre-emociones-frente-al-plebiscito-es-publicado-en-el-mercurio\/\"]}]},{\"@type\":\"ImageObject\",\"inLanguage\":\"es\",\"@id\":\"https:\/\/psicologia.udd.cl\/doctorado\/es\/2020\/10\/26\/prensa-estudio-del-care-sobre-emociones-frente-al-plebiscito-es-publicado-en-el-mercurio\/#primaryimage\",\"url\":\"https:\/\/psicologia.udd.cl\/files\/2020\/10\/CARE-PLEB-1.png\",\"contentUrl\":\"https:\/\/psicologia.udd.cl\/files\/2020\/10\/CARE-PLEB-1.png\"},{\"@type\":\"WebSite\",\"@id\":\"https:\/\/psicologia.udd.cl\/doctorado\/#website\",\"url\":\"https:\/\/psicologia.udd.cl\/doctorado\/\",\"name\":\"Doctorado en Ciencias del Desarrollo y Psicopatolog\u00eda\",\"description\":\"\",\"inLanguage\":\"es\"}]}<\/script>\n<!-- \/ Yoast SEO plugin. -->","yoast_head_json":{"title":"#Prensa- Estudio del CARE sobre emociones frente al plebiscito es publicado en El Mercurio - Doctorado en Ciencias del Desarrollo y Psicopatolog\u00eda","robots":{"index":"index","follow":"follow","max-snippet":"max-snippet:-1","max-image-preview":"max-image-preview:large","max-video-preview":"max-video-preview:-1"},"canonical":"https:\/\/psicologia.udd.cl\/doctorado\/es\/2020\/10\/26\/prensa-estudio-del-care-sobre-emociones-frente-al-plebiscito-es-publicado-en-el-mercurio\/","og_locale":"es_ES","og_type":"article","og_title":"#Prensa- Estudio del CARE sobre emociones frente al plebiscito es publicado en El Mercurio - Doctorado en Ciencias del Desarrollo y Psicopatolog\u00eda","og_description":"El Laboratorio de estr\u00e9s, perteneciente al Centro de Apego y Regulaci\u00f3n Emocional (CARE) realiz\u00f3 un estudio panel acerca de las emociones asociadas al plebiscito y estos fueron los resultados. En esta investigaci\u00f3n participaron acad\u00e9micos investigadores, estudiantes de doctorado y asistentes de investigaci\u00f3n. &nbsp;Lee el art\u00edculo completo ac\u00e1","og_url":"https:\/\/psicologia.udd.cl\/doctorado\/es\/2020\/10\/26\/prensa-estudio-del-care-sobre-emociones-frente-al-plebiscito-es-publicado-en-el-mercurio\/","og_site_name":"Doctorado en Ciencias del Desarrollo y Psicopatolog\u00eda","article_published_time":"2020-10-26T15:31:01+00:00","og_image":[{"url":"https:\/\/psicologia.udd.cl\/files\/2020\/10\/CARE-PLEB-1.png","type":"","width":"","height":""}],"twitter_card":"summary_large_image","schema":{"@context":"https:\/\/schema.org","@graph":[{"@type":"Article","@id":"https:\/\/psicologia.udd.cl\/doctorado\/es\/2020\/10\/26\/prensa-estudio-del-care-sobre-emociones-frente-al-plebiscito-es-publicado-en-el-mercurio\/#article","isPartOf":{"@id":"https:\/\/psicologia.udd.cl\/doctorado\/es\/2020\/10\/26\/prensa-estudio-del-care-sobre-emociones-frente-al-plebiscito-es-publicado-en-el-mercurio\/"},"author":{"name":"","@id":""},"headline":"#Prensa- Estudio del CARE sobre emociones frente al plebiscito es publicado en El Mercurio","datePublished":"2020-10-26T15:31:01+00:00","mainEntityOfPage":{"@id":"https:\/\/psicologia.udd.cl\/doctorado\/es\/2020\/10\/26\/prensa-estudio-del-care-sobre-emociones-frente-al-plebiscito-es-publicado-en-el-mercurio\/"},"wordCount":68,"commentCount":0,"image":{"@id":"https:\/\/psicologia.udd.cl\/doctorado\/es\/2020\/10\/26\/prensa-estudio-del-care-sobre-emociones-frente-al-plebiscito-es-publicado-en-el-mercurio\/#primaryimage"},"thumbnailUrl":"https:\/\/psicologia.udd.cl\/files\/2020\/10\/CARE-PLEB-1.png","articleSection":["Noticias"],"inLanguage":"es","potentialAction":[{"@type":"CommentAction","name":"Comment","target":["https:\/\/psicologia.udd.cl\/doctorado\/es\/2020\/10\/26\/prensa-estudio-del-care-sobre-emociones-frente-al-plebiscito-es-publicado-en-el-mercurio\/#respond"]}]},{"@type":"WebPage","@id":"https:\/\/psicologia.udd.cl\/doctorado\/es\/2020\/10\/26\/prensa-estudio-del-care-sobre-emociones-frente-al-plebiscito-es-publicado-en-el-mercurio\/","url":"https:\/\/psicologia.udd.cl\/doctorado\/es\/2020\/10\/26\/prensa-estudio-del-care-sobre-emociones-frente-al-plebiscito-es-publicado-en-el-mercurio\/","name":"#Prensa- Estudio del CARE sobre emociones frente al plebiscito es publicado en El Mercurio - Doctorado en Ciencias del Desarrollo y Psicopatolog\u00eda","isPartOf":{"@id":"https:\/\/psicologia.udd.cl\/doctorado\/#website"},"primaryImageOfPage":{"@id":"https:\/\/psicologia.udd.cl\/doctorado\/es\/2020\/10\/26\/prensa-estudio-del-care-sobre-emociones-frente-al-plebiscito-es-publicado-en-el-mercurio\/#primaryimage"},"image":{"@id":"https:\/\/psicologia.udd.cl\/doctorado\/es\/2020\/10\/26\/prensa-estudio-del-care-sobre-emociones-frente-al-plebiscito-es-publicado-en-el-mercurio\/#primaryimage"},"thumbnailUrl":"https:\/\/psicologia.udd.cl\/files\/2020\/10\/CARE-PLEB-1.png","datePublished":"2020-10-26T15:31:01+00:00","author":{"@id":""},"inLanguage":"es","potentialAction":[{"@type":"ReadAction","target":["https:\/\/psicologia.udd.cl\/doctorado\/es\/2020\/10\/26\/prensa-estudio-del-care-sobre-emociones-frente-al-plebiscito-es-publicado-en-el-mercurio\/"]}]},{"@type":"ImageObject","inLanguage":"es","@id":"https:\/\/psicologia.udd.cl\/doctorado\/es\/2020\/10\/26\/prensa-estudio-del-care-sobre-emociones-frente-al-plebiscito-es-publicado-en-el-mercurio\/#primaryimage","url":"https:\/\/psicologia.udd.cl\/files\/2020\/10\/CARE-PLEB-1.png","contentUrl":"https:\/\/psicologia.udd.cl\/files\/2020\/10\/CARE-PLEB-1.png"},{"@type":"WebSite","@id":"https:\/\/psicologia.udd.cl\/doctorado\/#website","url":"https:\/\/psicologia.udd.cl\/doctorado\/","name":"Doctorado en Ciencias del Desarrollo y Psicopatolog\u00eda","description":"","inLanguage":"es"}]}},"featured_image_url":null,"_links":{"self":[{"href":"https:\/\/psicologia.udd.cl\/doctorado\/wp-json\/wp\/v2\/posts\/1406","targetHints":{"allow":["GET"]}}],"collection":[{"href":"https:\/\/psicologia.udd.cl\/doctorado\/wp-json\/wp\/v2\/posts"}],"about":[{"href":"https:\/\/psicologia.udd.cl\/doctorado\/wp-json\/wp\/v2\/types\/post"}],"replies":[{"embeddable":true,"href":"https:\/\/psicologia.udd.cl\/doctorado\/wp-json\/wp\/v2\/comments?post=1406"}],"version-history":[{"count":0,"href":"https:\/\/psicologia.udd.cl\/doctorado\/wp-json\/wp\/v2\/posts\/1406\/revisions"}],"wp:attachment":[{"href":"https:\/\/psicologia.udd.cl\/doctorado\/wp-json\/wp\/v2\/media?parent=1406"}],"wp:term":[{"taxonomy":"category","embeddable":true,"href":"https:\/\/psicologia.udd.cl\/doctorado\/wp-json\/wp\/v2\/categories?post=1406"},{"taxonomy":"post_tag","embeddable":true,"href":"https:\/\/psicologia.udd.cl\/doctorado\/wp-json\/wp\/v2\/tags?post=1406"}],"curies":[{"name":"wp","href":"https:\/\/api.w.org\/{rel}","templated":true}]}}