{"id":1364,"date":"2020-07-15T20:05:57","date_gmt":"2020-07-15T20:05:57","guid":{"rendered":"http:\/\/psicologia.udd.cl\/doctorado\/?p=1364"},"modified":"2020-07-15T20:05:57","modified_gmt":"2020-07-15T20:05:57","slug":"prensa-salud-mental-en-ninos","status":"publish","type":"post","link":"https:\/\/psicologia.udd.cl\/doctorado\/es\/2020\/07\/15\/prensa-salud-mental-en-ninos\/","title":{"rendered":"#Prensa- Salud Mental en ni\u00f1os"},"content":{"rendered":"\n<figure class=\"wp-block-embed-youtube wp-block-embed is-type-video is-provider-youtube wp-embed-aspect-4-3 wp-has-aspect-ratio\"><div class=\"wp-block-embed__wrapper\">\n<iframe loading=\"lazy\" title=\"TVN- Salud mental a dos meses de cuarentena\" width=\"500\" height=\"375\" src=\"https:\/\/www.youtube.com\/embed\/1SV5_sJWaOY?feature=oembed\" frameborder=\"0\" allow=\"accelerometer; autoplay; clipboard-write; encrypted-media; gyroscope; picture-in-picture; web-share\" referrerpolicy=\"strict-origin-when-cross-origin\" allowfullscreen><\/iframe>\n<\/div><\/figure>\n\n\n\n<p>La&nbsp;<strong>Dra. Daniela Aldoney<\/strong>, directora del FAIN, fue entrevistada por el equipo del noticiero 24 horas, de TVN, por su conocimiento experto en Salud Mental infantil, a ra\u00edz de los m\u00e1s de dos meses que ya llevan muchos ni\u00f1os en confinamiento, por las cuarentenas en la Regi\u00f3n Metropolitana.<\/p>\n\n\n\n<p>Al respecto, la Dra. Aldoney declar\u00f3 que \u00ablos ni\u00f1os est\u00e1n m\u00e1s necesitados de quienes los contengan y que les digan que todo va a estar bien\u00bb. Revisa la nota completa en el video.<\/p>\n","protected":false},"excerpt":{"rendered":"<p>La&nbsp;Dra. Daniela Aldoney, directora del FAIN, fue entrevistada por el equipo del noticiero 24 horas, de TVN, por su conocimiento experto en Salud Mental infantil, a ra\u00edz de los m\u00e1s de dos meses que ya llevan muchos ni\u00f1os en confinamiento, por las cuarentenas en la Regi\u00f3n Metropolitana. Al respecto, la Dra. Aldoney declar\u00f3 que \u00ablos [&hellip;]<\/p>\n","protected":false},"author":0,"featured_media":0,"comment_status":"open","ping_status":"open","sticky":false,"template":"","format":"standard","meta":{"footnotes":""},"categories":[69],"tags":[],"class_list":["post-1364","post","type-post","status-publish","format-standard","hentry","category-noticias"],"yoast_head":"<!-- This site is optimized with the Yoast SEO plugin v26.9 - https:\/\/yoast.com\/product\/yoast-seo-wordpress\/ -->\n<title>#Prensa- Salud Mental en ni\u00f1os - Doctorado en Ciencias del Desarrollo y Psicopatolog\u00eda<\/title>\n<meta name=\"robots\" content=\"index, follow, max-snippet:-1, max-image-preview:large, max-video-preview:-1\" \/>\n<link rel=\"canonical\" href=\"https:\/\/psicologia.udd.cl\/doctorado\/es\/2020\/07\/15\/prensa-salud-mental-en-ninos\/\" \/>\n<meta property=\"og:locale\" content=\"es_ES\" \/>\n<meta property=\"og:type\" content=\"article\" \/>\n<meta property=\"og:title\" content=\"#Prensa- Salud Mental en ni\u00f1os - Doctorado en Ciencias del Desarrollo y Psicopatolog\u00eda\" \/>\n<meta property=\"og:description\" content=\"La&nbsp;Dra. Daniela Aldoney, directora del FAIN, fue entrevistada por el equipo del noticiero 24 horas, de TVN, por su conocimiento experto en Salud Mental infantil, a ra\u00edz de los m\u00e1s de dos meses que ya llevan muchos ni\u00f1os en confinamiento, por las cuarentenas en la Regi\u00f3n Metropolitana. Al respecto, la Dra. Aldoney declar\u00f3 que \u00ablos [&hellip;]\" \/>\n<meta property=\"og:url\" content=\"https:\/\/psicologia.udd.cl\/doctorado\/es\/2020\/07\/15\/prensa-salud-mental-en-ninos\/\" \/>\n<meta property=\"og:site_name\" content=\"Doctorado en Ciencias del Desarrollo y Psicopatolog\u00eda\" \/>\n<meta property=\"article:published_time\" content=\"2020-07-15T20:05:57+00:00\" \/>\n<meta name=\"twitter:card\" content=\"summary_large_image\" \/>\n<script type=\"application\/ld+json\" class=\"yoast-schema-graph\">{\"@context\":\"https:\/\/schema.org\",\"@graph\":[{\"@type\":\"Article\",\"@id\":\"https:\/\/psicologia.udd.cl\/doctorado\/es\/2020\/07\/15\/prensa-salud-mental-en-ninos\/#article\",\"isPartOf\":{\"@id\":\"https:\/\/psicologia.udd.cl\/doctorado\/es\/2020\/07\/15\/prensa-salud-mental-en-ninos\/\"},\"author\":{\"name\":\"\",\"@id\":\"\"},\"headline\":\"#Prensa- Salud Mental en ni\u00f1os\",\"datePublished\":\"2020-07-15T20:05:57+00:00\",\"mainEntityOfPage\":{\"@id\":\"https:\/\/psicologia.udd.cl\/doctorado\/es\/2020\/07\/15\/prensa-salud-mental-en-ninos\/\"},\"wordCount\":99,\"commentCount\":0,\"articleSection\":[\"Noticias\"],\"inLanguage\":\"es\",\"potentialAction\":[{\"@type\":\"CommentAction\",\"name\":\"Comment\",\"target\":[\"https:\/\/psicologia.udd.cl\/doctorado\/es\/2020\/07\/15\/prensa-salud-mental-en-ninos\/#respond\"]}]},{\"@type\":\"WebPage\",\"@id\":\"https:\/\/psicologia.udd.cl\/doctorado\/es\/2020\/07\/15\/prensa-salud-mental-en-ninos\/\",\"url\":\"https:\/\/psicologia.udd.cl\/doctorado\/es\/2020\/07\/15\/prensa-salud-mental-en-ninos\/\",\"name\":\"#Prensa- Salud Mental en ni\u00f1os - Doctorado en Ciencias del Desarrollo y Psicopatolog\u00eda\",\"isPartOf\":{\"@id\":\"https:\/\/psicologia.udd.cl\/doctorado\/#website\"},\"datePublished\":\"2020-07-15T20:05:57+00:00\",\"author\":{\"@id\":\"\"},\"inLanguage\":\"es\",\"potentialAction\":[{\"@type\":\"ReadAction\",\"target\":[\"https:\/\/psicologia.udd.cl\/doctorado\/es\/2020\/07\/15\/prensa-salud-mental-en-ninos\/\"]}]},{\"@type\":\"WebSite\",\"@id\":\"https:\/\/psicologia.udd.cl\/doctorado\/#website\",\"url\":\"https:\/\/psicologia.udd.cl\/doctorado\/\",\"name\":\"Doctorado en Ciencias del Desarrollo y Psicopatolog\u00eda\",\"description\":\"\",\"inLanguage\":\"es\"}]}<\/script>\n<!-- \/ Yoast SEO plugin. -->","yoast_head_json":{"title":"#Prensa- Salud Mental en ni\u00f1os - Doctorado en Ciencias del Desarrollo y Psicopatolog\u00eda","robots":{"index":"index","follow":"follow","max-snippet":"max-snippet:-1","max-image-preview":"max-image-preview:large","max-video-preview":"max-video-preview:-1"},"canonical":"https:\/\/psicologia.udd.cl\/doctorado\/es\/2020\/07\/15\/prensa-salud-mental-en-ninos\/","og_locale":"es_ES","og_type":"article","og_title":"#Prensa- Salud Mental en ni\u00f1os - Doctorado en Ciencias del Desarrollo y Psicopatolog\u00eda","og_description":"La&nbsp;Dra. Daniela Aldoney, directora del FAIN, fue entrevistada por el equipo del noticiero 24 horas, de TVN, por su conocimiento experto en Salud Mental infantil, a ra\u00edz de los m\u00e1s de dos meses que ya llevan muchos ni\u00f1os en confinamiento, por las cuarentenas en la Regi\u00f3n Metropolitana. Al respecto, la Dra. Aldoney declar\u00f3 que \u00ablos [&hellip;]","og_url":"https:\/\/psicologia.udd.cl\/doctorado\/es\/2020\/07\/15\/prensa-salud-mental-en-ninos\/","og_site_name":"Doctorado en Ciencias del Desarrollo y Psicopatolog\u00eda","article_published_time":"2020-07-15T20:05:57+00:00","twitter_card":"summary_large_image","schema":{"@context":"https:\/\/schema.org","@graph":[{"@type":"Article","@id":"https:\/\/psicologia.udd.cl\/doctorado\/es\/2020\/07\/15\/prensa-salud-mental-en-ninos\/#article","isPartOf":{"@id":"https:\/\/psicologia.udd.cl\/doctorado\/es\/2020\/07\/15\/prensa-salud-mental-en-ninos\/"},"author":{"name":"","@id":""},"headline":"#Prensa- Salud Mental en ni\u00f1os","datePublished":"2020-07-15T20:05:57+00:00","mainEntityOfPage":{"@id":"https:\/\/psicologia.udd.cl\/doctorado\/es\/2020\/07\/15\/prensa-salud-mental-en-ninos\/"},"wordCount":99,"commentCount":0,"articleSection":["Noticias"],"inLanguage":"es","potentialAction":[{"@type":"CommentAction","name":"Comment","target":["https:\/\/psicologia.udd.cl\/doctorado\/es\/2020\/07\/15\/prensa-salud-mental-en-ninos\/#respond"]}]},{"@type":"WebPage","@id":"https:\/\/psicologia.udd.cl\/doctorado\/es\/2020\/07\/15\/prensa-salud-mental-en-ninos\/","url":"https:\/\/psicologia.udd.cl\/doctorado\/es\/2020\/07\/15\/prensa-salud-mental-en-ninos\/","name":"#Prensa- Salud Mental en ni\u00f1os - Doctorado en Ciencias del Desarrollo y Psicopatolog\u00eda","isPartOf":{"@id":"https:\/\/psicologia.udd.cl\/doctorado\/#website"},"datePublished":"2020-07-15T20:05:57+00:00","author":{"@id":""},"inLanguage":"es","potentialAction":[{"@type":"ReadAction","target":["https:\/\/psicologia.udd.cl\/doctorado\/es\/2020\/07\/15\/prensa-salud-mental-en-ninos\/"]}]},{"@type":"WebSite","@id":"https:\/\/psicologia.udd.cl\/doctorado\/#website","url":"https:\/\/psicologia.udd.cl\/doctorado\/","name":"Doctorado en Ciencias del Desarrollo y Psicopatolog\u00eda","description":"","inLanguage":"es"}]}},"featured_image_url":null,"_links":{"self":[{"href":"https:\/\/psicologia.udd.cl\/doctorado\/wp-json\/wp\/v2\/posts\/1364","targetHints":{"allow":["GET"]}}],"collection":[{"href":"https:\/\/psicologia.udd.cl\/doctorado\/wp-json\/wp\/v2\/posts"}],"about":[{"href":"https:\/\/psicologia.udd.cl\/doctorado\/wp-json\/wp\/v2\/types\/post"}],"replies":[{"embeddable":true,"href":"https:\/\/psicologia.udd.cl\/doctorado\/wp-json\/wp\/v2\/comments?post=1364"}],"version-history":[{"count":0,"href":"https:\/\/psicologia.udd.cl\/doctorado\/wp-json\/wp\/v2\/posts\/1364\/revisions"}],"wp:attachment":[{"href":"https:\/\/psicologia.udd.cl\/doctorado\/wp-json\/wp\/v2\/media?parent=1364"}],"wp:term":[{"taxonomy":"category","embeddable":true,"href":"https:\/\/psicologia.udd.cl\/doctorado\/wp-json\/wp\/v2\/categories?post=1364"},{"taxonomy":"post_tag","embeddable":true,"href":"https:\/\/psicologia.udd.cl\/doctorado\/wp-json\/wp\/v2\/tags?post=1364"}],"curies":[{"name":"wp","href":"https:\/\/api.w.org\/{rel}","templated":true}]}}