{"id":1357,"date":"2020-07-03T16:03:32","date_gmt":"2020-07-03T16:03:32","guid":{"rendered":"http:\/\/psicologia.udd.cl\/doctorado\/?p=1357"},"modified":"2020-07-03T16:03:32","modified_gmt":"2020-07-03T16:03:32","slug":"video-autoregulacion-en-ninos-y-ninas","status":"publish","type":"post","link":"https:\/\/psicologia.udd.cl\/doctorado\/es\/2020\/07\/03\/video-autoregulacion-en-ninos-y-ninas\/","title":{"rendered":"[Video] Autoregulaci\u00f3n en ni\u00f1os y ni\u00f1as"},"content":{"rendered":"\n<figure class=\"wp-block-embed-youtube wp-block-embed is-type-video is-provider-youtube wp-embed-aspect-16-9 wp-has-aspect-ratio\"><div class=\"wp-block-embed__wrapper\">\n<iframe loading=\"lazy\" title=\"Cap\u00edtulo N\u00b0 7 #Conect\u00e9monos Con la autorregulaci\u00f3n en ni\u00f1as\/os: una mirada desde el desarrollo\" width=\"500\" height=\"281\" src=\"https:\/\/www.youtube.com\/embed\/9MZS0081s6g?feature=oembed\" frameborder=\"0\" allow=\"accelerometer; autoplay; clipboard-write; encrypted-media; gyroscope; picture-in-picture; web-share\" referrerpolicy=\"strict-origin-when-cross-origin\" allowfullscreen><\/iframe>\n<\/div><\/figure>\n\n\n\n<p><\/p>\n\n\n\n<p>La directora del Fain, Dra. Daniela Aldoney, fue invitada por la Subsecretar\u00eda de Educaci\u00f3n Parvularia a dictar una charla para el programa online que transmiten. En este caso, la Dra. Aldoney expuso sobre su tem\u00e1tica de investigaci\u00f3n: la autoregulaci\u00f3n en ni\u00f1os y ni\u00f1as.<\/p>\n","protected":false},"excerpt":{"rendered":"<p>La directora del Fain, Dra. Daniela Aldoney, fue invitada por la Subsecretar\u00eda de Educaci\u00f3n Parvularia a dictar una charla para el programa online que transmiten. En este caso, la Dra. Aldoney expuso sobre su tem\u00e1tica de investigaci\u00f3n: la autoregulaci\u00f3n en ni\u00f1os y ni\u00f1as.<\/p>\n","protected":false},"author":0,"featured_media":0,"comment_status":"open","ping_status":"open","sticky":false,"template":"","format":"standard","meta":{"footnotes":""},"categories":[69],"tags":[],"class_list":["post-1357","post","type-post","status-publish","format-standard","hentry","category-noticias"],"yoast_head":"<!-- This site is optimized with the Yoast SEO plugin v26.9 - https:\/\/yoast.com\/product\/yoast-seo-wordpress\/ -->\n<title>[Video] Autoregulaci\u00f3n en ni\u00f1os y ni\u00f1as - Doctorado en Ciencias del Desarrollo y Psicopatolog\u00eda<\/title>\n<meta name=\"robots\" content=\"index, follow, max-snippet:-1, max-image-preview:large, max-video-preview:-1\" \/>\n<link rel=\"canonical\" href=\"https:\/\/psicologia.udd.cl\/doctorado\/es\/2020\/07\/03\/video-autoregulacion-en-ninos-y-ninas\/\" \/>\n<meta property=\"og:locale\" content=\"es_ES\" \/>\n<meta property=\"og:type\" content=\"article\" \/>\n<meta property=\"og:title\" content=\"[Video] Autoregulaci\u00f3n en ni\u00f1os y ni\u00f1as - Doctorado en Ciencias del Desarrollo y Psicopatolog\u00eda\" \/>\n<meta property=\"og:description\" content=\"La directora del Fain, Dra. Daniela Aldoney, fue invitada por la Subsecretar\u00eda de Educaci\u00f3n Parvularia a dictar una charla para el programa online que transmiten. En este caso, la Dra. Aldoney expuso sobre su tem\u00e1tica de investigaci\u00f3n: la autoregulaci\u00f3n en ni\u00f1os y ni\u00f1as.\" \/>\n<meta property=\"og:url\" content=\"https:\/\/psicologia.udd.cl\/doctorado\/es\/2020\/07\/03\/video-autoregulacion-en-ninos-y-ninas\/\" \/>\n<meta property=\"og:site_name\" content=\"Doctorado en Ciencias del Desarrollo y Psicopatolog\u00eda\" \/>\n<meta property=\"article:published_time\" content=\"2020-07-03T16:03:32+00:00\" \/>\n<meta name=\"twitter:card\" content=\"summary_large_image\" \/>\n<script type=\"application\/ld+json\" class=\"yoast-schema-graph\">{\"@context\":\"https:\/\/schema.org\",\"@graph\":[{\"@type\":\"Article\",\"@id\":\"https:\/\/psicologia.udd.cl\/doctorado\/es\/2020\/07\/03\/video-autoregulacion-en-ninos-y-ninas\/#article\",\"isPartOf\":{\"@id\":\"https:\/\/psicologia.udd.cl\/doctorado\/es\/2020\/07\/03\/video-autoregulacion-en-ninos-y-ninas\/\"},\"author\":{\"name\":\"\",\"@id\":\"\"},\"headline\":\"[Video] Autoregulaci\u00f3n en ni\u00f1os y ni\u00f1as\",\"datePublished\":\"2020-07-03T16:03:32+00:00\",\"mainEntityOfPage\":{\"@id\":\"https:\/\/psicologia.udd.cl\/doctorado\/es\/2020\/07\/03\/video-autoregulacion-en-ninos-y-ninas\/\"},\"wordCount\":65,\"commentCount\":0,\"articleSection\":[\"Noticias\"],\"inLanguage\":\"es\",\"potentialAction\":[{\"@type\":\"CommentAction\",\"name\":\"Comment\",\"target\":[\"https:\/\/psicologia.udd.cl\/doctorado\/es\/2020\/07\/03\/video-autoregulacion-en-ninos-y-ninas\/#respond\"]}]},{\"@type\":\"WebPage\",\"@id\":\"https:\/\/psicologia.udd.cl\/doctorado\/es\/2020\/07\/03\/video-autoregulacion-en-ninos-y-ninas\/\",\"url\":\"https:\/\/psicologia.udd.cl\/doctorado\/es\/2020\/07\/03\/video-autoregulacion-en-ninos-y-ninas\/\",\"name\":\"[Video] Autoregulaci\u00f3n en ni\u00f1os y ni\u00f1as - Doctorado en Ciencias del Desarrollo y Psicopatolog\u00eda\",\"isPartOf\":{\"@id\":\"https:\/\/psicologia.udd.cl\/doctorado\/#website\"},\"datePublished\":\"2020-07-03T16:03:32+00:00\",\"author\":{\"@id\":\"\"},\"inLanguage\":\"es\",\"potentialAction\":[{\"@type\":\"ReadAction\",\"target\":[\"https:\/\/psicologia.udd.cl\/doctorado\/es\/2020\/07\/03\/video-autoregulacion-en-ninos-y-ninas\/\"]}]},{\"@type\":\"WebSite\",\"@id\":\"https:\/\/psicologia.udd.cl\/doctorado\/#website\",\"url\":\"https:\/\/psicologia.udd.cl\/doctorado\/\",\"name\":\"Doctorado en Ciencias del Desarrollo y Psicopatolog\u00eda\",\"description\":\"\",\"inLanguage\":\"es\"}]}<\/script>\n<!-- \/ Yoast SEO plugin. -->","yoast_head_json":{"title":"[Video] Autoregulaci\u00f3n en ni\u00f1os y ni\u00f1as - Doctorado en Ciencias del Desarrollo y Psicopatolog\u00eda","robots":{"index":"index","follow":"follow","max-snippet":"max-snippet:-1","max-image-preview":"max-image-preview:large","max-video-preview":"max-video-preview:-1"},"canonical":"https:\/\/psicologia.udd.cl\/doctorado\/es\/2020\/07\/03\/video-autoregulacion-en-ninos-y-ninas\/","og_locale":"es_ES","og_type":"article","og_title":"[Video] Autoregulaci\u00f3n en ni\u00f1os y ni\u00f1as - Doctorado en Ciencias del Desarrollo y Psicopatolog\u00eda","og_description":"La directora del Fain, Dra. Daniela Aldoney, fue invitada por la Subsecretar\u00eda de Educaci\u00f3n Parvularia a dictar una charla para el programa online que transmiten. En este caso, la Dra. Aldoney expuso sobre su tem\u00e1tica de investigaci\u00f3n: la autoregulaci\u00f3n en ni\u00f1os y ni\u00f1as.","og_url":"https:\/\/psicologia.udd.cl\/doctorado\/es\/2020\/07\/03\/video-autoregulacion-en-ninos-y-ninas\/","og_site_name":"Doctorado en Ciencias del Desarrollo y Psicopatolog\u00eda","article_published_time":"2020-07-03T16:03:32+00:00","twitter_card":"summary_large_image","schema":{"@context":"https:\/\/schema.org","@graph":[{"@type":"Article","@id":"https:\/\/psicologia.udd.cl\/doctorado\/es\/2020\/07\/03\/video-autoregulacion-en-ninos-y-ninas\/#article","isPartOf":{"@id":"https:\/\/psicologia.udd.cl\/doctorado\/es\/2020\/07\/03\/video-autoregulacion-en-ninos-y-ninas\/"},"author":{"name":"","@id":""},"headline":"[Video] Autoregulaci\u00f3n en ni\u00f1os y ni\u00f1as","datePublished":"2020-07-03T16:03:32+00:00","mainEntityOfPage":{"@id":"https:\/\/psicologia.udd.cl\/doctorado\/es\/2020\/07\/03\/video-autoregulacion-en-ninos-y-ninas\/"},"wordCount":65,"commentCount":0,"articleSection":["Noticias"],"inLanguage":"es","potentialAction":[{"@type":"CommentAction","name":"Comment","target":["https:\/\/psicologia.udd.cl\/doctorado\/es\/2020\/07\/03\/video-autoregulacion-en-ninos-y-ninas\/#respond"]}]},{"@type":"WebPage","@id":"https:\/\/psicologia.udd.cl\/doctorado\/es\/2020\/07\/03\/video-autoregulacion-en-ninos-y-ninas\/","url":"https:\/\/psicologia.udd.cl\/doctorado\/es\/2020\/07\/03\/video-autoregulacion-en-ninos-y-ninas\/","name":"[Video] Autoregulaci\u00f3n en ni\u00f1os y ni\u00f1as - Doctorado en Ciencias del Desarrollo y Psicopatolog\u00eda","isPartOf":{"@id":"https:\/\/psicologia.udd.cl\/doctorado\/#website"},"datePublished":"2020-07-03T16:03:32+00:00","author":{"@id":""},"inLanguage":"es","potentialAction":[{"@type":"ReadAction","target":["https:\/\/psicologia.udd.cl\/doctorado\/es\/2020\/07\/03\/video-autoregulacion-en-ninos-y-ninas\/"]}]},{"@type":"WebSite","@id":"https:\/\/psicologia.udd.cl\/doctorado\/#website","url":"https:\/\/psicologia.udd.cl\/doctorado\/","name":"Doctorado en Ciencias del Desarrollo y Psicopatolog\u00eda","description":"","inLanguage":"es"}]}},"featured_image_url":null,"_links":{"self":[{"href":"https:\/\/psicologia.udd.cl\/doctorado\/wp-json\/wp\/v2\/posts\/1357","targetHints":{"allow":["GET"]}}],"collection":[{"href":"https:\/\/psicologia.udd.cl\/doctorado\/wp-json\/wp\/v2\/posts"}],"about":[{"href":"https:\/\/psicologia.udd.cl\/doctorado\/wp-json\/wp\/v2\/types\/post"}],"replies":[{"embeddable":true,"href":"https:\/\/psicologia.udd.cl\/doctorado\/wp-json\/wp\/v2\/comments?post=1357"}],"version-history":[{"count":0,"href":"https:\/\/psicologia.udd.cl\/doctorado\/wp-json\/wp\/v2\/posts\/1357\/revisions"}],"wp:attachment":[{"href":"https:\/\/psicologia.udd.cl\/doctorado\/wp-json\/wp\/v2\/media?parent=1357"}],"wp:term":[{"taxonomy":"category","embeddable":true,"href":"https:\/\/psicologia.udd.cl\/doctorado\/wp-json\/wp\/v2\/categories?post=1357"},{"taxonomy":"post_tag","embeddable":true,"href":"https:\/\/psicologia.udd.cl\/doctorado\/wp-json\/wp\/v2\/tags?post=1357"}],"curies":[{"name":"wp","href":"https:\/\/api.w.org\/{rel}","templated":true}]}}