{"id":1336,"date":"2020-07-01T14:29:48","date_gmt":"2020-07-01T14:29:48","guid":{"rendered":"http:\/\/psicologia.udd.cl\/doctorado\/?p=1336"},"modified":"2020-07-01T14:29:48","modified_gmt":"2020-07-01T14:29:48","slug":"prensa-alerta-por-desgaste-emocional","status":"publish","type":"post","link":"https:\/\/psicologia.udd.cl\/doctorado\/es\/2020\/07\/01\/prensa-alerta-por-desgaste-emocional\/","title":{"rendered":"#Prensa- Alerta por desgaste emocional"},"content":{"rendered":"\n<figure class=\"wp-block-image size-large\"><img loading=\"lazy\" decoding=\"async\" width=\"720\" height=\"405\" src=\"https:\/\/psicologia.udd.cl\/doctorado\/files\/2020\/07\/whatsapp-image-2020-06-30-at-16-08-49.jpeg\" alt=\"\" class=\"wp-image-1337\" srcset=\"https:\/\/psicologia.udd.cl\/doctorado\/files\/2020\/07\/whatsapp-image-2020-06-30-at-16-08-49.jpeg 720w, https:\/\/psicologia.udd.cl\/doctorado\/files\/2020\/07\/whatsapp-image-2020-06-30-at-16-08-49-300x169.jpeg 300w, https:\/\/psicologia.udd.cl\/doctorado\/files\/2020\/07\/whatsapp-image-2020-06-30-at-16-08-49-680x382.jpeg 680w\" sizes=\"auto, (max-width: 720px) 100vw, 720px\" \/><\/figure>\n\n\n\n<p>Licencias m\u00e9dicas por trastornos mentales y consultas de atenci\u00f3n por Salud Mental han aumentado. Los especialistas coinciden en que la prolongada incertidumbre constituye un factor que ahonda la angustia. A ra\u00edz de estos temas, es que El Mercurio public\u00f3 un reportaje sobre las consecuencias emocionales a ya tres meses de iniciada la pandemia en nuestro pa\u00eds.<\/p>\n\n\n\n<p>Al respecto, el director de Investigaci\u00f3n de Psicolog\u00eda UDD, Dr. Jaime Silva, afirm\u00f3 que \u201cse ha visto internacionalmente que una de las huellas de la pandemia es lo que se llama la cuarta ola de problemas, que son justamente de salud mental. Chile est\u00e1 entrando en eso; ni siquiera hemos llegado al peak, eso se va a ver despu\u00e9s, pero ya estamos en el medio de esa situaci\u00f3n\u201d.<\/p>\n\n\n\n<p><a href=\"https:\/\/map.conectamedia.cl\/index.php\/clippingNews\/view?id=13971576&amp;email=159016&amp;fromemail=1\"><strong>Puedes leer la cr\u00f3nica completa ac\u00e1.<\/strong><\/a><\/p>\n","protected":false},"excerpt":{"rendered":"<p>Licencias m\u00e9dicas por trastornos mentales y consultas de atenci\u00f3n por Salud Mental han aumentado. Los especialistas coinciden en que la prolongada incertidumbre constituye un factor que ahonda la angustia. A ra\u00edz de estos temas, es que El Mercurio public\u00f3 un reportaje sobre las consecuencias emocionales a ya tres meses de iniciada la pandemia en nuestro [&hellip;]<\/p>\n","protected":false},"author":0,"featured_media":0,"comment_status":"open","ping_status":"open","sticky":false,"template":"","format":"standard","meta":{"footnotes":""},"categories":[69],"tags":[],"class_list":["post-1336","post","type-post","status-publish","format-standard","hentry","category-noticias"],"yoast_head":"<!-- This site is optimized with the Yoast SEO plugin v26.9 - https:\/\/yoast.com\/product\/yoast-seo-wordpress\/ -->\n<title>#Prensa- Alerta por desgaste emocional - Doctorado en Ciencias del Desarrollo y Psicopatolog\u00eda<\/title>\n<meta name=\"robots\" content=\"index, follow, max-snippet:-1, max-image-preview:large, max-video-preview:-1\" \/>\n<link rel=\"canonical\" href=\"https:\/\/psicologia.udd.cl\/doctorado\/es\/2020\/07\/01\/prensa-alerta-por-desgaste-emocional\/\" \/>\n<meta property=\"og:locale\" content=\"es_ES\" \/>\n<meta property=\"og:type\" content=\"article\" \/>\n<meta property=\"og:title\" content=\"#Prensa- Alerta por desgaste emocional - Doctorado en Ciencias del Desarrollo y Psicopatolog\u00eda\" \/>\n<meta property=\"og:description\" content=\"Licencias m\u00e9dicas por trastornos mentales y consultas de atenci\u00f3n por Salud Mental han aumentado. Los especialistas coinciden en que la prolongada incertidumbre constituye un factor que ahonda la angustia. A ra\u00edz de estos temas, es que El Mercurio public\u00f3 un reportaje sobre las consecuencias emocionales a ya tres meses de iniciada la pandemia en nuestro [&hellip;]\" \/>\n<meta property=\"og:url\" content=\"https:\/\/psicologia.udd.cl\/doctorado\/es\/2020\/07\/01\/prensa-alerta-por-desgaste-emocional\/\" \/>\n<meta property=\"og:site_name\" content=\"Doctorado en Ciencias del Desarrollo y Psicopatolog\u00eda\" \/>\n<meta property=\"article:published_time\" content=\"2020-07-01T14:29:48+00:00\" \/>\n<meta property=\"og:image\" content=\"http:\/\/psicologia.udd.cl\/doctorado\/files\/2020\/07\/whatsapp-image-2020-06-30-at-16-08-49.jpeg\" \/>\n<meta name=\"twitter:card\" content=\"summary_large_image\" \/>\n<meta name=\"twitter:label1\" content=\"Tiempo de lectura\" \/>\n\t<meta name=\"twitter:data1\" content=\"1 minuto\" \/>\n<script type=\"application\/ld+json\" class=\"yoast-schema-graph\">{\"@context\":\"https:\/\/schema.org\",\"@graph\":[{\"@type\":\"Article\",\"@id\":\"https:\/\/psicologia.udd.cl\/doctorado\/es\/2020\/07\/01\/prensa-alerta-por-desgaste-emocional\/#article\",\"isPartOf\":{\"@id\":\"https:\/\/psicologia.udd.cl\/doctorado\/es\/2020\/07\/01\/prensa-alerta-por-desgaste-emocional\/\"},\"author\":{\"name\":\"\",\"@id\":\"\"},\"headline\":\"#Prensa- Alerta por desgaste emocional\",\"datePublished\":\"2020-07-01T14:29:48+00:00\",\"mainEntityOfPage\":{\"@id\":\"https:\/\/psicologia.udd.cl\/doctorado\/es\/2020\/07\/01\/prensa-alerta-por-desgaste-emocional\/\"},\"wordCount\":144,\"commentCount\":0,\"image\":{\"@id\":\"https:\/\/psicologia.udd.cl\/doctorado\/es\/2020\/07\/01\/prensa-alerta-por-desgaste-emocional\/#primaryimage\"},\"thumbnailUrl\":\"http:\/\/psicologia.udd.cl\/doctorado\/files\/2020\/07\/whatsapp-image-2020-06-30-at-16-08-49.jpeg\",\"articleSection\":[\"Noticias\"],\"inLanguage\":\"es\",\"potentialAction\":[{\"@type\":\"CommentAction\",\"name\":\"Comment\",\"target\":[\"https:\/\/psicologia.udd.cl\/doctorado\/es\/2020\/07\/01\/prensa-alerta-por-desgaste-emocional\/#respond\"]}]},{\"@type\":\"WebPage\",\"@id\":\"https:\/\/psicologia.udd.cl\/doctorado\/es\/2020\/07\/01\/prensa-alerta-por-desgaste-emocional\/\",\"url\":\"https:\/\/psicologia.udd.cl\/doctorado\/es\/2020\/07\/01\/prensa-alerta-por-desgaste-emocional\/\",\"name\":\"#Prensa- Alerta por desgaste emocional - Doctorado en Ciencias del Desarrollo y Psicopatolog\u00eda\",\"isPartOf\":{\"@id\":\"https:\/\/psicologia.udd.cl\/doctorado\/#website\"},\"primaryImageOfPage\":{\"@id\":\"https:\/\/psicologia.udd.cl\/doctorado\/es\/2020\/07\/01\/prensa-alerta-por-desgaste-emocional\/#primaryimage\"},\"image\":{\"@id\":\"https:\/\/psicologia.udd.cl\/doctorado\/es\/2020\/07\/01\/prensa-alerta-por-desgaste-emocional\/#primaryimage\"},\"thumbnailUrl\":\"http:\/\/psicologia.udd.cl\/doctorado\/files\/2020\/07\/whatsapp-image-2020-06-30-at-16-08-49.jpeg\",\"datePublished\":\"2020-07-01T14:29:48+00:00\",\"author\":{\"@id\":\"\"},\"inLanguage\":\"es\",\"potentialAction\":[{\"@type\":\"ReadAction\",\"target\":[\"https:\/\/psicologia.udd.cl\/doctorado\/es\/2020\/07\/01\/prensa-alerta-por-desgaste-emocional\/\"]}]},{\"@type\":\"ImageObject\",\"inLanguage\":\"es\",\"@id\":\"https:\/\/psicologia.udd.cl\/doctorado\/es\/2020\/07\/01\/prensa-alerta-por-desgaste-emocional\/#primaryimage\",\"url\":\"http:\/\/psicologia.udd.cl\/doctorado\/files\/2020\/07\/whatsapp-image-2020-06-30-at-16-08-49.jpeg\",\"contentUrl\":\"http:\/\/psicologia.udd.cl\/doctorado\/files\/2020\/07\/whatsapp-image-2020-06-30-at-16-08-49.jpeg\"},{\"@type\":\"WebSite\",\"@id\":\"https:\/\/psicologia.udd.cl\/doctorado\/#website\",\"url\":\"https:\/\/psicologia.udd.cl\/doctorado\/\",\"name\":\"Doctorado en Ciencias del Desarrollo y Psicopatolog\u00eda\",\"description\":\"\",\"inLanguage\":\"es\"}]}<\/script>\n<!-- \/ Yoast SEO plugin. -->","yoast_head_json":{"title":"#Prensa- Alerta por desgaste emocional - Doctorado en Ciencias del Desarrollo y Psicopatolog\u00eda","robots":{"index":"index","follow":"follow","max-snippet":"max-snippet:-1","max-image-preview":"max-image-preview:large","max-video-preview":"max-video-preview:-1"},"canonical":"https:\/\/psicologia.udd.cl\/doctorado\/es\/2020\/07\/01\/prensa-alerta-por-desgaste-emocional\/","og_locale":"es_ES","og_type":"article","og_title":"#Prensa- Alerta por desgaste emocional - Doctorado en Ciencias del Desarrollo y Psicopatolog\u00eda","og_description":"Licencias m\u00e9dicas por trastornos mentales y consultas de atenci\u00f3n por Salud Mental han aumentado. Los especialistas coinciden en que la prolongada incertidumbre constituye un factor que ahonda la angustia. A ra\u00edz de estos temas, es que El Mercurio public\u00f3 un reportaje sobre las consecuencias emocionales a ya tres meses de iniciada la pandemia en nuestro [&hellip;]","og_url":"https:\/\/psicologia.udd.cl\/doctorado\/es\/2020\/07\/01\/prensa-alerta-por-desgaste-emocional\/","og_site_name":"Doctorado en Ciencias del Desarrollo y Psicopatolog\u00eda","article_published_time":"2020-07-01T14:29:48+00:00","og_image":[{"url":"http:\/\/psicologia.udd.cl\/doctorado\/files\/2020\/07\/whatsapp-image-2020-06-30-at-16-08-49.jpeg","type":"","width":"","height":""}],"twitter_card":"summary_large_image","twitter_misc":{"Tiempo de lectura":"1 minuto"},"schema":{"@context":"https:\/\/schema.org","@graph":[{"@type":"Article","@id":"https:\/\/psicologia.udd.cl\/doctorado\/es\/2020\/07\/01\/prensa-alerta-por-desgaste-emocional\/#article","isPartOf":{"@id":"https:\/\/psicologia.udd.cl\/doctorado\/es\/2020\/07\/01\/prensa-alerta-por-desgaste-emocional\/"},"author":{"name":"","@id":""},"headline":"#Prensa- Alerta por desgaste emocional","datePublished":"2020-07-01T14:29:48+00:00","mainEntityOfPage":{"@id":"https:\/\/psicologia.udd.cl\/doctorado\/es\/2020\/07\/01\/prensa-alerta-por-desgaste-emocional\/"},"wordCount":144,"commentCount":0,"image":{"@id":"https:\/\/psicologia.udd.cl\/doctorado\/es\/2020\/07\/01\/prensa-alerta-por-desgaste-emocional\/#primaryimage"},"thumbnailUrl":"http:\/\/psicologia.udd.cl\/doctorado\/files\/2020\/07\/whatsapp-image-2020-06-30-at-16-08-49.jpeg","articleSection":["Noticias"],"inLanguage":"es","potentialAction":[{"@type":"CommentAction","name":"Comment","target":["https:\/\/psicologia.udd.cl\/doctorado\/es\/2020\/07\/01\/prensa-alerta-por-desgaste-emocional\/#respond"]}]},{"@type":"WebPage","@id":"https:\/\/psicologia.udd.cl\/doctorado\/es\/2020\/07\/01\/prensa-alerta-por-desgaste-emocional\/","url":"https:\/\/psicologia.udd.cl\/doctorado\/es\/2020\/07\/01\/prensa-alerta-por-desgaste-emocional\/","name":"#Prensa- Alerta por desgaste emocional - Doctorado en Ciencias del Desarrollo y Psicopatolog\u00eda","isPartOf":{"@id":"https:\/\/psicologia.udd.cl\/doctorado\/#website"},"primaryImageOfPage":{"@id":"https:\/\/psicologia.udd.cl\/doctorado\/es\/2020\/07\/01\/prensa-alerta-por-desgaste-emocional\/#primaryimage"},"image":{"@id":"https:\/\/psicologia.udd.cl\/doctorado\/es\/2020\/07\/01\/prensa-alerta-por-desgaste-emocional\/#primaryimage"},"thumbnailUrl":"http:\/\/psicologia.udd.cl\/doctorado\/files\/2020\/07\/whatsapp-image-2020-06-30-at-16-08-49.jpeg","datePublished":"2020-07-01T14:29:48+00:00","author":{"@id":""},"inLanguage":"es","potentialAction":[{"@type":"ReadAction","target":["https:\/\/psicologia.udd.cl\/doctorado\/es\/2020\/07\/01\/prensa-alerta-por-desgaste-emocional\/"]}]},{"@type":"ImageObject","inLanguage":"es","@id":"https:\/\/psicologia.udd.cl\/doctorado\/es\/2020\/07\/01\/prensa-alerta-por-desgaste-emocional\/#primaryimage","url":"http:\/\/psicologia.udd.cl\/doctorado\/files\/2020\/07\/whatsapp-image-2020-06-30-at-16-08-49.jpeg","contentUrl":"http:\/\/psicologia.udd.cl\/doctorado\/files\/2020\/07\/whatsapp-image-2020-06-30-at-16-08-49.jpeg"},{"@type":"WebSite","@id":"https:\/\/psicologia.udd.cl\/doctorado\/#website","url":"https:\/\/psicologia.udd.cl\/doctorado\/","name":"Doctorado en Ciencias del Desarrollo y Psicopatolog\u00eda","description":"","inLanguage":"es"}]}},"featured_image_url":null,"_links":{"self":[{"href":"https:\/\/psicologia.udd.cl\/doctorado\/wp-json\/wp\/v2\/posts\/1336","targetHints":{"allow":["GET"]}}],"collection":[{"href":"https:\/\/psicologia.udd.cl\/doctorado\/wp-json\/wp\/v2\/posts"}],"about":[{"href":"https:\/\/psicologia.udd.cl\/doctorado\/wp-json\/wp\/v2\/types\/post"}],"replies":[{"embeddable":true,"href":"https:\/\/psicologia.udd.cl\/doctorado\/wp-json\/wp\/v2\/comments?post=1336"}],"version-history":[{"count":0,"href":"https:\/\/psicologia.udd.cl\/doctorado\/wp-json\/wp\/v2\/posts\/1336\/revisions"}],"wp:attachment":[{"href":"https:\/\/psicologia.udd.cl\/doctorado\/wp-json\/wp\/v2\/media?parent=1336"}],"wp:term":[{"taxonomy":"category","embeddable":true,"href":"https:\/\/psicologia.udd.cl\/doctorado\/wp-json\/wp\/v2\/categories?post=1336"},{"taxonomy":"post_tag","embeddable":true,"href":"https:\/\/psicologia.udd.cl\/doctorado\/wp-json\/wp\/v2\/tags?post=1336"}],"curies":[{"name":"wp","href":"https:\/\/api.w.org\/{rel}","templated":true}]}}