{"id":1331,"date":"2020-06-24T14:09:01","date_gmt":"2020-06-24T14:09:01","guid":{"rendered":"http:\/\/psicologia.udd.cl\/doctorado\/?p=1331"},"modified":"2020-06-24T14:09:01","modified_gmt":"2020-06-24T14:09:01","slug":"prensa-ser-padre-en-el-chile-de-hoy-y-en-pandemia","status":"publish","type":"post","link":"https:\/\/psicologia.udd.cl\/doctorado\/es\/2020\/06\/24\/prensa-ser-padre-en-el-chile-de-hoy-y-en-pandemia\/","title":{"rendered":"#Prensa- Ser padre en el Chile de hoy y en pandemia"},"content":{"rendered":"\n<div class=\"wp-block-image\"><figure class=\"aligncenter\"><img decoding=\"async\" src=\"https:\/\/psicologia.udd.cl\/files\/2020\/06\/2020-06-20_DIARIO_LA_TRIBUNA_0002-217x300.jpeg\" alt=\"\" class=\"wp-image-40385\" \/><\/figure><\/div>\n\n\n\n<p>La directora de FAIN, Dra. Daniela Aldoney, redact\u00f3 una columna acerca de esta tem\u00e1tica, la que se public\u00f3 en medios regionales como el diario La Tribuna y El Diario de Atacama, en el marco del D\u00eda del Padre.<\/p>\n\n\n\n<p>\u00bb En el marco de la celebraci\u00f3n del D\u00eda del Padre, este domingo 21 de junio, quisiera compartir algo de lo que sabemos sobre ellos hoy.Los estudios de parentalidad, o rol de la figura paterna, son relativamente nuevos.<\/p>\n\n\n\n<p>Reci\u00e9n en la d\u00e9cada de los 70, la psicolog\u00eda comenz\u00f3 a indagar m\u00e1s regularmente alos padres y su efecto en el desarrollo infantil.<\/p>\n\n\n\n<p>Esto, en su gran mayor\u00eda, desde la visi\u00f3n materna.Por supuesto, as\u00ed, los datos no eran muy alentadores: los padres pasaban poco tiempo con los ni\u00f1os, participaban escasamente de sus cuidados b\u00e1sicos y no lo hac\u00edan \u201ctan bien\u201d como ellas.<\/p>\n\n\n\n<p>Pero, en la actualidad, entendemos que los hombres cumplen un rol diferente y complementario a la figura materna de una manera positiva para el desarrollo de ni\u00f1asos.\u00bfY qu\u00e9 nos dicen los datos? Poco sabemos de los padres chilenos.<\/p>\n\n\n\n<p>El Centro de Apego y Regulaci\u00f3n Emocional de la&nbsp;UDD&nbsp;realiz\u00f3 una investigaci\u00f3n en parentalidad y ha aportado con datos relevantes, a trav\u00e9s de un estudio con familias y sus hijosas de tres a\u00f1os de edad, el cual revel\u00f3 que estos padres muestran afecto a sus hijosas con mayor frecuencia que las madres y que les permiten ser m\u00e1s aut\u00f3nomos, mientras que las madres se dedican m\u00e1s a actividades como leer, cantar y contar cuentos, Estos y otros datos, nos sugieren que el juego es un momento en que los padres (hombres) se sienten especialmente c\u00f3modos interactuando con sus hijoas y que lo hacen de manera distinta a las madres, ya que tienden a jugar con sus hijosas de manera \u201cm\u00e1s f\u00edsica\u201d o brusca, por medio de actividades que le ayudan a sus hijos peque\u00f1os a regular su impulsividad y emociones.Nuestros estudios, como otros fuera de Chile, muestran que padres m\u00e1s involucrados tienen hijos que son capaces de regularse mejor.<\/p>\n\n\n\n<p>Tambi\u00e9n, sabemos que\u2014al igual que las madres- un padre tranquilo y contento es un mejor padre.<\/p>\n\n\n\n<p>Sin embargo, la salud mental de los padres ha sido bastante invisibilizada en nuestro pa\u00eds.Y durante la pandemia por Covid-19, \u00bfc\u00f3mo se ha visto afectada su parentalidad? Seguimos a las mismas familias por un mes durante esta pandemia.<\/p>\n\n\n\n<p>A pesar de existir cuarentena en la zona donde fue realizado el estudio, los padres reportaron pasar menos horas con sus hijos que las madres.<\/p>\n\n\n\n<p>Su salud mental se ha visto significativamente afectada, ya que reportan m\u00e1s sintomatolog\u00eda depresiva que antes de la pandemia.<\/p>\n\n\n\n<p>Estos s\u00edntomas aumentan a medida que han estado m\u00e1s tiempo en confinamiento y en aquellos que tienen m\u00e1s hijosas.\u00bfQu\u00e9 hacer entonces? La evidencia nos da algunas luces sobre esto.<\/p>\n\n\n\n<p>Padres que perciben mayor apoyo de la pareja enlacrianza, se sienten menos estresados y tienen hijos que se portan mejor.<\/p>\n\n\n\n<p>Al parecer, el saber que no est\u00e1n solos en la crianza, minimiza los efectos negativos de la pandemia y los ayuda a ser mejores padres.<\/p>\n\n\n\n<p>Ojal\u00e1 esto nos lleve a preguntarnos: como sociedad \u00bflos estamos apoyando?<\/p>\n\n\n\n<p><strong>Dra. Daniela Aldoney<\/strong><br>Directora FAIN- Centro de Apego y Reg. Emocional<br>Psicolog\u00eda UDD<\/p>\n","protected":false},"excerpt":{"rendered":"<p>La directora de FAIN, Dra. Daniela Aldoney, redact\u00f3 una columna acerca de esta tem\u00e1tica, la que se public\u00f3 en medios regionales como el diario La Tribuna y El Diario de Atacama, en el marco del D\u00eda del Padre. \u00bb En el marco de la celebraci\u00f3n del D\u00eda del Padre, este domingo 21 de junio, quisiera [&hellip;]<\/p>\n","protected":false},"author":0,"featured_media":0,"comment_status":"open","ping_status":"open","sticky":false,"template":"","format":"standard","meta":{"footnotes":""},"categories":[69],"tags":[],"class_list":["post-1331","post","type-post","status-publish","format-standard","hentry","category-noticias"],"yoast_head":"<!-- This site is optimized with the Yoast SEO plugin v26.9 - https:\/\/yoast.com\/product\/yoast-seo-wordpress\/ -->\n<title>#Prensa- Ser padre en el Chile de hoy y en pandemia - Doctorado en Ciencias del Desarrollo y Psicopatolog\u00eda<\/title>\n<meta name=\"robots\" content=\"index, follow, max-snippet:-1, max-image-preview:large, max-video-preview:-1\" \/>\n<link rel=\"canonical\" href=\"https:\/\/psicologia.udd.cl\/doctorado\/es\/2020\/06\/24\/prensa-ser-padre-en-el-chile-de-hoy-y-en-pandemia\/\" \/>\n<meta property=\"og:locale\" content=\"es_ES\" \/>\n<meta property=\"og:type\" content=\"article\" \/>\n<meta property=\"og:title\" content=\"#Prensa- Ser padre en el Chile de hoy y en pandemia - Doctorado en Ciencias del Desarrollo y Psicopatolog\u00eda\" \/>\n<meta property=\"og:description\" content=\"La directora de FAIN, Dra. Daniela Aldoney, redact\u00f3 una columna acerca de esta tem\u00e1tica, la que se public\u00f3 en medios regionales como el diario La Tribuna y El Diario de Atacama, en el marco del D\u00eda del Padre. \u00bb En el marco de la celebraci\u00f3n del D\u00eda del Padre, este domingo 21 de junio, quisiera [&hellip;]\" \/>\n<meta property=\"og:url\" content=\"https:\/\/psicologia.udd.cl\/doctorado\/es\/2020\/06\/24\/prensa-ser-padre-en-el-chile-de-hoy-y-en-pandemia\/\" \/>\n<meta property=\"og:site_name\" content=\"Doctorado en Ciencias del Desarrollo y Psicopatolog\u00eda\" \/>\n<meta property=\"article:published_time\" content=\"2020-06-24T14:09:01+00:00\" \/>\n<meta property=\"og:image\" content=\"https:\/\/psicologia.udd.cl\/files\/2020\/06\/2020-06-20_DIARIO_LA_TRIBUNA_0002-217x300.jpeg\" \/>\n<meta name=\"twitter:card\" content=\"summary_large_image\" \/>\n<meta name=\"twitter:label1\" content=\"Tiempo de lectura\" \/>\n\t<meta name=\"twitter:data1\" content=\"3 minutos\" \/>\n<script type=\"application\/ld+json\" class=\"yoast-schema-graph\">{\"@context\":\"https:\/\/schema.org\",\"@graph\":[{\"@type\":\"Article\",\"@id\":\"https:\/\/psicologia.udd.cl\/doctorado\/es\/2020\/06\/24\/prensa-ser-padre-en-el-chile-de-hoy-y-en-pandemia\/#article\",\"isPartOf\":{\"@id\":\"https:\/\/psicologia.udd.cl\/doctorado\/es\/2020\/06\/24\/prensa-ser-padre-en-el-chile-de-hoy-y-en-pandemia\/\"},\"author\":{\"name\":\"\",\"@id\":\"\"},\"headline\":\"#Prensa- Ser padre en el Chile de hoy y en pandemia\",\"datePublished\":\"2020-06-24T14:09:01+00:00\",\"mainEntityOfPage\":{\"@id\":\"https:\/\/psicologia.udd.cl\/doctorado\/es\/2020\/06\/24\/prensa-ser-padre-en-el-chile-de-hoy-y-en-pandemia\/\"},\"wordCount\":584,\"commentCount\":0,\"image\":{\"@id\":\"https:\/\/psicologia.udd.cl\/doctorado\/es\/2020\/06\/24\/prensa-ser-padre-en-el-chile-de-hoy-y-en-pandemia\/#primaryimage\"},\"thumbnailUrl\":\"https:\/\/psicologia.udd.cl\/files\/2020\/06\/2020-06-20_DIARIO_LA_TRIBUNA_0002-217x300.jpeg\",\"articleSection\":[\"Noticias\"],\"inLanguage\":\"es\",\"potentialAction\":[{\"@type\":\"CommentAction\",\"name\":\"Comment\",\"target\":[\"https:\/\/psicologia.udd.cl\/doctorado\/es\/2020\/06\/24\/prensa-ser-padre-en-el-chile-de-hoy-y-en-pandemia\/#respond\"]}]},{\"@type\":\"WebPage\",\"@id\":\"https:\/\/psicologia.udd.cl\/doctorado\/es\/2020\/06\/24\/prensa-ser-padre-en-el-chile-de-hoy-y-en-pandemia\/\",\"url\":\"https:\/\/psicologia.udd.cl\/doctorado\/es\/2020\/06\/24\/prensa-ser-padre-en-el-chile-de-hoy-y-en-pandemia\/\",\"name\":\"#Prensa- Ser padre en el Chile de hoy y en pandemia - Doctorado en Ciencias del Desarrollo y Psicopatolog\u00eda\",\"isPartOf\":{\"@id\":\"https:\/\/psicologia.udd.cl\/doctorado\/#website\"},\"primaryImageOfPage\":{\"@id\":\"https:\/\/psicologia.udd.cl\/doctorado\/es\/2020\/06\/24\/prensa-ser-padre-en-el-chile-de-hoy-y-en-pandemia\/#primaryimage\"},\"image\":{\"@id\":\"https:\/\/psicologia.udd.cl\/doctorado\/es\/2020\/06\/24\/prensa-ser-padre-en-el-chile-de-hoy-y-en-pandemia\/#primaryimage\"},\"thumbnailUrl\":\"https:\/\/psicologia.udd.cl\/files\/2020\/06\/2020-06-20_DIARIO_LA_TRIBUNA_0002-217x300.jpeg\",\"datePublished\":\"2020-06-24T14:09:01+00:00\",\"author\":{\"@id\":\"\"},\"inLanguage\":\"es\",\"potentialAction\":[{\"@type\":\"ReadAction\",\"target\":[\"https:\/\/psicologia.udd.cl\/doctorado\/es\/2020\/06\/24\/prensa-ser-padre-en-el-chile-de-hoy-y-en-pandemia\/\"]}]},{\"@type\":\"ImageObject\",\"inLanguage\":\"es\",\"@id\":\"https:\/\/psicologia.udd.cl\/doctorado\/es\/2020\/06\/24\/prensa-ser-padre-en-el-chile-de-hoy-y-en-pandemia\/#primaryimage\",\"url\":\"https:\/\/psicologia.udd.cl\/files\/2020\/06\/2020-06-20_DIARIO_LA_TRIBUNA_0002-217x300.jpeg\",\"contentUrl\":\"https:\/\/psicologia.udd.cl\/files\/2020\/06\/2020-06-20_DIARIO_LA_TRIBUNA_0002-217x300.jpeg\"},{\"@type\":\"WebSite\",\"@id\":\"https:\/\/psicologia.udd.cl\/doctorado\/#website\",\"url\":\"https:\/\/psicologia.udd.cl\/doctorado\/\",\"name\":\"Doctorado en Ciencias del Desarrollo y Psicopatolog\u00eda\",\"description\":\"\",\"inLanguage\":\"es\"}]}<\/script>\n<!-- \/ Yoast SEO plugin. -->","yoast_head_json":{"title":"#Prensa- Ser padre en el Chile de hoy y en pandemia - Doctorado en Ciencias del Desarrollo y Psicopatolog\u00eda","robots":{"index":"index","follow":"follow","max-snippet":"max-snippet:-1","max-image-preview":"max-image-preview:large","max-video-preview":"max-video-preview:-1"},"canonical":"https:\/\/psicologia.udd.cl\/doctorado\/es\/2020\/06\/24\/prensa-ser-padre-en-el-chile-de-hoy-y-en-pandemia\/","og_locale":"es_ES","og_type":"article","og_title":"#Prensa- Ser padre en el Chile de hoy y en pandemia - Doctorado en Ciencias del Desarrollo y Psicopatolog\u00eda","og_description":"La directora de FAIN, Dra. Daniela Aldoney, redact\u00f3 una columna acerca de esta tem\u00e1tica, la que se public\u00f3 en medios regionales como el diario La Tribuna y El Diario de Atacama, en el marco del D\u00eda del Padre. \u00bb En el marco de la celebraci\u00f3n del D\u00eda del Padre, este domingo 21 de junio, quisiera [&hellip;]","og_url":"https:\/\/psicologia.udd.cl\/doctorado\/es\/2020\/06\/24\/prensa-ser-padre-en-el-chile-de-hoy-y-en-pandemia\/","og_site_name":"Doctorado en Ciencias del Desarrollo y Psicopatolog\u00eda","article_published_time":"2020-06-24T14:09:01+00:00","og_image":[{"url":"https:\/\/psicologia.udd.cl\/files\/2020\/06\/2020-06-20_DIARIO_LA_TRIBUNA_0002-217x300.jpeg","type":"","width":"","height":""}],"twitter_card":"summary_large_image","twitter_misc":{"Tiempo de lectura":"3 minutos"},"schema":{"@context":"https:\/\/schema.org","@graph":[{"@type":"Article","@id":"https:\/\/psicologia.udd.cl\/doctorado\/es\/2020\/06\/24\/prensa-ser-padre-en-el-chile-de-hoy-y-en-pandemia\/#article","isPartOf":{"@id":"https:\/\/psicologia.udd.cl\/doctorado\/es\/2020\/06\/24\/prensa-ser-padre-en-el-chile-de-hoy-y-en-pandemia\/"},"author":{"name":"","@id":""},"headline":"#Prensa- Ser padre en el Chile de hoy y en pandemia","datePublished":"2020-06-24T14:09:01+00:00","mainEntityOfPage":{"@id":"https:\/\/psicologia.udd.cl\/doctorado\/es\/2020\/06\/24\/prensa-ser-padre-en-el-chile-de-hoy-y-en-pandemia\/"},"wordCount":584,"commentCount":0,"image":{"@id":"https:\/\/psicologia.udd.cl\/doctorado\/es\/2020\/06\/24\/prensa-ser-padre-en-el-chile-de-hoy-y-en-pandemia\/#primaryimage"},"thumbnailUrl":"https:\/\/psicologia.udd.cl\/files\/2020\/06\/2020-06-20_DIARIO_LA_TRIBUNA_0002-217x300.jpeg","articleSection":["Noticias"],"inLanguage":"es","potentialAction":[{"@type":"CommentAction","name":"Comment","target":["https:\/\/psicologia.udd.cl\/doctorado\/es\/2020\/06\/24\/prensa-ser-padre-en-el-chile-de-hoy-y-en-pandemia\/#respond"]}]},{"@type":"WebPage","@id":"https:\/\/psicologia.udd.cl\/doctorado\/es\/2020\/06\/24\/prensa-ser-padre-en-el-chile-de-hoy-y-en-pandemia\/","url":"https:\/\/psicologia.udd.cl\/doctorado\/es\/2020\/06\/24\/prensa-ser-padre-en-el-chile-de-hoy-y-en-pandemia\/","name":"#Prensa- Ser padre en el Chile de hoy y en pandemia - Doctorado en Ciencias del Desarrollo y Psicopatolog\u00eda","isPartOf":{"@id":"https:\/\/psicologia.udd.cl\/doctorado\/#website"},"primaryImageOfPage":{"@id":"https:\/\/psicologia.udd.cl\/doctorado\/es\/2020\/06\/24\/prensa-ser-padre-en-el-chile-de-hoy-y-en-pandemia\/#primaryimage"},"image":{"@id":"https:\/\/psicologia.udd.cl\/doctorado\/es\/2020\/06\/24\/prensa-ser-padre-en-el-chile-de-hoy-y-en-pandemia\/#primaryimage"},"thumbnailUrl":"https:\/\/psicologia.udd.cl\/files\/2020\/06\/2020-06-20_DIARIO_LA_TRIBUNA_0002-217x300.jpeg","datePublished":"2020-06-24T14:09:01+00:00","author":{"@id":""},"inLanguage":"es","potentialAction":[{"@type":"ReadAction","target":["https:\/\/psicologia.udd.cl\/doctorado\/es\/2020\/06\/24\/prensa-ser-padre-en-el-chile-de-hoy-y-en-pandemia\/"]}]},{"@type":"ImageObject","inLanguage":"es","@id":"https:\/\/psicologia.udd.cl\/doctorado\/es\/2020\/06\/24\/prensa-ser-padre-en-el-chile-de-hoy-y-en-pandemia\/#primaryimage","url":"https:\/\/psicologia.udd.cl\/files\/2020\/06\/2020-06-20_DIARIO_LA_TRIBUNA_0002-217x300.jpeg","contentUrl":"https:\/\/psicologia.udd.cl\/files\/2020\/06\/2020-06-20_DIARIO_LA_TRIBUNA_0002-217x300.jpeg"},{"@type":"WebSite","@id":"https:\/\/psicologia.udd.cl\/doctorado\/#website","url":"https:\/\/psicologia.udd.cl\/doctorado\/","name":"Doctorado en Ciencias del Desarrollo y Psicopatolog\u00eda","description":"","inLanguage":"es"}]}},"featured_image_url":null,"_links":{"self":[{"href":"https:\/\/psicologia.udd.cl\/doctorado\/wp-json\/wp\/v2\/posts\/1331","targetHints":{"allow":["GET"]}}],"collection":[{"href":"https:\/\/psicologia.udd.cl\/doctorado\/wp-json\/wp\/v2\/posts"}],"about":[{"href":"https:\/\/psicologia.udd.cl\/doctorado\/wp-json\/wp\/v2\/types\/post"}],"replies":[{"embeddable":true,"href":"https:\/\/psicologia.udd.cl\/doctorado\/wp-json\/wp\/v2\/comments?post=1331"}],"version-history":[{"count":0,"href":"https:\/\/psicologia.udd.cl\/doctorado\/wp-json\/wp\/v2\/posts\/1331\/revisions"}],"wp:attachment":[{"href":"https:\/\/psicologia.udd.cl\/doctorado\/wp-json\/wp\/v2\/media?parent=1331"}],"wp:term":[{"taxonomy":"category","embeddable":true,"href":"https:\/\/psicologia.udd.cl\/doctorado\/wp-json\/wp\/v2\/categories?post=1331"},{"taxonomy":"post_tag","embeddable":true,"href":"https:\/\/psicologia.udd.cl\/doctorado\/wp-json\/wp\/v2\/tags?post=1331"}],"curies":[{"name":"wp","href":"https:\/\/api.w.org\/{rel}","templated":true}]}}