{"id":1303,"date":"2020-06-01T15:40:54","date_gmt":"2020-06-01T15:40:54","guid":{"rendered":"http:\/\/psicologia.udd.cl\/doctorado\/?p=1303"},"modified":"2020-06-01T15:40:54","modified_gmt":"2020-06-01T15:40:54","slug":"gobierno-udd-convoco-a-dr-jaime-silva-y-ministro-sichel-para-conocer-implicancias-del-covid","status":"publish","type":"post","link":"https:\/\/psicologia.udd.cl\/doctorado\/es\/2020\/06\/01\/gobierno-udd-convoco-a-dr-jaime-silva-y-ministro-sichel-para-conocer-implicancias-del-covid\/","title":{"rendered":"GOBIERNO UDD CONVOC\u00d3 A DR. JAIME SILVA Y MINISTRO SICHEL PARA CONOCER IMPLICANCIAS DEL COVID"},"content":{"rendered":"<header id=\"content-header\">\n<div class=\"entry-summary\">\n<p>El titular de Desarrollo Social y Familia, Sebasti\u00e1n Sichel junto al director de Investigacio\u0301n de Psicolog\u00eda UDD, Jaime Silva, profundizaron sobre las poli\u0301ticas pu\u0301blicas para fomentar el bienestar de la poblacio\u0301n y c\u00f3mo se ven afectadas las habilidades socio-emocionales.<\/p>\n<\/div>\n<\/header>\n<div class=\"row\">\n<div class=\"grid-17 grid-tablet-15 no-overflow std-text\">\n<p>A dos semanas de que se decretara cuarentena total para Santiago y otras seis comunas aleda\u00f1as, la pandemia del COVID-19 est\u00e1 comenzando su peak esperado por el Ministerio de Salud. El desempleo, sumado a la angustia por una falta de alimentos y el encierro, trajo problemas para muchas familias chilenas, incluidas las consecuencias en la Salud Mental.<\/p>\n<p>La Facultad de Gobierno realiz\u00f3 de forma online la charla\u00a0<strong>\u201cConversaciones con #IMPACTO \u2013 Coronavirus: implicancias para las familias chilenas\u201d<\/strong>. Los invitados en esta ocasi\u00f3n fueron\u00a0<strong>Sebasti\u00e1n Sichel, ministro de Desarrollo Social y Familia<\/strong>; y Jaime Silva, director de\u00a0<strong>Investigaci\u00f3n de la Facultad de Psicolog\u00eda UDD<\/strong>. El encargado de moderar la sesi\u00f3n fue\u00a0<strong>Ernesto Silva<\/strong>, prorrector de la Universidad del Desarrollo.<\/p>\n<p>En primer lugar, el ministro confes\u00f3 que esta experiencia ha sido dura y que personalmente le ha costado manejar su ansiedad, ya que su principal preocupaci\u00f3n est\u00e1 en aquellas familias que no tienen qu\u00e9 comer. Tambi\u00e9n, la inquietud por el ambiente pol\u00edtico que se est\u00e1 viviendo, pues no ve una uni\u00f3n que ayude a superar la crisis, sino el aumento del populismo y la b\u00fasqueda de culpas, sin una hoja de ruta com\u00fan.<\/p>\n<p>Por otro lado, el Dr. Silva explic\u00f3 que la pandemia y, por ende, la cuarentena, genera niveles de estr\u00e9s muy altos que afectan principalmente a adultos mayores y ni\u00f1os. Afirm\u00f3 que una vez superada la crisis, las enfermedades de Salud Mental se expresar\u00e1n intensamente. \u201cEstudios afirman que el 20% de los ni\u00f1os y m\u00e1s del 40% de las mujeres, sale con s\u00edntomas depresivos\u201d, dijo.<\/p>\n<p>En cuanto a la contenci\u00f3n emocional, Jaime Silva, plante\u00f3 que es necesario comenzar a planear c\u00f3mo, desde la educaci\u00f3n y el Estado, ayudar a los ni\u00f1os, j\u00f3venes, adultos y adultos mayores, respecto a los problemas de salud mental que ir\u00e1n en aumento. Mencion\u00f3 que es importante fomentar factores protectores para contribuir a que las personas logren un salud mental positiva.<\/p>\n<p>Finalmente, Sichel cree que el desaf\u00edo debiese estar puesto en un presupuesto ligado a los proyectos para ejecutarlos correctamente. Tambi\u00e9n en la contribuci\u00f3n de todas las personas para superar la pandemia, ayudando -en la medida que puedan- a quienes m\u00e1s lo necesitan. Para esto el Gobierno dispuso el sitio\u00a0<a href=\"https:\/\/www.gob.cl\/cuentaconmigo\/\">https:\/\/www.gob.cl\/cuentaconmigo\/<\/a>, con diferentes modelos de ayuda para replicar en cada comunidad.<\/p>\n<p>La charla fue transmitida en paralelo por UDDTV y YouTube Live.<\/p>\n<p><img loading=\"lazy\" decoding=\"async\" class=\"alignnone size-medium wp-image-1304\" src=\"https:\/\/psicologia.udd.cl\/doctorado\/files\/2020\/06\/whatsapp-image-2020-06-01-at-11-20-29-300x134.jpeg\" alt=\"\" width=\"300\" height=\"134\" srcset=\"https:\/\/psicologia.udd.cl\/doctorado\/files\/2020\/06\/whatsapp-image-2020-06-01-at-11-20-29-300x134.jpeg 300w, https:\/\/psicologia.udd.cl\/doctorado\/files\/2020\/06\/whatsapp-image-2020-06-01-at-11-20-29-1024x458.jpeg 1024w, https:\/\/psicologia.udd.cl\/doctorado\/files\/2020\/06\/whatsapp-image-2020-06-01-at-11-20-29-768x344.jpeg 768w, https:\/\/psicologia.udd.cl\/doctorado\/files\/2020\/06\/whatsapp-image-2020-06-01-at-11-20-29.jpeg 1280w\" sizes=\"auto, (max-width: 300px) 100vw, 300px\" \/><\/p>\n<\/div>\n<\/div>\n","protected":false},"excerpt":{"rendered":"<p>El titular de Desarrollo Social y Familia, Sebasti\u00e1n Sichel junto al director de Investigacio\u0301n de Psicolog\u00eda UDD, Jaime Silva, profundizaron sobre las poli\u0301ticas pu\u0301blicas para fomentar el bienestar de la poblacio\u0301n y c\u00f3mo se ven afectadas las habilidades socio-emocionales. A dos semanas de que se decretara cuarentena total para Santiago y otras seis comunas aleda\u00f1as, [&hellip;]<\/p>\n","protected":false},"author":0,"featured_media":0,"comment_status":"open","ping_status":"open","sticky":false,"template":"","format":"standard","meta":{"footnotes":""},"categories":[69],"tags":[],"class_list":["post-1303","post","type-post","status-publish","format-standard","hentry","category-noticias"],"yoast_head":"<!-- This site is optimized with the Yoast SEO plugin v26.9 - https:\/\/yoast.com\/product\/yoast-seo-wordpress\/ -->\n<title>GOBIERNO UDD CONVOC\u00d3 A DR. JAIME SILVA Y MINISTRO SICHEL PARA CONOCER IMPLICANCIAS DEL COVID - Doctorado en Ciencias del Desarrollo y Psicopatolog\u00eda<\/title>\n<meta name=\"robots\" content=\"index, follow, max-snippet:-1, max-image-preview:large, max-video-preview:-1\" \/>\n<link rel=\"canonical\" href=\"https:\/\/psicologia.udd.cl\/doctorado\/es\/2020\/06\/01\/gobierno-udd-convoco-a-dr-jaime-silva-y-ministro-sichel-para-conocer-implicancias-del-covid\/\" \/>\n<meta property=\"og:locale\" content=\"es_ES\" \/>\n<meta property=\"og:type\" content=\"article\" \/>\n<meta property=\"og:title\" content=\"GOBIERNO UDD CONVOC\u00d3 A DR. JAIME SILVA Y MINISTRO SICHEL PARA CONOCER IMPLICANCIAS DEL COVID - Doctorado en Ciencias del Desarrollo y Psicopatolog\u00eda\" \/>\n<meta property=\"og:description\" content=\"El titular de Desarrollo Social y Familia, Sebasti\u00e1n Sichel junto al director de Investigacio\u0301n de Psicolog\u00eda UDD, Jaime Silva, profundizaron sobre las poli\u0301ticas pu\u0301blicas para fomentar el bienestar de la poblacio\u0301n y c\u00f3mo se ven afectadas las habilidades socio-emocionales. A dos semanas de que se decretara cuarentena total para Santiago y otras seis comunas aleda\u00f1as, [&hellip;]\" \/>\n<meta property=\"og:url\" content=\"https:\/\/psicologia.udd.cl\/doctorado\/es\/2020\/06\/01\/gobierno-udd-convoco-a-dr-jaime-silva-y-ministro-sichel-para-conocer-implicancias-del-covid\/\" \/>\n<meta property=\"og:site_name\" content=\"Doctorado en Ciencias del Desarrollo y Psicopatolog\u00eda\" \/>\n<meta property=\"article:published_time\" content=\"2020-06-01T15:40:54+00:00\" \/>\n<meta property=\"og:image\" content=\"http:\/\/psicologia.udd.cl\/doctorado\/files\/2020\/06\/whatsapp-image-2020-06-01-at-11-20-29-300x134.jpeg\" \/>\n<meta name=\"twitter:card\" content=\"summary_large_image\" \/>\n<meta name=\"twitter:label1\" content=\"Tiempo de lectura\" \/>\n\t<meta name=\"twitter:data1\" content=\"2 minutos\" \/>\n<script type=\"application\/ld+json\" class=\"yoast-schema-graph\">{\"@context\":\"https:\/\/schema.org\",\"@graph\":[{\"@type\":\"Article\",\"@id\":\"https:\/\/psicologia.udd.cl\/doctorado\/es\/2020\/06\/01\/gobierno-udd-convoco-a-dr-jaime-silva-y-ministro-sichel-para-conocer-implicancias-del-covid\/#article\",\"isPartOf\":{\"@id\":\"https:\/\/psicologia.udd.cl\/doctorado\/es\/2020\/06\/01\/gobierno-udd-convoco-a-dr-jaime-silva-y-ministro-sichel-para-conocer-implicancias-del-covid\/\"},\"author\":{\"name\":\"\",\"@id\":\"\"},\"headline\":\"GOBIERNO UDD CONVOC\u00d3 A DR. JAIME SILVA Y MINISTRO SICHEL PARA CONOCER IMPLICANCIAS DEL COVID\",\"datePublished\":\"2020-06-01T15:40:54+00:00\",\"mainEntityOfPage\":{\"@id\":\"https:\/\/psicologia.udd.cl\/doctorado\/es\/2020\/06\/01\/gobierno-udd-convoco-a-dr-jaime-silva-y-ministro-sichel-para-conocer-implicancias-del-covid\/\"},\"wordCount\":476,\"commentCount\":0,\"image\":{\"@id\":\"https:\/\/psicologia.udd.cl\/doctorado\/es\/2020\/06\/01\/gobierno-udd-convoco-a-dr-jaime-silva-y-ministro-sichel-para-conocer-implicancias-del-covid\/#primaryimage\"},\"thumbnailUrl\":\"http:\/\/psicologia.udd.cl\/doctorado\/files\/2020\/06\/whatsapp-image-2020-06-01-at-11-20-29-300x134.jpeg\",\"articleSection\":[\"Noticias\"],\"inLanguage\":\"es\",\"potentialAction\":[{\"@type\":\"CommentAction\",\"name\":\"Comment\",\"target\":[\"https:\/\/psicologia.udd.cl\/doctorado\/es\/2020\/06\/01\/gobierno-udd-convoco-a-dr-jaime-silva-y-ministro-sichel-para-conocer-implicancias-del-covid\/#respond\"]}]},{\"@type\":\"WebPage\",\"@id\":\"https:\/\/psicologia.udd.cl\/doctorado\/es\/2020\/06\/01\/gobierno-udd-convoco-a-dr-jaime-silva-y-ministro-sichel-para-conocer-implicancias-del-covid\/\",\"url\":\"https:\/\/psicologia.udd.cl\/doctorado\/es\/2020\/06\/01\/gobierno-udd-convoco-a-dr-jaime-silva-y-ministro-sichel-para-conocer-implicancias-del-covid\/\",\"name\":\"GOBIERNO UDD CONVOC\u00d3 A DR. JAIME SILVA Y MINISTRO SICHEL PARA CONOCER IMPLICANCIAS DEL COVID - Doctorado en Ciencias del Desarrollo y Psicopatolog\u00eda\",\"isPartOf\":{\"@id\":\"https:\/\/psicologia.udd.cl\/doctorado\/#website\"},\"primaryImageOfPage\":{\"@id\":\"https:\/\/psicologia.udd.cl\/doctorado\/es\/2020\/06\/01\/gobierno-udd-convoco-a-dr-jaime-silva-y-ministro-sichel-para-conocer-implicancias-del-covid\/#primaryimage\"},\"image\":{\"@id\":\"https:\/\/psicologia.udd.cl\/doctorado\/es\/2020\/06\/01\/gobierno-udd-convoco-a-dr-jaime-silva-y-ministro-sichel-para-conocer-implicancias-del-covid\/#primaryimage\"},\"thumbnailUrl\":\"http:\/\/psicologia.udd.cl\/doctorado\/files\/2020\/06\/whatsapp-image-2020-06-01-at-11-20-29-300x134.jpeg\",\"datePublished\":\"2020-06-01T15:40:54+00:00\",\"author\":{\"@id\":\"\"},\"inLanguage\":\"es\",\"potentialAction\":[{\"@type\":\"ReadAction\",\"target\":[\"https:\/\/psicologia.udd.cl\/doctorado\/es\/2020\/06\/01\/gobierno-udd-convoco-a-dr-jaime-silva-y-ministro-sichel-para-conocer-implicancias-del-covid\/\"]}]},{\"@type\":\"ImageObject\",\"inLanguage\":\"es\",\"@id\":\"https:\/\/psicologia.udd.cl\/doctorado\/es\/2020\/06\/01\/gobierno-udd-convoco-a-dr-jaime-silva-y-ministro-sichel-para-conocer-implicancias-del-covid\/#primaryimage\",\"url\":\"http:\/\/psicologia.udd.cl\/doctorado\/files\/2020\/06\/whatsapp-image-2020-06-01-at-11-20-29-300x134.jpeg\",\"contentUrl\":\"http:\/\/psicologia.udd.cl\/doctorado\/files\/2020\/06\/whatsapp-image-2020-06-01-at-11-20-29-300x134.jpeg\"},{\"@type\":\"WebSite\",\"@id\":\"https:\/\/psicologia.udd.cl\/doctorado\/#website\",\"url\":\"https:\/\/psicologia.udd.cl\/doctorado\/\",\"name\":\"Doctorado en Ciencias del Desarrollo y Psicopatolog\u00eda\",\"description\":\"\",\"inLanguage\":\"es\"}]}<\/script>\n<!-- \/ Yoast SEO plugin. -->","yoast_head_json":{"title":"GOBIERNO UDD CONVOC\u00d3 A DR. JAIME SILVA Y MINISTRO SICHEL PARA CONOCER IMPLICANCIAS DEL COVID - Doctorado en Ciencias del Desarrollo y Psicopatolog\u00eda","robots":{"index":"index","follow":"follow","max-snippet":"max-snippet:-1","max-image-preview":"max-image-preview:large","max-video-preview":"max-video-preview:-1"},"canonical":"https:\/\/psicologia.udd.cl\/doctorado\/es\/2020\/06\/01\/gobierno-udd-convoco-a-dr-jaime-silva-y-ministro-sichel-para-conocer-implicancias-del-covid\/","og_locale":"es_ES","og_type":"article","og_title":"GOBIERNO UDD CONVOC\u00d3 A DR. JAIME SILVA Y MINISTRO SICHEL PARA CONOCER IMPLICANCIAS DEL COVID - Doctorado en Ciencias del Desarrollo y Psicopatolog\u00eda","og_description":"El titular de Desarrollo Social y Familia, Sebasti\u00e1n Sichel junto al director de Investigacio\u0301n de Psicolog\u00eda UDD, Jaime Silva, profundizaron sobre las poli\u0301ticas pu\u0301blicas para fomentar el bienestar de la poblacio\u0301n y c\u00f3mo se ven afectadas las habilidades socio-emocionales. A dos semanas de que se decretara cuarentena total para Santiago y otras seis comunas aleda\u00f1as, [&hellip;]","og_url":"https:\/\/psicologia.udd.cl\/doctorado\/es\/2020\/06\/01\/gobierno-udd-convoco-a-dr-jaime-silva-y-ministro-sichel-para-conocer-implicancias-del-covid\/","og_site_name":"Doctorado en Ciencias del Desarrollo y Psicopatolog\u00eda","article_published_time":"2020-06-01T15:40:54+00:00","og_image":[{"url":"http:\/\/psicologia.udd.cl\/doctorado\/files\/2020\/06\/whatsapp-image-2020-06-01-at-11-20-29-300x134.jpeg","type":"","width":"","height":""}],"twitter_card":"summary_large_image","twitter_misc":{"Tiempo de lectura":"2 minutos"},"schema":{"@context":"https:\/\/schema.org","@graph":[{"@type":"Article","@id":"https:\/\/psicologia.udd.cl\/doctorado\/es\/2020\/06\/01\/gobierno-udd-convoco-a-dr-jaime-silva-y-ministro-sichel-para-conocer-implicancias-del-covid\/#article","isPartOf":{"@id":"https:\/\/psicologia.udd.cl\/doctorado\/es\/2020\/06\/01\/gobierno-udd-convoco-a-dr-jaime-silva-y-ministro-sichel-para-conocer-implicancias-del-covid\/"},"author":{"name":"","@id":""},"headline":"GOBIERNO UDD CONVOC\u00d3 A DR. JAIME SILVA Y MINISTRO SICHEL PARA CONOCER IMPLICANCIAS DEL COVID","datePublished":"2020-06-01T15:40:54+00:00","mainEntityOfPage":{"@id":"https:\/\/psicologia.udd.cl\/doctorado\/es\/2020\/06\/01\/gobierno-udd-convoco-a-dr-jaime-silva-y-ministro-sichel-para-conocer-implicancias-del-covid\/"},"wordCount":476,"commentCount":0,"image":{"@id":"https:\/\/psicologia.udd.cl\/doctorado\/es\/2020\/06\/01\/gobierno-udd-convoco-a-dr-jaime-silva-y-ministro-sichel-para-conocer-implicancias-del-covid\/#primaryimage"},"thumbnailUrl":"http:\/\/psicologia.udd.cl\/doctorado\/files\/2020\/06\/whatsapp-image-2020-06-01-at-11-20-29-300x134.jpeg","articleSection":["Noticias"],"inLanguage":"es","potentialAction":[{"@type":"CommentAction","name":"Comment","target":["https:\/\/psicologia.udd.cl\/doctorado\/es\/2020\/06\/01\/gobierno-udd-convoco-a-dr-jaime-silva-y-ministro-sichel-para-conocer-implicancias-del-covid\/#respond"]}]},{"@type":"WebPage","@id":"https:\/\/psicologia.udd.cl\/doctorado\/es\/2020\/06\/01\/gobierno-udd-convoco-a-dr-jaime-silva-y-ministro-sichel-para-conocer-implicancias-del-covid\/","url":"https:\/\/psicologia.udd.cl\/doctorado\/es\/2020\/06\/01\/gobierno-udd-convoco-a-dr-jaime-silva-y-ministro-sichel-para-conocer-implicancias-del-covid\/","name":"GOBIERNO UDD CONVOC\u00d3 A DR. JAIME SILVA Y MINISTRO SICHEL PARA CONOCER IMPLICANCIAS DEL COVID - Doctorado en Ciencias del Desarrollo y Psicopatolog\u00eda","isPartOf":{"@id":"https:\/\/psicologia.udd.cl\/doctorado\/#website"},"primaryImageOfPage":{"@id":"https:\/\/psicologia.udd.cl\/doctorado\/es\/2020\/06\/01\/gobierno-udd-convoco-a-dr-jaime-silva-y-ministro-sichel-para-conocer-implicancias-del-covid\/#primaryimage"},"image":{"@id":"https:\/\/psicologia.udd.cl\/doctorado\/es\/2020\/06\/01\/gobierno-udd-convoco-a-dr-jaime-silva-y-ministro-sichel-para-conocer-implicancias-del-covid\/#primaryimage"},"thumbnailUrl":"http:\/\/psicologia.udd.cl\/doctorado\/files\/2020\/06\/whatsapp-image-2020-06-01-at-11-20-29-300x134.jpeg","datePublished":"2020-06-01T15:40:54+00:00","author":{"@id":""},"inLanguage":"es","potentialAction":[{"@type":"ReadAction","target":["https:\/\/psicologia.udd.cl\/doctorado\/es\/2020\/06\/01\/gobierno-udd-convoco-a-dr-jaime-silva-y-ministro-sichel-para-conocer-implicancias-del-covid\/"]}]},{"@type":"ImageObject","inLanguage":"es","@id":"https:\/\/psicologia.udd.cl\/doctorado\/es\/2020\/06\/01\/gobierno-udd-convoco-a-dr-jaime-silva-y-ministro-sichel-para-conocer-implicancias-del-covid\/#primaryimage","url":"http:\/\/psicologia.udd.cl\/doctorado\/files\/2020\/06\/whatsapp-image-2020-06-01-at-11-20-29-300x134.jpeg","contentUrl":"http:\/\/psicologia.udd.cl\/doctorado\/files\/2020\/06\/whatsapp-image-2020-06-01-at-11-20-29-300x134.jpeg"},{"@type":"WebSite","@id":"https:\/\/psicologia.udd.cl\/doctorado\/#website","url":"https:\/\/psicologia.udd.cl\/doctorado\/","name":"Doctorado en Ciencias del Desarrollo y Psicopatolog\u00eda","description":"","inLanguage":"es"}]}},"featured_image_url":null,"_links":{"self":[{"href":"https:\/\/psicologia.udd.cl\/doctorado\/wp-json\/wp\/v2\/posts\/1303","targetHints":{"allow":["GET"]}}],"collection":[{"href":"https:\/\/psicologia.udd.cl\/doctorado\/wp-json\/wp\/v2\/posts"}],"about":[{"href":"https:\/\/psicologia.udd.cl\/doctorado\/wp-json\/wp\/v2\/types\/post"}],"replies":[{"embeddable":true,"href":"https:\/\/psicologia.udd.cl\/doctorado\/wp-json\/wp\/v2\/comments?post=1303"}],"version-history":[{"count":0,"href":"https:\/\/psicologia.udd.cl\/doctorado\/wp-json\/wp\/v2\/posts\/1303\/revisions"}],"wp:attachment":[{"href":"https:\/\/psicologia.udd.cl\/doctorado\/wp-json\/wp\/v2\/media?parent=1303"}],"wp:term":[{"taxonomy":"category","embeddable":true,"href":"https:\/\/psicologia.udd.cl\/doctorado\/wp-json\/wp\/v2\/categories?post=1303"},{"taxonomy":"post_tag","embeddable":true,"href":"https:\/\/psicologia.udd.cl\/doctorado\/wp-json\/wp\/v2\/tags?post=1303"}],"curies":[{"name":"wp","href":"https:\/\/api.w.org\/{rel}","templated":true}]}}