{"id":1291,"date":"2020-05-07T18:22:53","date_gmt":"2020-05-07T18:22:53","guid":{"rendered":"http:\/\/psicologia.udd.cl\/doctorado\/?p=1291"},"modified":"2020-05-07T18:22:53","modified_gmt":"2020-05-07T18:22:53","slug":"enlaprensa-txs-radio-uso-de-pantallas-en-ninos-y-ninas-durante-la-cuarentena-rodrigo-arroyo","status":"publish","type":"post","link":"https:\/\/psicologia.udd.cl\/doctorado\/es\/2020\/05\/07\/enlaprensa-txs-radio-uso-de-pantallas-en-ninos-y-ninas-durante-la-cuarentena-rodrigo-arroyo\/","title":{"rendered":"#ENLAPRENSA \/ TXS RADIO \/ USO DE PANTALLAS EN NI\u00d1OS Y NI\u00d1AS DURANTE LA CUARENTENA \/ RODRIGO ARROYO"},"content":{"rendered":"<p>El Candidato a Doctor en Ciencias del Desarrollo y Psicopatolog\u00eda, Rodrigo Arroyo, fue invitado al programa de radio online TXS Radio, \u201cRockstar\u201d, conducido por el bi\u00f3logo molecular y divulgador cient\u00edfico, Gabriel Le\u00f3n.<\/p>\n<p>Ambos conversaron por casi una hora sobre el uso de pantallas en ni\u00f1os y ni\u00f1as durante tiempos de pandemia y las aprensiones que pueden tener los adultos por la utilizaci\u00f3n excesiva de estos dispositivos.<\/p>\n<p><strong><a href=\"https:\/\/open.spotify.com\/episode\/58p3VLiwYBJ5piday2KElI?si=3rMEgXQPS-W9l7iS9nSqXQ\">Escucha la entrevista completa ac\u00e1.<\/a><\/strong><\/p>\n<p>&nbsp;<\/p>\n<p><img loading=\"lazy\" decoding=\"async\" class=\"alignnone size-medium wp-image-1292\" src=\"https:\/\/psicologia.udd.cl\/doctorado\/files\/2020\/05\/whatsapp-image-2020-05-07-at-11-31-24-300x300.jpeg\" alt=\"\" width=\"300\" height=\"300\" srcset=\"https:\/\/psicologia.udd.cl\/doctorado\/files\/2020\/05\/whatsapp-image-2020-05-07-at-11-31-24-300x300.jpeg 300w, https:\/\/psicologia.udd.cl\/doctorado\/files\/2020\/05\/whatsapp-image-2020-05-07-at-11-31-24-1024x1024.jpeg 1024w, https:\/\/psicologia.udd.cl\/doctorado\/files\/2020\/05\/whatsapp-image-2020-05-07-at-11-31-24-150x150.jpeg 150w, https:\/\/psicologia.udd.cl\/doctorado\/files\/2020\/05\/whatsapp-image-2020-05-07-at-11-31-24-768x768.jpeg 768w, https:\/\/psicologia.udd.cl\/doctorado\/files\/2020\/05\/whatsapp-image-2020-05-07-at-11-31-24-62x62.jpeg 62w, https:\/\/psicologia.udd.cl\/doctorado\/files\/2020\/05\/whatsapp-image-2020-05-07-at-11-31-24-750x750.jpeg 750w, https:\/\/psicologia.udd.cl\/doctorado\/files\/2020\/05\/whatsapp-image-2020-05-07-at-11-31-24-500x500.jpeg 500w, https:\/\/psicologia.udd.cl\/doctorado\/files\/2020\/05\/whatsapp-image-2020-05-07-at-11-31-24-250x250.jpeg 250w, https:\/\/psicologia.udd.cl\/doctorado\/files\/2020\/05\/whatsapp-image-2020-05-07-at-11-31-24-126x126.jpeg 126w, https:\/\/psicologia.udd.cl\/doctorado\/files\/2020\/05\/whatsapp-image-2020-05-07-at-11-31-24.jpeg 1080w\" sizes=\"auto, (max-width: 300px) 100vw, 300px\" \/><\/p>\n","protected":false},"excerpt":{"rendered":"<p>El Candidato a Doctor en Ciencias del Desarrollo y Psicopatolog\u00eda, Rodrigo Arroyo, fue invitado al programa de radio online TXS Radio, \u201cRockstar\u201d, conducido por el bi\u00f3logo molecular y divulgador cient\u00edfico, Gabriel Le\u00f3n. Ambos conversaron por casi una hora sobre el uso de pantallas en ni\u00f1os y ni\u00f1as durante tiempos de pandemia y las aprensiones que [&hellip;]<\/p>\n","protected":false},"author":0,"featured_media":0,"comment_status":"open","ping_status":"open","sticky":false,"template":"","format":"standard","meta":{"footnotes":""},"categories":[69],"tags":[],"class_list":["post-1291","post","type-post","status-publish","format-standard","hentry","category-noticias"],"yoast_head":"<!-- This site is optimized with the Yoast SEO plugin v26.9 - https:\/\/yoast.com\/product\/yoast-seo-wordpress\/ -->\n<title>#ENLAPRENSA \/ TXS RADIO \/ USO DE PANTALLAS EN NI\u00d1OS Y NI\u00d1AS DURANTE LA CUARENTENA \/ RODRIGO ARROYO - Doctorado en Ciencias del Desarrollo y Psicopatolog\u00eda<\/title>\n<meta name=\"robots\" content=\"index, follow, max-snippet:-1, max-image-preview:large, max-video-preview:-1\" \/>\n<link rel=\"canonical\" href=\"https:\/\/psicologia.udd.cl\/doctorado\/es\/2020\/05\/07\/enlaprensa-txs-radio-uso-de-pantallas-en-ninos-y-ninas-durante-la-cuarentena-rodrigo-arroyo\/\" \/>\n<meta property=\"og:locale\" content=\"es_ES\" \/>\n<meta property=\"og:type\" content=\"article\" \/>\n<meta property=\"og:title\" content=\"#ENLAPRENSA \/ TXS RADIO \/ USO DE PANTALLAS EN NI\u00d1OS Y NI\u00d1AS DURANTE LA CUARENTENA \/ RODRIGO ARROYO - Doctorado en Ciencias del Desarrollo y Psicopatolog\u00eda\" \/>\n<meta property=\"og:description\" content=\"El Candidato a Doctor en Ciencias del Desarrollo y Psicopatolog\u00eda, Rodrigo Arroyo, fue invitado al programa de radio online TXS Radio, \u201cRockstar\u201d, conducido por el bi\u00f3logo molecular y divulgador cient\u00edfico, Gabriel Le\u00f3n. Ambos conversaron por casi una hora sobre el uso de pantallas en ni\u00f1os y ni\u00f1as durante tiempos de pandemia y las aprensiones que [&hellip;]\" \/>\n<meta property=\"og:url\" content=\"https:\/\/psicologia.udd.cl\/doctorado\/es\/2020\/05\/07\/enlaprensa-txs-radio-uso-de-pantallas-en-ninos-y-ninas-durante-la-cuarentena-rodrigo-arroyo\/\" \/>\n<meta property=\"og:site_name\" content=\"Doctorado en Ciencias del Desarrollo y Psicopatolog\u00eda\" \/>\n<meta property=\"article:published_time\" content=\"2020-05-07T18:22:53+00:00\" \/>\n<meta property=\"og:image\" content=\"http:\/\/psicologia.udd.cl\/doctorado\/files\/2020\/05\/whatsapp-image-2020-05-07-at-11-31-24-300x300.jpeg\" \/>\n<meta name=\"twitter:card\" content=\"summary_large_image\" \/>\n<script type=\"application\/ld+json\" class=\"yoast-schema-graph\">{\"@context\":\"https:\/\/schema.org\",\"@graph\":[{\"@type\":\"Article\",\"@id\":\"https:\/\/psicologia.udd.cl\/doctorado\/es\/2020\/05\/07\/enlaprensa-txs-radio-uso-de-pantallas-en-ninos-y-ninas-durante-la-cuarentena-rodrigo-arroyo\/#article\",\"isPartOf\":{\"@id\":\"https:\/\/psicologia.udd.cl\/doctorado\/es\/2020\/05\/07\/enlaprensa-txs-radio-uso-de-pantallas-en-ninos-y-ninas-durante-la-cuarentena-rodrigo-arroyo\/\"},\"author\":{\"name\":\"\",\"@id\":\"\"},\"headline\":\"#ENLAPRENSA \/ TXS RADIO \/ USO DE PANTALLAS EN NI\u00d1OS Y NI\u00d1AS DURANTE LA CUARENTENA \/ RODRIGO ARROYO\",\"datePublished\":\"2020-05-07T18:22:53+00:00\",\"mainEntityOfPage\":{\"@id\":\"https:\/\/psicologia.udd.cl\/doctorado\/es\/2020\/05\/07\/enlaprensa-txs-radio-uso-de-pantallas-en-ninos-y-ninas-durante-la-cuarentena-rodrigo-arroyo\/\"},\"wordCount\":96,\"commentCount\":0,\"image\":{\"@id\":\"https:\/\/psicologia.udd.cl\/doctorado\/es\/2020\/05\/07\/enlaprensa-txs-radio-uso-de-pantallas-en-ninos-y-ninas-durante-la-cuarentena-rodrigo-arroyo\/#primaryimage\"},\"thumbnailUrl\":\"http:\/\/psicologia.udd.cl\/doctorado\/files\/2020\/05\/whatsapp-image-2020-05-07-at-11-31-24-300x300.jpeg\",\"articleSection\":[\"Noticias\"],\"inLanguage\":\"es\",\"potentialAction\":[{\"@type\":\"CommentAction\",\"name\":\"Comment\",\"target\":[\"https:\/\/psicologia.udd.cl\/doctorado\/es\/2020\/05\/07\/enlaprensa-txs-radio-uso-de-pantallas-en-ninos-y-ninas-durante-la-cuarentena-rodrigo-arroyo\/#respond\"]}]},{\"@type\":\"WebPage\",\"@id\":\"https:\/\/psicologia.udd.cl\/doctorado\/es\/2020\/05\/07\/enlaprensa-txs-radio-uso-de-pantallas-en-ninos-y-ninas-durante-la-cuarentena-rodrigo-arroyo\/\",\"url\":\"https:\/\/psicologia.udd.cl\/doctorado\/es\/2020\/05\/07\/enlaprensa-txs-radio-uso-de-pantallas-en-ninos-y-ninas-durante-la-cuarentena-rodrigo-arroyo\/\",\"name\":\"#ENLAPRENSA \/ TXS RADIO \/ USO DE PANTALLAS EN NI\u00d1OS Y NI\u00d1AS DURANTE LA CUARENTENA \/ RODRIGO ARROYO - Doctorado en Ciencias del Desarrollo y Psicopatolog\u00eda\",\"isPartOf\":{\"@id\":\"https:\/\/psicologia.udd.cl\/doctorado\/#website\"},\"primaryImageOfPage\":{\"@id\":\"https:\/\/psicologia.udd.cl\/doctorado\/es\/2020\/05\/07\/enlaprensa-txs-radio-uso-de-pantallas-en-ninos-y-ninas-durante-la-cuarentena-rodrigo-arroyo\/#primaryimage\"},\"image\":{\"@id\":\"https:\/\/psicologia.udd.cl\/doctorado\/es\/2020\/05\/07\/enlaprensa-txs-radio-uso-de-pantallas-en-ninos-y-ninas-durante-la-cuarentena-rodrigo-arroyo\/#primaryimage\"},\"thumbnailUrl\":\"http:\/\/psicologia.udd.cl\/doctorado\/files\/2020\/05\/whatsapp-image-2020-05-07-at-11-31-24-300x300.jpeg\",\"datePublished\":\"2020-05-07T18:22:53+00:00\",\"author\":{\"@id\":\"\"},\"inLanguage\":\"es\",\"potentialAction\":[{\"@type\":\"ReadAction\",\"target\":[\"https:\/\/psicologia.udd.cl\/doctorado\/es\/2020\/05\/07\/enlaprensa-txs-radio-uso-de-pantallas-en-ninos-y-ninas-durante-la-cuarentena-rodrigo-arroyo\/\"]}]},{\"@type\":\"ImageObject\",\"inLanguage\":\"es\",\"@id\":\"https:\/\/psicologia.udd.cl\/doctorado\/es\/2020\/05\/07\/enlaprensa-txs-radio-uso-de-pantallas-en-ninos-y-ninas-durante-la-cuarentena-rodrigo-arroyo\/#primaryimage\",\"url\":\"http:\/\/psicologia.udd.cl\/doctorado\/files\/2020\/05\/whatsapp-image-2020-05-07-at-11-31-24-300x300.jpeg\",\"contentUrl\":\"http:\/\/psicologia.udd.cl\/doctorado\/files\/2020\/05\/whatsapp-image-2020-05-07-at-11-31-24-300x300.jpeg\"},{\"@type\":\"WebSite\",\"@id\":\"https:\/\/psicologia.udd.cl\/doctorado\/#website\",\"url\":\"https:\/\/psicologia.udd.cl\/doctorado\/\",\"name\":\"Doctorado en Ciencias del Desarrollo y Psicopatolog\u00eda\",\"description\":\"\",\"inLanguage\":\"es\"}]}<\/script>\n<!-- \/ Yoast SEO plugin. -->","yoast_head_json":{"title":"#ENLAPRENSA \/ TXS RADIO \/ USO DE PANTALLAS EN NI\u00d1OS Y NI\u00d1AS DURANTE LA CUARENTENA \/ RODRIGO ARROYO - Doctorado en Ciencias del Desarrollo y Psicopatolog\u00eda","robots":{"index":"index","follow":"follow","max-snippet":"max-snippet:-1","max-image-preview":"max-image-preview:large","max-video-preview":"max-video-preview:-1"},"canonical":"https:\/\/psicologia.udd.cl\/doctorado\/es\/2020\/05\/07\/enlaprensa-txs-radio-uso-de-pantallas-en-ninos-y-ninas-durante-la-cuarentena-rodrigo-arroyo\/","og_locale":"es_ES","og_type":"article","og_title":"#ENLAPRENSA \/ TXS RADIO \/ USO DE PANTALLAS EN NI\u00d1OS Y NI\u00d1AS DURANTE LA CUARENTENA \/ RODRIGO ARROYO - Doctorado en Ciencias del Desarrollo y Psicopatolog\u00eda","og_description":"El Candidato a Doctor en Ciencias del Desarrollo y Psicopatolog\u00eda, Rodrigo Arroyo, fue invitado al programa de radio online TXS Radio, \u201cRockstar\u201d, conducido por el bi\u00f3logo molecular y divulgador cient\u00edfico, Gabriel Le\u00f3n. Ambos conversaron por casi una hora sobre el uso de pantallas en ni\u00f1os y ni\u00f1as durante tiempos de pandemia y las aprensiones que [&hellip;]","og_url":"https:\/\/psicologia.udd.cl\/doctorado\/es\/2020\/05\/07\/enlaprensa-txs-radio-uso-de-pantallas-en-ninos-y-ninas-durante-la-cuarentena-rodrigo-arroyo\/","og_site_name":"Doctorado en Ciencias del Desarrollo y Psicopatolog\u00eda","article_published_time":"2020-05-07T18:22:53+00:00","og_image":[{"url":"http:\/\/psicologia.udd.cl\/doctorado\/files\/2020\/05\/whatsapp-image-2020-05-07-at-11-31-24-300x300.jpeg","type":"","width":"","height":""}],"twitter_card":"summary_large_image","schema":{"@context":"https:\/\/schema.org","@graph":[{"@type":"Article","@id":"https:\/\/psicologia.udd.cl\/doctorado\/es\/2020\/05\/07\/enlaprensa-txs-radio-uso-de-pantallas-en-ninos-y-ninas-durante-la-cuarentena-rodrigo-arroyo\/#article","isPartOf":{"@id":"https:\/\/psicologia.udd.cl\/doctorado\/es\/2020\/05\/07\/enlaprensa-txs-radio-uso-de-pantallas-en-ninos-y-ninas-durante-la-cuarentena-rodrigo-arroyo\/"},"author":{"name":"","@id":""},"headline":"#ENLAPRENSA \/ TXS RADIO \/ USO DE PANTALLAS EN NI\u00d1OS Y NI\u00d1AS DURANTE LA CUARENTENA \/ RODRIGO ARROYO","datePublished":"2020-05-07T18:22:53+00:00","mainEntityOfPage":{"@id":"https:\/\/psicologia.udd.cl\/doctorado\/es\/2020\/05\/07\/enlaprensa-txs-radio-uso-de-pantallas-en-ninos-y-ninas-durante-la-cuarentena-rodrigo-arroyo\/"},"wordCount":96,"commentCount":0,"image":{"@id":"https:\/\/psicologia.udd.cl\/doctorado\/es\/2020\/05\/07\/enlaprensa-txs-radio-uso-de-pantallas-en-ninos-y-ninas-durante-la-cuarentena-rodrigo-arroyo\/#primaryimage"},"thumbnailUrl":"http:\/\/psicologia.udd.cl\/doctorado\/files\/2020\/05\/whatsapp-image-2020-05-07-at-11-31-24-300x300.jpeg","articleSection":["Noticias"],"inLanguage":"es","potentialAction":[{"@type":"CommentAction","name":"Comment","target":["https:\/\/psicologia.udd.cl\/doctorado\/es\/2020\/05\/07\/enlaprensa-txs-radio-uso-de-pantallas-en-ninos-y-ninas-durante-la-cuarentena-rodrigo-arroyo\/#respond"]}]},{"@type":"WebPage","@id":"https:\/\/psicologia.udd.cl\/doctorado\/es\/2020\/05\/07\/enlaprensa-txs-radio-uso-de-pantallas-en-ninos-y-ninas-durante-la-cuarentena-rodrigo-arroyo\/","url":"https:\/\/psicologia.udd.cl\/doctorado\/es\/2020\/05\/07\/enlaprensa-txs-radio-uso-de-pantallas-en-ninos-y-ninas-durante-la-cuarentena-rodrigo-arroyo\/","name":"#ENLAPRENSA \/ TXS RADIO \/ USO DE PANTALLAS EN NI\u00d1OS Y NI\u00d1AS DURANTE LA CUARENTENA \/ RODRIGO ARROYO - Doctorado en Ciencias del Desarrollo y Psicopatolog\u00eda","isPartOf":{"@id":"https:\/\/psicologia.udd.cl\/doctorado\/#website"},"primaryImageOfPage":{"@id":"https:\/\/psicologia.udd.cl\/doctorado\/es\/2020\/05\/07\/enlaprensa-txs-radio-uso-de-pantallas-en-ninos-y-ninas-durante-la-cuarentena-rodrigo-arroyo\/#primaryimage"},"image":{"@id":"https:\/\/psicologia.udd.cl\/doctorado\/es\/2020\/05\/07\/enlaprensa-txs-radio-uso-de-pantallas-en-ninos-y-ninas-durante-la-cuarentena-rodrigo-arroyo\/#primaryimage"},"thumbnailUrl":"http:\/\/psicologia.udd.cl\/doctorado\/files\/2020\/05\/whatsapp-image-2020-05-07-at-11-31-24-300x300.jpeg","datePublished":"2020-05-07T18:22:53+00:00","author":{"@id":""},"inLanguage":"es","potentialAction":[{"@type":"ReadAction","target":["https:\/\/psicologia.udd.cl\/doctorado\/es\/2020\/05\/07\/enlaprensa-txs-radio-uso-de-pantallas-en-ninos-y-ninas-durante-la-cuarentena-rodrigo-arroyo\/"]}]},{"@type":"ImageObject","inLanguage":"es","@id":"https:\/\/psicologia.udd.cl\/doctorado\/es\/2020\/05\/07\/enlaprensa-txs-radio-uso-de-pantallas-en-ninos-y-ninas-durante-la-cuarentena-rodrigo-arroyo\/#primaryimage","url":"http:\/\/psicologia.udd.cl\/doctorado\/files\/2020\/05\/whatsapp-image-2020-05-07-at-11-31-24-300x300.jpeg","contentUrl":"http:\/\/psicologia.udd.cl\/doctorado\/files\/2020\/05\/whatsapp-image-2020-05-07-at-11-31-24-300x300.jpeg"},{"@type":"WebSite","@id":"https:\/\/psicologia.udd.cl\/doctorado\/#website","url":"https:\/\/psicologia.udd.cl\/doctorado\/","name":"Doctorado en Ciencias del Desarrollo y Psicopatolog\u00eda","description":"","inLanguage":"es"}]}},"featured_image_url":null,"_links":{"self":[{"href":"https:\/\/psicologia.udd.cl\/doctorado\/wp-json\/wp\/v2\/posts\/1291","targetHints":{"allow":["GET"]}}],"collection":[{"href":"https:\/\/psicologia.udd.cl\/doctorado\/wp-json\/wp\/v2\/posts"}],"about":[{"href":"https:\/\/psicologia.udd.cl\/doctorado\/wp-json\/wp\/v2\/types\/post"}],"replies":[{"embeddable":true,"href":"https:\/\/psicologia.udd.cl\/doctorado\/wp-json\/wp\/v2\/comments?post=1291"}],"version-history":[{"count":0,"href":"https:\/\/psicologia.udd.cl\/doctorado\/wp-json\/wp\/v2\/posts\/1291\/revisions"}],"wp:attachment":[{"href":"https:\/\/psicologia.udd.cl\/doctorado\/wp-json\/wp\/v2\/media?parent=1291"}],"wp:term":[{"taxonomy":"category","embeddable":true,"href":"https:\/\/psicologia.udd.cl\/doctorado\/wp-json\/wp\/v2\/categories?post=1291"},{"taxonomy":"post_tag","embeddable":true,"href":"https:\/\/psicologia.udd.cl\/doctorado\/wp-json\/wp\/v2\/tags?post=1291"}],"curies":[{"name":"wp","href":"https:\/\/api.w.org\/{rel}","templated":true}]}}