{"id":1289,"date":"2020-05-07T15:54:52","date_gmt":"2020-05-07T15:54:52","guid":{"rendered":"http:\/\/psicologia.udd.cl\/doctorado\/?p=1289"},"modified":"2020-05-07T15:54:52","modified_gmt":"2020-05-07T15:54:52","slug":"enlaprensa-france-24-espanol-evitar-el-aislamiento-emocional-dr-jaime-silva","status":"publish","type":"post","link":"https:\/\/psicologia.udd.cl\/doctorado\/es\/2020\/05\/07\/enlaprensa-france-24-espanol-evitar-el-aislamiento-emocional-dr-jaime-silva\/","title":{"rendered":"#ENLAPRENSA \/ FRANCE 24 ESPA\u00d1OL \/ EVITAR EL AISLAMIENTO EMOCIONAL \/ DR. JAIME SILVA"},"content":{"rendered":"<p><iframe loading=\"lazy\" title=\"Jaime Silva: &quot;Debemos evitar que el aislamiento f\u00edsico se convierta en aislamiento emocional&quot;\" width=\"500\" height=\"281\" src=\"https:\/\/www.youtube.com\/embed\/kajUdUYpqJo?feature=oembed\" frameborder=\"0\" allow=\"accelerometer; autoplay; clipboard-write; encrypted-media; gyroscope; picture-in-picture; web-share\" referrerpolicy=\"strict-origin-when-cross-origin\" allowfullscreen><\/iframe><\/p>\n<p>El director del Doctorado en Ciencias del Desarrollo y Psicopatolog\u00eda, Dr. Jaime Silva, fue entrevistado por el medio internacional France 24 en espa\u00f1ol, acerca de las consecuencias del aislamiento social que ya se extiende, en algunos casos, por dos meses.<\/p>\n<p>Cabe destacar que este medio de comunicaci\u00f3n cubre noticias en diversas partes del mundo.<\/p>\n","protected":false},"excerpt":{"rendered":"<p>El director del Doctorado en Ciencias del Desarrollo y Psicopatolog\u00eda, Dr. Jaime Silva, fue entrevistado por el medio internacional France 24 en espa\u00f1ol, acerca de las consecuencias del aislamiento social que ya se extiende, en algunos casos, por dos meses. Cabe destacar que este medio de comunicaci\u00f3n cubre noticias en diversas partes del mundo.<\/p>\n","protected":false},"author":0,"featured_media":0,"comment_status":"open","ping_status":"open","sticky":false,"template":"","format":"standard","meta":{"footnotes":""},"categories":[69],"tags":[],"class_list":["post-1289","post","type-post","status-publish","format-standard","hentry","category-noticias"],"yoast_head":"<!-- This site is optimized with the Yoast SEO plugin v26.9 - https:\/\/yoast.com\/product\/yoast-seo-wordpress\/ -->\n<title>#ENLAPRENSA \/ FRANCE 24 ESPA\u00d1OL \/ EVITAR EL AISLAMIENTO EMOCIONAL \/ DR. JAIME SILVA - Doctorado en Ciencias del Desarrollo y Psicopatolog\u00eda<\/title>\n<meta name=\"robots\" content=\"index, follow, max-snippet:-1, max-image-preview:large, max-video-preview:-1\" \/>\n<link rel=\"canonical\" href=\"https:\/\/psicologia.udd.cl\/doctorado\/es\/2020\/05\/07\/enlaprensa-france-24-espanol-evitar-el-aislamiento-emocional-dr-jaime-silva\/\" \/>\n<meta property=\"og:locale\" content=\"es_ES\" \/>\n<meta property=\"og:type\" content=\"article\" \/>\n<meta property=\"og:title\" content=\"#ENLAPRENSA \/ FRANCE 24 ESPA\u00d1OL \/ EVITAR EL AISLAMIENTO EMOCIONAL \/ DR. JAIME SILVA - Doctorado en Ciencias del Desarrollo y Psicopatolog\u00eda\" \/>\n<meta property=\"og:description\" content=\"El director del Doctorado en Ciencias del Desarrollo y Psicopatolog\u00eda, Dr. Jaime Silva, fue entrevistado por el medio internacional France 24 en espa\u00f1ol, acerca de las consecuencias del aislamiento social que ya se extiende, en algunos casos, por dos meses. Cabe destacar que este medio de comunicaci\u00f3n cubre noticias en diversas partes del mundo.\" \/>\n<meta property=\"og:url\" content=\"https:\/\/psicologia.udd.cl\/doctorado\/es\/2020\/05\/07\/enlaprensa-france-24-espanol-evitar-el-aislamiento-emocional-dr-jaime-silva\/\" \/>\n<meta property=\"og:site_name\" content=\"Doctorado en Ciencias del Desarrollo y Psicopatolog\u00eda\" \/>\n<meta property=\"article:published_time\" content=\"2020-05-07T15:54:52+00:00\" \/>\n<meta name=\"twitter:card\" content=\"summary_large_image\" \/>\n<script type=\"application\/ld+json\" class=\"yoast-schema-graph\">{\"@context\":\"https:\/\/schema.org\",\"@graph\":[{\"@type\":\"Article\",\"@id\":\"https:\/\/psicologia.udd.cl\/doctorado\/es\/2020\/05\/07\/enlaprensa-france-24-espanol-evitar-el-aislamiento-emocional-dr-jaime-silva\/#article\",\"isPartOf\":{\"@id\":\"https:\/\/psicologia.udd.cl\/doctorado\/es\/2020\/05\/07\/enlaprensa-france-24-espanol-evitar-el-aislamiento-emocional-dr-jaime-silva\/\"},\"author\":{\"name\":\"\",\"@id\":\"\"},\"headline\":\"#ENLAPRENSA \/ FRANCE 24 ESPA\u00d1OL \/ EVITAR EL AISLAMIENTO EMOCIONAL \/ DR. JAIME SILVA\",\"datePublished\":\"2020-05-07T15:54:52+00:00\",\"mainEntityOfPage\":{\"@id\":\"https:\/\/psicologia.udd.cl\/doctorado\/es\/2020\/05\/07\/enlaprensa-france-24-espanol-evitar-el-aislamiento-emocional-dr-jaime-silva\/\"},\"wordCount\":80,\"commentCount\":0,\"articleSection\":[\"Noticias\"],\"inLanguage\":\"es\",\"potentialAction\":[{\"@type\":\"CommentAction\",\"name\":\"Comment\",\"target\":[\"https:\/\/psicologia.udd.cl\/doctorado\/es\/2020\/05\/07\/enlaprensa-france-24-espanol-evitar-el-aislamiento-emocional-dr-jaime-silva\/#respond\"]}]},{\"@type\":\"WebPage\",\"@id\":\"https:\/\/psicologia.udd.cl\/doctorado\/es\/2020\/05\/07\/enlaprensa-france-24-espanol-evitar-el-aislamiento-emocional-dr-jaime-silva\/\",\"url\":\"https:\/\/psicologia.udd.cl\/doctorado\/es\/2020\/05\/07\/enlaprensa-france-24-espanol-evitar-el-aislamiento-emocional-dr-jaime-silva\/\",\"name\":\"#ENLAPRENSA \/ FRANCE 24 ESPA\u00d1OL \/ EVITAR EL AISLAMIENTO EMOCIONAL \/ DR. JAIME SILVA - Doctorado en Ciencias del Desarrollo y Psicopatolog\u00eda\",\"isPartOf\":{\"@id\":\"https:\/\/psicologia.udd.cl\/doctorado\/#website\"},\"datePublished\":\"2020-05-07T15:54:52+00:00\",\"author\":{\"@id\":\"\"},\"inLanguage\":\"es\",\"potentialAction\":[{\"@type\":\"ReadAction\",\"target\":[\"https:\/\/psicologia.udd.cl\/doctorado\/es\/2020\/05\/07\/enlaprensa-france-24-espanol-evitar-el-aislamiento-emocional-dr-jaime-silva\/\"]}]},{\"@type\":\"WebSite\",\"@id\":\"https:\/\/psicologia.udd.cl\/doctorado\/#website\",\"url\":\"https:\/\/psicologia.udd.cl\/doctorado\/\",\"name\":\"Doctorado en Ciencias del Desarrollo y Psicopatolog\u00eda\",\"description\":\"\",\"inLanguage\":\"es\"}]}<\/script>\n<!-- \/ Yoast SEO plugin. -->","yoast_head_json":{"title":"#ENLAPRENSA \/ FRANCE 24 ESPA\u00d1OL \/ EVITAR EL AISLAMIENTO EMOCIONAL \/ DR. JAIME SILVA - Doctorado en Ciencias del Desarrollo y Psicopatolog\u00eda","robots":{"index":"index","follow":"follow","max-snippet":"max-snippet:-1","max-image-preview":"max-image-preview:large","max-video-preview":"max-video-preview:-1"},"canonical":"https:\/\/psicologia.udd.cl\/doctorado\/es\/2020\/05\/07\/enlaprensa-france-24-espanol-evitar-el-aislamiento-emocional-dr-jaime-silva\/","og_locale":"es_ES","og_type":"article","og_title":"#ENLAPRENSA \/ FRANCE 24 ESPA\u00d1OL \/ EVITAR EL AISLAMIENTO EMOCIONAL \/ DR. JAIME SILVA - Doctorado en Ciencias del Desarrollo y Psicopatolog\u00eda","og_description":"El director del Doctorado en Ciencias del Desarrollo y Psicopatolog\u00eda, Dr. Jaime Silva, fue entrevistado por el medio internacional France 24 en espa\u00f1ol, acerca de las consecuencias del aislamiento social que ya se extiende, en algunos casos, por dos meses. Cabe destacar que este medio de comunicaci\u00f3n cubre noticias en diversas partes del mundo.","og_url":"https:\/\/psicologia.udd.cl\/doctorado\/es\/2020\/05\/07\/enlaprensa-france-24-espanol-evitar-el-aislamiento-emocional-dr-jaime-silva\/","og_site_name":"Doctorado en Ciencias del Desarrollo y Psicopatolog\u00eda","article_published_time":"2020-05-07T15:54:52+00:00","twitter_card":"summary_large_image","schema":{"@context":"https:\/\/schema.org","@graph":[{"@type":"Article","@id":"https:\/\/psicologia.udd.cl\/doctorado\/es\/2020\/05\/07\/enlaprensa-france-24-espanol-evitar-el-aislamiento-emocional-dr-jaime-silva\/#article","isPartOf":{"@id":"https:\/\/psicologia.udd.cl\/doctorado\/es\/2020\/05\/07\/enlaprensa-france-24-espanol-evitar-el-aislamiento-emocional-dr-jaime-silva\/"},"author":{"name":"","@id":""},"headline":"#ENLAPRENSA \/ FRANCE 24 ESPA\u00d1OL \/ EVITAR EL AISLAMIENTO EMOCIONAL \/ DR. JAIME SILVA","datePublished":"2020-05-07T15:54:52+00:00","mainEntityOfPage":{"@id":"https:\/\/psicologia.udd.cl\/doctorado\/es\/2020\/05\/07\/enlaprensa-france-24-espanol-evitar-el-aislamiento-emocional-dr-jaime-silva\/"},"wordCount":80,"commentCount":0,"articleSection":["Noticias"],"inLanguage":"es","potentialAction":[{"@type":"CommentAction","name":"Comment","target":["https:\/\/psicologia.udd.cl\/doctorado\/es\/2020\/05\/07\/enlaprensa-france-24-espanol-evitar-el-aislamiento-emocional-dr-jaime-silva\/#respond"]}]},{"@type":"WebPage","@id":"https:\/\/psicologia.udd.cl\/doctorado\/es\/2020\/05\/07\/enlaprensa-france-24-espanol-evitar-el-aislamiento-emocional-dr-jaime-silva\/","url":"https:\/\/psicologia.udd.cl\/doctorado\/es\/2020\/05\/07\/enlaprensa-france-24-espanol-evitar-el-aislamiento-emocional-dr-jaime-silva\/","name":"#ENLAPRENSA \/ FRANCE 24 ESPA\u00d1OL \/ EVITAR EL AISLAMIENTO EMOCIONAL \/ DR. JAIME SILVA - Doctorado en Ciencias del Desarrollo y Psicopatolog\u00eda","isPartOf":{"@id":"https:\/\/psicologia.udd.cl\/doctorado\/#website"},"datePublished":"2020-05-07T15:54:52+00:00","author":{"@id":""},"inLanguage":"es","potentialAction":[{"@type":"ReadAction","target":["https:\/\/psicologia.udd.cl\/doctorado\/es\/2020\/05\/07\/enlaprensa-france-24-espanol-evitar-el-aislamiento-emocional-dr-jaime-silva\/"]}]},{"@type":"WebSite","@id":"https:\/\/psicologia.udd.cl\/doctorado\/#website","url":"https:\/\/psicologia.udd.cl\/doctorado\/","name":"Doctorado en Ciencias del Desarrollo y Psicopatolog\u00eda","description":"","inLanguage":"es"}]}},"featured_image_url":null,"_links":{"self":[{"href":"https:\/\/psicologia.udd.cl\/doctorado\/wp-json\/wp\/v2\/posts\/1289","targetHints":{"allow":["GET"]}}],"collection":[{"href":"https:\/\/psicologia.udd.cl\/doctorado\/wp-json\/wp\/v2\/posts"}],"about":[{"href":"https:\/\/psicologia.udd.cl\/doctorado\/wp-json\/wp\/v2\/types\/post"}],"replies":[{"embeddable":true,"href":"https:\/\/psicologia.udd.cl\/doctorado\/wp-json\/wp\/v2\/comments?post=1289"}],"version-history":[{"count":0,"href":"https:\/\/psicologia.udd.cl\/doctorado\/wp-json\/wp\/v2\/posts\/1289\/revisions"}],"wp:attachment":[{"href":"https:\/\/psicologia.udd.cl\/doctorado\/wp-json\/wp\/v2\/media?parent=1289"}],"wp:term":[{"taxonomy":"category","embeddable":true,"href":"https:\/\/psicologia.udd.cl\/doctorado\/wp-json\/wp\/v2\/categories?post=1289"},{"taxonomy":"post_tag","embeddable":true,"href":"https:\/\/psicologia.udd.cl\/doctorado\/wp-json\/wp\/v2\/tags?post=1289"}],"curies":[{"name":"wp","href":"https:\/\/api.w.org\/{rel}","templated":true}]}}