{"id":1277,"date":"2020-04-15T16:06:44","date_gmt":"2020-04-15T16:06:44","guid":{"rendered":"http:\/\/psicologia.udd.cl\/doctorado\/?p=1277"},"modified":"2020-04-15T16:06:44","modified_gmt":"2020-04-15T16:06:44","slug":"enlaprensa-radio-agricultura-estres-en-cuarentena-dr-jaime-silva","status":"publish","type":"post","link":"https:\/\/psicologia.udd.cl\/doctorado\/es\/2020\/04\/15\/enlaprensa-radio-agricultura-estres-en-cuarentena-dr-jaime-silva\/","title":{"rendered":"#ENLAPRENSA \/ RADIO AGRICULTURA \/ ESTR\u00c9S EN CUARENTENA- DR. JAIME SILVA"},"content":{"rendered":"<p><img loading=\"lazy\" decoding=\"async\" class=\"alignnone size-medium wp-image-1278\" src=\"https:\/\/psicologia.udd.cl\/doctorado\/files\/2020\/04\/whatsapp-image-2020-04-15-at-10-34-37-300x200.jpeg\" alt=\"\" width=\"300\" height=\"200\" srcset=\"https:\/\/psicologia.udd.cl\/doctorado\/files\/2020\/04\/whatsapp-image-2020-04-15-at-10-34-37-300x200.jpeg 300w, https:\/\/psicologia.udd.cl\/doctorado\/files\/2020\/04\/whatsapp-image-2020-04-15-at-10-34-37-1024x682.jpeg 1024w, https:\/\/psicologia.udd.cl\/doctorado\/files\/2020\/04\/whatsapp-image-2020-04-15-at-10-34-37-768x512.jpeg 768w, https:\/\/psicologia.udd.cl\/doctorado\/files\/2020\/04\/whatsapp-image-2020-04-15-at-10-34-37.jpeg 1280w\" sizes=\"auto, (max-width: 300px) 100vw, 300px\" \/><\/p>\n<p>El director del Doctorado en Ciencias del Desarrollo y Psicopatolog\u00eda, Dr. Jaime Silva, fue entrevistado en Radio Agricultura sobre el estr\u00e9s de estar sometido a cuarentena a ra\u00edz del COVID- 19.<\/p>\n<p>El estr\u00e9s, la ansiedad, y el aburrimiento, son los mayores indicadores en torno a los problemas que puede generar la cuarentena debido a la pandemia global de Coronavirus.<\/p>\n<p><strong><a href=\"https:\/\/map.conectamedia.cl\/index.php\/clippingNews\/view?id=12567960&amp;email=147746&amp;fromemail=1\">Puedes escuchar la entrevista ac\u00e1.<\/a><\/strong><\/p>\n","protected":false},"excerpt":{"rendered":"<p>El director del Doctorado en Ciencias del Desarrollo y Psicopatolog\u00eda, Dr. Jaime Silva, fue entrevistado en Radio Agricultura sobre el estr\u00e9s de estar sometido a cuarentena a ra\u00edz del COVID- 19. El estr\u00e9s, la ansiedad, y el aburrimiento, son los mayores indicadores en torno a los problemas que puede generar la cuarentena debido a la [&hellip;]<\/p>\n","protected":false},"author":0,"featured_media":0,"comment_status":"open","ping_status":"open","sticky":false,"template":"","format":"standard","meta":{"footnotes":""},"categories":[69],"tags":[],"class_list":["post-1277","post","type-post","status-publish","format-standard","hentry","category-noticias"],"yoast_head":"<!-- This site is optimized with the Yoast SEO plugin v26.9 - https:\/\/yoast.com\/product\/yoast-seo-wordpress\/ -->\n<title>#ENLAPRENSA \/ RADIO AGRICULTURA \/ ESTR\u00c9S EN CUARENTENA- DR. JAIME SILVA - Doctorado en Ciencias del Desarrollo y Psicopatolog\u00eda<\/title>\n<meta name=\"robots\" content=\"index, follow, max-snippet:-1, max-image-preview:large, max-video-preview:-1\" \/>\n<link rel=\"canonical\" href=\"https:\/\/psicologia.udd.cl\/doctorado\/es\/2020\/04\/15\/enlaprensa-radio-agricultura-estres-en-cuarentena-dr-jaime-silva\/\" \/>\n<meta property=\"og:locale\" content=\"es_ES\" \/>\n<meta property=\"og:type\" content=\"article\" \/>\n<meta property=\"og:title\" content=\"#ENLAPRENSA \/ RADIO AGRICULTURA \/ ESTR\u00c9S EN CUARENTENA- DR. JAIME SILVA - Doctorado en Ciencias del Desarrollo y Psicopatolog\u00eda\" \/>\n<meta property=\"og:description\" content=\"El director del Doctorado en Ciencias del Desarrollo y Psicopatolog\u00eda, Dr. Jaime Silva, fue entrevistado en Radio Agricultura sobre el estr\u00e9s de estar sometido a cuarentena a ra\u00edz del COVID- 19. El estr\u00e9s, la ansiedad, y el aburrimiento, son los mayores indicadores en torno a los problemas que puede generar la cuarentena debido a la [&hellip;]\" \/>\n<meta property=\"og:url\" content=\"https:\/\/psicologia.udd.cl\/doctorado\/es\/2020\/04\/15\/enlaprensa-radio-agricultura-estres-en-cuarentena-dr-jaime-silva\/\" \/>\n<meta property=\"og:site_name\" content=\"Doctorado en Ciencias del Desarrollo y Psicopatolog\u00eda\" \/>\n<meta property=\"article:published_time\" content=\"2020-04-15T16:06:44+00:00\" \/>\n<meta property=\"og:image\" content=\"http:\/\/psicologia.udd.cl\/doctorado\/files\/2020\/04\/whatsapp-image-2020-04-15-at-10-34-37-300x200.jpeg\" \/>\n<meta name=\"twitter:card\" content=\"summary_large_image\" \/>\n<script type=\"application\/ld+json\" class=\"yoast-schema-graph\">{\"@context\":\"https:\/\/schema.org\",\"@graph\":[{\"@type\":\"Article\",\"@id\":\"https:\/\/psicologia.udd.cl\/doctorado\/es\/2020\/04\/15\/enlaprensa-radio-agricultura-estres-en-cuarentena-dr-jaime-silva\/#article\",\"isPartOf\":{\"@id\":\"https:\/\/psicologia.udd.cl\/doctorado\/es\/2020\/04\/15\/enlaprensa-radio-agricultura-estres-en-cuarentena-dr-jaime-silva\/\"},\"author\":{\"name\":\"\",\"@id\":\"\"},\"headline\":\"#ENLAPRENSA \/ RADIO AGRICULTURA \/ ESTR\u00c9S EN CUARENTENA- DR. JAIME SILVA\",\"datePublished\":\"2020-04-15T16:06:44+00:00\",\"mainEntityOfPage\":{\"@id\":\"https:\/\/psicologia.udd.cl\/doctorado\/es\/2020\/04\/15\/enlaprensa-radio-agricultura-estres-en-cuarentena-dr-jaime-silva\/\"},\"wordCount\":77,\"commentCount\":0,\"image\":{\"@id\":\"https:\/\/psicologia.udd.cl\/doctorado\/es\/2020\/04\/15\/enlaprensa-radio-agricultura-estres-en-cuarentena-dr-jaime-silva\/#primaryimage\"},\"thumbnailUrl\":\"http:\/\/psicologia.udd.cl\/doctorado\/files\/2020\/04\/whatsapp-image-2020-04-15-at-10-34-37-300x200.jpeg\",\"articleSection\":[\"Noticias\"],\"inLanguage\":\"es\",\"potentialAction\":[{\"@type\":\"CommentAction\",\"name\":\"Comment\",\"target\":[\"https:\/\/psicologia.udd.cl\/doctorado\/es\/2020\/04\/15\/enlaprensa-radio-agricultura-estres-en-cuarentena-dr-jaime-silva\/#respond\"]}]},{\"@type\":\"WebPage\",\"@id\":\"https:\/\/psicologia.udd.cl\/doctorado\/es\/2020\/04\/15\/enlaprensa-radio-agricultura-estres-en-cuarentena-dr-jaime-silva\/\",\"url\":\"https:\/\/psicologia.udd.cl\/doctorado\/es\/2020\/04\/15\/enlaprensa-radio-agricultura-estres-en-cuarentena-dr-jaime-silva\/\",\"name\":\"#ENLAPRENSA \/ RADIO AGRICULTURA \/ ESTR\u00c9S EN CUARENTENA- DR. JAIME SILVA - Doctorado en Ciencias del Desarrollo y Psicopatolog\u00eda\",\"isPartOf\":{\"@id\":\"https:\/\/psicologia.udd.cl\/doctorado\/#website\"},\"primaryImageOfPage\":{\"@id\":\"https:\/\/psicologia.udd.cl\/doctorado\/es\/2020\/04\/15\/enlaprensa-radio-agricultura-estres-en-cuarentena-dr-jaime-silva\/#primaryimage\"},\"image\":{\"@id\":\"https:\/\/psicologia.udd.cl\/doctorado\/es\/2020\/04\/15\/enlaprensa-radio-agricultura-estres-en-cuarentena-dr-jaime-silva\/#primaryimage\"},\"thumbnailUrl\":\"http:\/\/psicologia.udd.cl\/doctorado\/files\/2020\/04\/whatsapp-image-2020-04-15-at-10-34-37-300x200.jpeg\",\"datePublished\":\"2020-04-15T16:06:44+00:00\",\"author\":{\"@id\":\"\"},\"inLanguage\":\"es\",\"potentialAction\":[{\"@type\":\"ReadAction\",\"target\":[\"https:\/\/psicologia.udd.cl\/doctorado\/es\/2020\/04\/15\/enlaprensa-radio-agricultura-estres-en-cuarentena-dr-jaime-silva\/\"]}]},{\"@type\":\"ImageObject\",\"inLanguage\":\"es\",\"@id\":\"https:\/\/psicologia.udd.cl\/doctorado\/es\/2020\/04\/15\/enlaprensa-radio-agricultura-estres-en-cuarentena-dr-jaime-silva\/#primaryimage\",\"url\":\"http:\/\/psicologia.udd.cl\/doctorado\/files\/2020\/04\/whatsapp-image-2020-04-15-at-10-34-37-300x200.jpeg\",\"contentUrl\":\"http:\/\/psicologia.udd.cl\/doctorado\/files\/2020\/04\/whatsapp-image-2020-04-15-at-10-34-37-300x200.jpeg\"},{\"@type\":\"WebSite\",\"@id\":\"https:\/\/psicologia.udd.cl\/doctorado\/#website\",\"url\":\"https:\/\/psicologia.udd.cl\/doctorado\/\",\"name\":\"Doctorado en Ciencias del Desarrollo y Psicopatolog\u00eda\",\"description\":\"\",\"inLanguage\":\"es\"}]}<\/script>\n<!-- \/ Yoast SEO plugin. -->","yoast_head_json":{"title":"#ENLAPRENSA \/ RADIO AGRICULTURA \/ ESTR\u00c9S EN CUARENTENA- DR. JAIME SILVA - Doctorado en Ciencias del Desarrollo y Psicopatolog\u00eda","robots":{"index":"index","follow":"follow","max-snippet":"max-snippet:-1","max-image-preview":"max-image-preview:large","max-video-preview":"max-video-preview:-1"},"canonical":"https:\/\/psicologia.udd.cl\/doctorado\/es\/2020\/04\/15\/enlaprensa-radio-agricultura-estres-en-cuarentena-dr-jaime-silva\/","og_locale":"es_ES","og_type":"article","og_title":"#ENLAPRENSA \/ RADIO AGRICULTURA \/ ESTR\u00c9S EN CUARENTENA- DR. JAIME SILVA - Doctorado en Ciencias del Desarrollo y Psicopatolog\u00eda","og_description":"El director del Doctorado en Ciencias del Desarrollo y Psicopatolog\u00eda, Dr. Jaime Silva, fue entrevistado en Radio Agricultura sobre el estr\u00e9s de estar sometido a cuarentena a ra\u00edz del COVID- 19. El estr\u00e9s, la ansiedad, y el aburrimiento, son los mayores indicadores en torno a los problemas que puede generar la cuarentena debido a la [&hellip;]","og_url":"https:\/\/psicologia.udd.cl\/doctorado\/es\/2020\/04\/15\/enlaprensa-radio-agricultura-estres-en-cuarentena-dr-jaime-silva\/","og_site_name":"Doctorado en Ciencias del Desarrollo y Psicopatolog\u00eda","article_published_time":"2020-04-15T16:06:44+00:00","og_image":[{"url":"http:\/\/psicologia.udd.cl\/doctorado\/files\/2020\/04\/whatsapp-image-2020-04-15-at-10-34-37-300x200.jpeg","type":"","width":"","height":""}],"twitter_card":"summary_large_image","schema":{"@context":"https:\/\/schema.org","@graph":[{"@type":"Article","@id":"https:\/\/psicologia.udd.cl\/doctorado\/es\/2020\/04\/15\/enlaprensa-radio-agricultura-estres-en-cuarentena-dr-jaime-silva\/#article","isPartOf":{"@id":"https:\/\/psicologia.udd.cl\/doctorado\/es\/2020\/04\/15\/enlaprensa-radio-agricultura-estres-en-cuarentena-dr-jaime-silva\/"},"author":{"name":"","@id":""},"headline":"#ENLAPRENSA \/ RADIO AGRICULTURA \/ ESTR\u00c9S EN CUARENTENA- DR. JAIME SILVA","datePublished":"2020-04-15T16:06:44+00:00","mainEntityOfPage":{"@id":"https:\/\/psicologia.udd.cl\/doctorado\/es\/2020\/04\/15\/enlaprensa-radio-agricultura-estres-en-cuarentena-dr-jaime-silva\/"},"wordCount":77,"commentCount":0,"image":{"@id":"https:\/\/psicologia.udd.cl\/doctorado\/es\/2020\/04\/15\/enlaprensa-radio-agricultura-estres-en-cuarentena-dr-jaime-silva\/#primaryimage"},"thumbnailUrl":"http:\/\/psicologia.udd.cl\/doctorado\/files\/2020\/04\/whatsapp-image-2020-04-15-at-10-34-37-300x200.jpeg","articleSection":["Noticias"],"inLanguage":"es","potentialAction":[{"@type":"CommentAction","name":"Comment","target":["https:\/\/psicologia.udd.cl\/doctorado\/es\/2020\/04\/15\/enlaprensa-radio-agricultura-estres-en-cuarentena-dr-jaime-silva\/#respond"]}]},{"@type":"WebPage","@id":"https:\/\/psicologia.udd.cl\/doctorado\/es\/2020\/04\/15\/enlaprensa-radio-agricultura-estres-en-cuarentena-dr-jaime-silva\/","url":"https:\/\/psicologia.udd.cl\/doctorado\/es\/2020\/04\/15\/enlaprensa-radio-agricultura-estres-en-cuarentena-dr-jaime-silva\/","name":"#ENLAPRENSA \/ RADIO AGRICULTURA \/ ESTR\u00c9S EN CUARENTENA- DR. JAIME SILVA - Doctorado en Ciencias del Desarrollo y Psicopatolog\u00eda","isPartOf":{"@id":"https:\/\/psicologia.udd.cl\/doctorado\/#website"},"primaryImageOfPage":{"@id":"https:\/\/psicologia.udd.cl\/doctorado\/es\/2020\/04\/15\/enlaprensa-radio-agricultura-estres-en-cuarentena-dr-jaime-silva\/#primaryimage"},"image":{"@id":"https:\/\/psicologia.udd.cl\/doctorado\/es\/2020\/04\/15\/enlaprensa-radio-agricultura-estres-en-cuarentena-dr-jaime-silva\/#primaryimage"},"thumbnailUrl":"http:\/\/psicologia.udd.cl\/doctorado\/files\/2020\/04\/whatsapp-image-2020-04-15-at-10-34-37-300x200.jpeg","datePublished":"2020-04-15T16:06:44+00:00","author":{"@id":""},"inLanguage":"es","potentialAction":[{"@type":"ReadAction","target":["https:\/\/psicologia.udd.cl\/doctorado\/es\/2020\/04\/15\/enlaprensa-radio-agricultura-estres-en-cuarentena-dr-jaime-silva\/"]}]},{"@type":"ImageObject","inLanguage":"es","@id":"https:\/\/psicologia.udd.cl\/doctorado\/es\/2020\/04\/15\/enlaprensa-radio-agricultura-estres-en-cuarentena-dr-jaime-silva\/#primaryimage","url":"http:\/\/psicologia.udd.cl\/doctorado\/files\/2020\/04\/whatsapp-image-2020-04-15-at-10-34-37-300x200.jpeg","contentUrl":"http:\/\/psicologia.udd.cl\/doctorado\/files\/2020\/04\/whatsapp-image-2020-04-15-at-10-34-37-300x200.jpeg"},{"@type":"WebSite","@id":"https:\/\/psicologia.udd.cl\/doctorado\/#website","url":"https:\/\/psicologia.udd.cl\/doctorado\/","name":"Doctorado en Ciencias del Desarrollo y Psicopatolog\u00eda","description":"","inLanguage":"es"}]}},"featured_image_url":null,"_links":{"self":[{"href":"https:\/\/psicologia.udd.cl\/doctorado\/wp-json\/wp\/v2\/posts\/1277","targetHints":{"allow":["GET"]}}],"collection":[{"href":"https:\/\/psicologia.udd.cl\/doctorado\/wp-json\/wp\/v2\/posts"}],"about":[{"href":"https:\/\/psicologia.udd.cl\/doctorado\/wp-json\/wp\/v2\/types\/post"}],"replies":[{"embeddable":true,"href":"https:\/\/psicologia.udd.cl\/doctorado\/wp-json\/wp\/v2\/comments?post=1277"}],"version-history":[{"count":0,"href":"https:\/\/psicologia.udd.cl\/doctorado\/wp-json\/wp\/v2\/posts\/1277\/revisions"}],"wp:attachment":[{"href":"https:\/\/psicologia.udd.cl\/doctorado\/wp-json\/wp\/v2\/media?parent=1277"}],"wp:term":[{"taxonomy":"category","embeddable":true,"href":"https:\/\/psicologia.udd.cl\/doctorado\/wp-json\/wp\/v2\/categories?post=1277"},{"taxonomy":"post_tag","embeddable":true,"href":"https:\/\/psicologia.udd.cl\/doctorado\/wp-json\/wp\/v2\/tags?post=1277"}],"curies":[{"name":"wp","href":"https:\/\/api.w.org\/{rel}","templated":true}]}}