{"id":1266,"date":"2020-04-02T13:57:59","date_gmt":"2020-04-02T13:57:59","guid":{"rendered":"http:\/\/psicologia.udd.cl\/doctorado\/?p=1266"},"modified":"2020-04-02T13:57:59","modified_gmt":"2020-04-02T13:57:59","slug":"opinionexperta-no-hay-colegio-ninos-en-la-casa-24-7-por-dra-daniela-aldoney","status":"publish","type":"post","link":"https:\/\/psicologia.udd.cl\/doctorado\/es\/2020\/04\/02\/opinionexperta-no-hay-colegio-ninos-en-la-casa-24-7-por-dra-daniela-aldoney\/","title":{"rendered":"#OPINI\u00d3NEXPERTA- NO HAY COLEGIO\u2026 NI\u00d1OS EN LA CASA 24\/7 POR DRA. DANIELA ALDONEY"},"content":{"rendered":"<p>Las restricciones que nos tienen a gran parte de la poblaci\u00f3n en cuarentena, y a un 100 por ciento de los escolares en casa, se han convertido en un desaf\u00edo para los adultos que deben quedarse con ellos y (tratar de) seguir con las obligaciones habituales, en un proceso de adaptaci\u00f3n que todos estamos viviendo.<\/p>\n<p>No obstante, tambi\u00e9n es un desaf\u00edo para los ni\u00f1os. El caos o vivir \u201ceternamente\u201d en vacaciones es confuso para ellos. Los ni\u00f1os y ni\u00f1as necesitan rutinas para sentirse seguros. Esto no significa instaurar horarios para todo y de manera r\u00edgida, pero s\u00ed crear ambientes que sean predecibles. Las rutinas y la regularidad les permiten manejar el estr\u00e9s propio de situaciones de cambio o crisis.<\/p>\n<p>Un punto fundamental es que estos menores deben saber a qu\u00e9 atenerse y no que cada d\u00eda sea un misterio. Algunos consejos para esto son:<\/p>\n<ul>\n<li>Instaurar (o mantener) un horario para organizar distintas actividades: Desayuno, juego libre, ver TV o pantallas, ida a acostar, entre otros.<\/li>\n<li>Crear un orden en que las cosas suceden. Por ejemplo, despu\u00e9s de tomar desayuno, vestirse. Luego de la comida, nos preparamos para dormir.<\/li>\n<li>Dejar un espacio f\u00edsico y de tiempo determinado para temas educativos. Una vez finalizadas esas actividades, ordenar y guardar el material y dar por cerrada la actividad. Recuerden que leer en conjunto, realizar manualidades y jugar tambi\u00e9n son espacios de aprendizaje.<\/li>\n<li>Tratar de ser consistentes con estas medidas (en lo posible), pero tambi\u00e9n flexibles y adaptarse al d\u00eda a d\u00eda. El objetivo es transmitir una sensaci\u00f3n global de orden.<\/li>\n<\/ul>\n<p>&nbsp;<\/p>\n<p><img loading=\"lazy\" decoding=\"async\" class=\"alignnone size-medium wp-image-1134\" src=\"https:\/\/psicologia.udd.cl\/doctorado\/files\/2016\/08\/dsc_2436-2-e1563481555467-300x282.jpg\" alt=\"\" width=\"300\" height=\"282\" srcset=\"https:\/\/psicologia.udd.cl\/doctorado\/files\/2016\/08\/dsc_2436-2-e1563481555467-300x282.jpg 300w, https:\/\/psicologia.udd.cl\/doctorado\/files\/2016\/08\/dsc_2436-2-e1563481555467-1024x963.jpg 1024w, https:\/\/psicologia.udd.cl\/doctorado\/files\/2016\/08\/dsc_2436-2-e1563481555467-768x722.jpg 768w, https:\/\/psicologia.udd.cl\/doctorado\/files\/2016\/08\/dsc_2436-2-e1563481555467.jpg 1372w\" sizes=\"auto, (max-width: 300px) 100vw, 300px\" \/><\/p>\n<p><strong>Dra. Daniela Aldoney<\/strong><\/p>\n<p>Directora del Laboratorio en Familia, Adolescencia e Infancia<br \/>\nFacultad de Psicolog\u00eda<br \/>\nUniversidad del Desarrollo<\/p>\n","protected":false},"excerpt":{"rendered":"<p>Las restricciones que nos tienen a gran parte de la poblaci\u00f3n en cuarentena, y a un 100 por ciento de los escolares en casa, se han convertido en un desaf\u00edo para los adultos que deben quedarse con ellos y (tratar de) seguir con las obligaciones habituales, en un proceso de adaptaci\u00f3n que todos estamos viviendo. [&hellip;]<\/p>\n","protected":false},"author":0,"featured_media":0,"comment_status":"open","ping_status":"open","sticky":false,"template":"","format":"standard","meta":{"footnotes":""},"categories":[69],"tags":[],"class_list":["post-1266","post","type-post","status-publish","format-standard","hentry","category-noticias"],"yoast_head":"<!-- This site is optimized with the Yoast SEO plugin v26.9 - https:\/\/yoast.com\/product\/yoast-seo-wordpress\/ -->\n<title>#OPINI\u00d3NEXPERTA- NO HAY COLEGIO\u2026 NI\u00d1OS EN LA CASA 24\/7 POR DRA. DANIELA ALDONEY - Doctorado en Ciencias del Desarrollo y Psicopatolog\u00eda<\/title>\n<meta name=\"robots\" content=\"index, follow, max-snippet:-1, max-image-preview:large, max-video-preview:-1\" \/>\n<link rel=\"canonical\" href=\"https:\/\/psicologia.udd.cl\/doctorado\/es\/2020\/04\/02\/opinionexperta-no-hay-colegio-ninos-en-la-casa-24-7-por-dra-daniela-aldoney\/\" \/>\n<meta property=\"og:locale\" content=\"es_ES\" \/>\n<meta property=\"og:type\" content=\"article\" \/>\n<meta property=\"og:title\" content=\"#OPINI\u00d3NEXPERTA- NO HAY COLEGIO\u2026 NI\u00d1OS EN LA CASA 24\/7 POR DRA. DANIELA ALDONEY - Doctorado en Ciencias del Desarrollo y Psicopatolog\u00eda\" \/>\n<meta property=\"og:description\" content=\"Las restricciones que nos tienen a gran parte de la poblaci\u00f3n en cuarentena, y a un 100 por ciento de los escolares en casa, se han convertido en un desaf\u00edo para los adultos que deben quedarse con ellos y (tratar de) seguir con las obligaciones habituales, en un proceso de adaptaci\u00f3n que todos estamos viviendo. [&hellip;]\" \/>\n<meta property=\"og:url\" content=\"https:\/\/psicologia.udd.cl\/doctorado\/es\/2020\/04\/02\/opinionexperta-no-hay-colegio-ninos-en-la-casa-24-7-por-dra-daniela-aldoney\/\" \/>\n<meta property=\"og:site_name\" content=\"Doctorado en Ciencias del Desarrollo y Psicopatolog\u00eda\" \/>\n<meta property=\"article:published_time\" content=\"2020-04-02T13:57:59+00:00\" \/>\n<meta property=\"og:image\" content=\"http:\/\/psicologia.udd.cl\/doctorado\/files\/2016\/08\/dsc_2436-2-e1563481555467-300x282.jpg\" \/>\n<meta name=\"twitter:card\" content=\"summary_large_image\" \/>\n<meta name=\"twitter:label1\" content=\"Tiempo de lectura\" \/>\n\t<meta name=\"twitter:data1\" content=\"1 minuto\" \/>\n<script type=\"application\/ld+json\" class=\"yoast-schema-graph\">{\"@context\":\"https:\/\/schema.org\",\"@graph\":[{\"@type\":\"Article\",\"@id\":\"https:\/\/psicologia.udd.cl\/doctorado\/es\/2020\/04\/02\/opinionexperta-no-hay-colegio-ninos-en-la-casa-24-7-por-dra-daniela-aldoney\/#article\",\"isPartOf\":{\"@id\":\"https:\/\/psicologia.udd.cl\/doctorado\/es\/2020\/04\/02\/opinionexperta-no-hay-colegio-ninos-en-la-casa-24-7-por-dra-daniela-aldoney\/\"},\"author\":{\"name\":\"\",\"@id\":\"\"},\"headline\":\"#OPINI\u00d3NEXPERTA- NO HAY COLEGIO\u2026 NI\u00d1OS EN LA CASA 24\/7 POR DRA. DANIELA ALDONEY\",\"datePublished\":\"2020-04-02T13:57:59+00:00\",\"mainEntityOfPage\":{\"@id\":\"https:\/\/psicologia.udd.cl\/doctorado\/es\/2020\/04\/02\/opinionexperta-no-hay-colegio-ninos-en-la-casa-24-7-por-dra-daniela-aldoney\/\"},\"wordCount\":307,\"commentCount\":0,\"image\":{\"@id\":\"https:\/\/psicologia.udd.cl\/doctorado\/es\/2020\/04\/02\/opinionexperta-no-hay-colegio-ninos-en-la-casa-24-7-por-dra-daniela-aldoney\/#primaryimage\"},\"thumbnailUrl\":\"http:\/\/psicologia.udd.cl\/doctorado\/files\/2016\/08\/dsc_2436-2-e1563481555467-300x282.jpg\",\"articleSection\":[\"Noticias\"],\"inLanguage\":\"es\",\"potentialAction\":[{\"@type\":\"CommentAction\",\"name\":\"Comment\",\"target\":[\"https:\/\/psicologia.udd.cl\/doctorado\/es\/2020\/04\/02\/opinionexperta-no-hay-colegio-ninos-en-la-casa-24-7-por-dra-daniela-aldoney\/#respond\"]}]},{\"@type\":\"WebPage\",\"@id\":\"https:\/\/psicologia.udd.cl\/doctorado\/es\/2020\/04\/02\/opinionexperta-no-hay-colegio-ninos-en-la-casa-24-7-por-dra-daniela-aldoney\/\",\"url\":\"https:\/\/psicologia.udd.cl\/doctorado\/es\/2020\/04\/02\/opinionexperta-no-hay-colegio-ninos-en-la-casa-24-7-por-dra-daniela-aldoney\/\",\"name\":\"#OPINI\u00d3NEXPERTA- NO HAY COLEGIO\u2026 NI\u00d1OS EN LA CASA 24\/7 POR DRA. DANIELA ALDONEY - Doctorado en Ciencias del Desarrollo y Psicopatolog\u00eda\",\"isPartOf\":{\"@id\":\"https:\/\/psicologia.udd.cl\/doctorado\/#website\"},\"primaryImageOfPage\":{\"@id\":\"https:\/\/psicologia.udd.cl\/doctorado\/es\/2020\/04\/02\/opinionexperta-no-hay-colegio-ninos-en-la-casa-24-7-por-dra-daniela-aldoney\/#primaryimage\"},\"image\":{\"@id\":\"https:\/\/psicologia.udd.cl\/doctorado\/es\/2020\/04\/02\/opinionexperta-no-hay-colegio-ninos-en-la-casa-24-7-por-dra-daniela-aldoney\/#primaryimage\"},\"thumbnailUrl\":\"http:\/\/psicologia.udd.cl\/doctorado\/files\/2016\/08\/dsc_2436-2-e1563481555467-300x282.jpg\",\"datePublished\":\"2020-04-02T13:57:59+00:00\",\"author\":{\"@id\":\"\"},\"inLanguage\":\"es\",\"potentialAction\":[{\"@type\":\"ReadAction\",\"target\":[\"https:\/\/psicologia.udd.cl\/doctorado\/es\/2020\/04\/02\/opinionexperta-no-hay-colegio-ninos-en-la-casa-24-7-por-dra-daniela-aldoney\/\"]}]},{\"@type\":\"ImageObject\",\"inLanguage\":\"es\",\"@id\":\"https:\/\/psicologia.udd.cl\/doctorado\/es\/2020\/04\/02\/opinionexperta-no-hay-colegio-ninos-en-la-casa-24-7-por-dra-daniela-aldoney\/#primaryimage\",\"url\":\"http:\/\/psicologia.udd.cl\/doctorado\/files\/2016\/08\/dsc_2436-2-e1563481555467-300x282.jpg\",\"contentUrl\":\"http:\/\/psicologia.udd.cl\/doctorado\/files\/2016\/08\/dsc_2436-2-e1563481555467-300x282.jpg\"},{\"@type\":\"WebSite\",\"@id\":\"https:\/\/psicologia.udd.cl\/doctorado\/#website\",\"url\":\"https:\/\/psicologia.udd.cl\/doctorado\/\",\"name\":\"Doctorado en Ciencias del Desarrollo y Psicopatolog\u00eda\",\"description\":\"\",\"inLanguage\":\"es\"}]}<\/script>\n<!-- \/ Yoast SEO plugin. -->","yoast_head_json":{"title":"#OPINI\u00d3NEXPERTA- NO HAY COLEGIO\u2026 NI\u00d1OS EN LA CASA 24\/7 POR DRA. DANIELA ALDONEY - Doctorado en Ciencias del Desarrollo y Psicopatolog\u00eda","robots":{"index":"index","follow":"follow","max-snippet":"max-snippet:-1","max-image-preview":"max-image-preview:large","max-video-preview":"max-video-preview:-1"},"canonical":"https:\/\/psicologia.udd.cl\/doctorado\/es\/2020\/04\/02\/opinionexperta-no-hay-colegio-ninos-en-la-casa-24-7-por-dra-daniela-aldoney\/","og_locale":"es_ES","og_type":"article","og_title":"#OPINI\u00d3NEXPERTA- NO HAY COLEGIO\u2026 NI\u00d1OS EN LA CASA 24\/7 POR DRA. DANIELA ALDONEY - Doctorado en Ciencias del Desarrollo y Psicopatolog\u00eda","og_description":"Las restricciones que nos tienen a gran parte de la poblaci\u00f3n en cuarentena, y a un 100 por ciento de los escolares en casa, se han convertido en un desaf\u00edo para los adultos que deben quedarse con ellos y (tratar de) seguir con las obligaciones habituales, en un proceso de adaptaci\u00f3n que todos estamos viviendo. [&hellip;]","og_url":"https:\/\/psicologia.udd.cl\/doctorado\/es\/2020\/04\/02\/opinionexperta-no-hay-colegio-ninos-en-la-casa-24-7-por-dra-daniela-aldoney\/","og_site_name":"Doctorado en Ciencias del Desarrollo y Psicopatolog\u00eda","article_published_time":"2020-04-02T13:57:59+00:00","og_image":[{"url":"http:\/\/psicologia.udd.cl\/doctorado\/files\/2016\/08\/dsc_2436-2-e1563481555467-300x282.jpg","type":"","width":"","height":""}],"twitter_card":"summary_large_image","twitter_misc":{"Tiempo de lectura":"1 minuto"},"schema":{"@context":"https:\/\/schema.org","@graph":[{"@type":"Article","@id":"https:\/\/psicologia.udd.cl\/doctorado\/es\/2020\/04\/02\/opinionexperta-no-hay-colegio-ninos-en-la-casa-24-7-por-dra-daniela-aldoney\/#article","isPartOf":{"@id":"https:\/\/psicologia.udd.cl\/doctorado\/es\/2020\/04\/02\/opinionexperta-no-hay-colegio-ninos-en-la-casa-24-7-por-dra-daniela-aldoney\/"},"author":{"name":"","@id":""},"headline":"#OPINI\u00d3NEXPERTA- NO HAY COLEGIO\u2026 NI\u00d1OS EN LA CASA 24\/7 POR DRA. DANIELA ALDONEY","datePublished":"2020-04-02T13:57:59+00:00","mainEntityOfPage":{"@id":"https:\/\/psicologia.udd.cl\/doctorado\/es\/2020\/04\/02\/opinionexperta-no-hay-colegio-ninos-en-la-casa-24-7-por-dra-daniela-aldoney\/"},"wordCount":307,"commentCount":0,"image":{"@id":"https:\/\/psicologia.udd.cl\/doctorado\/es\/2020\/04\/02\/opinionexperta-no-hay-colegio-ninos-en-la-casa-24-7-por-dra-daniela-aldoney\/#primaryimage"},"thumbnailUrl":"http:\/\/psicologia.udd.cl\/doctorado\/files\/2016\/08\/dsc_2436-2-e1563481555467-300x282.jpg","articleSection":["Noticias"],"inLanguage":"es","potentialAction":[{"@type":"CommentAction","name":"Comment","target":["https:\/\/psicologia.udd.cl\/doctorado\/es\/2020\/04\/02\/opinionexperta-no-hay-colegio-ninos-en-la-casa-24-7-por-dra-daniela-aldoney\/#respond"]}]},{"@type":"WebPage","@id":"https:\/\/psicologia.udd.cl\/doctorado\/es\/2020\/04\/02\/opinionexperta-no-hay-colegio-ninos-en-la-casa-24-7-por-dra-daniela-aldoney\/","url":"https:\/\/psicologia.udd.cl\/doctorado\/es\/2020\/04\/02\/opinionexperta-no-hay-colegio-ninos-en-la-casa-24-7-por-dra-daniela-aldoney\/","name":"#OPINI\u00d3NEXPERTA- NO HAY COLEGIO\u2026 NI\u00d1OS EN LA CASA 24\/7 POR DRA. DANIELA ALDONEY - Doctorado en Ciencias del Desarrollo y Psicopatolog\u00eda","isPartOf":{"@id":"https:\/\/psicologia.udd.cl\/doctorado\/#website"},"primaryImageOfPage":{"@id":"https:\/\/psicologia.udd.cl\/doctorado\/es\/2020\/04\/02\/opinionexperta-no-hay-colegio-ninos-en-la-casa-24-7-por-dra-daniela-aldoney\/#primaryimage"},"image":{"@id":"https:\/\/psicologia.udd.cl\/doctorado\/es\/2020\/04\/02\/opinionexperta-no-hay-colegio-ninos-en-la-casa-24-7-por-dra-daniela-aldoney\/#primaryimage"},"thumbnailUrl":"http:\/\/psicologia.udd.cl\/doctorado\/files\/2016\/08\/dsc_2436-2-e1563481555467-300x282.jpg","datePublished":"2020-04-02T13:57:59+00:00","author":{"@id":""},"inLanguage":"es","potentialAction":[{"@type":"ReadAction","target":["https:\/\/psicologia.udd.cl\/doctorado\/es\/2020\/04\/02\/opinionexperta-no-hay-colegio-ninos-en-la-casa-24-7-por-dra-daniela-aldoney\/"]}]},{"@type":"ImageObject","inLanguage":"es","@id":"https:\/\/psicologia.udd.cl\/doctorado\/es\/2020\/04\/02\/opinionexperta-no-hay-colegio-ninos-en-la-casa-24-7-por-dra-daniela-aldoney\/#primaryimage","url":"http:\/\/psicologia.udd.cl\/doctorado\/files\/2016\/08\/dsc_2436-2-e1563481555467-300x282.jpg","contentUrl":"http:\/\/psicologia.udd.cl\/doctorado\/files\/2016\/08\/dsc_2436-2-e1563481555467-300x282.jpg"},{"@type":"WebSite","@id":"https:\/\/psicologia.udd.cl\/doctorado\/#website","url":"https:\/\/psicologia.udd.cl\/doctorado\/","name":"Doctorado en Ciencias del Desarrollo y Psicopatolog\u00eda","description":"","inLanguage":"es"}]}},"featured_image_url":null,"_links":{"self":[{"href":"https:\/\/psicologia.udd.cl\/doctorado\/wp-json\/wp\/v2\/posts\/1266","targetHints":{"allow":["GET"]}}],"collection":[{"href":"https:\/\/psicologia.udd.cl\/doctorado\/wp-json\/wp\/v2\/posts"}],"about":[{"href":"https:\/\/psicologia.udd.cl\/doctorado\/wp-json\/wp\/v2\/types\/post"}],"replies":[{"embeddable":true,"href":"https:\/\/psicologia.udd.cl\/doctorado\/wp-json\/wp\/v2\/comments?post=1266"}],"version-history":[{"count":0,"href":"https:\/\/psicologia.udd.cl\/doctorado\/wp-json\/wp\/v2\/posts\/1266\/revisions"}],"wp:attachment":[{"href":"https:\/\/psicologia.udd.cl\/doctorado\/wp-json\/wp\/v2\/media?parent=1266"}],"wp:term":[{"taxonomy":"category","embeddable":true,"href":"https:\/\/psicologia.udd.cl\/doctorado\/wp-json\/wp\/v2\/categories?post=1266"},{"taxonomy":"post_tag","embeddable":true,"href":"https:\/\/psicologia.udd.cl\/doctorado\/wp-json\/wp\/v2\/tags?post=1266"}],"curies":[{"name":"wp","href":"https:\/\/api.w.org\/{rel}","templated":true}]}}