{"id":126,"date":"2016-09-05T19:30:41","date_gmt":"2016-09-05T19:30:41","guid":{"rendered":"http:\/\/psicologia.udd.cl\/doctorado\/?p=126"},"modified":"2016-09-05T19:30:41","modified_gmt":"2016-09-05T19:30:41","slug":"facultad-de-psicologia-realiza-lanzamiento-interno-de-su-doctorado-en-ciencias-del-desarrollo-y-psicopatologia","status":"publish","type":"post","link":"https:\/\/psicologia.udd.cl\/doctorado\/es\/2016\/09\/05\/facultad-de-psicologia-realiza-lanzamiento-interno-de-su-doctorado-en-ciencias-del-desarrollo-y-psicopatologia\/","title":{"rendered":"Facultad de Psicolog\u00eda realiza lanzamiento interno de su Doctorado en Ciencias del Desarrollo y Psicopatolog\u00eda"},"content":{"rendered":"<div id=\"gallery-1\" class=\"carousel slide carousel-gallery\" data-ride=\"false\" data-interval=\"false\"><div class=\"carousel-inner\" role=\"listbox\"><figure class=\"carousel-item active\"><img loading=\"lazy\" decoding=\"async\" width=\"952\" height=\"534\" src=\"https:\/\/psicologia.udd.cl\/doctorado\/files\/2016\/09\/img_5058-680x382.jpg\" class=\"attachment-landscape_952 size-landscape_952 lazyload\" alt=\"\" sizes=\"auto, (max-width: 952px) 100vw, 952px\" data-src=\"https:\/\/psicologia.udd.cl\/doctorado\/files\/2016\/09\/img_5058-952x534.jpg\" data-srcset=\"https:\/\/psicologia.udd.cl\/doctorado\/files\/2016\/09\/img_5058-952x534.jpg 952w, https:\/\/psicologia.udd.cl\/doctorado\/files\/2016\/09\/img_5058-1366x768.jpg 1366w, https:\/\/psicologia.udd.cl\/doctorado\/files\/2016\/09\/img_5058-680x382.jpg 680w\" \/><\/figure><figure class=\"carousel-item\"><img loading=\"lazy\" decoding=\"async\" width=\"952\" height=\"534\" src=\"https:\/\/psicologia.udd.cl\/doctorado\/files\/2016\/09\/img_5078-680x382.jpg\" class=\"attachment-landscape_952 size-landscape_952 lazyload\" alt=\"\" sizes=\"auto, (max-width: 952px) 100vw, 952px\" data-src=\"https:\/\/psicologia.udd.cl\/doctorado\/files\/2016\/09\/img_5078-952x534.jpg\" data-srcset=\"https:\/\/psicologia.udd.cl\/doctorado\/files\/2016\/09\/img_5078-952x534.jpg 952w, https:\/\/psicologia.udd.cl\/doctorado\/files\/2016\/09\/img_5078-1366x768.jpg 1366w, https:\/\/psicologia.udd.cl\/doctorado\/files\/2016\/09\/img_5078-680x382.jpg 680w\" \/><\/figure><figure class=\"carousel-item\"><img loading=\"lazy\" decoding=\"async\" width=\"952\" height=\"534\" src=\"https:\/\/psicologia.udd.cl\/doctorado\/files\/2016\/09\/img_5097-680x382.jpg\" class=\"attachment-landscape_952 size-landscape_952 lazyload\" alt=\"\" sizes=\"auto, (max-width: 952px) 100vw, 952px\" data-src=\"https:\/\/psicologia.udd.cl\/doctorado\/files\/2016\/09\/img_5097-952x534.jpg\" data-srcset=\"https:\/\/psicologia.udd.cl\/doctorado\/files\/2016\/09\/img_5097-952x534.jpg 952w, https:\/\/psicologia.udd.cl\/doctorado\/files\/2016\/09\/img_5097-1366x768.jpg 1366w, https:\/\/psicologia.udd.cl\/doctorado\/files\/2016\/09\/img_5097-680x382.jpg 680w\" \/><\/figure><\/div><footer class=\"carousel-footer\"><div class=\"carousel-counter\"><span class=\"carousel-counter-current\"><\/span> \/ <span class=\"carousel-counter-total\"><\/span><\/div><a class=\"carousel-control-prev\" href=\"#gallery-1\" role=\"button\" data-slide=\"prev\"><svg aria-hidden=\"true\" class=\"svg-chevron-left-dims\"><use xlink:href='https:\/\/psicologia.udd.cl\/doctorado\/wp-content\/themes\/facultades-2018\/assets\/img\/svg\/dist\/main.svg?version=1695853099#chevron-left'><\/use><\/svg><span class=\"sr-only\">Anterior<\/span><\/a><a class=\"carousel-control-next\" href=\"#gallery-1\" role=\"button\" data-slide=\"next\"><svg aria-hidden=\"true\" class=\"svg-chevron-right-dims\"><use xlink:href='https:\/\/psicologia.udd.cl\/doctorado\/wp-content\/themes\/facultades-2018\/assets\/img\/svg\/dist\/main.svg?version=1695853099#chevron-right'><\/use><\/svg><span class=\"sr-only\">Siguiente<\/span><\/a><\/footer><\/div>\n<p style=\"text-align: justify;\">Un gran hito para la <strong>Facultad de Psicolog\u00eda<\/strong> de la <a href=\"http:\/\/www.udd.cl\/\">Universidad del Desarrollo<\/a> tuvo lugar el martes 16 de agosto de 2016, cuando el Dr. Jaime Silva y la Dra. Daniela Aldoney,\u00a0integrantes\u00a0del Centro de Apego y Regulaci\u00f3n Emocional (Care) presentaron, tanto a los equipos de Santiago como de Concepci\u00f3n, la primera versi\u00f3n del <strong>Doctorado en Ciencias del Desarrollo y Psicopatolog\u00eda<\/strong> que ser\u00e1 impartido desde marzo de 2017 por nuestra casa de estudios.<\/p>\n<p style=\"text-align: justify;\">Los equipos de ambas sedes tuvieron la oportunidad de conocer las caracter\u00edsticas de este programa que tiene como objetivo formar\u00a0doctores con s\u00f3lidas bases en investigaci\u00f3n en las diversas trayectorias\u00a0adaptativas y des-adaptativas del desarrollo humano, con \u00e9nfasis en el conocimiento\u00a0interdisciplinario.<\/p>\n<p style=\"text-align: justify;\">Su director, el <strong>Dr. Jaime Silva<\/strong>, quien tambi\u00e9n preside el CARE, manifest\u00f3 que \u201ces un gran paso para nosotros. Nadie nos pidi\u00f3 crear un programa de Doctorado y, por supuesto, lo m\u00e1s f\u00e1cil era no hacerlo, pero nos sentimos con la necesidad de elaborar un plan de estudios de calidad que vaya en directa relaci\u00f3n con lo que pasa en la sociedad\u201d.<\/p>\n<p style=\"text-align: justify;\">Por otra parte, la Decana de la Facultad de Psicolog\u00eda, <strong>Teresita Serrano G.<\/strong>, agreg\u00f3 que \u201ceste Doctorado est\u00e1 en perfecta sinton\u00eda con los principios b\u00e1sicos de nuestra instituci\u00f3n, los que apuntan a generar investigacion, lo que lleva a poder solucionar diversas problematicas,\u00a0que aquejan nuestro entorno\u201d.<\/p>\n<p style=\"text-align: justify;\">Los inicios del <strong>Doctorado en Ciencias del Desarrollo y Psicopatolog\u00eda<\/strong> se remontan a julio de 2014 con una primera propuesta. Tras dos a\u00f1os de trabajo, el 15 de septiembre se abrir\u00e1 la convocatoria para los interesados, con cierre el 15\u00a0de noviembre. El proceso seguir\u00e1 en noviembre con la realizaci\u00f3n de entrevista a los postulantes, con el fin de que en diciembre se entreguen los resultados a los cuatro seleccionados.<\/p>\n","protected":false},"excerpt":{"rendered":"<p>Este programa que tiene como objetivo formar doctores con s\u00f3lidas bases en investigaci\u00f3n en las diversas trayectorias adaptativas y des-adaptativas del desarrollo humano, con \u00e9nfasis en el conocimiento interdisciplinario.<\/p>\n","protected":false},"author":0,"featured_media":127,"comment_status":"open","ping_status":"open","sticky":false,"template":"","format":"standard","meta":{"footnotes":""},"categories":[69],"tags":[74],"class_list":["post-126","post","type-post","status-publish","format-standard","has-post-thumbnail","hentry","category-noticias","tag-noticias-doctoradp"],"yoast_head":"<!-- This site is optimized with the Yoast SEO plugin v26.9 - https:\/\/yoast.com\/product\/yoast-seo-wordpress\/ -->\n<title>Facultad de Psicolog\u00eda realiza lanzamiento interno de su Doctorado en Ciencias del Desarrollo y Psicopatolog\u00eda - Doctorado en Ciencias del Desarrollo y Psicopatolog\u00eda<\/title>\n<meta name=\"robots\" content=\"index, follow, max-snippet:-1, max-image-preview:large, max-video-preview:-1\" \/>\n<link rel=\"canonical\" href=\"https:\/\/psicologia.udd.cl\/doctorado\/es\/2016\/09\/05\/facultad-de-psicologia-realiza-lanzamiento-interno-de-su-doctorado-en-ciencias-del-desarrollo-y-psicopatologia\/\" \/>\n<meta property=\"og:locale\" content=\"es_ES\" \/>\n<meta property=\"og:type\" content=\"article\" \/>\n<meta property=\"og:title\" content=\"Facultad de Psicolog\u00eda realiza lanzamiento interno de su Doctorado en Ciencias del Desarrollo y Psicopatolog\u00eda - Doctorado en Ciencias del Desarrollo y Psicopatolog\u00eda\" \/>\n<meta property=\"og:description\" content=\"Este programa que tiene como objetivo formar doctores con s\u00f3lidas bases en investigaci\u00f3n en las diversas trayectorias adaptativas y des-adaptativas del desarrollo humano, con \u00e9nfasis en el conocimiento interdisciplinario.\" \/>\n<meta property=\"og:url\" content=\"https:\/\/psicologia.udd.cl\/doctorado\/es\/2016\/09\/05\/facultad-de-psicologia-realiza-lanzamiento-interno-de-su-doctorado-en-ciencias-del-desarrollo-y-psicopatologia\/\" \/>\n<meta property=\"og:site_name\" content=\"Doctorado en Ciencias del Desarrollo y Psicopatolog\u00eda\" \/>\n<meta property=\"article:published_time\" content=\"2016-09-05T19:30:41+00:00\" \/>\n<meta property=\"og:image\" content=\"https:\/\/psicologia.udd.cl\/doctorado\/files\/2016\/09\/img_5058-scaled.jpg\" \/>\n\t<meta property=\"og:image:width\" content=\"2560\" \/>\n\t<meta property=\"og:image:height\" content=\"1707\" \/>\n\t<meta property=\"og:image:type\" content=\"image\/jpeg\" \/>\n<meta name=\"twitter:card\" content=\"summary_large_image\" \/>\n<meta name=\"twitter:label1\" content=\"Tiempo de lectura\" \/>\n\t<meta name=\"twitter:data1\" content=\"2 minutos\" \/>\n<script type=\"application\/ld+json\" class=\"yoast-schema-graph\">{\"@context\":\"https:\/\/schema.org\",\"@graph\":[{\"@type\":\"Article\",\"@id\":\"https:\/\/psicologia.udd.cl\/doctorado\/es\/2016\/09\/05\/facultad-de-psicologia-realiza-lanzamiento-interno-de-su-doctorado-en-ciencias-del-desarrollo-y-psicopatologia\/#article\",\"isPartOf\":{\"@id\":\"https:\/\/psicologia.udd.cl\/doctorado\/es\/2016\/09\/05\/facultad-de-psicologia-realiza-lanzamiento-interno-de-su-doctorado-en-ciencias-del-desarrollo-y-psicopatologia\/\"},\"author\":{\"name\":\"\",\"@id\":\"\"},\"headline\":\"Facultad de Psicolog\u00eda realiza lanzamiento interno de su Doctorado en Ciencias del Desarrollo y Psicopatolog\u00eda\",\"datePublished\":\"2016-09-05T19:30:41+00:00\",\"mainEntityOfPage\":{\"@id\":\"https:\/\/psicologia.udd.cl\/doctorado\/es\/2016\/09\/05\/facultad-de-psicologia-realiza-lanzamiento-interno-de-su-doctorado-en-ciencias-del-desarrollo-y-psicopatologia\/\"},\"wordCount\":326,\"commentCount\":0,\"image\":{\"@id\":\"https:\/\/psicologia.udd.cl\/doctorado\/es\/2016\/09\/05\/facultad-de-psicologia-realiza-lanzamiento-interno-de-su-doctorado-en-ciencias-del-desarrollo-y-psicopatologia\/#primaryimage\"},\"thumbnailUrl\":\"https:\/\/psicologia.udd.cl\/doctorado\/files\/2016\/09\/img_5058-scaled.jpg\",\"keywords\":[\"noticias. doctoradp\"],\"articleSection\":[\"Noticias\"],\"inLanguage\":\"es\",\"potentialAction\":[{\"@type\":\"CommentAction\",\"name\":\"Comment\",\"target\":[\"https:\/\/psicologia.udd.cl\/doctorado\/es\/2016\/09\/05\/facultad-de-psicologia-realiza-lanzamiento-interno-de-su-doctorado-en-ciencias-del-desarrollo-y-psicopatologia\/#respond\"]}]},{\"@type\":\"WebPage\",\"@id\":\"https:\/\/psicologia.udd.cl\/doctorado\/es\/2016\/09\/05\/facultad-de-psicologia-realiza-lanzamiento-interno-de-su-doctorado-en-ciencias-del-desarrollo-y-psicopatologia\/\",\"url\":\"https:\/\/psicologia.udd.cl\/doctorado\/es\/2016\/09\/05\/facultad-de-psicologia-realiza-lanzamiento-interno-de-su-doctorado-en-ciencias-del-desarrollo-y-psicopatologia\/\",\"name\":\"Facultad de Psicolog\u00eda realiza lanzamiento interno de su Doctorado en Ciencias del Desarrollo y Psicopatolog\u00eda - Doctorado en Ciencias del Desarrollo y Psicopatolog\u00eda\",\"isPartOf\":{\"@id\":\"https:\/\/psicologia.udd.cl\/doctorado\/#website\"},\"primaryImageOfPage\":{\"@id\":\"https:\/\/psicologia.udd.cl\/doctorado\/es\/2016\/09\/05\/facultad-de-psicologia-realiza-lanzamiento-interno-de-su-doctorado-en-ciencias-del-desarrollo-y-psicopatologia\/#primaryimage\"},\"image\":{\"@id\":\"https:\/\/psicologia.udd.cl\/doctorado\/es\/2016\/09\/05\/facultad-de-psicologia-realiza-lanzamiento-interno-de-su-doctorado-en-ciencias-del-desarrollo-y-psicopatologia\/#primaryimage\"},\"thumbnailUrl\":\"https:\/\/psicologia.udd.cl\/doctorado\/files\/2016\/09\/img_5058-scaled.jpg\",\"datePublished\":\"2016-09-05T19:30:41+00:00\",\"author\":{\"@id\":\"\"},\"inLanguage\":\"es\",\"potentialAction\":[{\"@type\":\"ReadAction\",\"target\":[\"https:\/\/psicologia.udd.cl\/doctorado\/es\/2016\/09\/05\/facultad-de-psicologia-realiza-lanzamiento-interno-de-su-doctorado-en-ciencias-del-desarrollo-y-psicopatologia\/\"]}]},{\"@type\":\"ImageObject\",\"inLanguage\":\"es\",\"@id\":\"https:\/\/psicologia.udd.cl\/doctorado\/es\/2016\/09\/05\/facultad-de-psicologia-realiza-lanzamiento-interno-de-su-doctorado-en-ciencias-del-desarrollo-y-psicopatologia\/#primaryimage\",\"url\":\"https:\/\/psicologia.udd.cl\/doctorado\/files\/2016\/09\/img_5058-scaled.jpg\",\"contentUrl\":\"https:\/\/psicologia.udd.cl\/doctorado\/files\/2016\/09\/img_5058-scaled.jpg\",\"width\":2560,\"height\":1707},{\"@type\":\"WebSite\",\"@id\":\"https:\/\/psicologia.udd.cl\/doctorado\/#website\",\"url\":\"https:\/\/psicologia.udd.cl\/doctorado\/\",\"name\":\"Doctorado en Ciencias del Desarrollo y Psicopatolog\u00eda\",\"description\":\"\",\"inLanguage\":\"es\"}]}<\/script>\n<!-- \/ Yoast SEO plugin. -->","yoast_head_json":{"title":"Facultad de Psicolog\u00eda realiza lanzamiento interno de su Doctorado en Ciencias del Desarrollo y Psicopatolog\u00eda - Doctorado en Ciencias del Desarrollo y Psicopatolog\u00eda","robots":{"index":"index","follow":"follow","max-snippet":"max-snippet:-1","max-image-preview":"max-image-preview:large","max-video-preview":"max-video-preview:-1"},"canonical":"https:\/\/psicologia.udd.cl\/doctorado\/es\/2016\/09\/05\/facultad-de-psicologia-realiza-lanzamiento-interno-de-su-doctorado-en-ciencias-del-desarrollo-y-psicopatologia\/","og_locale":"es_ES","og_type":"article","og_title":"Facultad de Psicolog\u00eda realiza lanzamiento interno de su Doctorado en Ciencias del Desarrollo y Psicopatolog\u00eda - Doctorado en Ciencias del Desarrollo y Psicopatolog\u00eda","og_description":"Este programa que tiene como objetivo formar doctores con s\u00f3lidas bases en investigaci\u00f3n en las diversas trayectorias adaptativas y des-adaptativas del desarrollo humano, con \u00e9nfasis en el conocimiento interdisciplinario.","og_url":"https:\/\/psicologia.udd.cl\/doctorado\/es\/2016\/09\/05\/facultad-de-psicologia-realiza-lanzamiento-interno-de-su-doctorado-en-ciencias-del-desarrollo-y-psicopatologia\/","og_site_name":"Doctorado en Ciencias del Desarrollo y Psicopatolog\u00eda","article_published_time":"2016-09-05T19:30:41+00:00","og_image":[{"width":2560,"height":1707,"url":"https:\/\/psicologia.udd.cl\/doctorado\/files\/2016\/09\/img_5058-scaled.jpg","type":"image\/jpeg"}],"twitter_card":"summary_large_image","twitter_misc":{"Tiempo de lectura":"2 minutos"},"schema":{"@context":"https:\/\/schema.org","@graph":[{"@type":"Article","@id":"https:\/\/psicologia.udd.cl\/doctorado\/es\/2016\/09\/05\/facultad-de-psicologia-realiza-lanzamiento-interno-de-su-doctorado-en-ciencias-del-desarrollo-y-psicopatologia\/#article","isPartOf":{"@id":"https:\/\/psicologia.udd.cl\/doctorado\/es\/2016\/09\/05\/facultad-de-psicologia-realiza-lanzamiento-interno-de-su-doctorado-en-ciencias-del-desarrollo-y-psicopatologia\/"},"author":{"name":"","@id":""},"headline":"Facultad de Psicolog\u00eda realiza lanzamiento interno de su Doctorado en Ciencias del Desarrollo y Psicopatolog\u00eda","datePublished":"2016-09-05T19:30:41+00:00","mainEntityOfPage":{"@id":"https:\/\/psicologia.udd.cl\/doctorado\/es\/2016\/09\/05\/facultad-de-psicologia-realiza-lanzamiento-interno-de-su-doctorado-en-ciencias-del-desarrollo-y-psicopatologia\/"},"wordCount":326,"commentCount":0,"image":{"@id":"https:\/\/psicologia.udd.cl\/doctorado\/es\/2016\/09\/05\/facultad-de-psicologia-realiza-lanzamiento-interno-de-su-doctorado-en-ciencias-del-desarrollo-y-psicopatologia\/#primaryimage"},"thumbnailUrl":"https:\/\/psicologia.udd.cl\/doctorado\/files\/2016\/09\/img_5058-scaled.jpg","keywords":["noticias. doctoradp"],"articleSection":["Noticias"],"inLanguage":"es","potentialAction":[{"@type":"CommentAction","name":"Comment","target":["https:\/\/psicologia.udd.cl\/doctorado\/es\/2016\/09\/05\/facultad-de-psicologia-realiza-lanzamiento-interno-de-su-doctorado-en-ciencias-del-desarrollo-y-psicopatologia\/#respond"]}]},{"@type":"WebPage","@id":"https:\/\/psicologia.udd.cl\/doctorado\/es\/2016\/09\/05\/facultad-de-psicologia-realiza-lanzamiento-interno-de-su-doctorado-en-ciencias-del-desarrollo-y-psicopatologia\/","url":"https:\/\/psicologia.udd.cl\/doctorado\/es\/2016\/09\/05\/facultad-de-psicologia-realiza-lanzamiento-interno-de-su-doctorado-en-ciencias-del-desarrollo-y-psicopatologia\/","name":"Facultad de Psicolog\u00eda realiza lanzamiento interno de su Doctorado en Ciencias del Desarrollo y Psicopatolog\u00eda - Doctorado en Ciencias del Desarrollo y Psicopatolog\u00eda","isPartOf":{"@id":"https:\/\/psicologia.udd.cl\/doctorado\/#website"},"primaryImageOfPage":{"@id":"https:\/\/psicologia.udd.cl\/doctorado\/es\/2016\/09\/05\/facultad-de-psicologia-realiza-lanzamiento-interno-de-su-doctorado-en-ciencias-del-desarrollo-y-psicopatologia\/#primaryimage"},"image":{"@id":"https:\/\/psicologia.udd.cl\/doctorado\/es\/2016\/09\/05\/facultad-de-psicologia-realiza-lanzamiento-interno-de-su-doctorado-en-ciencias-del-desarrollo-y-psicopatologia\/#primaryimage"},"thumbnailUrl":"https:\/\/psicologia.udd.cl\/doctorado\/files\/2016\/09\/img_5058-scaled.jpg","datePublished":"2016-09-05T19:30:41+00:00","author":{"@id":""},"inLanguage":"es","potentialAction":[{"@type":"ReadAction","target":["https:\/\/psicologia.udd.cl\/doctorado\/es\/2016\/09\/05\/facultad-de-psicologia-realiza-lanzamiento-interno-de-su-doctorado-en-ciencias-del-desarrollo-y-psicopatologia\/"]}]},{"@type":"ImageObject","inLanguage":"es","@id":"https:\/\/psicologia.udd.cl\/doctorado\/es\/2016\/09\/05\/facultad-de-psicologia-realiza-lanzamiento-interno-de-su-doctorado-en-ciencias-del-desarrollo-y-psicopatologia\/#primaryimage","url":"https:\/\/psicologia.udd.cl\/doctorado\/files\/2016\/09\/img_5058-scaled.jpg","contentUrl":"https:\/\/psicologia.udd.cl\/doctorado\/files\/2016\/09\/img_5058-scaled.jpg","width":2560,"height":1707},{"@type":"WebSite","@id":"https:\/\/psicologia.udd.cl\/doctorado\/#website","url":"https:\/\/psicologia.udd.cl\/doctorado\/","name":"Doctorado en Ciencias del Desarrollo y Psicopatolog\u00eda","description":"","inLanguage":"es"}]}},"featured_image_url":"https:\/\/psicologia.udd.cl\/doctorado\/files\/2016\/09\/img_5058-scaled.jpg","_links":{"self":[{"href":"https:\/\/psicologia.udd.cl\/doctorado\/wp-json\/wp\/v2\/posts\/126","targetHints":{"allow":["GET"]}}],"collection":[{"href":"https:\/\/psicologia.udd.cl\/doctorado\/wp-json\/wp\/v2\/posts"}],"about":[{"href":"https:\/\/psicologia.udd.cl\/doctorado\/wp-json\/wp\/v2\/types\/post"}],"replies":[{"embeddable":true,"href":"https:\/\/psicologia.udd.cl\/doctorado\/wp-json\/wp\/v2\/comments?post=126"}],"version-history":[{"count":0,"href":"https:\/\/psicologia.udd.cl\/doctorado\/wp-json\/wp\/v2\/posts\/126\/revisions"}],"wp:featuredmedia":[{"embeddable":true,"href":"https:\/\/psicologia.udd.cl\/doctorado\/wp-json\/wp\/v2\/media\/127"}],"wp:attachment":[{"href":"https:\/\/psicologia.udd.cl\/doctorado\/wp-json\/wp\/v2\/media?parent=126"}],"wp:term":[{"taxonomy":"category","embeddable":true,"href":"https:\/\/psicologia.udd.cl\/doctorado\/wp-json\/wp\/v2\/categories?post=126"},{"taxonomy":"post_tag","embeddable":true,"href":"https:\/\/psicologia.udd.cl\/doctorado\/wp-json\/wp\/v2\/tags?post=126"}],"curies":[{"name":"wp","href":"https:\/\/api.w.org\/{rel}","templated":true}]}}