{"id":1238,"date":"2020-01-30T17:42:41","date_gmt":"2020-01-30T17:42:41","guid":{"rendered":"http:\/\/psicologia.udd.cl\/doctorado\/?p=1238"},"modified":"2020-01-30T17:42:41","modified_gmt":"2020-01-30T17:42:41","slug":"drac-fernanda-prieto-presentara-en-congreso-anual-de-la-association-for-the-scientific-study-of-consciousness-assc","status":"publish","type":"post","link":"https:\/\/psicologia.udd.cl\/doctorado\/es\/2020\/01\/30\/drac-fernanda-prieto-presentara-en-congreso-anual-de-la-association-for-the-scientific-study-of-consciousness-assc\/","title":{"rendered":"DRA(C). FERNANDA PRIETO PRESENTAR\u00c1 EN CONGRESO ANUAL DE LA ASSOCIATION FOR THE SCIENTIFIC STUDY OF CONSCIOUSNESS (ASSC)"},"content":{"rendered":"<p style=\"text-align: center\"><img loading=\"lazy\" decoding=\"async\" class=\"alignnone size-medium wp-image-1043\" src=\"https:\/\/psicologia.udd.cl\/doctorado\/files\/2019\/06\/fer-prieto-300x232.jpg\" alt=\"\" width=\"300\" height=\"232\" srcset=\"https:\/\/psicologia.udd.cl\/doctorado\/files\/2019\/06\/fer-prieto-300x232.jpg 300w, https:\/\/psicologia.udd.cl\/doctorado\/files\/2019\/06\/fer-prieto-1024x793.jpg 1024w, https:\/\/psicologia.udd.cl\/doctorado\/files\/2019\/06\/fer-prieto-768x594.jpg 768w, https:\/\/psicologia.udd.cl\/doctorado\/files\/2019\/06\/fer-prieto-182x140.jpg 182w, https:\/\/psicologia.udd.cl\/doctorado\/files\/2019\/06\/fer-prieto-1536x1189.jpg 1536w, https:\/\/psicologia.udd.cl\/doctorado\/files\/2019\/06\/fer-prieto-2048x1585.jpg 2048w\" sizes=\"auto, (max-width: 300px) 100vw, 300px\" \/><\/p>\n<p>La Dra(c). Fernanda Prieto ha sido invitada a presentar, en conjunto con expertos internacionales en ciencia del desarrollo, subjetividad y (meta)cognici\u00f3n, los resultados preliminares de su investigaci\u00f3n en la versi\u00f3n 23 del Congreso de la\u00a0<a href=\"https:\/\/theassc.org\/\">Association for the Scientific Study of Consciousness (ASSC).<\/a><\/p>\n<p>La invitaci\u00f3n es a participar en la mesa tem\u00e1tica:\u00a0<em>Infant Metacognition and Development.\u00a0<\/em>La Dra(c). Prieto subraya la importancia de participar en tales instancias de difusi\u00f3n y reflexi\u00f3n cient\u00edfica a nivel internacional. \u201cLo anterior no s\u00f3lo es una oportunidad para exponer el trabajo cient\u00edfico desarrollo en el CARE durante mi estad\u00eda doctoral, sino tambi\u00e9n un ambiente f\u00e9rtil para establecer alianzas de investigaci\u00f3n estrat\u00e9gicas para los pr\u00f3ximos a\u00f1os\u201d, afirm\u00f3.<\/p>\n<p>En esta oportunidad el congreso anual de la ASSC se realizar\u00e1 en Tel Aviv, Israel, entre los d\u00edas 15 y 18 de junio del 2020.<\/p>\n<div class=\"row\"><\/div>\n","protected":false},"excerpt":{"rendered":"<p>La Dra(c). Fernanda Prieto ha sido invitada a presentar, en conjunto con expertos internacionales en ciencia del desarrollo, subjetividad y (meta)cognici\u00f3n, los resultados preliminares de su investigaci\u00f3n en la versi\u00f3n 23 del Congreso de la\u00a0Association for the Scientific Study of Consciousness (ASSC). La invitaci\u00f3n es a participar en la mesa tem\u00e1tica:\u00a0Infant Metacognition and Development.\u00a0La Dra(c). [&hellip;]<\/p>\n","protected":false},"author":0,"featured_media":0,"comment_status":"open","ping_status":"open","sticky":false,"template":"","format":"standard","meta":{"footnotes":""},"categories":[69],"tags":[],"class_list":["post-1238","post","type-post","status-publish","format-standard","hentry","category-noticias"],"yoast_head":"<!-- This site is optimized with the Yoast SEO plugin v26.9 - https:\/\/yoast.com\/product\/yoast-seo-wordpress\/ -->\n<title>DRA(C). FERNANDA PRIETO PRESENTAR\u00c1 EN CONGRESO ANUAL DE LA ASSOCIATION FOR THE SCIENTIFIC STUDY OF CONSCIOUSNESS (ASSC) - Doctorado en Ciencias del Desarrollo y Psicopatolog\u00eda<\/title>\n<meta name=\"robots\" content=\"index, follow, max-snippet:-1, max-image-preview:large, max-video-preview:-1\" \/>\n<link rel=\"canonical\" href=\"https:\/\/psicologia.udd.cl\/doctorado\/es\/2020\/01\/30\/drac-fernanda-prieto-presentara-en-congreso-anual-de-la-association-for-the-scientific-study-of-consciousness-assc\/\" \/>\n<meta property=\"og:locale\" content=\"es_ES\" \/>\n<meta property=\"og:type\" content=\"article\" \/>\n<meta property=\"og:title\" content=\"DRA(C). FERNANDA PRIETO PRESENTAR\u00c1 EN CONGRESO ANUAL DE LA ASSOCIATION FOR THE SCIENTIFIC STUDY OF CONSCIOUSNESS (ASSC) - Doctorado en Ciencias del Desarrollo y Psicopatolog\u00eda\" \/>\n<meta property=\"og:description\" content=\"La Dra(c). Fernanda Prieto ha sido invitada a presentar, en conjunto con expertos internacionales en ciencia del desarrollo, subjetividad y (meta)cognici\u00f3n, los resultados preliminares de su investigaci\u00f3n en la versi\u00f3n 23 del Congreso de la\u00a0Association for the Scientific Study of Consciousness (ASSC). La invitaci\u00f3n es a participar en la mesa tem\u00e1tica:\u00a0Infant Metacognition and Development.\u00a0La Dra(c). [&hellip;]\" \/>\n<meta property=\"og:url\" content=\"https:\/\/psicologia.udd.cl\/doctorado\/es\/2020\/01\/30\/drac-fernanda-prieto-presentara-en-congreso-anual-de-la-association-for-the-scientific-study-of-consciousness-assc\/\" \/>\n<meta property=\"og:site_name\" content=\"Doctorado en Ciencias del Desarrollo y Psicopatolog\u00eda\" \/>\n<meta property=\"article:published_time\" content=\"2020-01-30T17:42:41+00:00\" \/>\n<meta property=\"og:image\" content=\"http:\/\/psicologia.udd.cl\/doctorado\/files\/2019\/06\/fer-prieto-300x232.jpg\" \/>\n<meta name=\"twitter:card\" content=\"summary_large_image\" \/>\n<meta name=\"twitter:label1\" content=\"Tiempo de lectura\" \/>\n\t<meta name=\"twitter:data1\" content=\"1 minuto\" \/>\n<script type=\"application\/ld+json\" class=\"yoast-schema-graph\">{\"@context\":\"https:\/\/schema.org\",\"@graph\":[{\"@type\":\"Article\",\"@id\":\"https:\/\/psicologia.udd.cl\/doctorado\/es\/2020\/01\/30\/drac-fernanda-prieto-presentara-en-congreso-anual-de-la-association-for-the-scientific-study-of-consciousness-assc\/#article\",\"isPartOf\":{\"@id\":\"https:\/\/psicologia.udd.cl\/doctorado\/es\/2020\/01\/30\/drac-fernanda-prieto-presentara-en-congreso-anual-de-la-association-for-the-scientific-study-of-consciousness-assc\/\"},\"author\":{\"name\":\"\",\"@id\":\"\"},\"headline\":\"DRA(C). FERNANDA PRIETO PRESENTAR\u00c1 EN CONGRESO ANUAL DE LA ASSOCIATION FOR THE SCIENTIFIC STUDY OF CONSCIOUSNESS (ASSC)\",\"datePublished\":\"2020-01-30T17:42:41+00:00\",\"mainEntityOfPage\":{\"@id\":\"https:\/\/psicologia.udd.cl\/doctorado\/es\/2020\/01\/30\/drac-fernanda-prieto-presentara-en-congreso-anual-de-la-association-for-the-scientific-study-of-consciousness-assc\/\"},\"wordCount\":171,\"commentCount\":0,\"image\":{\"@id\":\"https:\/\/psicologia.udd.cl\/doctorado\/es\/2020\/01\/30\/drac-fernanda-prieto-presentara-en-congreso-anual-de-la-association-for-the-scientific-study-of-consciousness-assc\/#primaryimage\"},\"thumbnailUrl\":\"http:\/\/psicologia.udd.cl\/doctorado\/files\/2019\/06\/fer-prieto-300x232.jpg\",\"articleSection\":[\"Noticias\"],\"inLanguage\":\"es\",\"potentialAction\":[{\"@type\":\"CommentAction\",\"name\":\"Comment\",\"target\":[\"https:\/\/psicologia.udd.cl\/doctorado\/es\/2020\/01\/30\/drac-fernanda-prieto-presentara-en-congreso-anual-de-la-association-for-the-scientific-study-of-consciousness-assc\/#respond\"]}]},{\"@type\":\"WebPage\",\"@id\":\"https:\/\/psicologia.udd.cl\/doctorado\/es\/2020\/01\/30\/drac-fernanda-prieto-presentara-en-congreso-anual-de-la-association-for-the-scientific-study-of-consciousness-assc\/\",\"url\":\"https:\/\/psicologia.udd.cl\/doctorado\/es\/2020\/01\/30\/drac-fernanda-prieto-presentara-en-congreso-anual-de-la-association-for-the-scientific-study-of-consciousness-assc\/\",\"name\":\"DRA(C). FERNANDA PRIETO PRESENTAR\u00c1 EN CONGRESO ANUAL DE LA ASSOCIATION FOR THE SCIENTIFIC STUDY OF CONSCIOUSNESS (ASSC) - Doctorado en Ciencias del Desarrollo y Psicopatolog\u00eda\",\"isPartOf\":{\"@id\":\"https:\/\/psicologia.udd.cl\/doctorado\/#website\"},\"primaryImageOfPage\":{\"@id\":\"https:\/\/psicologia.udd.cl\/doctorado\/es\/2020\/01\/30\/drac-fernanda-prieto-presentara-en-congreso-anual-de-la-association-for-the-scientific-study-of-consciousness-assc\/#primaryimage\"},\"image\":{\"@id\":\"https:\/\/psicologia.udd.cl\/doctorado\/es\/2020\/01\/30\/drac-fernanda-prieto-presentara-en-congreso-anual-de-la-association-for-the-scientific-study-of-consciousness-assc\/#primaryimage\"},\"thumbnailUrl\":\"http:\/\/psicologia.udd.cl\/doctorado\/files\/2019\/06\/fer-prieto-300x232.jpg\",\"datePublished\":\"2020-01-30T17:42:41+00:00\",\"author\":{\"@id\":\"\"},\"inLanguage\":\"es\",\"potentialAction\":[{\"@type\":\"ReadAction\",\"target\":[\"https:\/\/psicologia.udd.cl\/doctorado\/es\/2020\/01\/30\/drac-fernanda-prieto-presentara-en-congreso-anual-de-la-association-for-the-scientific-study-of-consciousness-assc\/\"]}]},{\"@type\":\"ImageObject\",\"inLanguage\":\"es\",\"@id\":\"https:\/\/psicologia.udd.cl\/doctorado\/es\/2020\/01\/30\/drac-fernanda-prieto-presentara-en-congreso-anual-de-la-association-for-the-scientific-study-of-consciousness-assc\/#primaryimage\",\"url\":\"http:\/\/psicologia.udd.cl\/doctorado\/files\/2019\/06\/fer-prieto-300x232.jpg\",\"contentUrl\":\"http:\/\/psicologia.udd.cl\/doctorado\/files\/2019\/06\/fer-prieto-300x232.jpg\"},{\"@type\":\"WebSite\",\"@id\":\"https:\/\/psicologia.udd.cl\/doctorado\/#website\",\"url\":\"https:\/\/psicologia.udd.cl\/doctorado\/\",\"name\":\"Doctorado en Ciencias del Desarrollo y Psicopatolog\u00eda\",\"description\":\"\",\"inLanguage\":\"es\"}]}<\/script>\n<!-- \/ Yoast SEO plugin. -->","yoast_head_json":{"title":"DRA(C). FERNANDA PRIETO PRESENTAR\u00c1 EN CONGRESO ANUAL DE LA ASSOCIATION FOR THE SCIENTIFIC STUDY OF CONSCIOUSNESS (ASSC) - Doctorado en Ciencias del Desarrollo y Psicopatolog\u00eda","robots":{"index":"index","follow":"follow","max-snippet":"max-snippet:-1","max-image-preview":"max-image-preview:large","max-video-preview":"max-video-preview:-1"},"canonical":"https:\/\/psicologia.udd.cl\/doctorado\/es\/2020\/01\/30\/drac-fernanda-prieto-presentara-en-congreso-anual-de-la-association-for-the-scientific-study-of-consciousness-assc\/","og_locale":"es_ES","og_type":"article","og_title":"DRA(C). FERNANDA PRIETO PRESENTAR\u00c1 EN CONGRESO ANUAL DE LA ASSOCIATION FOR THE SCIENTIFIC STUDY OF CONSCIOUSNESS (ASSC) - Doctorado en Ciencias del Desarrollo y Psicopatolog\u00eda","og_description":"La Dra(c). Fernanda Prieto ha sido invitada a presentar, en conjunto con expertos internacionales en ciencia del desarrollo, subjetividad y (meta)cognici\u00f3n, los resultados preliminares de su investigaci\u00f3n en la versi\u00f3n 23 del Congreso de la\u00a0Association for the Scientific Study of Consciousness (ASSC). La invitaci\u00f3n es a participar en la mesa tem\u00e1tica:\u00a0Infant Metacognition and Development.\u00a0La Dra(c). [&hellip;]","og_url":"https:\/\/psicologia.udd.cl\/doctorado\/es\/2020\/01\/30\/drac-fernanda-prieto-presentara-en-congreso-anual-de-la-association-for-the-scientific-study-of-consciousness-assc\/","og_site_name":"Doctorado en Ciencias del Desarrollo y Psicopatolog\u00eda","article_published_time":"2020-01-30T17:42:41+00:00","og_image":[{"url":"http:\/\/psicologia.udd.cl\/doctorado\/files\/2019\/06\/fer-prieto-300x232.jpg","type":"","width":"","height":""}],"twitter_card":"summary_large_image","twitter_misc":{"Tiempo de lectura":"1 minuto"},"schema":{"@context":"https:\/\/schema.org","@graph":[{"@type":"Article","@id":"https:\/\/psicologia.udd.cl\/doctorado\/es\/2020\/01\/30\/drac-fernanda-prieto-presentara-en-congreso-anual-de-la-association-for-the-scientific-study-of-consciousness-assc\/#article","isPartOf":{"@id":"https:\/\/psicologia.udd.cl\/doctorado\/es\/2020\/01\/30\/drac-fernanda-prieto-presentara-en-congreso-anual-de-la-association-for-the-scientific-study-of-consciousness-assc\/"},"author":{"name":"","@id":""},"headline":"DRA(C). FERNANDA PRIETO PRESENTAR\u00c1 EN CONGRESO ANUAL DE LA ASSOCIATION FOR THE SCIENTIFIC STUDY OF CONSCIOUSNESS (ASSC)","datePublished":"2020-01-30T17:42:41+00:00","mainEntityOfPage":{"@id":"https:\/\/psicologia.udd.cl\/doctorado\/es\/2020\/01\/30\/drac-fernanda-prieto-presentara-en-congreso-anual-de-la-association-for-the-scientific-study-of-consciousness-assc\/"},"wordCount":171,"commentCount":0,"image":{"@id":"https:\/\/psicologia.udd.cl\/doctorado\/es\/2020\/01\/30\/drac-fernanda-prieto-presentara-en-congreso-anual-de-la-association-for-the-scientific-study-of-consciousness-assc\/#primaryimage"},"thumbnailUrl":"http:\/\/psicologia.udd.cl\/doctorado\/files\/2019\/06\/fer-prieto-300x232.jpg","articleSection":["Noticias"],"inLanguage":"es","potentialAction":[{"@type":"CommentAction","name":"Comment","target":["https:\/\/psicologia.udd.cl\/doctorado\/es\/2020\/01\/30\/drac-fernanda-prieto-presentara-en-congreso-anual-de-la-association-for-the-scientific-study-of-consciousness-assc\/#respond"]}]},{"@type":"WebPage","@id":"https:\/\/psicologia.udd.cl\/doctorado\/es\/2020\/01\/30\/drac-fernanda-prieto-presentara-en-congreso-anual-de-la-association-for-the-scientific-study-of-consciousness-assc\/","url":"https:\/\/psicologia.udd.cl\/doctorado\/es\/2020\/01\/30\/drac-fernanda-prieto-presentara-en-congreso-anual-de-la-association-for-the-scientific-study-of-consciousness-assc\/","name":"DRA(C). FERNANDA PRIETO PRESENTAR\u00c1 EN CONGRESO ANUAL DE LA ASSOCIATION FOR THE SCIENTIFIC STUDY OF CONSCIOUSNESS (ASSC) - Doctorado en Ciencias del Desarrollo y Psicopatolog\u00eda","isPartOf":{"@id":"https:\/\/psicologia.udd.cl\/doctorado\/#website"},"primaryImageOfPage":{"@id":"https:\/\/psicologia.udd.cl\/doctorado\/es\/2020\/01\/30\/drac-fernanda-prieto-presentara-en-congreso-anual-de-la-association-for-the-scientific-study-of-consciousness-assc\/#primaryimage"},"image":{"@id":"https:\/\/psicologia.udd.cl\/doctorado\/es\/2020\/01\/30\/drac-fernanda-prieto-presentara-en-congreso-anual-de-la-association-for-the-scientific-study-of-consciousness-assc\/#primaryimage"},"thumbnailUrl":"http:\/\/psicologia.udd.cl\/doctorado\/files\/2019\/06\/fer-prieto-300x232.jpg","datePublished":"2020-01-30T17:42:41+00:00","author":{"@id":""},"inLanguage":"es","potentialAction":[{"@type":"ReadAction","target":["https:\/\/psicologia.udd.cl\/doctorado\/es\/2020\/01\/30\/drac-fernanda-prieto-presentara-en-congreso-anual-de-la-association-for-the-scientific-study-of-consciousness-assc\/"]}]},{"@type":"ImageObject","inLanguage":"es","@id":"https:\/\/psicologia.udd.cl\/doctorado\/es\/2020\/01\/30\/drac-fernanda-prieto-presentara-en-congreso-anual-de-la-association-for-the-scientific-study-of-consciousness-assc\/#primaryimage","url":"http:\/\/psicologia.udd.cl\/doctorado\/files\/2019\/06\/fer-prieto-300x232.jpg","contentUrl":"http:\/\/psicologia.udd.cl\/doctorado\/files\/2019\/06\/fer-prieto-300x232.jpg"},{"@type":"WebSite","@id":"https:\/\/psicologia.udd.cl\/doctorado\/#website","url":"https:\/\/psicologia.udd.cl\/doctorado\/","name":"Doctorado en Ciencias del Desarrollo y Psicopatolog\u00eda","description":"","inLanguage":"es"}]}},"featured_image_url":null,"_links":{"self":[{"href":"https:\/\/psicologia.udd.cl\/doctorado\/wp-json\/wp\/v2\/posts\/1238","targetHints":{"allow":["GET"]}}],"collection":[{"href":"https:\/\/psicologia.udd.cl\/doctorado\/wp-json\/wp\/v2\/posts"}],"about":[{"href":"https:\/\/psicologia.udd.cl\/doctorado\/wp-json\/wp\/v2\/types\/post"}],"replies":[{"embeddable":true,"href":"https:\/\/psicologia.udd.cl\/doctorado\/wp-json\/wp\/v2\/comments?post=1238"}],"version-history":[{"count":0,"href":"https:\/\/psicologia.udd.cl\/doctorado\/wp-json\/wp\/v2\/posts\/1238\/revisions"}],"wp:attachment":[{"href":"https:\/\/psicologia.udd.cl\/doctorado\/wp-json\/wp\/v2\/media?parent=1238"}],"wp:term":[{"taxonomy":"category","embeddable":true,"href":"https:\/\/psicologia.udd.cl\/doctorado\/wp-json\/wp\/v2\/categories?post=1238"},{"taxonomy":"post_tag","embeddable":true,"href":"https:\/\/psicologia.udd.cl\/doctorado\/wp-json\/wp\/v2\/tags?post=1238"}],"curies":[{"name":"wp","href":"https:\/\/api.w.org\/{rel}","templated":true}]}}