{"id":1173,"date":"2019-10-28T18:13:43","date_gmt":"2019-10-28T18:13:43","guid":{"rendered":"http:\/\/psicologia.udd.cl\/doctorado\/?p=1173"},"modified":"2019-10-28T18:13:43","modified_gmt":"2019-10-28T18:13:43","slug":"director-del-dcdp-se-dirige-a-la-comunidad-academica","status":"publish","type":"post","link":"https:\/\/psicologia.udd.cl\/doctorado\/es\/2019\/10\/28\/director-del-dcdp-se-dirige-a-la-comunidad-academica\/","title":{"rendered":"DIRECTOR DEL DCDP SE DIRIGE A LA COMUNIDAD ACAD\u00c9MICA"},"content":{"rendered":"<p><span style=\"font-family: Helvetica Neue\">Hace unos d\u00edas, el consejo de Conicyt llama acertadamente a pensar una ciencia al servicio del pa\u00eds. Es importante recordar, en ese marco, que la ciencia como cualquier otra actividad humana deriva sus formas y facetas del contexto social en el cual se inserta.<\/span><\/p>\n<p><span style=\"font-family: Helvetica Neue\">El modelo neoliberal, que parece haber alcanzado un estadio inviable en Chile, ha ejercido enorme influencia en lo que hoy entendemos como ciencia de calidad. No s\u00f3lo eso, tambi\u00e9n la forma en c\u00f3mo los investigadores pensamos nuestra carrera acad\u00e9mica e incluso la manera en c\u00f3mo nos relacionamos con otros investigadores y las instituciones que nos albergan, est\u00e1 fuertemente moldeada por ese \u201cesp\u00edritu de la \u00e9poca\u201d (Zeitgeist).<\/span><\/p>\n<p><span style=\"font-family: Helvetica Neue\">Hoy vivimos una ciencia individualista, centrada en productos m\u00e1s que en procesos, \u00a0en resultados concretos -aplicados- m\u00e1s que en generaci\u00f3n de conocimiento. Efectivamente, hoy los investigadores somos clasificados seg\u00fan el n\u00famero de art\u00edculos que publicamos, el impacto de esos manuscritos, n\u00famero de proyectos ganados, patentes inscritas, etc., todo con finas y severas m\u00e9tricas. Esto ha dado paso a una actividad muy competitiva y solipsista que ha eliminado -sin saberlo- los contenidos m\u00e1s valiosos del oficio de investigador: La curiosidad cient\u00edfica, el anhelo de conocimiento, la colaboraci\u00f3n desinteresada. En el camino, se ha devaluado la ciencia b\u00e1sica, las ciencias sociales, la filosof\u00eda y la promoci\u00f3n de la b\u00fasqueda de conocimiento como virtud humana.\u00a0<\/span><\/p>\n<p><span style=\"font-family: Helvetica Neue\">La ciencia chilena est\u00e1 lejos de la edad provecta, empalidece cuando se compara con la experiencia y desarrollo de otros pa\u00edses, pero hoy tiene la oportunidad de re-pensarse y reformularse desde sus principios b\u00e1sicos. Esto necesariamente tiene que derivar en hacernos la pregunta por la colaboraci\u00f3n, el respeto mutuo, el desarrollo colectivo y la valoraci\u00f3n de un espectro m\u00e1s amplio y heterog\u00e9neo de ciencias. La excesiva cultura del \u201c\u00bfpara qu\u00e9 sirve? nos ha alejado demasiado de nuestra necesidad humana de preguntarnos \u00bfpor qu\u00e9?\u00a0<\/span><\/p>\n<p><span style=\"font-family: Helvetica Neue\">El esp\u00edritu que hemos querido transmitir en el Doctorado de Ciencias del Desarrollo y Psicopatolog\u00eda, transita inevitablemente por estas mismas aguas. Sin embargo, -y por contraparte- desde la creaci\u00f3n misma del programa nuestros esfuerzos como acad\u00e9micos e investigadores se enfocaron en proveer de un entorno colaborativo, centrado en la integraci\u00f3n de voces diversas y en la creaci\u00f3n de conocimientos sustancial en base a la interacci\u00f3n de l\u00edneas de investigaci\u00f3n. Nuestra propuesta de acogernos a un marco de referencia (la mente interpersonal) como pretexto para elaborar preguntas estimulantes para un amplio espectro de investigadores cobra mayor sentido y relevancia a la luz de los acontecimientos. Si bien a ratos somos indistinguibles de la cultura cient\u00edfica que nos sirve de tel\u00f3n de fondo, es cierto que tambi\u00e9n hemos tenido la visi\u00f3n de fomentar la b\u00fasqueda de conocimiento con sentido, foco, valor social y relevancia te\u00f3rica.\u00a0<\/span><\/p>\n<p><span style=\"font-family: Helvetica Neue\">Como investigadores del comportamiento humano en el ciclo vital, conscientes del car\u00e1cter interpersonal de la mente humana, estamos llamados a continuar esta senda y perfeccionarla. En los pr\u00f3ximos meses debemos profundizar nuestra consciencia sobre el rol social que nuestros programas de investigaci\u00f3n tienen, donde deber\u00edamos, sin olvidar la responsabilidad de expandir nuestro conocimiento cient\u00edfico, buscar mecanismos y m\u00e9todos para establecer lazos con la comunidad y potenciar nuestro aporte al entorno nacional en su amplio espectro. Las posibilidades son m\u00faltiples y las limitaciones solo acotadas a la fuerza de nuestra creatividad y propositividad.\u00a0<\/span><\/p>\n<p><span style=\"font-family: Helvetica Neue\">Querido\/as acad\u00e9mico\/as y estudiantes del doctorado, los invito entonces a pensar en el futuro de nuestro doctorado a la luz de nuestra trayectoria y a la altura de los desaf\u00edos que el presente nos exige.<\/span><\/p>\n<p>Jaime Silva Concha.<\/p>\n","protected":false},"excerpt":{"rendered":"<p>Hace unos d\u00edas, el consejo de Conicyt llama acertadamente a pensar una ciencia al servicio del pa\u00eds. Es importante recordar, en ese marco, que la ciencia como cualquier otra actividad humana deriva sus formas y facetas del contexto social en el cual se inserta. El modelo neoliberal, que parece haber alcanzado un estadio inviable en [&hellip;]<\/p>\n","protected":false},"author":0,"featured_media":1135,"comment_status":"open","ping_status":"open","sticky":false,"template":"","format":"standard","meta":{"footnotes":""},"categories":[69],"tags":[],"class_list":["post-1173","post","type-post","status-publish","format-standard","has-post-thumbnail","hentry","category-noticias"],"yoast_head":"<!-- This site is optimized with the Yoast SEO plugin v26.9 - https:\/\/yoast.com\/product\/yoast-seo-wordpress\/ -->\n<title>DIRECTOR DEL DCDP SE DIRIGE A LA COMUNIDAD ACAD\u00c9MICA - Doctorado en Ciencias del Desarrollo y Psicopatolog\u00eda<\/title>\n<meta name=\"robots\" content=\"index, follow, max-snippet:-1, max-image-preview:large, max-video-preview:-1\" \/>\n<link rel=\"canonical\" href=\"https:\/\/psicologia.udd.cl\/doctorado\/es\/2019\/10\/28\/director-del-dcdp-se-dirige-a-la-comunidad-academica\/\" \/>\n<meta property=\"og:locale\" content=\"es_ES\" \/>\n<meta property=\"og:type\" content=\"article\" \/>\n<meta property=\"og:title\" content=\"DIRECTOR DEL DCDP SE DIRIGE A LA COMUNIDAD ACAD\u00c9MICA - Doctorado en Ciencias del Desarrollo y Psicopatolog\u00eda\" \/>\n<meta property=\"og:description\" content=\"Hace unos d\u00edas, el consejo de Conicyt llama acertadamente a pensar una ciencia al servicio del pa\u00eds. Es importante recordar, en ese marco, que la ciencia como cualquier otra actividad humana deriva sus formas y facetas del contexto social en el cual se inserta. El modelo neoliberal, que parece haber alcanzado un estadio inviable en [&hellip;]\" \/>\n<meta property=\"og:url\" content=\"https:\/\/psicologia.udd.cl\/doctorado\/es\/2019\/10\/28\/director-del-dcdp-se-dirige-a-la-comunidad-academica\/\" \/>\n<meta property=\"og:site_name\" content=\"Doctorado en Ciencias del Desarrollo y Psicopatolog\u00eda\" \/>\n<meta property=\"article:published_time\" content=\"2019-10-28T18:13:43+00:00\" \/>\n<meta property=\"og:image\" content=\"https:\/\/psicologia.udd.cl\/doctorado\/files\/2016\/08\/dsc_2437-2-e1563481409250.jpg\" \/>\n\t<meta property=\"og:image:width\" content=\"1530\" \/>\n\t<meta property=\"og:image:height\" content=\"1432\" \/>\n\t<meta property=\"og:image:type\" content=\"image\/jpeg\" \/>\n<meta name=\"twitter:card\" content=\"summary_large_image\" \/>\n<meta name=\"twitter:label1\" content=\"Tiempo de lectura\" \/>\n\t<meta name=\"twitter:data1\" content=\"3 minutos\" \/>\n<script type=\"application\/ld+json\" class=\"yoast-schema-graph\">{\"@context\":\"https:\/\/schema.org\",\"@graph\":[{\"@type\":\"Article\",\"@id\":\"https:\/\/psicologia.udd.cl\/doctorado\/es\/2019\/10\/28\/director-del-dcdp-se-dirige-a-la-comunidad-academica\/#article\",\"isPartOf\":{\"@id\":\"https:\/\/psicologia.udd.cl\/doctorado\/es\/2019\/10\/28\/director-del-dcdp-se-dirige-a-la-comunidad-academica\/\"},\"author\":{\"name\":\"\",\"@id\":\"\"},\"headline\":\"DIRECTOR DEL DCDP SE DIRIGE A LA COMUNIDAD ACAD\u00c9MICA\",\"datePublished\":\"2019-10-28T18:13:43+00:00\",\"mainEntityOfPage\":{\"@id\":\"https:\/\/psicologia.udd.cl\/doctorado\/es\/2019\/10\/28\/director-del-dcdp-se-dirige-a-la-comunidad-academica\/\"},\"wordCount\":643,\"commentCount\":0,\"image\":{\"@id\":\"https:\/\/psicologia.udd.cl\/doctorado\/es\/2019\/10\/28\/director-del-dcdp-se-dirige-a-la-comunidad-academica\/#primaryimage\"},\"thumbnailUrl\":\"https:\/\/psicologia.udd.cl\/doctorado\/files\/2016\/08\/dsc_2437-2-e1563481409250.jpg\",\"articleSection\":[\"Noticias\"],\"inLanguage\":\"es\",\"potentialAction\":[{\"@type\":\"CommentAction\",\"name\":\"Comment\",\"target\":[\"https:\/\/psicologia.udd.cl\/doctorado\/es\/2019\/10\/28\/director-del-dcdp-se-dirige-a-la-comunidad-academica\/#respond\"]}]},{\"@type\":\"WebPage\",\"@id\":\"https:\/\/psicologia.udd.cl\/doctorado\/es\/2019\/10\/28\/director-del-dcdp-se-dirige-a-la-comunidad-academica\/\",\"url\":\"https:\/\/psicologia.udd.cl\/doctorado\/es\/2019\/10\/28\/director-del-dcdp-se-dirige-a-la-comunidad-academica\/\",\"name\":\"DIRECTOR DEL DCDP SE DIRIGE A LA COMUNIDAD ACAD\u00c9MICA - Doctorado en Ciencias del Desarrollo y Psicopatolog\u00eda\",\"isPartOf\":{\"@id\":\"https:\/\/psicologia.udd.cl\/doctorado\/#website\"},\"primaryImageOfPage\":{\"@id\":\"https:\/\/psicologia.udd.cl\/doctorado\/es\/2019\/10\/28\/director-del-dcdp-se-dirige-a-la-comunidad-academica\/#primaryimage\"},\"image\":{\"@id\":\"https:\/\/psicologia.udd.cl\/doctorado\/es\/2019\/10\/28\/director-del-dcdp-se-dirige-a-la-comunidad-academica\/#primaryimage\"},\"thumbnailUrl\":\"https:\/\/psicologia.udd.cl\/doctorado\/files\/2016\/08\/dsc_2437-2-e1563481409250.jpg\",\"datePublished\":\"2019-10-28T18:13:43+00:00\",\"author\":{\"@id\":\"\"},\"inLanguage\":\"es\",\"potentialAction\":[{\"@type\":\"ReadAction\",\"target\":[\"https:\/\/psicologia.udd.cl\/doctorado\/es\/2019\/10\/28\/director-del-dcdp-se-dirige-a-la-comunidad-academica\/\"]}]},{\"@type\":\"ImageObject\",\"inLanguage\":\"es\",\"@id\":\"https:\/\/psicologia.udd.cl\/doctorado\/es\/2019\/10\/28\/director-del-dcdp-se-dirige-a-la-comunidad-academica\/#primaryimage\",\"url\":\"https:\/\/psicologia.udd.cl\/doctorado\/files\/2016\/08\/dsc_2437-2-e1563481409250.jpg\",\"contentUrl\":\"https:\/\/psicologia.udd.cl\/doctorado\/files\/2016\/08\/dsc_2437-2-e1563481409250.jpg\",\"width\":1530,\"height\":1432},{\"@type\":\"WebSite\",\"@id\":\"https:\/\/psicologia.udd.cl\/doctorado\/#website\",\"url\":\"https:\/\/psicologia.udd.cl\/doctorado\/\",\"name\":\"Doctorado en Ciencias del Desarrollo y Psicopatolog\u00eda\",\"description\":\"\",\"inLanguage\":\"es\"}]}<\/script>\n<!-- \/ Yoast SEO plugin. -->","yoast_head_json":{"title":"DIRECTOR DEL DCDP SE DIRIGE A LA COMUNIDAD ACAD\u00c9MICA - Doctorado en Ciencias del Desarrollo y Psicopatolog\u00eda","robots":{"index":"index","follow":"follow","max-snippet":"max-snippet:-1","max-image-preview":"max-image-preview:large","max-video-preview":"max-video-preview:-1"},"canonical":"https:\/\/psicologia.udd.cl\/doctorado\/es\/2019\/10\/28\/director-del-dcdp-se-dirige-a-la-comunidad-academica\/","og_locale":"es_ES","og_type":"article","og_title":"DIRECTOR DEL DCDP SE DIRIGE A LA COMUNIDAD ACAD\u00c9MICA - Doctorado en Ciencias del Desarrollo y Psicopatolog\u00eda","og_description":"Hace unos d\u00edas, el consejo de Conicyt llama acertadamente a pensar una ciencia al servicio del pa\u00eds. Es importante recordar, en ese marco, que la ciencia como cualquier otra actividad humana deriva sus formas y facetas del contexto social en el cual se inserta. El modelo neoliberal, que parece haber alcanzado un estadio inviable en [&hellip;]","og_url":"https:\/\/psicologia.udd.cl\/doctorado\/es\/2019\/10\/28\/director-del-dcdp-se-dirige-a-la-comunidad-academica\/","og_site_name":"Doctorado en Ciencias del Desarrollo y Psicopatolog\u00eda","article_published_time":"2019-10-28T18:13:43+00:00","og_image":[{"width":1530,"height":1432,"url":"https:\/\/psicologia.udd.cl\/doctorado\/files\/2016\/08\/dsc_2437-2-e1563481409250.jpg","type":"image\/jpeg"}],"twitter_card":"summary_large_image","twitter_misc":{"Tiempo de lectura":"3 minutos"},"schema":{"@context":"https:\/\/schema.org","@graph":[{"@type":"Article","@id":"https:\/\/psicologia.udd.cl\/doctorado\/es\/2019\/10\/28\/director-del-dcdp-se-dirige-a-la-comunidad-academica\/#article","isPartOf":{"@id":"https:\/\/psicologia.udd.cl\/doctorado\/es\/2019\/10\/28\/director-del-dcdp-se-dirige-a-la-comunidad-academica\/"},"author":{"name":"","@id":""},"headline":"DIRECTOR DEL DCDP SE DIRIGE A LA COMUNIDAD ACAD\u00c9MICA","datePublished":"2019-10-28T18:13:43+00:00","mainEntityOfPage":{"@id":"https:\/\/psicologia.udd.cl\/doctorado\/es\/2019\/10\/28\/director-del-dcdp-se-dirige-a-la-comunidad-academica\/"},"wordCount":643,"commentCount":0,"image":{"@id":"https:\/\/psicologia.udd.cl\/doctorado\/es\/2019\/10\/28\/director-del-dcdp-se-dirige-a-la-comunidad-academica\/#primaryimage"},"thumbnailUrl":"https:\/\/psicologia.udd.cl\/doctorado\/files\/2016\/08\/dsc_2437-2-e1563481409250.jpg","articleSection":["Noticias"],"inLanguage":"es","potentialAction":[{"@type":"CommentAction","name":"Comment","target":["https:\/\/psicologia.udd.cl\/doctorado\/es\/2019\/10\/28\/director-del-dcdp-se-dirige-a-la-comunidad-academica\/#respond"]}]},{"@type":"WebPage","@id":"https:\/\/psicologia.udd.cl\/doctorado\/es\/2019\/10\/28\/director-del-dcdp-se-dirige-a-la-comunidad-academica\/","url":"https:\/\/psicologia.udd.cl\/doctorado\/es\/2019\/10\/28\/director-del-dcdp-se-dirige-a-la-comunidad-academica\/","name":"DIRECTOR DEL DCDP SE DIRIGE A LA COMUNIDAD ACAD\u00c9MICA - Doctorado en Ciencias del Desarrollo y Psicopatolog\u00eda","isPartOf":{"@id":"https:\/\/psicologia.udd.cl\/doctorado\/#website"},"primaryImageOfPage":{"@id":"https:\/\/psicologia.udd.cl\/doctorado\/es\/2019\/10\/28\/director-del-dcdp-se-dirige-a-la-comunidad-academica\/#primaryimage"},"image":{"@id":"https:\/\/psicologia.udd.cl\/doctorado\/es\/2019\/10\/28\/director-del-dcdp-se-dirige-a-la-comunidad-academica\/#primaryimage"},"thumbnailUrl":"https:\/\/psicologia.udd.cl\/doctorado\/files\/2016\/08\/dsc_2437-2-e1563481409250.jpg","datePublished":"2019-10-28T18:13:43+00:00","author":{"@id":""},"inLanguage":"es","potentialAction":[{"@type":"ReadAction","target":["https:\/\/psicologia.udd.cl\/doctorado\/es\/2019\/10\/28\/director-del-dcdp-se-dirige-a-la-comunidad-academica\/"]}]},{"@type":"ImageObject","inLanguage":"es","@id":"https:\/\/psicologia.udd.cl\/doctorado\/es\/2019\/10\/28\/director-del-dcdp-se-dirige-a-la-comunidad-academica\/#primaryimage","url":"https:\/\/psicologia.udd.cl\/doctorado\/files\/2016\/08\/dsc_2437-2-e1563481409250.jpg","contentUrl":"https:\/\/psicologia.udd.cl\/doctorado\/files\/2016\/08\/dsc_2437-2-e1563481409250.jpg","width":1530,"height":1432},{"@type":"WebSite","@id":"https:\/\/psicologia.udd.cl\/doctorado\/#website","url":"https:\/\/psicologia.udd.cl\/doctorado\/","name":"Doctorado en Ciencias del Desarrollo y Psicopatolog\u00eda","description":"","inLanguage":"es"}]}},"featured_image_url":"https:\/\/psicologia.udd.cl\/doctorado\/files\/2016\/08\/dsc_2437-2-e1563481409250.jpg","_links":{"self":[{"href":"https:\/\/psicologia.udd.cl\/doctorado\/wp-json\/wp\/v2\/posts\/1173","targetHints":{"allow":["GET"]}}],"collection":[{"href":"https:\/\/psicologia.udd.cl\/doctorado\/wp-json\/wp\/v2\/posts"}],"about":[{"href":"https:\/\/psicologia.udd.cl\/doctorado\/wp-json\/wp\/v2\/types\/post"}],"replies":[{"embeddable":true,"href":"https:\/\/psicologia.udd.cl\/doctorado\/wp-json\/wp\/v2\/comments?post=1173"}],"version-history":[{"count":0,"href":"https:\/\/psicologia.udd.cl\/doctorado\/wp-json\/wp\/v2\/posts\/1173\/revisions"}],"wp:featuredmedia":[{"embeddable":true,"href":"https:\/\/psicologia.udd.cl\/doctorado\/wp-json\/wp\/v2\/media\/1135"}],"wp:attachment":[{"href":"https:\/\/psicologia.udd.cl\/doctorado\/wp-json\/wp\/v2\/media?parent=1173"}],"wp:term":[{"taxonomy":"category","embeddable":true,"href":"https:\/\/psicologia.udd.cl\/doctorado\/wp-json\/wp\/v2\/categories?post=1173"},{"taxonomy":"post_tag","embeddable":true,"href":"https:\/\/psicologia.udd.cl\/doctorado\/wp-json\/wp\/v2\/tags?post=1173"}],"curies":[{"name":"wp","href":"https:\/\/api.w.org\/{rel}","templated":true}]}}