{"id":1163,"date":"2019-10-03T14:09:45","date_gmt":"2019-10-03T14:09:45","guid":{"rendered":"http:\/\/psicologia.udd.cl\/doctorado\/?p=1163"},"modified":"2019-10-03T14:09:45","modified_gmt":"2019-10-03T14:09:45","slug":"candidata-a-doctorado-en-ciencias-del-desarrollo-y-psicopatologia-presento-en-congreso-de-integracion-sensorial","status":"publish","type":"post","link":"https:\/\/psicologia.udd.cl\/doctorado\/es\/2019\/10\/03\/candidata-a-doctorado-en-ciencias-del-desarrollo-y-psicopatologia-presento-en-congreso-de-integracion-sensorial\/","title":{"rendered":"CANDIDATA A DOCTORADO EN CIENCIAS DEL DESARROLLO Y PSICOPATOLOG\u00cdA PRESENT\u00d3 EN CONGRESO DE INTEGRACI\u00d3N SENSORIAL"},"content":{"rendered":"<p>&nbsp;<\/p>\n<p><img loading=\"lazy\" decoding=\"async\" class=\"size-medium wp-image-1164 aligncenter\" src=\"https:\/\/psicologia.udd.cl\/doctorado\/files\/2019\/10\/34bad4f7-e2e8-47cc-9f4f-f6dc6546c33c-300x225.jpg\" alt=\"\" width=\"300\" height=\"225\" srcset=\"https:\/\/psicologia.udd.cl\/doctorado\/files\/2019\/10\/34bad4f7-e2e8-47cc-9f4f-f6dc6546c33c-300x225.jpg 300w, https:\/\/psicologia.udd.cl\/doctorado\/files\/2019\/10\/34bad4f7-e2e8-47cc-9f4f-f6dc6546c33c-1024x768.jpg 1024w, https:\/\/psicologia.udd.cl\/doctorado\/files\/2019\/10\/34bad4f7-e2e8-47cc-9f4f-f6dc6546c33c-768x576.jpg 768w, https:\/\/psicologia.udd.cl\/doctorado\/files\/2019\/10\/34bad4f7-e2e8-47cc-9f4f-f6dc6546c33c.jpg 1280w\" sizes=\"auto, (max-width: 300px) 100vw, 300px\" \/><\/p>\n<p>Entre el 4 y 7 de septiembre se desarroll\u00f3 el 5\u00ba Congreso Latinoamericano de Integraci\u00f3n Sensorial en la ciudad de Bogot\u00e1, Colombia. Este fue un espacio de encuentro entre profesionales de la salud y educaci\u00f3n de Latinoam\u00e9rica, Estados Unidos, Canad\u00e1 y Espa\u00f1a.<\/p>\n<p>Las tem\u00e1ticas del congreso se organizaron en tres ejes: \u201cConstrucci\u00f3n de conocimiento\u201d, \u201cIntegraci\u00f3n Sensorial en la ocupaci\u00f3n\u201d y \u201cCampos emergentes\u201d. Entre los invitados, se destacaron\u00a0 expertos en la tem\u00e1tica del congreso, entre ellos, Erna Imperatore (Chile), Gustavo Reinoso (Argentina), Zoe Mailloux (Estados Unidos), Sharon Cermak (Estados Unidos), Isabelle Beaudry (Espa\u00f1a) y Paulo Fern\u00e1ndez (Portugal).<\/p>\n<p>En representaci\u00f3n del Doctorado en Ciencias del Desarrollo y Psicopatolog\u00eda de la Universidad del Desarrollo, particip\u00f3 Andrea Mira, con su trabajo \u201cRelaci\u00f3n entre procesamiento sensorial, dolor y variables parentales en reci\u00e9n nacidos de pret\u00e9rmino hospitalizados en una Unidad de Neonatolog\u00eda\u201d.<\/p>\n<p>La tem\u00e1tica presentada se enmarcaba en el eje de campos emergentes dentro de la Integraci\u00f3n Sensorial, debido a que el trabajo con reci\u00e9n nacidos e infantes prematuros se presenta como una de las \u00e1reas que se desea potenciar tanto en el \u00e1rea cl\u00ednica como en la investigaci\u00f3n. Esta participaci\u00f3n permiti\u00f3 establecer redes de colaboraci\u00f3n con Colombia y Espa\u00f1a.<\/p>\n","protected":false},"excerpt":{"rendered":"<p>&nbsp; Entre el 4 y 7 de septiembre se desarroll\u00f3 el 5\u00ba Congreso Latinoamericano de Integraci\u00f3n Sensorial en la ciudad de Bogot\u00e1, Colombia. Este fue un espacio de encuentro entre profesionales de la salud y educaci\u00f3n de Latinoam\u00e9rica, Estados Unidos, Canad\u00e1 y Espa\u00f1a. Las tem\u00e1ticas del congreso se organizaron en tres ejes: \u201cConstrucci\u00f3n de conocimiento\u201d, [&hellip;]<\/p>\n","protected":false},"author":0,"featured_media":1165,"comment_status":"open","ping_status":"open","sticky":false,"template":"","format":"standard","meta":{"footnotes":""},"categories":[69],"tags":[],"class_list":["post-1163","post","type-post","status-publish","format-standard","has-post-thumbnail","hentry","category-noticias"],"yoast_head":"<!-- This site is optimized with the Yoast SEO plugin v26.9 - https:\/\/yoast.com\/product\/yoast-seo-wordpress\/ -->\n<title>CANDIDATA A DOCTORADO EN CIENCIAS DEL DESARROLLO Y PSICOPATOLOG\u00cdA PRESENT\u00d3 EN CONGRESO DE INTEGRACI\u00d3N SENSORIAL - Doctorado en Ciencias del Desarrollo y Psicopatolog\u00eda<\/title>\n<meta name=\"robots\" content=\"index, follow, max-snippet:-1, max-image-preview:large, max-video-preview:-1\" \/>\n<link rel=\"canonical\" href=\"https:\/\/psicologia.udd.cl\/doctorado\/es\/2019\/10\/03\/candidata-a-doctorado-en-ciencias-del-desarrollo-y-psicopatologia-presento-en-congreso-de-integracion-sensorial\/\" \/>\n<meta property=\"og:locale\" content=\"es_ES\" \/>\n<meta property=\"og:type\" content=\"article\" \/>\n<meta property=\"og:title\" content=\"CANDIDATA A DOCTORADO EN CIENCIAS DEL DESARROLLO Y PSICOPATOLOG\u00cdA PRESENT\u00d3 EN CONGRESO DE INTEGRACI\u00d3N SENSORIAL - Doctorado en Ciencias del Desarrollo y Psicopatolog\u00eda\" \/>\n<meta property=\"og:description\" content=\"&nbsp; Entre el 4 y 7 de septiembre se desarroll\u00f3 el 5\u00ba Congreso Latinoamericano de Integraci\u00f3n Sensorial en la ciudad de Bogot\u00e1, Colombia. Este fue un espacio de encuentro entre profesionales de la salud y educaci\u00f3n de Latinoam\u00e9rica, Estados Unidos, Canad\u00e1 y Espa\u00f1a. Las tem\u00e1ticas del congreso se organizaron en tres ejes: \u201cConstrucci\u00f3n de conocimiento\u201d, [&hellip;]\" \/>\n<meta property=\"og:url\" content=\"https:\/\/psicologia.udd.cl\/doctorado\/es\/2019\/10\/03\/candidata-a-doctorado-en-ciencias-del-desarrollo-y-psicopatologia-presento-en-congreso-de-integracion-sensorial\/\" \/>\n<meta property=\"og:site_name\" content=\"Doctorado en Ciencias del Desarrollo y Psicopatolog\u00eda\" \/>\n<meta property=\"article:published_time\" content=\"2019-10-03T14:09:45+00:00\" \/>\n<meta property=\"og:image\" content=\"https:\/\/psicologia.udd.cl\/doctorado\/files\/2019\/10\/86216319-dd7b-49c5-9652-e9090438e692.jpg\" \/>\n\t<meta property=\"og:image:width\" content=\"1280\" \/>\n\t<meta property=\"og:image:height\" content=\"960\" \/>\n\t<meta property=\"og:image:type\" content=\"image\/jpeg\" \/>\n<meta name=\"twitter:card\" content=\"summary_large_image\" \/>\n<meta name=\"twitter:label1\" content=\"Tiempo de lectura\" \/>\n\t<meta name=\"twitter:data1\" content=\"1 minuto\" \/>\n<script type=\"application\/ld+json\" class=\"yoast-schema-graph\">{\"@context\":\"https:\/\/schema.org\",\"@graph\":[{\"@type\":\"Article\",\"@id\":\"https:\/\/psicologia.udd.cl\/doctorado\/es\/2019\/10\/03\/candidata-a-doctorado-en-ciencias-del-desarrollo-y-psicopatologia-presento-en-congreso-de-integracion-sensorial\/#article\",\"isPartOf\":{\"@id\":\"https:\/\/psicologia.udd.cl\/doctorado\/es\/2019\/10\/03\/candidata-a-doctorado-en-ciencias-del-desarrollo-y-psicopatologia-presento-en-congreso-de-integracion-sensorial\/\"},\"author\":{\"name\":\"\",\"@id\":\"\"},\"headline\":\"CANDIDATA A DOCTORADO EN CIENCIAS DEL DESARROLLO Y PSICOPATOLOG\u00cdA PRESENT\u00d3 EN CONGRESO DE INTEGRACI\u00d3N SENSORIAL\",\"datePublished\":\"2019-10-03T14:09:45+00:00\",\"mainEntityOfPage\":{\"@id\":\"https:\/\/psicologia.udd.cl\/doctorado\/es\/2019\/10\/03\/candidata-a-doctorado-en-ciencias-del-desarrollo-y-psicopatologia-presento-en-congreso-de-integracion-sensorial\/\"},\"wordCount\":234,\"commentCount\":0,\"image\":{\"@id\":\"https:\/\/psicologia.udd.cl\/doctorado\/es\/2019\/10\/03\/candidata-a-doctorado-en-ciencias-del-desarrollo-y-psicopatologia-presento-en-congreso-de-integracion-sensorial\/#primaryimage\"},\"thumbnailUrl\":\"https:\/\/psicologia.udd.cl\/doctorado\/files\/2019\/10\/86216319-dd7b-49c5-9652-e9090438e692.jpg\",\"articleSection\":[\"Noticias\"],\"inLanguage\":\"es\",\"potentialAction\":[{\"@type\":\"CommentAction\",\"name\":\"Comment\",\"target\":[\"https:\/\/psicologia.udd.cl\/doctorado\/es\/2019\/10\/03\/candidata-a-doctorado-en-ciencias-del-desarrollo-y-psicopatologia-presento-en-congreso-de-integracion-sensorial\/#respond\"]}]},{\"@type\":\"WebPage\",\"@id\":\"https:\/\/psicologia.udd.cl\/doctorado\/es\/2019\/10\/03\/candidata-a-doctorado-en-ciencias-del-desarrollo-y-psicopatologia-presento-en-congreso-de-integracion-sensorial\/\",\"url\":\"https:\/\/psicologia.udd.cl\/doctorado\/es\/2019\/10\/03\/candidata-a-doctorado-en-ciencias-del-desarrollo-y-psicopatologia-presento-en-congreso-de-integracion-sensorial\/\",\"name\":\"CANDIDATA A DOCTORADO EN CIENCIAS DEL DESARROLLO Y PSICOPATOLOG\u00cdA PRESENT\u00d3 EN CONGRESO DE INTEGRACI\u00d3N SENSORIAL - Doctorado en Ciencias del Desarrollo y Psicopatolog\u00eda\",\"isPartOf\":{\"@id\":\"https:\/\/psicologia.udd.cl\/doctorado\/#website\"},\"primaryImageOfPage\":{\"@id\":\"https:\/\/psicologia.udd.cl\/doctorado\/es\/2019\/10\/03\/candidata-a-doctorado-en-ciencias-del-desarrollo-y-psicopatologia-presento-en-congreso-de-integracion-sensorial\/#primaryimage\"},\"image\":{\"@id\":\"https:\/\/psicologia.udd.cl\/doctorado\/es\/2019\/10\/03\/candidata-a-doctorado-en-ciencias-del-desarrollo-y-psicopatologia-presento-en-congreso-de-integracion-sensorial\/#primaryimage\"},\"thumbnailUrl\":\"https:\/\/psicologia.udd.cl\/doctorado\/files\/2019\/10\/86216319-dd7b-49c5-9652-e9090438e692.jpg\",\"datePublished\":\"2019-10-03T14:09:45+00:00\",\"author\":{\"@id\":\"\"},\"inLanguage\":\"es\",\"potentialAction\":[{\"@type\":\"ReadAction\",\"target\":[\"https:\/\/psicologia.udd.cl\/doctorado\/es\/2019\/10\/03\/candidata-a-doctorado-en-ciencias-del-desarrollo-y-psicopatologia-presento-en-congreso-de-integracion-sensorial\/\"]}]},{\"@type\":\"ImageObject\",\"inLanguage\":\"es\",\"@id\":\"https:\/\/psicologia.udd.cl\/doctorado\/es\/2019\/10\/03\/candidata-a-doctorado-en-ciencias-del-desarrollo-y-psicopatologia-presento-en-congreso-de-integracion-sensorial\/#primaryimage\",\"url\":\"https:\/\/psicologia.udd.cl\/doctorado\/files\/2019\/10\/86216319-dd7b-49c5-9652-e9090438e692.jpg\",\"contentUrl\":\"https:\/\/psicologia.udd.cl\/doctorado\/files\/2019\/10\/86216319-dd7b-49c5-9652-e9090438e692.jpg\",\"width\":1280,\"height\":960},{\"@type\":\"WebSite\",\"@id\":\"https:\/\/psicologia.udd.cl\/doctorado\/#website\",\"url\":\"https:\/\/psicologia.udd.cl\/doctorado\/\",\"name\":\"Doctorado en Ciencias del Desarrollo y Psicopatolog\u00eda\",\"description\":\"\",\"inLanguage\":\"es\"}]}<\/script>\n<!-- \/ Yoast SEO plugin. -->","yoast_head_json":{"title":"CANDIDATA A DOCTORADO EN CIENCIAS DEL DESARROLLO Y PSICOPATOLOG\u00cdA PRESENT\u00d3 EN CONGRESO DE INTEGRACI\u00d3N SENSORIAL - Doctorado en Ciencias del Desarrollo y Psicopatolog\u00eda","robots":{"index":"index","follow":"follow","max-snippet":"max-snippet:-1","max-image-preview":"max-image-preview:large","max-video-preview":"max-video-preview:-1"},"canonical":"https:\/\/psicologia.udd.cl\/doctorado\/es\/2019\/10\/03\/candidata-a-doctorado-en-ciencias-del-desarrollo-y-psicopatologia-presento-en-congreso-de-integracion-sensorial\/","og_locale":"es_ES","og_type":"article","og_title":"CANDIDATA A DOCTORADO EN CIENCIAS DEL DESARROLLO Y PSICOPATOLOG\u00cdA PRESENT\u00d3 EN CONGRESO DE INTEGRACI\u00d3N SENSORIAL - Doctorado en Ciencias del Desarrollo y Psicopatolog\u00eda","og_description":"&nbsp; Entre el 4 y 7 de septiembre se desarroll\u00f3 el 5\u00ba Congreso Latinoamericano de Integraci\u00f3n Sensorial en la ciudad de Bogot\u00e1, Colombia. Este fue un espacio de encuentro entre profesionales de la salud y educaci\u00f3n de Latinoam\u00e9rica, Estados Unidos, Canad\u00e1 y Espa\u00f1a. Las tem\u00e1ticas del congreso se organizaron en tres ejes: \u201cConstrucci\u00f3n de conocimiento\u201d, [&hellip;]","og_url":"https:\/\/psicologia.udd.cl\/doctorado\/es\/2019\/10\/03\/candidata-a-doctorado-en-ciencias-del-desarrollo-y-psicopatologia-presento-en-congreso-de-integracion-sensorial\/","og_site_name":"Doctorado en Ciencias del Desarrollo y Psicopatolog\u00eda","article_published_time":"2019-10-03T14:09:45+00:00","og_image":[{"width":1280,"height":960,"url":"https:\/\/psicologia.udd.cl\/doctorado\/files\/2019\/10\/86216319-dd7b-49c5-9652-e9090438e692.jpg","type":"image\/jpeg"}],"twitter_card":"summary_large_image","twitter_misc":{"Tiempo de lectura":"1 minuto"},"schema":{"@context":"https:\/\/schema.org","@graph":[{"@type":"Article","@id":"https:\/\/psicologia.udd.cl\/doctorado\/es\/2019\/10\/03\/candidata-a-doctorado-en-ciencias-del-desarrollo-y-psicopatologia-presento-en-congreso-de-integracion-sensorial\/#article","isPartOf":{"@id":"https:\/\/psicologia.udd.cl\/doctorado\/es\/2019\/10\/03\/candidata-a-doctorado-en-ciencias-del-desarrollo-y-psicopatologia-presento-en-congreso-de-integracion-sensorial\/"},"author":{"name":"","@id":""},"headline":"CANDIDATA A DOCTORADO EN CIENCIAS DEL DESARROLLO Y PSICOPATOLOG\u00cdA PRESENT\u00d3 EN CONGRESO DE INTEGRACI\u00d3N SENSORIAL","datePublished":"2019-10-03T14:09:45+00:00","mainEntityOfPage":{"@id":"https:\/\/psicologia.udd.cl\/doctorado\/es\/2019\/10\/03\/candidata-a-doctorado-en-ciencias-del-desarrollo-y-psicopatologia-presento-en-congreso-de-integracion-sensorial\/"},"wordCount":234,"commentCount":0,"image":{"@id":"https:\/\/psicologia.udd.cl\/doctorado\/es\/2019\/10\/03\/candidata-a-doctorado-en-ciencias-del-desarrollo-y-psicopatologia-presento-en-congreso-de-integracion-sensorial\/#primaryimage"},"thumbnailUrl":"https:\/\/psicologia.udd.cl\/doctorado\/files\/2019\/10\/86216319-dd7b-49c5-9652-e9090438e692.jpg","articleSection":["Noticias"],"inLanguage":"es","potentialAction":[{"@type":"CommentAction","name":"Comment","target":["https:\/\/psicologia.udd.cl\/doctorado\/es\/2019\/10\/03\/candidata-a-doctorado-en-ciencias-del-desarrollo-y-psicopatologia-presento-en-congreso-de-integracion-sensorial\/#respond"]}]},{"@type":"WebPage","@id":"https:\/\/psicologia.udd.cl\/doctorado\/es\/2019\/10\/03\/candidata-a-doctorado-en-ciencias-del-desarrollo-y-psicopatologia-presento-en-congreso-de-integracion-sensorial\/","url":"https:\/\/psicologia.udd.cl\/doctorado\/es\/2019\/10\/03\/candidata-a-doctorado-en-ciencias-del-desarrollo-y-psicopatologia-presento-en-congreso-de-integracion-sensorial\/","name":"CANDIDATA A DOCTORADO EN CIENCIAS DEL DESARROLLO Y PSICOPATOLOG\u00cdA PRESENT\u00d3 EN CONGRESO DE INTEGRACI\u00d3N SENSORIAL - Doctorado en Ciencias del Desarrollo y Psicopatolog\u00eda","isPartOf":{"@id":"https:\/\/psicologia.udd.cl\/doctorado\/#website"},"primaryImageOfPage":{"@id":"https:\/\/psicologia.udd.cl\/doctorado\/es\/2019\/10\/03\/candidata-a-doctorado-en-ciencias-del-desarrollo-y-psicopatologia-presento-en-congreso-de-integracion-sensorial\/#primaryimage"},"image":{"@id":"https:\/\/psicologia.udd.cl\/doctorado\/es\/2019\/10\/03\/candidata-a-doctorado-en-ciencias-del-desarrollo-y-psicopatologia-presento-en-congreso-de-integracion-sensorial\/#primaryimage"},"thumbnailUrl":"https:\/\/psicologia.udd.cl\/doctorado\/files\/2019\/10\/86216319-dd7b-49c5-9652-e9090438e692.jpg","datePublished":"2019-10-03T14:09:45+00:00","author":{"@id":""},"inLanguage":"es","potentialAction":[{"@type":"ReadAction","target":["https:\/\/psicologia.udd.cl\/doctorado\/es\/2019\/10\/03\/candidata-a-doctorado-en-ciencias-del-desarrollo-y-psicopatologia-presento-en-congreso-de-integracion-sensorial\/"]}]},{"@type":"ImageObject","inLanguage":"es","@id":"https:\/\/psicologia.udd.cl\/doctorado\/es\/2019\/10\/03\/candidata-a-doctorado-en-ciencias-del-desarrollo-y-psicopatologia-presento-en-congreso-de-integracion-sensorial\/#primaryimage","url":"https:\/\/psicologia.udd.cl\/doctorado\/files\/2019\/10\/86216319-dd7b-49c5-9652-e9090438e692.jpg","contentUrl":"https:\/\/psicologia.udd.cl\/doctorado\/files\/2019\/10\/86216319-dd7b-49c5-9652-e9090438e692.jpg","width":1280,"height":960},{"@type":"WebSite","@id":"https:\/\/psicologia.udd.cl\/doctorado\/#website","url":"https:\/\/psicologia.udd.cl\/doctorado\/","name":"Doctorado en Ciencias del Desarrollo y Psicopatolog\u00eda","description":"","inLanguage":"es"}]}},"featured_image_url":"https:\/\/psicologia.udd.cl\/doctorado\/files\/2019\/10\/86216319-dd7b-49c5-9652-e9090438e692.jpg","_links":{"self":[{"href":"https:\/\/psicologia.udd.cl\/doctorado\/wp-json\/wp\/v2\/posts\/1163","targetHints":{"allow":["GET"]}}],"collection":[{"href":"https:\/\/psicologia.udd.cl\/doctorado\/wp-json\/wp\/v2\/posts"}],"about":[{"href":"https:\/\/psicologia.udd.cl\/doctorado\/wp-json\/wp\/v2\/types\/post"}],"replies":[{"embeddable":true,"href":"https:\/\/psicologia.udd.cl\/doctorado\/wp-json\/wp\/v2\/comments?post=1163"}],"version-history":[{"count":0,"href":"https:\/\/psicologia.udd.cl\/doctorado\/wp-json\/wp\/v2\/posts\/1163\/revisions"}],"wp:featuredmedia":[{"embeddable":true,"href":"https:\/\/psicologia.udd.cl\/doctorado\/wp-json\/wp\/v2\/media\/1165"}],"wp:attachment":[{"href":"https:\/\/psicologia.udd.cl\/doctorado\/wp-json\/wp\/v2\/media?parent=1163"}],"wp:term":[{"taxonomy":"category","embeddable":true,"href":"https:\/\/psicologia.udd.cl\/doctorado\/wp-json\/wp\/v2\/categories?post=1163"},{"taxonomy":"post_tag","embeddable":true,"href":"https:\/\/psicologia.udd.cl\/doctorado\/wp-json\/wp\/v2\/tags?post=1163"}],"curies":[{"name":"wp","href":"https:\/\/api.w.org\/{rel}","templated":true}]}}