{"id":1121,"date":"2019-07-11T20:20:39","date_gmt":"2019-07-11T20:20:39","guid":{"rendered":"http:\/\/psicologia.udd.cl\/doctorado\/?p=1121"},"modified":"2019-07-11T20:20:39","modified_gmt":"2019-07-11T20:20:39","slug":"canal-24-horas-dra-daniela-aldoney-es-consultada-sobre-parentalidad-durante-vacaciones-de-invierno-2","status":"publish","type":"post","link":"https:\/\/psicologia.udd.cl\/doctorado\/es\/2019\/07\/11\/canal-24-horas-dra-daniela-aldoney-es-consultada-sobre-parentalidad-durante-vacaciones-de-invierno-2\/","title":{"rendered":"[CANAL 24 HORAS] DRA. DANIELA ALDONEY ES CONSULTADA SOBRE PARENTALIDAD DURANTE VACACIONES DE INVIERNO"},"content":{"rendered":"<p><img loading=\"lazy\" decoding=\"async\" class=\"alignnone wp-image-1119\" src=\"https:\/\/psicologia.udd.cl\/doctorado\/files\/2019\/07\/captura-de-pantalla-2019-07-11-a-las-16-19-04-300x163.png\" alt=\"\" width=\"372\" height=\"202\" srcset=\"https:\/\/psicologia.udd.cl\/doctorado\/files\/2019\/07\/captura-de-pantalla-2019-07-11-a-las-16-19-04-300x163.png 300w, https:\/\/psicologia.udd.cl\/doctorado\/files\/2019\/07\/captura-de-pantalla-2019-07-11-a-las-16-19-04-768x417.png 768w, https:\/\/psicologia.udd.cl\/doctorado\/files\/2019\/07\/captura-de-pantalla-2019-07-11-a-las-16-19-04.png 822w\" sizes=\"auto, (max-width: 372px) 100vw, 372px\" \/><\/p>\n<p>\u201cCada vez queda menos para iniciar las vacaciones de invierno. Una fecha tan esperada por ni\u00f1os y adolescentes, que aprovechan su tiempo libre para descansar y realizar diferentes actividades. Pero varios padres se preocupan en poder organizar y entretener a los menores, lo que muchas veces genera un estr\u00e9s extra en ellos.\u201d, as\u00ed detalla el Canal 24 Horas, la entrevista realizada\u00a0por el periodista Gonzalo Ram\u00edrez a la docente e investigadora de la Facultad de Psicolog\u00eda de la Universidad del Desarrollo,\u00a0<strong>Daniela Aldoney.<\/strong><\/p>\n<p>La Dra. Aldoney entreg\u00f3 algunos consejos para esta \u00e9poca de vacaciones y qu\u00e9 deber\u00edan hacer los padres con este tiempo libre. Afirm\u00f3 que \u201cdepende mucho de la edad de los ni\u00f1os. Si son m\u00e1s chicos, y est\u00e1n en B\u00e1sica, es un s\u00faper buen momento para poder descansar, poder jugar m\u00e1s, y tambi\u00e9n el estr\u00e9s de los pap\u00e1s deber\u00eda bajar un poco porque no tienen que llegar a revisar las tareas, poner orden en ese sentido. El consejo es volver a la casa sin la \u201ctarea\u201d de hacer tareas y poder dedicarse a jugar con los ni\u00f1os a cosas m\u00e1s desorganizadas y creativas y as\u00ed compensar, pues en \u00e9poca de clases, es muy poco el tiempo que se dedica al juego\u201d.<\/p>\n<p><a href=\"https:\/\/www.24horas.cl\/videos\/entrevistas24\/como-entretener-a-los-ninos-durante-las-vacaciones-de-invierno-3446061\">Puedes revisar la entrevista completa ac\u00e1<\/a><\/p>\n","protected":false},"excerpt":{"rendered":"<p>\u201cCada vez queda menos para iniciar las vacaciones de invierno. Una fecha tan esperada por ni\u00f1os y adolescentes, que aprovechan su tiempo libre para descansar y realizar diferentes actividades. Pero varios padres se preocupan en poder organizar y entretener a los menores, lo que muchas veces genera un estr\u00e9s extra en ellos.\u201d, as\u00ed detalla el [&hellip;]<\/p>\n","protected":false},"author":0,"featured_media":0,"comment_status":"open","ping_status":"open","sticky":false,"template":"","format":"standard","meta":{"footnotes":""},"categories":[69],"tags":[],"class_list":["post-1121","post","type-post","status-publish","format-standard","hentry","category-noticias"],"yoast_head":"<!-- This site is optimized with the Yoast SEO plugin v26.9 - https:\/\/yoast.com\/product\/yoast-seo-wordpress\/ -->\n<title>[CANAL 24 HORAS] DRA. DANIELA ALDONEY ES CONSULTADA SOBRE PARENTALIDAD DURANTE VACACIONES DE INVIERNO - Doctorado en Ciencias del Desarrollo y Psicopatolog\u00eda<\/title>\n<meta name=\"robots\" content=\"index, follow, max-snippet:-1, max-image-preview:large, max-video-preview:-1\" \/>\n<link rel=\"canonical\" href=\"https:\/\/psicologia.udd.cl\/doctorado\/es\/2019\/07\/11\/canal-24-horas-dra-daniela-aldoney-es-consultada-sobre-parentalidad-durante-vacaciones-de-invierno-2\/\" \/>\n<meta property=\"og:locale\" content=\"es_ES\" \/>\n<meta property=\"og:type\" content=\"article\" \/>\n<meta property=\"og:title\" content=\"[CANAL 24 HORAS] DRA. DANIELA ALDONEY ES CONSULTADA SOBRE PARENTALIDAD DURANTE VACACIONES DE INVIERNO - Doctorado en Ciencias del Desarrollo y Psicopatolog\u00eda\" \/>\n<meta property=\"og:description\" content=\"\u201cCada vez queda menos para iniciar las vacaciones de invierno. Una fecha tan esperada por ni\u00f1os y adolescentes, que aprovechan su tiempo libre para descansar y realizar diferentes actividades. Pero varios padres se preocupan en poder organizar y entretener a los menores, lo que muchas veces genera un estr\u00e9s extra en ellos.\u201d, as\u00ed detalla el [&hellip;]\" \/>\n<meta property=\"og:url\" content=\"https:\/\/psicologia.udd.cl\/doctorado\/es\/2019\/07\/11\/canal-24-horas-dra-daniela-aldoney-es-consultada-sobre-parentalidad-durante-vacaciones-de-invierno-2\/\" \/>\n<meta property=\"og:site_name\" content=\"Doctorado en Ciencias del Desarrollo y Psicopatolog\u00eda\" \/>\n<meta property=\"article:published_time\" content=\"2019-07-11T20:20:39+00:00\" \/>\n<meta property=\"og:image\" content=\"http:\/\/psicologia.udd.cl\/doctorado\/files\/2019\/07\/captura-de-pantalla-2019-07-11-a-las-16-19-04-300x163.png\" \/>\n<meta name=\"twitter:card\" content=\"summary_large_image\" \/>\n<meta name=\"twitter:label1\" content=\"Tiempo de lectura\" \/>\n\t<meta name=\"twitter:data1\" content=\"1 minuto\" \/>\n<script type=\"application\/ld+json\" class=\"yoast-schema-graph\">{\"@context\":\"https:\/\/schema.org\",\"@graph\":[{\"@type\":\"Article\",\"@id\":\"https:\/\/psicologia.udd.cl\/doctorado\/es\/2019\/07\/11\/canal-24-horas-dra-daniela-aldoney-es-consultada-sobre-parentalidad-durante-vacaciones-de-invierno-2\/#article\",\"isPartOf\":{\"@id\":\"https:\/\/psicologia.udd.cl\/doctorado\/es\/2019\/07\/11\/canal-24-horas-dra-daniela-aldoney-es-consultada-sobre-parentalidad-durante-vacaciones-de-invierno-2\/\"},\"author\":{\"name\":\"\",\"@id\":\"\"},\"headline\":\"[CANAL 24 HORAS] DRA. DANIELA ALDONEY ES CONSULTADA SOBRE PARENTALIDAD DURANTE VACACIONES DE INVIERNO\",\"datePublished\":\"2019-07-11T20:20:39+00:00\",\"mainEntityOfPage\":{\"@id\":\"https:\/\/psicologia.udd.cl\/doctorado\/es\/2019\/07\/11\/canal-24-horas-dra-daniela-aldoney-es-consultada-sobre-parentalidad-durante-vacaciones-de-invierno-2\/\"},\"wordCount\":238,\"commentCount\":0,\"image\":{\"@id\":\"https:\/\/psicologia.udd.cl\/doctorado\/es\/2019\/07\/11\/canal-24-horas-dra-daniela-aldoney-es-consultada-sobre-parentalidad-durante-vacaciones-de-invierno-2\/#primaryimage\"},\"thumbnailUrl\":\"http:\/\/psicologia.udd.cl\/doctorado\/files\/2019\/07\/captura-de-pantalla-2019-07-11-a-las-16-19-04-300x163.png\",\"articleSection\":[\"Noticias\"],\"inLanguage\":\"es\",\"potentialAction\":[{\"@type\":\"CommentAction\",\"name\":\"Comment\",\"target\":[\"https:\/\/psicologia.udd.cl\/doctorado\/es\/2019\/07\/11\/canal-24-horas-dra-daniela-aldoney-es-consultada-sobre-parentalidad-durante-vacaciones-de-invierno-2\/#respond\"]}]},{\"@type\":\"WebPage\",\"@id\":\"https:\/\/psicologia.udd.cl\/doctorado\/es\/2019\/07\/11\/canal-24-horas-dra-daniela-aldoney-es-consultada-sobre-parentalidad-durante-vacaciones-de-invierno-2\/\",\"url\":\"https:\/\/psicologia.udd.cl\/doctorado\/es\/2019\/07\/11\/canal-24-horas-dra-daniela-aldoney-es-consultada-sobre-parentalidad-durante-vacaciones-de-invierno-2\/\",\"name\":\"[CANAL 24 HORAS] DRA. DANIELA ALDONEY ES CONSULTADA SOBRE PARENTALIDAD DURANTE VACACIONES DE INVIERNO - Doctorado en Ciencias del Desarrollo y Psicopatolog\u00eda\",\"isPartOf\":{\"@id\":\"https:\/\/psicologia.udd.cl\/doctorado\/#website\"},\"primaryImageOfPage\":{\"@id\":\"https:\/\/psicologia.udd.cl\/doctorado\/es\/2019\/07\/11\/canal-24-horas-dra-daniela-aldoney-es-consultada-sobre-parentalidad-durante-vacaciones-de-invierno-2\/#primaryimage\"},\"image\":{\"@id\":\"https:\/\/psicologia.udd.cl\/doctorado\/es\/2019\/07\/11\/canal-24-horas-dra-daniela-aldoney-es-consultada-sobre-parentalidad-durante-vacaciones-de-invierno-2\/#primaryimage\"},\"thumbnailUrl\":\"http:\/\/psicologia.udd.cl\/doctorado\/files\/2019\/07\/captura-de-pantalla-2019-07-11-a-las-16-19-04-300x163.png\",\"datePublished\":\"2019-07-11T20:20:39+00:00\",\"author\":{\"@id\":\"\"},\"inLanguage\":\"es\",\"potentialAction\":[{\"@type\":\"ReadAction\",\"target\":[\"https:\/\/psicologia.udd.cl\/doctorado\/es\/2019\/07\/11\/canal-24-horas-dra-daniela-aldoney-es-consultada-sobre-parentalidad-durante-vacaciones-de-invierno-2\/\"]}]},{\"@type\":\"ImageObject\",\"inLanguage\":\"es\",\"@id\":\"https:\/\/psicologia.udd.cl\/doctorado\/es\/2019\/07\/11\/canal-24-horas-dra-daniela-aldoney-es-consultada-sobre-parentalidad-durante-vacaciones-de-invierno-2\/#primaryimage\",\"url\":\"http:\/\/psicologia.udd.cl\/doctorado\/files\/2019\/07\/captura-de-pantalla-2019-07-11-a-las-16-19-04-300x163.png\",\"contentUrl\":\"http:\/\/psicologia.udd.cl\/doctorado\/files\/2019\/07\/captura-de-pantalla-2019-07-11-a-las-16-19-04-300x163.png\"},{\"@type\":\"WebSite\",\"@id\":\"https:\/\/psicologia.udd.cl\/doctorado\/#website\",\"url\":\"https:\/\/psicologia.udd.cl\/doctorado\/\",\"name\":\"Doctorado en Ciencias del Desarrollo y Psicopatolog\u00eda\",\"description\":\"\",\"inLanguage\":\"es\"}]}<\/script>\n<!-- \/ Yoast SEO plugin. -->","yoast_head_json":{"title":"[CANAL 24 HORAS] DRA. DANIELA ALDONEY ES CONSULTADA SOBRE PARENTALIDAD DURANTE VACACIONES DE INVIERNO - Doctorado en Ciencias del Desarrollo y Psicopatolog\u00eda","robots":{"index":"index","follow":"follow","max-snippet":"max-snippet:-1","max-image-preview":"max-image-preview:large","max-video-preview":"max-video-preview:-1"},"canonical":"https:\/\/psicologia.udd.cl\/doctorado\/es\/2019\/07\/11\/canal-24-horas-dra-daniela-aldoney-es-consultada-sobre-parentalidad-durante-vacaciones-de-invierno-2\/","og_locale":"es_ES","og_type":"article","og_title":"[CANAL 24 HORAS] DRA. DANIELA ALDONEY ES CONSULTADA SOBRE PARENTALIDAD DURANTE VACACIONES DE INVIERNO - Doctorado en Ciencias del Desarrollo y Psicopatolog\u00eda","og_description":"\u201cCada vez queda menos para iniciar las vacaciones de invierno. Una fecha tan esperada por ni\u00f1os y adolescentes, que aprovechan su tiempo libre para descansar y realizar diferentes actividades. Pero varios padres se preocupan en poder organizar y entretener a los menores, lo que muchas veces genera un estr\u00e9s extra en ellos.\u201d, as\u00ed detalla el [&hellip;]","og_url":"https:\/\/psicologia.udd.cl\/doctorado\/es\/2019\/07\/11\/canal-24-horas-dra-daniela-aldoney-es-consultada-sobre-parentalidad-durante-vacaciones-de-invierno-2\/","og_site_name":"Doctorado en Ciencias del Desarrollo y Psicopatolog\u00eda","article_published_time":"2019-07-11T20:20:39+00:00","og_image":[{"url":"http:\/\/psicologia.udd.cl\/doctorado\/files\/2019\/07\/captura-de-pantalla-2019-07-11-a-las-16-19-04-300x163.png","type":"","width":"","height":""}],"twitter_card":"summary_large_image","twitter_misc":{"Tiempo de lectura":"1 minuto"},"schema":{"@context":"https:\/\/schema.org","@graph":[{"@type":"Article","@id":"https:\/\/psicologia.udd.cl\/doctorado\/es\/2019\/07\/11\/canal-24-horas-dra-daniela-aldoney-es-consultada-sobre-parentalidad-durante-vacaciones-de-invierno-2\/#article","isPartOf":{"@id":"https:\/\/psicologia.udd.cl\/doctorado\/es\/2019\/07\/11\/canal-24-horas-dra-daniela-aldoney-es-consultada-sobre-parentalidad-durante-vacaciones-de-invierno-2\/"},"author":{"name":"","@id":""},"headline":"[CANAL 24 HORAS] DRA. DANIELA ALDONEY ES CONSULTADA SOBRE PARENTALIDAD DURANTE VACACIONES DE INVIERNO","datePublished":"2019-07-11T20:20:39+00:00","mainEntityOfPage":{"@id":"https:\/\/psicologia.udd.cl\/doctorado\/es\/2019\/07\/11\/canal-24-horas-dra-daniela-aldoney-es-consultada-sobre-parentalidad-durante-vacaciones-de-invierno-2\/"},"wordCount":238,"commentCount":0,"image":{"@id":"https:\/\/psicologia.udd.cl\/doctorado\/es\/2019\/07\/11\/canal-24-horas-dra-daniela-aldoney-es-consultada-sobre-parentalidad-durante-vacaciones-de-invierno-2\/#primaryimage"},"thumbnailUrl":"http:\/\/psicologia.udd.cl\/doctorado\/files\/2019\/07\/captura-de-pantalla-2019-07-11-a-las-16-19-04-300x163.png","articleSection":["Noticias"],"inLanguage":"es","potentialAction":[{"@type":"CommentAction","name":"Comment","target":["https:\/\/psicologia.udd.cl\/doctorado\/es\/2019\/07\/11\/canal-24-horas-dra-daniela-aldoney-es-consultada-sobre-parentalidad-durante-vacaciones-de-invierno-2\/#respond"]}]},{"@type":"WebPage","@id":"https:\/\/psicologia.udd.cl\/doctorado\/es\/2019\/07\/11\/canal-24-horas-dra-daniela-aldoney-es-consultada-sobre-parentalidad-durante-vacaciones-de-invierno-2\/","url":"https:\/\/psicologia.udd.cl\/doctorado\/es\/2019\/07\/11\/canal-24-horas-dra-daniela-aldoney-es-consultada-sobre-parentalidad-durante-vacaciones-de-invierno-2\/","name":"[CANAL 24 HORAS] DRA. DANIELA ALDONEY ES CONSULTADA SOBRE PARENTALIDAD DURANTE VACACIONES DE INVIERNO - Doctorado en Ciencias del Desarrollo y Psicopatolog\u00eda","isPartOf":{"@id":"https:\/\/psicologia.udd.cl\/doctorado\/#website"},"primaryImageOfPage":{"@id":"https:\/\/psicologia.udd.cl\/doctorado\/es\/2019\/07\/11\/canal-24-horas-dra-daniela-aldoney-es-consultada-sobre-parentalidad-durante-vacaciones-de-invierno-2\/#primaryimage"},"image":{"@id":"https:\/\/psicologia.udd.cl\/doctorado\/es\/2019\/07\/11\/canal-24-horas-dra-daniela-aldoney-es-consultada-sobre-parentalidad-durante-vacaciones-de-invierno-2\/#primaryimage"},"thumbnailUrl":"http:\/\/psicologia.udd.cl\/doctorado\/files\/2019\/07\/captura-de-pantalla-2019-07-11-a-las-16-19-04-300x163.png","datePublished":"2019-07-11T20:20:39+00:00","author":{"@id":""},"inLanguage":"es","potentialAction":[{"@type":"ReadAction","target":["https:\/\/psicologia.udd.cl\/doctorado\/es\/2019\/07\/11\/canal-24-horas-dra-daniela-aldoney-es-consultada-sobre-parentalidad-durante-vacaciones-de-invierno-2\/"]}]},{"@type":"ImageObject","inLanguage":"es","@id":"https:\/\/psicologia.udd.cl\/doctorado\/es\/2019\/07\/11\/canal-24-horas-dra-daniela-aldoney-es-consultada-sobre-parentalidad-durante-vacaciones-de-invierno-2\/#primaryimage","url":"http:\/\/psicologia.udd.cl\/doctorado\/files\/2019\/07\/captura-de-pantalla-2019-07-11-a-las-16-19-04-300x163.png","contentUrl":"http:\/\/psicologia.udd.cl\/doctorado\/files\/2019\/07\/captura-de-pantalla-2019-07-11-a-las-16-19-04-300x163.png"},{"@type":"WebSite","@id":"https:\/\/psicologia.udd.cl\/doctorado\/#website","url":"https:\/\/psicologia.udd.cl\/doctorado\/","name":"Doctorado en Ciencias del Desarrollo y Psicopatolog\u00eda","description":"","inLanguage":"es"}]}},"featured_image_url":null,"_links":{"self":[{"href":"https:\/\/psicologia.udd.cl\/doctorado\/wp-json\/wp\/v2\/posts\/1121","targetHints":{"allow":["GET"]}}],"collection":[{"href":"https:\/\/psicologia.udd.cl\/doctorado\/wp-json\/wp\/v2\/posts"}],"about":[{"href":"https:\/\/psicologia.udd.cl\/doctorado\/wp-json\/wp\/v2\/types\/post"}],"replies":[{"embeddable":true,"href":"https:\/\/psicologia.udd.cl\/doctorado\/wp-json\/wp\/v2\/comments?post=1121"}],"version-history":[{"count":0,"href":"https:\/\/psicologia.udd.cl\/doctorado\/wp-json\/wp\/v2\/posts\/1121\/revisions"}],"wp:attachment":[{"href":"https:\/\/psicologia.udd.cl\/doctorado\/wp-json\/wp\/v2\/media?parent=1121"}],"wp:term":[{"taxonomy":"category","embeddable":true,"href":"https:\/\/psicologia.udd.cl\/doctorado\/wp-json\/wp\/v2\/categories?post=1121"},{"taxonomy":"post_tag","embeddable":true,"href":"https:\/\/psicologia.udd.cl\/doctorado\/wp-json\/wp\/v2\/tags?post=1121"}],"curies":[{"name":"wp","href":"https:\/\/api.w.org\/{rel}","templated":true}]}}