{"id":1092,"date":"2019-06-25T20:57:53","date_gmt":"2019-06-25T20:57:53","guid":{"rendered":"http:\/\/psicologia.udd.cl\/doctorado\/?p=1092"},"modified":"2019-06-25T20:57:53","modified_gmt":"2019-06-25T20:57:53","slug":"investigadores-de-psicologia-udd-presentan-sus-trabajos-en-el-world-anti-bullying-forum","status":"publish","type":"post","link":"https:\/\/psicologia.udd.cl\/doctorado\/es\/2019\/06\/25\/investigadores-de-psicologia-udd-presentan-sus-trabajos-en-el-world-anti-bullying-forum\/","title":{"rendered":"INVESTIGADORES DE PSICOLOG\u00cdA UDD PRESENTAN SUS TRABAJOS EN EL WORLD ANTI-BULLYING FORUM"},"content":{"rendered":"<p><img loading=\"lazy\" decoding=\"async\" class=\"alignnone  wp-image-1093\" src=\"https:\/\/psicologia.udd.cl\/doctorado\/files\/2019\/06\/whatsapp-image-2019-06-06-at-08-03-43-300x225.jpeg\" alt=\"\" width=\"323\" height=\"242\" srcset=\"https:\/\/psicologia.udd.cl\/doctorado\/files\/2019\/06\/whatsapp-image-2019-06-06-at-08-03-43-300x225.jpeg 300w, https:\/\/psicologia.udd.cl\/doctorado\/files\/2019\/06\/whatsapp-image-2019-06-06-at-08-03-43-1024x768.jpeg 1024w, https:\/\/psicologia.udd.cl\/doctorado\/files\/2019\/06\/whatsapp-image-2019-06-06-at-08-03-43-768x576.jpeg 768w, https:\/\/psicologia.udd.cl\/doctorado\/files\/2019\/06\/whatsapp-image-2019-06-06-at-08-03-43.jpeg 1280w\" sizes=\"auto, (max-width: 323px) 100vw, 323px\" \/><\/p>\n<p>El investigador del\u00a0<a href=\"http:\/\/psicologia.udd.cl\/cime\">CIME<\/a>\u00a0y del\u00a0<a href=\"http:\/\/psicologia.udd.cl\/cebcs\">CEBCS<\/a>,\u00a0<strong>Dr. Jorge Varela<\/strong>, y la candidata a Doctor del programa de\u00a0<a href=\"https:\/\/psicologia.udd.cl\/doctorado\">Doctorado en Ciencias del Desarrollo y Psicopatolog\u00eda<\/a>,\u00a0<strong>Paulina S\u00e1nchez<\/strong>, fueron convocados para participar del\u00a0<strong>\u201cWorld Anti-Bullying Forum 2019\u201d<\/strong>, realizado desde el 4 al\u00a06 de junio en la ciudad de Dubl\u00edn, Irlanda.<\/p>\n<p>Este encuentro cont\u00f3 con la participaci\u00f3n de m\u00e1s de 600 delegados de 45 pa\u00edses. El objetivo principal de este foro internacional y multidisciplinario fue ampliar la comprensi\u00f3n del acoso escolar, fortalecer los v\u00ednculos interdisciplinarios, y difundir el conocimiento a profesionales, investigadores y agentes involucrados en la toma de decisiones en todo el mundo.<\/p>\n<p>El\u00a0<strong>Dr. Varela<\/strong>\u00a0particip\u00f3 presentando su investigaci\u00f3n:\u00a0<em>\u201cExploring the influence of school bonding, bullying behavior on student engagement for chilean adolescents\u201d<\/em>, a su vez, la Candidata a Doctor,\u00a0<strong>Paulina S\u00e1nchez<\/strong>\u00a0present\u00f3\u00a0<em>\u201cSchool climate, bullying behavior and mental health among chilean adolescents\u201d<\/em>, ambos de la Facultad de Psicolog\u00eda de la Universidad del Desarrollo, y cuyos trabajos est\u00e1n enmarcados en el proyecto FONDECYT N\u00b0 11170746\u00a0<strong>\u201cEl clima escolar como un factor protector de conductas de violencia: identificando aspectos claves para escuelas resilientes\u201d.<\/strong><\/p>\n<p>Ambos investigadores coincidieron que instancias como \u00e9stas \u201cson necesarias para desarrollar enfoques m\u00e1s efectivos que permitan combatir el acoso escolar y permitir a cada ni\u00f1o, ni\u00f1a y joven el derecho a crecer sin ser intimidado, excluido o discriminado, siendo los investigadores latinoamericanos los portavoces de una realidad social en particular, pero tambi\u00e9n quienes pueden contribuir al desarrollo del conocimiento y abordaje de esta problem\u00e1tica a nivel mundial\u201d.<\/p>\n<p>Adem\u00e1s de las presentaciones, fue posible establecer redes de contacto y colaboraci\u00f3n a nivel internacional. Actualmente, el Dr. Varela y S\u00e1nchez trabajan en el cap\u00edtulo\u00a0<em>\u201cResearch and Intervention in South America\u201d del nuevo Handbook \u201cWiley-Blackwell Handbook of Bullying\u201d<\/em>\u00a0de los editores y organizadores del evento Peter K. Smith y James O\u2019Higgins Norman.<\/p>\n<p><img loading=\"lazy\" decoding=\"async\" class=\"alignnone  wp-image-1095\" src=\"https:\/\/psicologia.udd.cl\/doctorado\/files\/2019\/06\/whatsapp-image-2019-06-04-at-07-04-00-300x225.jpeg\" alt=\"\" width=\"313\" height=\"235\" srcset=\"https:\/\/psicologia.udd.cl\/doctorado\/files\/2019\/06\/whatsapp-image-2019-06-04-at-07-04-00-300x225.jpeg 300w, https:\/\/psicologia.udd.cl\/doctorado\/files\/2019\/06\/whatsapp-image-2019-06-04-at-07-04-00-1024x768.jpeg 1024w, https:\/\/psicologia.udd.cl\/doctorado\/files\/2019\/06\/whatsapp-image-2019-06-04-at-07-04-00-768x576.jpeg 768w, https:\/\/psicologia.udd.cl\/doctorado\/files\/2019\/06\/whatsapp-image-2019-06-04-at-07-04-00.jpeg 1280w\" sizes=\"auto, (max-width: 313px) 100vw, 313px\" \/><\/p>\n","protected":false},"excerpt":{"rendered":"<p>El investigador del\u00a0CIME\u00a0y del\u00a0CEBCS,\u00a0Dr. Jorge Varela, y la candidata a Doctor del programa de\u00a0Doctorado en Ciencias del Desarrollo y Psicopatolog\u00eda,\u00a0Paulina S\u00e1nchez, fueron convocados para participar del\u00a0\u201cWorld Anti-Bullying Forum 2019\u201d, realizado desde el 4 al\u00a06 de junio en la ciudad de Dubl\u00edn, Irlanda. Este encuentro cont\u00f3 con la participaci\u00f3n de m\u00e1s de 600 delegados de 45 [&hellip;]<\/p>\n","protected":false},"author":0,"featured_media":0,"comment_status":"open","ping_status":"open","sticky":false,"template":"","format":"standard","meta":{"footnotes":""},"categories":[69],"tags":[],"class_list":["post-1092","post","type-post","status-publish","format-standard","hentry","category-noticias"],"yoast_head":"<!-- This site is optimized with the Yoast SEO plugin v26.9 - https:\/\/yoast.com\/product\/yoast-seo-wordpress\/ -->\n<title>INVESTIGADORES DE PSICOLOG\u00cdA UDD PRESENTAN SUS TRABAJOS EN EL WORLD ANTI-BULLYING FORUM - Doctorado en Ciencias del Desarrollo y Psicopatolog\u00eda<\/title>\n<meta name=\"robots\" content=\"index, follow, max-snippet:-1, max-image-preview:large, max-video-preview:-1\" \/>\n<link rel=\"canonical\" href=\"https:\/\/psicologia.udd.cl\/doctorado\/es\/2019\/06\/25\/investigadores-de-psicologia-udd-presentan-sus-trabajos-en-el-world-anti-bullying-forum\/\" \/>\n<meta property=\"og:locale\" content=\"es_ES\" \/>\n<meta property=\"og:type\" content=\"article\" \/>\n<meta property=\"og:title\" content=\"INVESTIGADORES DE PSICOLOG\u00cdA UDD PRESENTAN SUS TRABAJOS EN EL WORLD ANTI-BULLYING FORUM - Doctorado en Ciencias del Desarrollo y Psicopatolog\u00eda\" \/>\n<meta property=\"og:description\" content=\"El investigador del\u00a0CIME\u00a0y del\u00a0CEBCS,\u00a0Dr. Jorge Varela, y la candidata a Doctor del programa de\u00a0Doctorado en Ciencias del Desarrollo y Psicopatolog\u00eda,\u00a0Paulina S\u00e1nchez, fueron convocados para participar del\u00a0\u201cWorld Anti-Bullying Forum 2019\u201d, realizado desde el 4 al\u00a06 de junio en la ciudad de Dubl\u00edn, Irlanda. Este encuentro cont\u00f3 con la participaci\u00f3n de m\u00e1s de 600 delegados de 45 [&hellip;]\" \/>\n<meta property=\"og:url\" content=\"https:\/\/psicologia.udd.cl\/doctorado\/es\/2019\/06\/25\/investigadores-de-psicologia-udd-presentan-sus-trabajos-en-el-world-anti-bullying-forum\/\" \/>\n<meta property=\"og:site_name\" content=\"Doctorado en Ciencias del Desarrollo y Psicopatolog\u00eda\" \/>\n<meta property=\"article:published_time\" content=\"2019-06-25T20:57:53+00:00\" \/>\n<meta property=\"og:image\" content=\"http:\/\/psicologia.udd.cl\/doctorado\/files\/2019\/06\/whatsapp-image-2019-06-06-at-08-03-43-300x225.jpeg\" \/>\n<meta name=\"twitter:card\" content=\"summary_large_image\" \/>\n<meta name=\"twitter:label1\" content=\"Tiempo de lectura\" \/>\n\t<meta name=\"twitter:data1\" content=\"2 minutos\" \/>\n<script type=\"application\/ld+json\" class=\"yoast-schema-graph\">{\"@context\":\"https:\/\/schema.org\",\"@graph\":[{\"@type\":\"Article\",\"@id\":\"https:\/\/psicologia.udd.cl\/doctorado\/es\/2019\/06\/25\/investigadores-de-psicologia-udd-presentan-sus-trabajos-en-el-world-anti-bullying-forum\/#article\",\"isPartOf\":{\"@id\":\"https:\/\/psicologia.udd.cl\/doctorado\/es\/2019\/06\/25\/investigadores-de-psicologia-udd-presentan-sus-trabajos-en-el-world-anti-bullying-forum\/\"},\"author\":{\"name\":\"\",\"@id\":\"\"},\"headline\":\"INVESTIGADORES DE PSICOLOG\u00cdA UDD PRESENTAN SUS TRABAJOS EN EL WORLD ANTI-BULLYING FORUM\",\"datePublished\":\"2019-06-25T20:57:53+00:00\",\"mainEntityOfPage\":{\"@id\":\"https:\/\/psicologia.udd.cl\/doctorado\/es\/2019\/06\/25\/investigadores-de-psicologia-udd-presentan-sus-trabajos-en-el-world-anti-bullying-forum\/\"},\"wordCount\":331,\"commentCount\":0,\"image\":{\"@id\":\"https:\/\/psicologia.udd.cl\/doctorado\/es\/2019\/06\/25\/investigadores-de-psicologia-udd-presentan-sus-trabajos-en-el-world-anti-bullying-forum\/#primaryimage\"},\"thumbnailUrl\":\"http:\/\/psicologia.udd.cl\/doctorado\/files\/2019\/06\/whatsapp-image-2019-06-06-at-08-03-43-300x225.jpeg\",\"articleSection\":[\"Noticias\"],\"inLanguage\":\"es\",\"potentialAction\":[{\"@type\":\"CommentAction\",\"name\":\"Comment\",\"target\":[\"https:\/\/psicologia.udd.cl\/doctorado\/es\/2019\/06\/25\/investigadores-de-psicologia-udd-presentan-sus-trabajos-en-el-world-anti-bullying-forum\/#respond\"]}]},{\"@type\":\"WebPage\",\"@id\":\"https:\/\/psicologia.udd.cl\/doctorado\/es\/2019\/06\/25\/investigadores-de-psicologia-udd-presentan-sus-trabajos-en-el-world-anti-bullying-forum\/\",\"url\":\"https:\/\/psicologia.udd.cl\/doctorado\/es\/2019\/06\/25\/investigadores-de-psicologia-udd-presentan-sus-trabajos-en-el-world-anti-bullying-forum\/\",\"name\":\"INVESTIGADORES DE PSICOLOG\u00cdA UDD PRESENTAN SUS TRABAJOS EN EL WORLD ANTI-BULLYING FORUM - Doctorado en Ciencias del Desarrollo y Psicopatolog\u00eda\",\"isPartOf\":{\"@id\":\"https:\/\/psicologia.udd.cl\/doctorado\/#website\"},\"primaryImageOfPage\":{\"@id\":\"https:\/\/psicologia.udd.cl\/doctorado\/es\/2019\/06\/25\/investigadores-de-psicologia-udd-presentan-sus-trabajos-en-el-world-anti-bullying-forum\/#primaryimage\"},\"image\":{\"@id\":\"https:\/\/psicologia.udd.cl\/doctorado\/es\/2019\/06\/25\/investigadores-de-psicologia-udd-presentan-sus-trabajos-en-el-world-anti-bullying-forum\/#primaryimage\"},\"thumbnailUrl\":\"http:\/\/psicologia.udd.cl\/doctorado\/files\/2019\/06\/whatsapp-image-2019-06-06-at-08-03-43-300x225.jpeg\",\"datePublished\":\"2019-06-25T20:57:53+00:00\",\"author\":{\"@id\":\"\"},\"inLanguage\":\"es\",\"potentialAction\":[{\"@type\":\"ReadAction\",\"target\":[\"https:\/\/psicologia.udd.cl\/doctorado\/es\/2019\/06\/25\/investigadores-de-psicologia-udd-presentan-sus-trabajos-en-el-world-anti-bullying-forum\/\"]}]},{\"@type\":\"ImageObject\",\"inLanguage\":\"es\",\"@id\":\"https:\/\/psicologia.udd.cl\/doctorado\/es\/2019\/06\/25\/investigadores-de-psicologia-udd-presentan-sus-trabajos-en-el-world-anti-bullying-forum\/#primaryimage\",\"url\":\"http:\/\/psicologia.udd.cl\/doctorado\/files\/2019\/06\/whatsapp-image-2019-06-06-at-08-03-43-300x225.jpeg\",\"contentUrl\":\"http:\/\/psicologia.udd.cl\/doctorado\/files\/2019\/06\/whatsapp-image-2019-06-06-at-08-03-43-300x225.jpeg\"},{\"@type\":\"WebSite\",\"@id\":\"https:\/\/psicologia.udd.cl\/doctorado\/#website\",\"url\":\"https:\/\/psicologia.udd.cl\/doctorado\/\",\"name\":\"Doctorado en Ciencias del Desarrollo y Psicopatolog\u00eda\",\"description\":\"\",\"inLanguage\":\"es\"}]}<\/script>\n<!-- \/ Yoast SEO plugin. -->","yoast_head_json":{"title":"INVESTIGADORES DE PSICOLOG\u00cdA UDD PRESENTAN SUS TRABAJOS EN EL WORLD ANTI-BULLYING FORUM - Doctorado en Ciencias del Desarrollo y Psicopatolog\u00eda","robots":{"index":"index","follow":"follow","max-snippet":"max-snippet:-1","max-image-preview":"max-image-preview:large","max-video-preview":"max-video-preview:-1"},"canonical":"https:\/\/psicologia.udd.cl\/doctorado\/es\/2019\/06\/25\/investigadores-de-psicologia-udd-presentan-sus-trabajos-en-el-world-anti-bullying-forum\/","og_locale":"es_ES","og_type":"article","og_title":"INVESTIGADORES DE PSICOLOG\u00cdA UDD PRESENTAN SUS TRABAJOS EN EL WORLD ANTI-BULLYING FORUM - Doctorado en Ciencias del Desarrollo y Psicopatolog\u00eda","og_description":"El investigador del\u00a0CIME\u00a0y del\u00a0CEBCS,\u00a0Dr. Jorge Varela, y la candidata a Doctor del programa de\u00a0Doctorado en Ciencias del Desarrollo y Psicopatolog\u00eda,\u00a0Paulina S\u00e1nchez, fueron convocados para participar del\u00a0\u201cWorld Anti-Bullying Forum 2019\u201d, realizado desde el 4 al\u00a06 de junio en la ciudad de Dubl\u00edn, Irlanda. Este encuentro cont\u00f3 con la participaci\u00f3n de m\u00e1s de 600 delegados de 45 [&hellip;]","og_url":"https:\/\/psicologia.udd.cl\/doctorado\/es\/2019\/06\/25\/investigadores-de-psicologia-udd-presentan-sus-trabajos-en-el-world-anti-bullying-forum\/","og_site_name":"Doctorado en Ciencias del Desarrollo y Psicopatolog\u00eda","article_published_time":"2019-06-25T20:57:53+00:00","og_image":[{"url":"http:\/\/psicologia.udd.cl\/doctorado\/files\/2019\/06\/whatsapp-image-2019-06-06-at-08-03-43-300x225.jpeg","type":"","width":"","height":""}],"twitter_card":"summary_large_image","twitter_misc":{"Tiempo de lectura":"2 minutos"},"schema":{"@context":"https:\/\/schema.org","@graph":[{"@type":"Article","@id":"https:\/\/psicologia.udd.cl\/doctorado\/es\/2019\/06\/25\/investigadores-de-psicologia-udd-presentan-sus-trabajos-en-el-world-anti-bullying-forum\/#article","isPartOf":{"@id":"https:\/\/psicologia.udd.cl\/doctorado\/es\/2019\/06\/25\/investigadores-de-psicologia-udd-presentan-sus-trabajos-en-el-world-anti-bullying-forum\/"},"author":{"name":"","@id":""},"headline":"INVESTIGADORES DE PSICOLOG\u00cdA UDD PRESENTAN SUS TRABAJOS EN EL WORLD ANTI-BULLYING FORUM","datePublished":"2019-06-25T20:57:53+00:00","mainEntityOfPage":{"@id":"https:\/\/psicologia.udd.cl\/doctorado\/es\/2019\/06\/25\/investigadores-de-psicologia-udd-presentan-sus-trabajos-en-el-world-anti-bullying-forum\/"},"wordCount":331,"commentCount":0,"image":{"@id":"https:\/\/psicologia.udd.cl\/doctorado\/es\/2019\/06\/25\/investigadores-de-psicologia-udd-presentan-sus-trabajos-en-el-world-anti-bullying-forum\/#primaryimage"},"thumbnailUrl":"http:\/\/psicologia.udd.cl\/doctorado\/files\/2019\/06\/whatsapp-image-2019-06-06-at-08-03-43-300x225.jpeg","articleSection":["Noticias"],"inLanguage":"es","potentialAction":[{"@type":"CommentAction","name":"Comment","target":["https:\/\/psicologia.udd.cl\/doctorado\/es\/2019\/06\/25\/investigadores-de-psicologia-udd-presentan-sus-trabajos-en-el-world-anti-bullying-forum\/#respond"]}]},{"@type":"WebPage","@id":"https:\/\/psicologia.udd.cl\/doctorado\/es\/2019\/06\/25\/investigadores-de-psicologia-udd-presentan-sus-trabajos-en-el-world-anti-bullying-forum\/","url":"https:\/\/psicologia.udd.cl\/doctorado\/es\/2019\/06\/25\/investigadores-de-psicologia-udd-presentan-sus-trabajos-en-el-world-anti-bullying-forum\/","name":"INVESTIGADORES DE PSICOLOG\u00cdA UDD PRESENTAN SUS TRABAJOS EN EL WORLD ANTI-BULLYING FORUM - Doctorado en Ciencias del Desarrollo y Psicopatolog\u00eda","isPartOf":{"@id":"https:\/\/psicologia.udd.cl\/doctorado\/#website"},"primaryImageOfPage":{"@id":"https:\/\/psicologia.udd.cl\/doctorado\/es\/2019\/06\/25\/investigadores-de-psicologia-udd-presentan-sus-trabajos-en-el-world-anti-bullying-forum\/#primaryimage"},"image":{"@id":"https:\/\/psicologia.udd.cl\/doctorado\/es\/2019\/06\/25\/investigadores-de-psicologia-udd-presentan-sus-trabajos-en-el-world-anti-bullying-forum\/#primaryimage"},"thumbnailUrl":"http:\/\/psicologia.udd.cl\/doctorado\/files\/2019\/06\/whatsapp-image-2019-06-06-at-08-03-43-300x225.jpeg","datePublished":"2019-06-25T20:57:53+00:00","author":{"@id":""},"inLanguage":"es","potentialAction":[{"@type":"ReadAction","target":["https:\/\/psicologia.udd.cl\/doctorado\/es\/2019\/06\/25\/investigadores-de-psicologia-udd-presentan-sus-trabajos-en-el-world-anti-bullying-forum\/"]}]},{"@type":"ImageObject","inLanguage":"es","@id":"https:\/\/psicologia.udd.cl\/doctorado\/es\/2019\/06\/25\/investigadores-de-psicologia-udd-presentan-sus-trabajos-en-el-world-anti-bullying-forum\/#primaryimage","url":"http:\/\/psicologia.udd.cl\/doctorado\/files\/2019\/06\/whatsapp-image-2019-06-06-at-08-03-43-300x225.jpeg","contentUrl":"http:\/\/psicologia.udd.cl\/doctorado\/files\/2019\/06\/whatsapp-image-2019-06-06-at-08-03-43-300x225.jpeg"},{"@type":"WebSite","@id":"https:\/\/psicologia.udd.cl\/doctorado\/#website","url":"https:\/\/psicologia.udd.cl\/doctorado\/","name":"Doctorado en Ciencias del Desarrollo y Psicopatolog\u00eda","description":"","inLanguage":"es"}]}},"featured_image_url":null,"_links":{"self":[{"href":"https:\/\/psicologia.udd.cl\/doctorado\/wp-json\/wp\/v2\/posts\/1092","targetHints":{"allow":["GET"]}}],"collection":[{"href":"https:\/\/psicologia.udd.cl\/doctorado\/wp-json\/wp\/v2\/posts"}],"about":[{"href":"https:\/\/psicologia.udd.cl\/doctorado\/wp-json\/wp\/v2\/types\/post"}],"replies":[{"embeddable":true,"href":"https:\/\/psicologia.udd.cl\/doctorado\/wp-json\/wp\/v2\/comments?post=1092"}],"version-history":[{"count":0,"href":"https:\/\/psicologia.udd.cl\/doctorado\/wp-json\/wp\/v2\/posts\/1092\/revisions"}],"wp:attachment":[{"href":"https:\/\/psicologia.udd.cl\/doctorado\/wp-json\/wp\/v2\/media?parent=1092"}],"wp:term":[{"taxonomy":"category","embeddable":true,"href":"https:\/\/psicologia.udd.cl\/doctorado\/wp-json\/wp\/v2\/categories?post=1092"},{"taxonomy":"post_tag","embeddable":true,"href":"https:\/\/psicologia.udd.cl\/doctorado\/wp-json\/wp\/v2\/tags?post=1092"}],"curies":[{"name":"wp","href":"https:\/\/api.w.org\/{rel}","templated":true}]}}