{"id":687,"date":"2021-11-02T20:15:47","date_gmt":"2021-11-02T20:15:47","guid":{"rendered":"http:\/\/psicologia.udd.cl\/cebcs\/?p=687"},"modified":"2021-11-02T20:20:54","modified_gmt":"2021-11-02T20:20:54","slug":"video-construccion-de-redes-de-apoyo-y-sus-efectos-en-el-bienestar-de-madres-beneficiarias-del-subsistema-chile-crece-contigo-durante-la-pandemia","status":"publish","type":"post","link":"https:\/\/psicologia.udd.cl\/cebcs\/2021\/11\/02\/video-construccion-de-redes-de-apoyo-y-sus-efectos-en-el-bienestar-de-madres-beneficiarias-del-subsistema-chile-crece-contigo-durante-la-pandemia\/","title":{"rendered":"[Video]: Construcci\u00f3n de redes de apoyo y sus efectos en el bienestar de madres beneficiarias del subsistema Chile Crece Contigo durante la pandemia."},"content":{"rendered":"\n<p>El d\u00eda jueves 21 de octubre de 2021, el <strong>Dr. Rodrigo Quiroz Saavedra<\/strong>, investigador de la Facultad de Psicolog\u00eda y miembro del CEBCS, realiz\u00f3 un seminario titulado <strong>\u00abConstrucci\u00f3n de redes de apoyo y sus efectos en el bienestar de madres beneficiarias del subsistema Chile Crece Contigo durante la pandemia\u00bb<\/strong>, el cual es parte del proyecto Fondecyt postdoctoral No 8130771. Junto al<strong> Dr. Quiroz<\/strong> estuvo la psic\u00f3loga y asistente de investigaci\u00f3n, <strong>Wanda Stuardo<\/strong>, el <strong>Dr. Jaime Alfaro<\/strong> quien abri\u00f3 y cerr\u00f3 el seminario, y los comentarios del <strong>Dr. Jim Cook, de la University of North Carolina at Charlotte<\/strong>.<\/p>\n\n\n\n<p>En la ocasi\u00f3n, fueron presentados los resultados del an\u00e1lisis de los casos de 2 madres en situaci\u00f3n de extrema precariedad, seg\u00fan los cuales durante la pandemia ellas recibieron apoyo principalmente de la familia extendida, mientras que tuvieron conflictos constantes con la pareja\/marido, escaso apoyo de la comunidad, y apoyo en necesidades b\u00e1sicas de los servicios p\u00fablicos.<\/p>\n\n\n\n<p>Se concluye que es necesario realizar un estudio de mayor envergadura en colaboraci\u00f3n con los actores en primera infancia, que permita conocer las redes de apoyo de las beneficiarias del Chile Crece Contigo, y definir estrategias de intervenci\u00f3n que fortalezcan la pol\u00edtica y los programas destinados a ni\u00f1os y ni\u00f1as y sus familias.<\/p>\n\n\n\n<p><strong>Link del evento:<\/strong><\/p>\n\n\n\n<figure class=\"wp-block-embed-wordpress wp-block-embed is-type-wp-embed is-provider-uddtv\"><div class=\"wp-block-embed__wrapper\">\n<blockquote class=\"wp-embedded-content\" data-secret=\"d2Z2Ud8Mjp\"><a href=\"https:\/\/uddtv.udd.cl\/video\/redes-de-apoyo-y-sus-efectos-psicosociales-en-madres-del-subsistema-chile-crece-contigo-en-pandemia\/\">Conferencia | Construcci\u00f3n de redes de apoyo y sus efectos psicosociales en madres beneficiarias del subsistema Chile Crece Contigo durante la pandemia<\/a><\/blockquote><iframe loading=\"lazy\" class=\"wp-embedded-content\" sandbox=\"allow-scripts\" security=\"restricted\" style=\"position: absolute; visibility: hidden;\" title=\"\u00abConferencia | Construcci\u00f3n de redes de apoyo y sus efectos psicosociales en madres beneficiarias del subsistema Chile Crece Contigo durante la pandemia\u00bb \u2014 UDDTV\" src=\"https:\/\/uddtv.udd.cl\/video\/redes-de-apoyo-y-sus-efectos-psicosociales-en-madres-del-subsistema-chile-crece-contigo-en-pandemia\/embed\/#?secret=zBSrKcOX4p#?secret=d2Z2Ud8Mjp\" data-secret=\"d2Z2Ud8Mjp\" width=\"500\" height=\"282\" frameborder=\"0\" marginwidth=\"0\" marginheight=\"0\" scrolling=\"no\"><\/iframe>\n<\/div><\/figure>\n\n\n\n<figure class=\"wp-block-embed-youtube wp-block-embed is-type-video is-provider-youtube wp-embed-aspect-16-9 wp-has-aspect-ratio\"><div class=\"wp-block-embed__wrapper\">\n<iframe loading=\"lazy\" title=\"Redes de apoyo y sus efectos psicosociales en madres del subsistema Chile Crece Contigo en pandemia\" width=\"500\" height=\"281\" src=\"https:\/\/www.youtube.com\/embed\/N2G62HKIKR8?feature=oembed\" frameborder=\"0\" allow=\"accelerometer; autoplay; clipboard-write; encrypted-media; gyroscope; picture-in-picture; web-share\" referrerpolicy=\"strict-origin-when-cross-origin\" allowfullscreen><\/iframe>\n<\/div><\/figure>\n","protected":false},"excerpt":{"rendered":"<p>El d\u00eda jueves 21 de octubre de 2021, el Dr. Rodrigo Quiroz Saavedra, investigador de la Facultad de Psicolog\u00eda y miembro del CEBCS, realiz\u00f3 un seminario titulado \u00abConstrucci\u00f3n de redes de apoyo y sus efectos en el bienestar de madres beneficiarias del subsistema Chile Crece Contigo durante la pandemia\u00bb, el cual es parte del proyecto [&hellip;]<\/p>\n","protected":false},"author":36,"featured_media":693,"comment_status":"open","ping_status":"open","sticky":false,"template":"","format":"standard","meta":{"footnotes":""},"categories":[17810],"tags":[],"class_list":["post-687","post","type-post","status-publish","format-standard","has-post-thumbnail","hentry","category-noticias-cebcs"],"featured_image_url":"https:\/\/psicologia.udd.cl\/cebcs\/files\/2021\/11\/imagen-e1635884338960.png","_links":{"self":[{"href":"https:\/\/psicologia.udd.cl\/cebcs\/wp-json\/wp\/v2\/posts\/687","targetHints":{"allow":["GET"]}}],"collection":[{"href":"https:\/\/psicologia.udd.cl\/cebcs\/wp-json\/wp\/v2\/posts"}],"about":[{"href":"https:\/\/psicologia.udd.cl\/cebcs\/wp-json\/wp\/v2\/types\/post"}],"author":[{"embeddable":true,"href":"https:\/\/psicologia.udd.cl\/cebcs\/wp-json\/wp\/v2\/users\/36"}],"replies":[{"embeddable":true,"href":"https:\/\/psicologia.udd.cl\/cebcs\/wp-json\/wp\/v2\/comments?post=687"}],"version-history":[{"count":5,"href":"https:\/\/psicologia.udd.cl\/cebcs\/wp-json\/wp\/v2\/posts\/687\/revisions"}],"predecessor-version":[{"id":696,"href":"https:\/\/psicologia.udd.cl\/cebcs\/wp-json\/wp\/v2\/posts\/687\/revisions\/696"}],"wp:featuredmedia":[{"embeddable":true,"href":"https:\/\/psicologia.udd.cl\/cebcs\/wp-json\/wp\/v2\/media\/693"}],"wp:attachment":[{"href":"https:\/\/psicologia.udd.cl\/cebcs\/wp-json\/wp\/v2\/media?parent=687"}],"wp:term":[{"taxonomy":"category","embeddable":true,"href":"https:\/\/psicologia.udd.cl\/cebcs\/wp-json\/wp\/v2\/categories?post=687"},{"taxonomy":"post_tag","embeddable":true,"href":"https:\/\/psicologia.udd.cl\/cebcs\/wp-json\/wp\/v2\/tags?post=687"}],"curies":[{"name":"wp","href":"https:\/\/api.w.org\/{rel}","templated":true}]}}