{"id":678,"date":"2021-09-23T17:41:00","date_gmt":"2021-09-23T17:41:00","guid":{"rendered":"http:\/\/psicologia.udd.cl\/cebcs\/?p=678"},"modified":"2021-09-23T17:41:01","modified_gmt":"2021-09-23T17:41:01","slug":"video-el-desarrollo-de-la-ninez-en-chile-bienestar-subjetivo","status":"publish","type":"post","link":"https:\/\/psicologia.udd.cl\/cebcs\/2021\/09\/23\/video-el-desarrollo-de-la-ninez-en-chile-bienestar-subjetivo\/","title":{"rendered":"[Video]: El Desarrollo de la Ni\u00f1ez en Chile: Bienestar Subjetivo"},"content":{"rendered":"\n<p>El 23 de septiembre de 2021, se llev\u00f3 a cabo la presentaci\u00f3n de la investigaci\u00f3n El\u00a0Desarrollo\u00a0de la\u00a0Ni\u00f1ez\u00a0en\u00a0Chile, Bienestar Subjetivo, se expusieron los principales resultados del Estudio Internacional Mundo de los\u00a0Ni\u00f1os\u00a0(Children\u2019s Worlds) organizado por la Sociedad Internacional de Indicadores de la\u00a0Infancia\u00a0(The International Society of Child Indicators, ISCI) e implementado en\u00a0Chile\u00a0por el Centro de Investigaci\u00f3n en Complejidad Social (CICS) y el Centro de Estudios en Bienestar y Convivencia Social (CEBCS), financiado por el Fondo Interfacultades de la Universidad del\u00a0Desarrollo.\u00a0<\/p>\n\n\n\n<p>Se compar\u00f3 el estado del Bienestar Subjetivo de los ni\u00f1as y\u00a0ni\u00f1os\u00a0chilena\/os en el contexto del estudio internacional, destacando las principales dimensiones relevantes de atender para pensar en el\u00a0desarrollo\u00a0de la\u00a0Ni\u00f1ez\u00a0en\u00a0Chile, el expositor fue Jaime Alfaro,  Profesor Investigador del Centro de Estudios en Bienestar y Convivencia Social de la Facultad de Psicolog\u00eda.<\/p>\n\n\n\n<figure class=\"wp-block-embed-youtube wp-block-embed is-type-video is-provider-youtube wp-embed-aspect-16-9 wp-has-aspect-ratio\"><div class=\"wp-block-embed__wrapper\">\n<iframe loading=\"lazy\" title=\"Presentaci\u00f3n | El desarrollo de la ni\u00f1ez en Chile: Bienestar subjetivo\" width=\"500\" height=\"281\" src=\"https:\/\/www.youtube.com\/embed\/mCxIe9zzqGw?feature=oembed\" frameborder=\"0\" allow=\"accelerometer; autoplay; clipboard-write; encrypted-media; gyroscope; picture-in-picture; web-share\" referrerpolicy=\"strict-origin-when-cross-origin\" allowfullscreen><\/iframe>\n<\/div><\/figure>\n","protected":false},"excerpt":{"rendered":"<p>El 23 de septiembre de 2021, se llev\u00f3 a cabo la presentaci\u00f3n de la investigaci\u00f3n El\u00a0Desarrollo\u00a0de la\u00a0Ni\u00f1ez\u00a0en\u00a0Chile, Bienestar Subjetivo, se expusieron los principales resultados del Estudio Internacional Mundo de los\u00a0Ni\u00f1os\u00a0(Children\u2019s Worlds) organizado por la Sociedad Internacional de Indicadores de la\u00a0Infancia\u00a0(The International Society of Child Indicators, ISCI) e implementado en\u00a0Chile\u00a0por el Centro de Investigaci\u00f3n en Complejidad [&hellip;]<\/p>\n","protected":false},"author":36,"featured_media":679,"comment_status":"open","ping_status":"open","sticky":false,"template":"","format":"standard","meta":{"footnotes":""},"categories":[17810],"tags":[],"class_list":["post-678","post","type-post","status-publish","format-standard","has-post-thumbnail","hentry","category-noticias-cebcs"],"featured_image_url":"https:\/\/psicologia.udd.cl\/cebcs\/files\/2021\/09\/unnamed-6.jpg","_links":{"self":[{"href":"https:\/\/psicologia.udd.cl\/cebcs\/wp-json\/wp\/v2\/posts\/678","targetHints":{"allow":["GET"]}}],"collection":[{"href":"https:\/\/psicologia.udd.cl\/cebcs\/wp-json\/wp\/v2\/posts"}],"about":[{"href":"https:\/\/psicologia.udd.cl\/cebcs\/wp-json\/wp\/v2\/types\/post"}],"author":[{"embeddable":true,"href":"https:\/\/psicologia.udd.cl\/cebcs\/wp-json\/wp\/v2\/users\/36"}],"replies":[{"embeddable":true,"href":"https:\/\/psicologia.udd.cl\/cebcs\/wp-json\/wp\/v2\/comments?post=678"}],"version-history":[{"count":1,"href":"https:\/\/psicologia.udd.cl\/cebcs\/wp-json\/wp\/v2\/posts\/678\/revisions"}],"predecessor-version":[{"id":680,"href":"https:\/\/psicologia.udd.cl\/cebcs\/wp-json\/wp\/v2\/posts\/678\/revisions\/680"}],"wp:featuredmedia":[{"embeddable":true,"href":"https:\/\/psicologia.udd.cl\/cebcs\/wp-json\/wp\/v2\/media\/679"}],"wp:attachment":[{"href":"https:\/\/psicologia.udd.cl\/cebcs\/wp-json\/wp\/v2\/media?parent=678"}],"wp:term":[{"taxonomy":"category","embeddable":true,"href":"https:\/\/psicologia.udd.cl\/cebcs\/wp-json\/wp\/v2\/categories?post=678"},{"taxonomy":"post_tag","embeddable":true,"href":"https:\/\/psicologia.udd.cl\/cebcs\/wp-json\/wp\/v2\/tags?post=678"}],"curies":[{"name":"wp","href":"https:\/\/api.w.org\/{rel}","templated":true}]}}